{"id":37841,"date":"2017-11-19T07:57:03","date_gmt":"2017-11-19T13:57:03","guid":{"rendered":"http:\/\/www.lospoliticosveracruz.com.mx\/?p=37841"},"modified":"2017-11-19T07:57:03","modified_gmt":"2017-11-19T13:57:03","slug":"y-como-estan-las-finanzas","status":"publish","type":"post","link":"https:\/\/lospoliticosveracruz.com\/?p=37841","title":{"rendered":"\u00bfY c\u00f3mo est\u00e1n las finanzas?"},"content":{"rendered":"<p><strong>Brenda Caballero<\/strong><br \/>\n<em>N\u00fameros Rojos<\/em><br \/>\nUna de las comparecencias m\u00e1s esperadas era la de la Secretar\u00eda de Finanzas y Planeaci\u00f3n, por lo que no import\u00f3 que fuera s\u00e1bado, once de la ma\u00f1ana o que mi garganta estuviera m\u00e1s seca que las arcas recibidas por el gobernador Miguel \u00c1ngel Yunes Linares el pasado primero de diciembre.<br \/>\nGuillermo Moreno Chazzarini, secretario de Finanzas, lleg\u00f3 puntual para ser cuestionado sobre la situaci\u00f3n actual que guardan los recursos del estado. Lo acompa\u00f1aron sus Subsecretarios de Finanzas y Administraci\u00f3n, Bernardo Segura Molina; de Planeaci\u00f3n, H\u00e9ctor Vargas Rub\u00edn; de Ingresos, Alejandro Salas Mart\u00ednez; y de Egresos, Francisco Javier Jim\u00e9nez Rocha, adem\u00e1s del Procurador Fiscal David del \u00c1ngel Moreno, quienes estuvieron muy movidos tarjeteando al Secretario por la cantidad de preguntas que le hicieron los diputados.<br \/>\nLos que ya hab\u00edan madrugado fueron los Subdirectores y Directores de la Sefiplan, quienes se encontraban en el Auditorio del Congreso del Estado y escuchaban atentos las preguntas y respuestas de las dos rondas.<br \/>\nEl protocolo de la comparecencia inici\u00f3 apenas con 7 minutos de retraso a cargo del Presidente de la Comisi\u00f3n Permanente de Hacienda, Carlos Morales Guevara, quien al principio se not\u00f3 nervioso, pero ya en la segunda ronda entr\u00f3 en calor y hasta avent\u00f3 su pregunta al titular de las finanzas veracruzanas. Jos\u00e9 Kirsch S\u00e1nchez, secretario de la Comisi\u00f3n, intervino para reconocer el trabajo de Moreno Chazzarini y equipo. Jos\u00e9 Luis Enr\u00edquez Ambell, vocal de la comisi\u00f3n, fue el primero en preguntar sobre un tema que ha generado bastante controversia: la reestructuraci\u00f3n de la deuda.<br \/>\nTreinta minutos son insuficientes para exponer el estado que guardan los recursos de Veracruz, pero el secretario de la Sefiplan trat\u00f3 de sintetizarlo a partir de tres momentos: La forma en que se recibieron las finanzas: con un enorme desorden financiero; no exist\u00eda ning\u00fan tipo planeaci\u00f3n, no hab\u00eda controles, y la corrupci\u00f3n y la opacidad era un rasgo preponderante, esto ocasion\u00f3 que la informaci\u00f3n no fuera confiable, pues estaba a modo, raz\u00f3n por la que el gobernador Yunes Linares en diciembre, declar\u00f3 a los veracruzanos estar en \u201cEmergencia financiera\u201d, pues hab\u00eda 20 mil millones de pesos en d\u00e9ficit. Durante el ejercicio 2016, se\u00f1al\u00f3 que la Federaci\u00f3n hab\u00eda suspendido los fondos federales, pues todos hab\u00edan sido desviados, y no hab\u00eda ninguna aclaraci\u00f3n. Al respecto, mencion\u00f3 que ya se presentaron las denuncias respectivas por un monto total de 35 mil 909 millones de pesos. Como ejemplo mencion\u00f3 el desv\u00edo de la n\u00f3mina educativa por 3 mil 500 millones de pesos, aunque la Auditor\u00eda Superior de la Federaci\u00f3n mencionaba la cantidad de 75 mil millones de recursos desviados.<br \/>\nEn pocas palabras, el secretario de la Sefiplan indic\u00f3 que se parti\u00f3 de cero, pues se reciben las finanzas p\u00fablicas sin proceso de transici\u00f3n y no se pueden analizar los n\u00fameros, adem\u00e1s de que la mucha de la informaci\u00f3n con la que se encontr\u00f3 no estaba contabilizada en los sistemas correspondientes, hab\u00eda gasto corriente alto, un d\u00e9ficit insostenible, un aparato gubernamental elevado y la Ley de ingresos estaba desbalanceada con el presupuesto correspondiente; adem\u00e1s de que no hab\u00eda liquidez pues mientras en bancos hab\u00eda 382 millones de pesos, los sistemas de informaci\u00f3n interna reportaban 36 mil 307 millones de pesos.<br \/>\nSe dijo ser el Secretario que \u201csue\u00f1a\u201d con las Calificadoras pues le preocupan, y el m\u00e1s odiado por sus colegas pues ha hecho que todas las dependencias gubernamentales se aprieten el cintur\u00f3n logrando con ello una reducci\u00f3n de 2 mil millones de pesos, derivados del Decreto de reducci\u00f3n del gasto que ha servido para equilibrar el presupuesto de egresos. De esta forma se ha contenido el gasto.<br \/>\nOtras medidas que se han hecho durante la gesti\u00f3n de Miguel \u00c1ngel Yunes fueron cancelar la basificaci\u00f3n masiva de plazas que se hab\u00eda contemplado y que representaba m\u00e1s de 2 mil millones de pesos, adem\u00e1s de solicitar adelanto de participaciones federales, abrir dos cuentas de cr\u00e9dito, recuperar los bienes robados del sexenio de Javier Duarte (los cuales se pueden consultar p\u00fablicamente en la p\u00e1gina de la Sefiplan), llevar a cabo una pol\u00edtica fiscal responsable, reestructurar la deuda de largo plazo, y recuperar el control de las finanzas p\u00fablicas estatales implementando una nueva plataforma tecnol\u00f3gica que hasta Luca Paccioli (el padre de la contabilidad) hubiera envidiado, expres\u00f3 Moreno Chazzarini.<br \/>\nEsta plataforma es el Sistema de Administraci\u00f3n Financiera del Estado de Veracruz 2.0 (Siafev) que ha permitido la gesti\u00f3n integral de recursos financieros, humanos y materiales. Dicho sistema fue implementado para dar cumplimiento a la Ley General de Contabilidad Gubernamental, la Ley de Disciplina Financiera, la Ley Federal de Transparencia y Acceso a la Informaci\u00f3n P\u00fablica y las disposiciones del Consejo Nacional de Armonizaci\u00f3n Contable (Conac), \u00a1vaya! \u00a1hasta la Sefiplan recibi\u00f3 un reconocimiento por su implementaci\u00f3n! El Siafev fue determinante para que hubiera confianza y sin duda ayud\u00f3 a que se lograra la reestructuraci\u00f3n de la deuda, pues el sistema hace que los estados financieros sean confiables y certeros.<br \/>\nDaniela Griego Ceballos fue la diputada que m\u00e1s cuestion\u00f3 al Secretario, incluso reclam\u00f3 que se le limitara el tiempo de sus preguntas cuando el d\u00eda anterior la Comparecencia del Secretario de Seguridad P\u00fablica hab\u00eda sido sin medida de tiempo. Ella cuestion\u00f3 todo, laudos, restructuraci\u00f3n, deudas hasta la falta de pagos a los empresarios que hab\u00edan sido proveedores del estado.<br \/>\nDe Inmediato el Secretario Moreno expuso que algunos adeudos datan desde el a\u00f1o 2010 al d\u00eda de ayer 35 hab\u00edan presentado sus documentos, una deuda equivalente a 125 millones. Asegur\u00f3 se har\u00e1 el pago pero de acuerdo a la capacidad econ\u00f3mica del gobierno del estado, como lo marca la ley.<br \/>\nLa diputada de Morena tambi\u00e9n cuestion\u00f3 la dependencia del gobierno estatal de las participaciones federales. Su respuesta fue que el 91 por ciento de los ingresos corresponden a este rubro, mientras que el 9 por ciento de recursos propios. Es verdad, consider\u00f3 que Veracruz tiene una dependencia total, pero \u00bfestamos dispuestos los veracruzanos a pagar m\u00e1s impuestos?<br \/>\nSobre las participaciones federales se\u00f1al\u00f3 que ahora las participaciones son transferidas a alcaldes inmediatamente a los municipios, siendo estas 17 mil 672 millones de pesos participaciones, se han mandado tambi\u00e9n mil 743 millones de pesos a la UV y se han pagado 2 mil 278 millones de ISR de este a\u00f1o y el anterior.<br \/>\nY es precisamente el SAT una de las mayores preocupaciones del Secretario, ya que \u00e9ste se iba a cobrar a lo Chino, reteniendo participaciones federales, por lo que se ha llegado a un acuerdo con ellos y se ha priorizado el recurso p\u00fablico para efectuar el pago de 8 mil millones de pesos con el SAT.<br \/>\nOtros temas mencionados fueron el pago de los sueldos de los trabajadores del estado, est\u00e1n garantizados, que se han negociado laudos laborales por falta de liquidez.<br \/>\nLa base de contribuyentes tambi\u00e9n ha aumentado en un 6 por ciento.<br \/>\nEl diputado Fernando Kuri Kuri pregunt\u00f3 sobre los recursos del IPE y sobre la opacidad de Veracruz en entregar la informaci\u00f3n presupuestaria, \u201cSolo Oaxaca est\u00e1 peor que nosotros\u201d. Moreno respondi\u00f3 que seg\u00fan datos del Orfis se utilizaron indebidamente recursos de la reserva p\u00fablica del IPE por 4 mil 130 millones los que fueron sustra\u00eddos de la reserva t\u00e9cnica. Con respecto a opacidad ya se pusieron en contacto con el IMCO para mejorar esta situaci\u00f3n. Expres\u00f3 que las cifras presentadas son del ejercicio 2016, Veracruz est\u00e1 muy mal calificado y se est\u00e1 corrigiendo para subsanarlo.<br \/>\nDentro de los retos y perspectivas para 2018 es lograr unas finanzas equilibradas al 30 de noviembre del 2018 y sin ning\u00fan peso extra de deuda y cumplir los compromisos financieros propuestos dando prioridades a la salud, educaci\u00f3n, seguridad, el campo, entre otros<br \/>\nMarijos\u00e9 Gamboa reconoci\u00f3 el esfuerzo del Secretario y coment\u00f3 que muchos de los all\u00ed presentes nunca dijeron nada cuando se robaron los bienes y ahora s\u00ed preguntan por lo recuperado.<br \/>\nEl que quiso hacerse el chistoso fue el diputado Tito Delf\u00edn pidiendo al Secretario de Sefiplan explicara con palitos y bolitas lo que era el d\u00e9ficit y \u201cqu\u00e9 chingao pas\u00f3 ah\u00ed\u201d porque \u00e9l era un ignorante en finanzas p\u00fablicas. Al principio sonaron algunas risas. Pero cuando quiso dar un ejemplo a que si era lo mismo si se va por ah\u00ed \u201cy se empeda\u201d, el presidente de la Comisi\u00f3n le pidi\u00f3 cambiara sus palabras.<\/p>\n<p>caballero_brenda@hotmail.com<br \/>\n@NumerosRojos_BC<\/p>\n","protected":false},"excerpt":{"rendered":"<p>Brenda Caballero N\u00fameros Rojos Una de las comparecencias m\u00e1s esperadas era la de la Secretar\u00eda de Finanzas y Planeaci\u00f3n, por lo que no import\u00f3 que fuera s\u00e1bado, once de la ma\u00f1ana o que mi garganta estuviera m\u00e1s seca que las arcas recibidas por el gobernador Miguel \u00c1ngel Yunes Linares el pasado primero de diciembre. Guillermo [&hellip;]<\/p>\n","protected":false},"author":2,"featured_media":0,"comment_status":"open","ping_status":"open","sticky":false,"template":"","format":"standard","meta":{"tdm_status":"","tdm_grid_status":"","footnotes":""},"categories":[70],"tags":[4058,10197,10195,8880,10193,10198,8383,428,10196,640],"class_list":{"0":"post-37841","1":"post","2":"type-post","3":"status-publish","4":"format-standard","6":"category-de-opinion","7":"tag-carlos-morales-guevara","8":"tag-david-del-angel-moreno","9":"tag-francisco-javier-jimenez-rocha","10":"tag-guillermo-moreno-chazzarini","11":"tag-hector-vargas-rubin","12":"tag-jose-kirsch-sanchez","13":"tag-jose-luis-enriquez-ambell","14":"tag-miguel-angel-yunes-linares","15":"tag-procurador-fiscal","16":"tag-sefiplan"},"yoast_head":"<!-- This site is optimized with the Yoast SEO plugin v27.4 - https:\/\/yoast.com\/product\/yoast-seo-wordpress\/ -->\n<title>\u00bfY c\u00f3mo est\u00e1n las finanzas? - Los pol\u00edticos Veracruz<\/title>\n<meta name=\"robots\" content=\"index, follow, max-snippet:-1, max-image-preview:large, max-video-preview:-1\" \/>\n<link rel=\"canonical\" href=\"https:\/\/lospoliticosveracruz.com\/?p=37841\" \/>\n<meta property=\"og:locale\" content=\"es_ES\" \/>\n<meta property=\"og:type\" content=\"article\" \/>\n<meta property=\"og:title\" content=\"\u00bfY c\u00f3mo est\u00e1n las finanzas? - Los pol\u00edticos Veracruz\" \/>\n<meta property=\"og:description\" content=\"Brenda Caballero N\u00fameros Rojos Una de las comparecencias m\u00e1s esperadas era la de la Secretar\u00eda de Finanzas y Planeaci\u00f3n, por lo que no import\u00f3 que fuera s\u00e1bado, once de la ma\u00f1ana o que mi garganta estuviera m\u00e1s seca que las arcas recibidas por el gobernador Miguel \u00c1ngel Yunes Linares el pasado primero de diciembre. Guillermo [&hellip;]\" \/>\n<meta property=\"og:url\" content=\"https:\/\/lospoliticosveracruz.com\/?p=37841\" \/>\n<meta property=\"og:site_name\" content=\"Los pol\u00edticos Veracruz\" \/>\n<meta property=\"article:publisher\" content=\"https:\/\/www.facebook.com\/people\/Notimemes-de-los-Polticos\/61565672886568\/\" \/>\n<meta property=\"article:published_time\" content=\"2017-11-19T13:57:03+00:00\" \/>\n<meta property=\"og:image\" content=\"https:\/\/lospoliticosveracruz.com\/wp-content\/uploads\/2016\/07\/Logo-Dor.jpg\" \/>\n\t<meta property=\"og:image:width\" content=\"200\" \/>\n\t<meta property=\"og:image:height\" content=\"200\" \/>\n\t<meta property=\"og:image:type\" content=\"image\/jpeg\" \/>\n<meta name=\"author\" content=\"Lo viste en Los Pol\u00edticos\" \/>\n<meta name=\"twitter:card\" content=\"summary_large_image\" \/>\n<meta name=\"twitter:creator\" content=\"@LosPoliticosVer\" \/>\n<meta name=\"twitter:site\" content=\"@LosPoliticosVer\" \/>\n<meta name=\"twitter:label1\" content=\"Escrito por\" \/>\n\t<meta name=\"twitter:data1\" content=\"Lo viste en Los Pol\u00edticos\" \/>\n\t<meta name=\"twitter:label2\" content=\"Tiempo de lectura\" \/>\n\t<meta name=\"twitter:data2\" content=\"7 minutos\" \/>\n<script type=\"application\/ld+json\" class=\"yoast-schema-graph\">{\"@context\":\"https:\\\/\\\/schema.org\",\"@graph\":[{\"@type\":\"Article\",\"@id\":\"https:\\\/\\\/lospoliticosveracruz.com\\\/?p=37841#article\",\"isPartOf\":{\"@id\":\"https:\\\/\\\/lospoliticosveracruz.com\\\/?p=37841\"},\"author\":{\"name\":\"Lo viste en Los Pol\u00edticos\",\"@id\":\"https:\\\/\\\/lospoliticosveracruz.com\\\/#\\\/schema\\\/person\\\/b8702bb0e538456e6efd07080bf2a4a2\"},\"headline\":\"\u00bfY c\u00f3mo est\u00e1n las finanzas?\",\"datePublished\":\"2017-11-19T13:57:03+00:00\",\"mainEntityOfPage\":{\"@id\":\"https:\\\/\\\/lospoliticosveracruz.com\\\/?p=37841\"},\"wordCount\":1457,\"commentCount\":0,\"publisher\":{\"@id\":\"https:\\\/\\\/lospoliticosveracruz.com\\\/#organization\"},\"keywords\":[\"Carlos Morales Guevara\",\"David del \u00c1ngel Moreno\",\"Francisco Javier Jim\u00e9nez Rocha\",\"Guillermo Moreno Chazzarini\",\"H\u00e9ctor Vargas Rub\u00edn\",\"Jos\u00e9 Kirsch S\u00e1nchez\",\"Jos\u00e9 Luis Enr\u00edquez Ambell\",\"Miguel Angel Yunes Linares\",\"Procurador Fiscal\",\"Sefiplan\"],\"articleSection\":[\"De Opini\u00f3n\"],\"inLanguage\":\"es\",\"potentialAction\":[{\"@type\":\"CommentAction\",\"name\":\"Comment\",\"target\":[\"https:\\\/\\\/lospoliticosveracruz.com\\\/?p=37841#respond\"]}]},{\"@type\":\"WebPage\",\"@id\":\"https:\\\/\\\/lospoliticosveracruz.com\\\/?p=37841\",\"url\":\"https:\\\/\\\/lospoliticosveracruz.com\\\/?p=37841\",\"name\":\"\u00bfY c\u00f3mo est\u00e1n las finanzas? - Los pol\u00edticos Veracruz\",\"isPartOf\":{\"@id\":\"https:\\\/\\\/lospoliticosveracruz.com\\\/#website\"},\"datePublished\":\"2017-11-19T13:57:03+00:00\",\"breadcrumb\":{\"@id\":\"https:\\\/\\\/lospoliticosveracruz.com\\\/?p=37841#breadcrumb\"},\"inLanguage\":\"es\",\"potentialAction\":[{\"@type\":\"ReadAction\",\"target\":[\"https:\\\/\\\/lospoliticosveracruz.com\\\/?p=37841\"]}]},{\"@type\":\"BreadcrumbList\",\"@id\":\"https:\\\/\\\/lospoliticosveracruz.com\\\/?p=37841#breadcrumb\",\"itemListElement\":[{\"@type\":\"ListItem\",\"position\":1,\"name\":\"Portada\",\"item\":\"https:\\\/\\\/lospoliticosveracruz.com\\\/\"},{\"@type\":\"ListItem\",\"position\":2,\"name\":\"\u00bfY c\u00f3mo est\u00e1n las finanzas?\"}]},{\"@type\":\"WebSite\",\"@id\":\"https:\\\/\\\/lospoliticosveracruz.com\\\/#website\",\"url\":\"https:\\\/\\\/lospoliticosveracruz.com\\\/\",\"name\":\"Los pol\u00edticos Veracruz\",\"description\":\"\",\"publisher\":{\"@id\":\"https:\\\/\\\/lospoliticosveracruz.com\\\/#organization\"},\"potentialAction\":[{\"@type\":\"SearchAction\",\"target\":{\"@type\":\"EntryPoint\",\"urlTemplate\":\"https:\\\/\\\/lospoliticosveracruz.com\\\/?s={search_term_string}\"},\"query-input\":{\"@type\":\"PropertyValueSpecification\",\"valueRequired\":true,\"valueName\":\"search_term_string\"}}],\"inLanguage\":\"es\"},{\"@type\":\"Organization\",\"@id\":\"https:\\\/\\\/lospoliticosveracruz.com\\\/#organization\",\"name\":\"Los pol\u00edticos Veracruz\",\"url\":\"https:\\\/\\\/lospoliticosveracruz.com\\\/\",\"logo\":{\"@type\":\"ImageObject\",\"inLanguage\":\"es\",\"@id\":\"https:\\\/\\\/lospoliticosveracruz.com\\\/#\\\/schema\\\/logo\\\/image\\\/\",\"url\":\"https:\\\/\\\/lospoliticosveracruz.com\\\/wp-content\\\/uploads\\\/2025\\\/12\\\/Logo-Nuevo-LOS-POLITICOS-1.jpg\",\"contentUrl\":\"https:\\\/\\\/lospoliticosveracruz.com\\\/wp-content\\\/uploads\\\/2025\\\/12\\\/Logo-Nuevo-LOS-POLITICOS-1.jpg\",\"width\":260,\"height\":70,\"caption\":\"Los pol\u00edticos Veracruz\"},\"image\":{\"@id\":\"https:\\\/\\\/lospoliticosveracruz.com\\\/#\\\/schema\\\/logo\\\/image\\\/\"},\"sameAs\":[\"https:\\\/\\\/www.facebook.com\\\/people\\\/Notimemes-de-los-Polticos\\\/61565672886568\\\/\",\"https:\\\/\\\/x.com\\\/LosPoliticosVer\"]},{\"@type\":\"Person\",\"@id\":\"https:\\\/\\\/lospoliticosveracruz.com\\\/#\\\/schema\\\/person\\\/b8702bb0e538456e6efd07080bf2a4a2\",\"name\":\"Lo viste en Los Pol\u00edticos\",\"image\":{\"@type\":\"ImageObject\",\"inLanguage\":\"es\",\"@id\":\"https:\\\/\\\/secure.gravatar.com\\\/avatar\\\/3a8de04a2656d44082be478bd6c086daa447c4651605818287b9532d3d0bd435?s=96&d=mm&r=g\",\"url\":\"https:\\\/\\\/secure.gravatar.com\\\/avatar\\\/3a8de04a2656d44082be478bd6c086daa447c4651605818287b9532d3d0bd435?s=96&d=mm&r=g\",\"contentUrl\":\"https:\\\/\\\/secure.gravatar.com\\\/avatar\\\/3a8de04a2656d44082be478bd6c086daa447c4651605818287b9532d3d0bd435?s=96&d=mm&r=g\",\"caption\":\"Lo viste en Los Pol\u00edticos\"},\"url\":\"https:\\\/\\\/lospoliticosveracruz.com\\\/?author=2\"}]}<\/script>\n<!-- \/ Yoast SEO plugin. -->","yoast_head_json":{"title":"\u00bfY c\u00f3mo est\u00e1n las finanzas? - Los pol\u00edticos Veracruz","robots":{"index":"index","follow":"follow","max-snippet":"max-snippet:-1","max-image-preview":"max-image-preview:large","max-video-preview":"max-video-preview:-1"},"canonical":"https:\/\/lospoliticosveracruz.com\/?p=37841","og_locale":"es_ES","og_type":"article","og_title":"\u00bfY c\u00f3mo est\u00e1n las finanzas? - Los pol\u00edticos Veracruz","og_description":"Brenda Caballero N\u00fameros Rojos Una de las comparecencias m\u00e1s esperadas era la de la Secretar\u00eda de Finanzas y Planeaci\u00f3n, por lo que no import\u00f3 que fuera s\u00e1bado, once de la ma\u00f1ana o que mi garganta estuviera m\u00e1s seca que las arcas recibidas por el gobernador Miguel \u00c1ngel Yunes Linares el pasado primero de diciembre. Guillermo [&hellip;]","og_url":"https:\/\/lospoliticosveracruz.com\/?p=37841","og_site_name":"Los pol\u00edticos Veracruz","article_publisher":"https:\/\/www.facebook.com\/people\/Notimemes-de-los-Polticos\/61565672886568\/","article_published_time":"2017-11-19T13:57:03+00:00","og_image":[{"width":200,"height":200,"url":"https:\/\/lospoliticosveracruz.com\/wp-content\/uploads\/2016\/07\/Logo-Dor.jpg","type":"image\/jpeg"}],"author":"Lo viste en Los Pol\u00edticos","twitter_card":"summary_large_image","twitter_creator":"@LosPoliticosVer","twitter_site":"@LosPoliticosVer","twitter_misc":{"Escrito por":"Lo viste en Los Pol\u00edticos","Tiempo de lectura":"7 minutos"},"schema":{"@context":"https:\/\/schema.org","@graph":[{"@type":"Article","@id":"https:\/\/lospoliticosveracruz.com\/?p=37841#article","isPartOf":{"@id":"https:\/\/lospoliticosveracruz.com\/?p=37841"},"author":{"name":"Lo viste en Los Pol\u00edticos","@id":"https:\/\/lospoliticosveracruz.com\/#\/schema\/person\/b8702bb0e538456e6efd07080bf2a4a2"},"headline":"\u00bfY c\u00f3mo est\u00e1n las finanzas?","datePublished":"2017-11-19T13:57:03+00:00","mainEntityOfPage":{"@id":"https:\/\/lospoliticosveracruz.com\/?p=37841"},"wordCount":1457,"commentCount":0,"publisher":{"@id":"https:\/\/lospoliticosveracruz.com\/#organization"},"keywords":["Carlos Morales Guevara","David del \u00c1ngel Moreno","Francisco Javier Jim\u00e9nez Rocha","Guillermo Moreno Chazzarini","H\u00e9ctor Vargas Rub\u00edn","Jos\u00e9 Kirsch S\u00e1nchez","Jos\u00e9 Luis Enr\u00edquez Ambell","Miguel Angel Yunes Linares","Procurador Fiscal","Sefiplan"],"articleSection":["De Opini\u00f3n"],"inLanguage":"es","potentialAction":[{"@type":"CommentAction","name":"Comment","target":["https:\/\/lospoliticosveracruz.com\/?p=37841#respond"]}]},{"@type":"WebPage","@id":"https:\/\/lospoliticosveracruz.com\/?p=37841","url":"https:\/\/lospoliticosveracruz.com\/?p=37841","name":"\u00bfY c\u00f3mo est\u00e1n las finanzas? - Los pol\u00edticos Veracruz","isPartOf":{"@id":"https:\/\/lospoliticosveracruz.com\/#website"},"datePublished":"2017-11-19T13:57:03+00:00","breadcrumb":{"@id":"https:\/\/lospoliticosveracruz.com\/?p=37841#breadcrumb"},"inLanguage":"es","potentialAction":[{"@type":"ReadAction","target":["https:\/\/lospoliticosveracruz.com\/?p=37841"]}]},{"@type":"BreadcrumbList","@id":"https:\/\/lospoliticosveracruz.com\/?p=37841#breadcrumb","itemListElement":[{"@type":"ListItem","position":1,"name":"Portada","item":"https:\/\/lospoliticosveracruz.com\/"},{"@type":"ListItem","position":2,"name":"\u00bfY c\u00f3mo est\u00e1n las finanzas?"}]},{"@type":"WebSite","@id":"https:\/\/lospoliticosveracruz.com\/#website","url":"https:\/\/lospoliticosveracruz.com\/","name":"Los pol\u00edticos Veracruz","description":"","publisher":{"@id":"https:\/\/lospoliticosveracruz.com\/#organization"},"potentialAction":[{"@type":"SearchAction","target":{"@type":"EntryPoint","urlTemplate":"https:\/\/lospoliticosveracruz.com\/?s={search_term_string}"},"query-input":{"@type":"PropertyValueSpecification","valueRequired":true,"valueName":"search_term_string"}}],"inLanguage":"es"},{"@type":"Organization","@id":"https:\/\/lospoliticosveracruz.com\/#organization","name":"Los pol\u00edticos Veracruz","url":"https:\/\/lospoliticosveracruz.com\/","logo":{"@type":"ImageObject","inLanguage":"es","@id":"https:\/\/lospoliticosveracruz.com\/#\/schema\/logo\/image\/","url":"https:\/\/lospoliticosveracruz.com\/wp-content\/uploads\/2025\/12\/Logo-Nuevo-LOS-POLITICOS-1.jpg","contentUrl":"https:\/\/lospoliticosveracruz.com\/wp-content\/uploads\/2025\/12\/Logo-Nuevo-LOS-POLITICOS-1.jpg","width":260,"height":70,"caption":"Los pol\u00edticos Veracruz"},"image":{"@id":"https:\/\/lospoliticosveracruz.com\/#\/schema\/logo\/image\/"},"sameAs":["https:\/\/www.facebook.com\/people\/Notimemes-de-los-Polticos\/61565672886568\/","https:\/\/x.com\/LosPoliticosVer"]},{"@type":"Person","@id":"https:\/\/lospoliticosveracruz.com\/#\/schema\/person\/b8702bb0e538456e6efd07080bf2a4a2","name":"Lo viste en Los Pol\u00edticos","image":{"@type":"ImageObject","inLanguage":"es","@id":"https:\/\/secure.gravatar.com\/avatar\/3a8de04a2656d44082be478bd6c086daa447c4651605818287b9532d3d0bd435?s=96&d=mm&r=g","url":"https:\/\/secure.gravatar.com\/avatar\/3a8de04a2656d44082be478bd6c086daa447c4651605818287b9532d3d0bd435?s=96&d=mm&r=g","contentUrl":"https:\/\/secure.gravatar.com\/avatar\/3a8de04a2656d44082be478bd6c086daa447c4651605818287b9532d3d0bd435?s=96&d=mm&r=g","caption":"Lo viste en Los Pol\u00edticos"},"url":"https:\/\/lospoliticosveracruz.com\/?author=2"}]}},"_links":{"self":[{"href":"https:\/\/lospoliticosveracruz.com\/index.php?rest_route=\/wp\/v2\/posts\/37841","targetHints":{"allow":["GET"]}}],"collection":[{"href":"https:\/\/lospoliticosveracruz.com\/index.php?rest_route=\/wp\/v2\/posts"}],"about":[{"href":"https:\/\/lospoliticosveracruz.com\/index.php?rest_route=\/wp\/v2\/types\/post"}],"author":[{"embeddable":true,"href":"https:\/\/lospoliticosveracruz.com\/index.php?rest_route=\/wp\/v2\/users\/2"}],"replies":[{"embeddable":true,"href":"https:\/\/lospoliticosveracruz.com\/index.php?rest_route=%2Fwp%2Fv2%2Fcomments&post=37841"}],"version-history":[{"count":1,"href":"https:\/\/lospoliticosveracruz.com\/index.php?rest_route=\/wp\/v2\/posts\/37841\/revisions"}],"predecessor-version":[{"id":37842,"href":"https:\/\/lospoliticosveracruz.com\/index.php?rest_route=\/wp\/v2\/posts\/37841\/revisions\/37842"}],"wp:attachment":[{"href":"https:\/\/lospoliticosveracruz.com\/index.php?rest_route=%2Fwp%2Fv2%2Fmedia&parent=37841"}],"wp:term":[{"taxonomy":"category","embeddable":true,"href":"https:\/\/lospoliticosveracruz.com\/index.php?rest_route=%2Fwp%2Fv2%2Fcategories&post=37841"},{"taxonomy":"post_tag","embeddable":true,"href":"https:\/\/lospoliticosveracruz.com\/index.php?rest_route=%2Fwp%2Fv2%2Ftags&post=37841"}],"curies":[{"name":"wp","href":"https:\/\/api.w.org\/{rel}","templated":true}]}}