{"id":37968,"date":"2017-11-23T22:55:26","date_gmt":"2017-11-24T04:55:26","guid":{"rendered":"http:\/\/www.lospoliticosveracruz.com.mx\/?p=37968"},"modified":"2017-11-23T21:19:04","modified_gmt":"2017-11-24T03:19:04","slug":"la-propuesta-del-gobernador","status":"publish","type":"post","link":"https:\/\/lospoliticosveracruz.com\/?p=37968","title":{"rendered":"La propuesta del Gobernador"},"content":{"rendered":"<p><strong>Salvador Mu\u00f1oz<\/strong><\/p>\n<p><em>Los Pol\u00edticos<\/em><\/p>\n<p>&nbsp;<\/p>\n<p>&nbsp;<\/p>\n<p>El Gobernador Miguel \u00c1ngel Yunes Linares propone al Congreso del Estado otorgar el pr\u00f3ximo 3 de diciembre la medalla \u201cAdolfo Ruiz Cortines\u201d al Ej\u00e9rcito Mexicano y a la Marina-Armada de M\u00e9xico, como un reconocimiento por el gran apoyo que han brindado a Veracruz. \u201cCotidianamente nos ayudan en tareas de seguridad p\u00fablica; cuando hay desastres naturales siempre est\u00e1n presentes los soldados y los marinos\u201d, resume las razones por las cuales se deber\u00edan de hacer merecedores de tal reconocimiento.<\/p>\n<p>Mi primera impresi\u00f3n es que ambos se la merecen, su papel en Veracruz y en otras latitudes, son dignas de reconocimiento, \u00a1claro! S\u00f3lo recordemos los \u00faltimos acontecimientos que literal, sacudieron al pa\u00eds y su labor incesante en el rescate de mexicanos&#8230; pero&#8230;<\/p>\n<p>II<\/p>\n<p>Hace un a\u00f1o, si la memoria no me falla, en las propuestas para recibir la medalla Adolfo Ruiz Cortines, estaban los Colectivos de Familiares de Desaparecidos as\u00ed como Las Patronas. Si no mal recuerdo, hubo la intenci\u00f3n tambi\u00e9n de que el Maestro Roberto Bravo Garz\u00f3n fuera incluido pero realmente no s\u00e9 qu\u00e9 haya pasado con tal propuesta, si se materializ\u00f3 o s\u00f3lo qued\u00f3 en la idea.<\/p>\n<p>Al final, en un hecho in\u00e9dito, los Colectivos recibieron tal reconocimiento aunque dejaron en claro que, quiz\u00e1s no con las mismas palabras pero s\u00ed con la intenci\u00f3n, que tal honor lo cambiar\u00edan por encontrar a sus familiares.<\/p>\n<p>El reconocimiento fue criticado por pocas voces quiz\u00e1s porque la espiral del silencio gan\u00f3 y muy raro se hubiera visto cuestionar a las personas que han luchado desde hace tiempo no s\u00f3lo contra lo hecho por el crimen organizado, sino tambi\u00e9n por el burocratismo que perme\u00f3 a su tragedia.<\/p>\n<p>III<\/p>\n<p>Hoy, la propuesta del Gobernador si bien puede ser considerada justa, amable, agradecida, por el servicio que prestan ambas instituciones, parece que no encuadra a lo que la Ley de Premios establece en sus art\u00edculos 1, 19, 20 y 21 que cita la convocatoria Premio: \u201cMedalla y Diploma Adolfo Ruiz Cortines 2017\u201d&#8230; o a lo mejor s\u00ed y soy medio buey para entender las leyes&#8230; ac\u00e1 se los pongo y usted me dice:<\/p>\n<p>Art\u00edculo 1. La presente Ley es de orden p\u00fablico e inter\u00e9s general, y rige el otorgamiento de la Medalla Veracruz, la Medalla Adolfo Ruiz Cortines, el Premio Veracruz, la Medalla General Ignacio de la Llave, las Medallas Carlos A. Carrillo y Enrique C. R\u00e9bsamen y el Premio Estatal a la Mujer, que los Poderes Ejecutivo y Legislativo del Estado conceden a las personas distinguidas por su conducta y acciones, en los t\u00e9rminos que la misma establece.<\/p>\n<p>Art\u00edculo 19. Esta Medalla la conceder\u00e1 el Congreso del Estado anualmente, a los veracruzanos que se distingan por sus acciones en la participaci\u00f3n ciudadana de la sociedad.<\/p>\n<p>Art\u00edculo 20. Para el otorgamiento de la Medalla Adolfo Ruiz Cortines, se seguir\u00e1 el procedimiento siguiente:<\/p>\n<ol>\n<li>El Congreso del Estado, en el mes de noviembre de cada a\u00f1o, nombrar\u00e1 una comisi\u00f3n de cinco diputados, que tendr\u00e1n la obligaci\u00f3n de formular la convocatoria para que se proponga a los ciudadanos que se consideren merecedores de la distinci\u00f3n;<\/li>\n<li>Las propuestas que se hagan con motivo de la convocatoria, deber\u00e1n acompa\u00f1arse de una semblanza y exposici\u00f3n de motivos;<\/li>\n<\/ol>\n<p>III. Concluido el t\u00e9rmino de la convocatoria, la comisi\u00f3n seleccionar\u00e1 de entre los ciudadanos propuestos, a tres que a su juicio sean los de mayor m\u00e9rito a recibir la distinci\u00f3n, razonando y motivando su decisi\u00f3n; y<\/p>\n<ol>\n<li>El Dictamen de la Comisi\u00f3n se someter\u00e1 a la consideraci\u00f3n del Pleno del Congreso, que decidir\u00e1 a quien se le otorga la Medalla.<\/li>\n<\/ol>\n<p>Art\u00edculo 21. La Medalla Adolfo Ruiz Cortines se entregar\u00e1 el d\u00eda que corresponda al del nacimiento del egregio estadista, o el que se considere m\u00e1s adecuado para los fines de divulgaci\u00f3n de los valores c\u00edvicos.<\/p>\n<p>As\u00ed mismo, se entregar\u00e1 al merecedor de la Medalla, un Diploma en el que se expresen las razones por las cuales se confiere esta distinci\u00f3n.<\/p>\n<p>IV<\/p>\n<p>La propuesta del Gobernador, insisto, est\u00e1 dentro de lo justo, de lo que se puede decir agradecido con el servicio que el Ej\u00e9rcito y la Marina han hecho por Veracruz, pero, se reitera, no encajan al menos en lo que pudi\u00e9ramos decir es la esencia del Premio Medalla Adolfo Ruiz Cortines, concentrada en el Art\u00edculo 19: se entregar\u00e1 \u201ca los veracruzanos que se distingan por sus acciones en la participaci\u00f3n ciudadana de la sociedad\u201d, al menos que haya otra disposici\u00f3n legal que contradiga lo que dicen los art\u00edculos, porque aunque la Convocatoria cita \u201cInstituciones\u201d (lo que es Ej\u00e9rcito y Marina), esta palabrita no est\u00e1 contemplada en la Ley.<\/p>\n<p>\u00bfEl Ej\u00e9rcito y la Marina merecen un reconocimiento? S\u00ed, pero no en la Ruiz Cortines&#8230; al menos que el Congreso y el Gobernador digan lo contrario.<\/p>\n<p>smcainito@gmail.com<\/p>\n","protected":false},"excerpt":{"rendered":"<p>Salvador Mu\u00f1oz Los Pol\u00edticos &nbsp; &nbsp; El Gobernador Miguel \u00c1ngel Yunes Linares propone al Congreso del Estado otorgar el pr\u00f3ximo 3 de diciembre la medalla \u201cAdolfo Ruiz Cortines\u201d al Ej\u00e9rcito Mexicano y a la Marina-Armada de M\u00e9xico, como un reconocimiento por el gran apoyo que han brindado a Veracruz. \u201cCotidianamente nos ayudan en tareas de [&hellip;]<\/p>\n","protected":false},"author":2,"featured_media":0,"comment_status":"open","ping_status":"open","sticky":false,"template":"","format":"standard","meta":{"tdm_status":"","tdm_grid_status":"","footnotes":""},"categories":[70],"tags":[10256,946,428],"class_list":{"0":"post-37968","1":"post","2":"type-post","3":"status-publish","4":"format-standard","6":"category-de-opinion","7":"tag-marina-armada-de-mexico","8":"tag-medalla-adolfo-ruiz-cortines","9":"tag-miguel-angel-yunes-linares"},"yoast_head":"<!-- This site is optimized with the Yoast SEO plugin v27.4 - https:\/\/yoast.com\/product\/yoast-seo-wordpress\/ -->\n<title>La propuesta del Gobernador - Los pol\u00edticos Veracruz<\/title>\n<meta name=\"robots\" content=\"index, follow, max-snippet:-1, max-image-preview:large, max-video-preview:-1\" \/>\n<link rel=\"canonical\" href=\"https:\/\/lospoliticosveracruz.com\/?p=37968\" \/>\n<meta property=\"og:locale\" content=\"es_ES\" \/>\n<meta property=\"og:type\" content=\"article\" \/>\n<meta property=\"og:title\" content=\"La propuesta del Gobernador - Los pol\u00edticos Veracruz\" \/>\n<meta property=\"og:description\" content=\"Salvador Mu\u00f1oz Los Pol\u00edticos &nbsp; &nbsp; El Gobernador Miguel \u00c1ngel Yunes Linares propone al Congreso del Estado otorgar el pr\u00f3ximo 3 de diciembre la medalla \u201cAdolfo Ruiz Cortines\u201d al Ej\u00e9rcito Mexicano y a la Marina-Armada de M\u00e9xico, como un reconocimiento por el gran apoyo que han brindado a Veracruz. \u201cCotidianamente nos ayudan en tareas de [&hellip;]\" \/>\n<meta property=\"og:url\" content=\"https:\/\/lospoliticosveracruz.com\/?p=37968\" \/>\n<meta property=\"og:site_name\" content=\"Los pol\u00edticos Veracruz\" \/>\n<meta property=\"article:publisher\" content=\"https:\/\/www.facebook.com\/people\/Notimemes-de-los-Polticos\/61565672886568\/\" \/>\n<meta property=\"article:published_time\" content=\"2017-11-24T04:55:26+00:00\" \/>\n<meta property=\"og:image\" content=\"https:\/\/lospoliticosveracruz.com\/wp-content\/uploads\/2016\/07\/Logo-Dor.jpg\" \/>\n\t<meta property=\"og:image:width\" content=\"200\" \/>\n\t<meta property=\"og:image:height\" content=\"200\" \/>\n\t<meta property=\"og:image:type\" content=\"image\/jpeg\" \/>\n<meta name=\"author\" content=\"Lo viste en Los Pol\u00edticos\" \/>\n<meta name=\"twitter:card\" content=\"summary_large_image\" \/>\n<meta name=\"twitter:creator\" content=\"@LosPoliticosVer\" \/>\n<meta name=\"twitter:site\" content=\"@LosPoliticosVer\" \/>\n<meta name=\"twitter:label1\" content=\"Escrito por\" \/>\n\t<meta name=\"twitter:data1\" content=\"Lo viste en Los Pol\u00edticos\" \/>\n\t<meta name=\"twitter:label2\" content=\"Tiempo de lectura\" \/>\n\t<meta name=\"twitter:data2\" content=\"4 minutos\" \/>\n<script type=\"application\/ld+json\" class=\"yoast-schema-graph\">{\"@context\":\"https:\\\/\\\/schema.org\",\"@graph\":[{\"@type\":\"Article\",\"@id\":\"https:\\\/\\\/lospoliticosveracruz.com\\\/?p=37968#article\",\"isPartOf\":{\"@id\":\"https:\\\/\\\/lospoliticosveracruz.com\\\/?p=37968\"},\"author\":{\"name\":\"Lo viste en Los Pol\u00edticos\",\"@id\":\"https:\\\/\\\/lospoliticosveracruz.com\\\/#\\\/schema\\\/person\\\/b8702bb0e538456e6efd07080bf2a4a2\"},\"headline\":\"La propuesta del Gobernador\",\"datePublished\":\"2017-11-24T04:55:26+00:00\",\"mainEntityOfPage\":{\"@id\":\"https:\\\/\\\/lospoliticosveracruz.com\\\/?p=37968\"},\"wordCount\":841,\"commentCount\":0,\"publisher\":{\"@id\":\"https:\\\/\\\/lospoliticosveracruz.com\\\/#organization\"},\"keywords\":[\"Marina-Armada de M\u00e9xico\",\"medalla Adolfo Ruiz Cortines\",\"Miguel Angel Yunes Linares\"],\"articleSection\":[\"De Opini\u00f3n\"],\"inLanguage\":\"es\",\"potentialAction\":[{\"@type\":\"CommentAction\",\"name\":\"Comment\",\"target\":[\"https:\\\/\\\/lospoliticosveracruz.com\\\/?p=37968#respond\"]}]},{\"@type\":\"WebPage\",\"@id\":\"https:\\\/\\\/lospoliticosveracruz.com\\\/?p=37968\",\"url\":\"https:\\\/\\\/lospoliticosveracruz.com\\\/?p=37968\",\"name\":\"La propuesta del Gobernador - Los pol\u00edticos Veracruz\",\"isPartOf\":{\"@id\":\"https:\\\/\\\/lospoliticosveracruz.com\\\/#website\"},\"datePublished\":\"2017-11-24T04:55:26+00:00\",\"breadcrumb\":{\"@id\":\"https:\\\/\\\/lospoliticosveracruz.com\\\/?p=37968#breadcrumb\"},\"inLanguage\":\"es\",\"potentialAction\":[{\"@type\":\"ReadAction\",\"target\":[\"https:\\\/\\\/lospoliticosveracruz.com\\\/?p=37968\"]}]},{\"@type\":\"BreadcrumbList\",\"@id\":\"https:\\\/\\\/lospoliticosveracruz.com\\\/?p=37968#breadcrumb\",\"itemListElement\":[{\"@type\":\"ListItem\",\"position\":1,\"name\":\"Portada\",\"item\":\"https:\\\/\\\/lospoliticosveracruz.com\\\/\"},{\"@type\":\"ListItem\",\"position\":2,\"name\":\"La propuesta del Gobernador\"}]},{\"@type\":\"WebSite\",\"@id\":\"https:\\\/\\\/lospoliticosveracruz.com\\\/#website\",\"url\":\"https:\\\/\\\/lospoliticosveracruz.com\\\/\",\"name\":\"Los pol\u00edticos Veracruz\",\"description\":\"\",\"publisher\":{\"@id\":\"https:\\\/\\\/lospoliticosveracruz.com\\\/#organization\"},\"potentialAction\":[{\"@type\":\"SearchAction\",\"target\":{\"@type\":\"EntryPoint\",\"urlTemplate\":\"https:\\\/\\\/lospoliticosveracruz.com\\\/?s={search_term_string}\"},\"query-input\":{\"@type\":\"PropertyValueSpecification\",\"valueRequired\":true,\"valueName\":\"search_term_string\"}}],\"inLanguage\":\"es\"},{\"@type\":\"Organization\",\"@id\":\"https:\\\/\\\/lospoliticosveracruz.com\\\/#organization\",\"name\":\"Los pol\u00edticos Veracruz\",\"url\":\"https:\\\/\\\/lospoliticosveracruz.com\\\/\",\"logo\":{\"@type\":\"ImageObject\",\"inLanguage\":\"es\",\"@id\":\"https:\\\/\\\/lospoliticosveracruz.com\\\/#\\\/schema\\\/logo\\\/image\\\/\",\"url\":\"https:\\\/\\\/lospoliticosveracruz.com\\\/wp-content\\\/uploads\\\/2025\\\/12\\\/Logo-Nuevo-LOS-POLITICOS-1.jpg\",\"contentUrl\":\"https:\\\/\\\/lospoliticosveracruz.com\\\/wp-content\\\/uploads\\\/2025\\\/12\\\/Logo-Nuevo-LOS-POLITICOS-1.jpg\",\"width\":260,\"height\":70,\"caption\":\"Los pol\u00edticos Veracruz\"},\"image\":{\"@id\":\"https:\\\/\\\/lospoliticosveracruz.com\\\/#\\\/schema\\\/logo\\\/image\\\/\"},\"sameAs\":[\"https:\\\/\\\/www.facebook.com\\\/people\\\/Notimemes-de-los-Polticos\\\/61565672886568\\\/\",\"https:\\\/\\\/x.com\\\/LosPoliticosVer\"]},{\"@type\":\"Person\",\"@id\":\"https:\\\/\\\/lospoliticosveracruz.com\\\/#\\\/schema\\\/person\\\/b8702bb0e538456e6efd07080bf2a4a2\",\"name\":\"Lo viste en Los Pol\u00edticos\",\"image\":{\"@type\":\"ImageObject\",\"inLanguage\":\"es\",\"@id\":\"https:\\\/\\\/secure.gravatar.com\\\/avatar\\\/3a8de04a2656d44082be478bd6c086daa447c4651605818287b9532d3d0bd435?s=96&d=mm&r=g\",\"url\":\"https:\\\/\\\/secure.gravatar.com\\\/avatar\\\/3a8de04a2656d44082be478bd6c086daa447c4651605818287b9532d3d0bd435?s=96&d=mm&r=g\",\"contentUrl\":\"https:\\\/\\\/secure.gravatar.com\\\/avatar\\\/3a8de04a2656d44082be478bd6c086daa447c4651605818287b9532d3d0bd435?s=96&d=mm&r=g\",\"caption\":\"Lo viste en Los Pol\u00edticos\"},\"url\":\"https:\\\/\\\/lospoliticosveracruz.com\\\/?author=2\"}]}<\/script>\n<!-- \/ Yoast SEO plugin. -->","yoast_head_json":{"title":"La propuesta del Gobernador - Los pol\u00edticos Veracruz","robots":{"index":"index","follow":"follow","max-snippet":"max-snippet:-1","max-image-preview":"max-image-preview:large","max-video-preview":"max-video-preview:-1"},"canonical":"https:\/\/lospoliticosveracruz.com\/?p=37968","og_locale":"es_ES","og_type":"article","og_title":"La propuesta del Gobernador - Los pol\u00edticos Veracruz","og_description":"Salvador Mu\u00f1oz Los Pol\u00edticos &nbsp; &nbsp; El Gobernador Miguel \u00c1ngel Yunes Linares propone al Congreso del Estado otorgar el pr\u00f3ximo 3 de diciembre la medalla \u201cAdolfo Ruiz Cortines\u201d al Ej\u00e9rcito Mexicano y a la Marina-Armada de M\u00e9xico, como un reconocimiento por el gran apoyo que han brindado a Veracruz. \u201cCotidianamente nos ayudan en tareas de [&hellip;]","og_url":"https:\/\/lospoliticosveracruz.com\/?p=37968","og_site_name":"Los pol\u00edticos Veracruz","article_publisher":"https:\/\/www.facebook.com\/people\/Notimemes-de-los-Polticos\/61565672886568\/","article_published_time":"2017-11-24T04:55:26+00:00","og_image":[{"width":200,"height":200,"url":"https:\/\/lospoliticosveracruz.com\/wp-content\/uploads\/2016\/07\/Logo-Dor.jpg","type":"image\/jpeg"}],"author":"Lo viste en Los Pol\u00edticos","twitter_card":"summary_large_image","twitter_creator":"@LosPoliticosVer","twitter_site":"@LosPoliticosVer","twitter_misc":{"Escrito por":"Lo viste en Los Pol\u00edticos","Tiempo de lectura":"4 minutos"},"schema":{"@context":"https:\/\/schema.org","@graph":[{"@type":"Article","@id":"https:\/\/lospoliticosveracruz.com\/?p=37968#article","isPartOf":{"@id":"https:\/\/lospoliticosveracruz.com\/?p=37968"},"author":{"name":"Lo viste en Los Pol\u00edticos","@id":"https:\/\/lospoliticosveracruz.com\/#\/schema\/person\/b8702bb0e538456e6efd07080bf2a4a2"},"headline":"La propuesta del Gobernador","datePublished":"2017-11-24T04:55:26+00:00","mainEntityOfPage":{"@id":"https:\/\/lospoliticosveracruz.com\/?p=37968"},"wordCount":841,"commentCount":0,"publisher":{"@id":"https:\/\/lospoliticosveracruz.com\/#organization"},"keywords":["Marina-Armada de M\u00e9xico","medalla Adolfo Ruiz Cortines","Miguel Angel Yunes Linares"],"articleSection":["De Opini\u00f3n"],"inLanguage":"es","potentialAction":[{"@type":"CommentAction","name":"Comment","target":["https:\/\/lospoliticosveracruz.com\/?p=37968#respond"]}]},{"@type":"WebPage","@id":"https:\/\/lospoliticosveracruz.com\/?p=37968","url":"https:\/\/lospoliticosveracruz.com\/?p=37968","name":"La propuesta del Gobernador - Los pol\u00edticos Veracruz","isPartOf":{"@id":"https:\/\/lospoliticosveracruz.com\/#website"},"datePublished":"2017-11-24T04:55:26+00:00","breadcrumb":{"@id":"https:\/\/lospoliticosveracruz.com\/?p=37968#breadcrumb"},"inLanguage":"es","potentialAction":[{"@type":"ReadAction","target":["https:\/\/lospoliticosveracruz.com\/?p=37968"]}]},{"@type":"BreadcrumbList","@id":"https:\/\/lospoliticosveracruz.com\/?p=37968#breadcrumb","itemListElement":[{"@type":"ListItem","position":1,"name":"Portada","item":"https:\/\/lospoliticosveracruz.com\/"},{"@type":"ListItem","position":2,"name":"La propuesta del Gobernador"}]},{"@type":"WebSite","@id":"https:\/\/lospoliticosveracruz.com\/#website","url":"https:\/\/lospoliticosveracruz.com\/","name":"Los pol\u00edticos Veracruz","description":"","publisher":{"@id":"https:\/\/lospoliticosveracruz.com\/#organization"},"potentialAction":[{"@type":"SearchAction","target":{"@type":"EntryPoint","urlTemplate":"https:\/\/lospoliticosveracruz.com\/?s={search_term_string}"},"query-input":{"@type":"PropertyValueSpecification","valueRequired":true,"valueName":"search_term_string"}}],"inLanguage":"es"},{"@type":"Organization","@id":"https:\/\/lospoliticosveracruz.com\/#organization","name":"Los pol\u00edticos Veracruz","url":"https:\/\/lospoliticosveracruz.com\/","logo":{"@type":"ImageObject","inLanguage":"es","@id":"https:\/\/lospoliticosveracruz.com\/#\/schema\/logo\/image\/","url":"https:\/\/lospoliticosveracruz.com\/wp-content\/uploads\/2025\/12\/Logo-Nuevo-LOS-POLITICOS-1.jpg","contentUrl":"https:\/\/lospoliticosveracruz.com\/wp-content\/uploads\/2025\/12\/Logo-Nuevo-LOS-POLITICOS-1.jpg","width":260,"height":70,"caption":"Los pol\u00edticos Veracruz"},"image":{"@id":"https:\/\/lospoliticosveracruz.com\/#\/schema\/logo\/image\/"},"sameAs":["https:\/\/www.facebook.com\/people\/Notimemes-de-los-Polticos\/61565672886568\/","https:\/\/x.com\/LosPoliticosVer"]},{"@type":"Person","@id":"https:\/\/lospoliticosveracruz.com\/#\/schema\/person\/b8702bb0e538456e6efd07080bf2a4a2","name":"Lo viste en Los Pol\u00edticos","image":{"@type":"ImageObject","inLanguage":"es","@id":"https:\/\/secure.gravatar.com\/avatar\/3a8de04a2656d44082be478bd6c086daa447c4651605818287b9532d3d0bd435?s=96&d=mm&r=g","url":"https:\/\/secure.gravatar.com\/avatar\/3a8de04a2656d44082be478bd6c086daa447c4651605818287b9532d3d0bd435?s=96&d=mm&r=g","contentUrl":"https:\/\/secure.gravatar.com\/avatar\/3a8de04a2656d44082be478bd6c086daa447c4651605818287b9532d3d0bd435?s=96&d=mm&r=g","caption":"Lo viste en Los Pol\u00edticos"},"url":"https:\/\/lospoliticosveracruz.com\/?author=2"}]}},"_links":{"self":[{"href":"https:\/\/lospoliticosveracruz.com\/index.php?rest_route=\/wp\/v2\/posts\/37968","targetHints":{"allow":["GET"]}}],"collection":[{"href":"https:\/\/lospoliticosveracruz.com\/index.php?rest_route=\/wp\/v2\/posts"}],"about":[{"href":"https:\/\/lospoliticosveracruz.com\/index.php?rest_route=\/wp\/v2\/types\/post"}],"author":[{"embeddable":true,"href":"https:\/\/lospoliticosveracruz.com\/index.php?rest_route=\/wp\/v2\/users\/2"}],"replies":[{"embeddable":true,"href":"https:\/\/lospoliticosveracruz.com\/index.php?rest_route=%2Fwp%2Fv2%2Fcomments&post=37968"}],"version-history":[{"count":1,"href":"https:\/\/lospoliticosveracruz.com\/index.php?rest_route=\/wp\/v2\/posts\/37968\/revisions"}],"predecessor-version":[{"id":37970,"href":"https:\/\/lospoliticosveracruz.com\/index.php?rest_route=\/wp\/v2\/posts\/37968\/revisions\/37970"}],"wp:attachment":[{"href":"https:\/\/lospoliticosveracruz.com\/index.php?rest_route=%2Fwp%2Fv2%2Fmedia&parent=37968"}],"wp:term":[{"taxonomy":"category","embeddable":true,"href":"https:\/\/lospoliticosveracruz.com\/index.php?rest_route=%2Fwp%2Fv2%2Fcategories&post=37968"},{"taxonomy":"post_tag","embeddable":true,"href":"https:\/\/lospoliticosveracruz.com\/index.php?rest_route=%2Fwp%2Fv2%2Ftags&post=37968"}],"curies":[{"name":"wp","href":"https:\/\/api.w.org\/{rel}","templated":true}]}}