{"id":38033,"date":"2017-11-27T09:38:49","date_gmt":"2017-11-27T15:38:49","guid":{"rendered":"http:\/\/www.lospoliticosveracruz.com.mx\/?p=38033"},"modified":"2017-11-27T09:43:29","modified_gmt":"2017-11-27T15:43:29","slug":"2018-manipulacion-y-auto-manipulacion-politica","status":"publish","type":"post","link":"https:\/\/lospoliticosveracruz.com\/?p=38033","title":{"rendered":"2018: manipulaci\u00f3n y auto-manipulaci\u00f3n pol\u00edtica"},"content":{"rendered":"<p><strong>Jos\u00e9 Luis Ortega Vidal<\/strong><\/p>\n<p><em>Claroscuros<\/em><\/p>\n<p>&nbsp;<\/p>\n<p>&nbsp;<\/p>\n<p>El PRI es una organizaci\u00f3n pol\u00edtica que padece un serio problema de salud socIal: est\u00e1 enfermo de longevidad hist\u00f3rica.<br \/>\nEl principal s\u00edntoma de la enfermedad\u00a0del Partido Revoluci\u00f3n Institucional es que debi\u00f3 haber muerto hace d\u00e9cadas y de manera anti-natural ha sobrevivido.<br \/>\nLa muerte del PRI no consist\u00eda ni consiste en su desaparici\u00f3n sino en su evoluci\u00f3n, es decir en el traspaso de una organizaci\u00f3n que surgi\u00f3 antidemocr\u00e1tica por necesidad a una que debi\u00f3 convertirse en un una realidad democr\u00e1tica.<br \/>\nDesde el arribo de Miguel Alem\u00e1n Valdez al poder presidencial en 1946 el PRI -antes PNR, luego PRM- cometi\u00f3 el grave error de no saber entender su destino pol\u00edtico que era el destino de la sociedad mexicana: bajar la Revoluci\u00f3n del caballo -lo que ocurri\u00f3 con la llegada del primer presidente civil al poder- y abrir el abanico de la lucha electoral a la diversidad ideol\u00f3gica, a la competencia pluripartidista, al fortalecimiento de las instituciones emanadas de la Constituci\u00f3n de 1917 y de la lucha fratricida que cobr\u00f3 m\u00e1s de un mill\u00f3n de vidas entre 1910 y 1917.<br \/>\nLa no apertura del partido en el poder, la creaci\u00f3n de una dictadura perfecta (Mario Vargas Llosa dixit) devino cultura tricolor pol\u00edticamente cerrada, institucional y socialmente corrupta, competitivamente mortal, hist\u00f3ricamente anquilosada, filos\u00f3ficamente anti\u00a0dial\u00e9ctica, econ\u00f3micamente injusta, sociol\u00f3gicamente tr\u00e1gica, cruda y realmente un parto imparable de pobres, muertos de hambre, protagonistas -durante los \u00faltimos 9 a\u00f1os- de una guerra disfrazada de lucha contra el crimen organizado pero estrictamente una guerra pol\u00edtica\/oficial no reconocida por sus autores: el Estado, el gobierno, la \u00e9lite pol\u00edtica\/econ\u00f3mica, la oligarqu\u00eda que nos controla.<br \/>\nEl relevo de siglas en el poder federal ocurrido en el a\u00f1o 2000 ha sido uno de los enga\u00f1os m\u00e1s grotescos de que tenga memoria la historia de M\u00e9xico.<br \/>\nMaximiliano de Habsburgo y los conservadores que lo trajeron a vivir su mon\u00e1rquica fantas\u00eda pueden estar ruborizados en sus tumbas: Vicente Fox y Felipe Calder\u00f3n resultaron peores.<br \/>\nEl PRI, en realidad, nunca ha estado fuera del poder desde 1929 y entender su naturaleza no basta con visualizarlo como un partido pol\u00edtico sino adentrarse en sus entra\u00f1as y en las de la vida pol\u00edtica mexicana: el PRI es un partido, s\u00ed, pero el priismo es una cultura y forma parte del adn nacional.<br \/>\nCada mexicano lleva un priista dentro aunque milite en el partido que milite o no milite en ninguno; aunque vote por quien vote o no vote.<br \/>\nLa cultura antidemocr\u00e1tica forma parte -por ejemplo- de nuestro lenguaje oral, corporal, acad\u00e9mico, intelectual y ya no digamos econ\u00f3mico.<br \/>\nEnrique Pe\u00f1a Nieto ha declarado con total desparpajo que el pr\u00f3ximo candidato del PRI a la presidencia de la Rep\u00fablica ser\u00e1 impuesto por su dedo y el pa\u00eds no se sacudi\u00f3.<br \/>\n\u00bfPor qu\u00e9 lo har\u00edamos si estamos condicionados mentalmente a escuchar semejante barbaridad antidemocr\u00e1tica?<br \/>\nPara los pri\u00edstas es normal que el presidente o gobernador en turno designen a su sucesor.<br \/>\nY para la llamada oposici\u00f3n dicho tema resulta ajeno.<br \/>\nLa poblaci\u00f3n en general no entiende -o rechaza asumir tal entendimiento- que ese aparato pol\u00edtico\/ideol\u00f3gico llamado PRI y ese poder de Estado llamado presidencia de la Rep\u00fablica se alimentan de nuestro dinero, de nuestro trabajo, de nuestros votos, de nuestra decisi\u00f3n cotidiana de permitirles continuar o ponerlos en el carril correcto de la historia y obligarlos a respetar la ley que exige democracia.<br \/>\nLos mexicanos somos c\u00f3mplices de quien nos somete al yugo\u2026<br \/>\nBesamos la mano que\u00a0nos agarra a palos\u2026<br \/>\nAplaudimos a quien nos conduce al retroceso social, al analfabetismo, a la creaci\u00f3n de m\u00e1s de 50 millones de connacionales pobres\u2026<br \/>\nExtra\u00f1amos a los gobernantes pri\u00edstas cuando se \u201cmarchan\u201d por un tiempo -en Veracruz hay gente que lamenta la ausencia de Fidel Herrera en el escenario pol\u00edtico y hace o\u00eddos sordos cuando desde Estados Unidos acusan al de Nopalapan de complicidad con el c\u00e1rtel de los zetas-\u2026<br \/>\nLos mexicanos creemos que en el 2018 habr\u00e1 una oportunidad democr\u00e1tica de salir del monumental fracaso del modelo econ\u00f3mico neoliberal y que dar un giro al respecto consiste s\u00f3lo en no votar por el PRI y dar la confianza\u00a0a grupos de poder que se auto definen de izquierda o de derecha\u2026<br \/>\nEn realidad son lo mismo pero no lo entendemos porque estamos condicionados culturalmente al respecto\u2026<br \/>\n\u00bfLa clave est\u00e1 en no votar?<br \/>\nNo.<br \/>\nUna de las claves, de muchas que se requieren, consiste en pensar.<br \/>\nRazonemos, analicemos, seamos auto cr\u00edticos, participemos, exijamos v\u00eda el voto la distribuci\u00f3n justa de la riqueza del pa\u00eds.<br \/>\nEntendamos que un salario m\u00ednimo de 88.36 pesos -oh generoso aumento- es inviable desde todos los puntos de vista posibles.<br \/>\nLa renegociaci\u00f3n del Tratado de Libre Comercio ha llevado a los representantes de Canad\u00e1 y Estados Unidos a protestar por ese elemento que describe nuestra econom\u00eda.<br \/>\nEn t\u00e9rminos de competencia macroecon\u00f3mica trasnacional dicho salario m\u00ednimo afecta a la industria automotriz y manufacturera en general de nuestros vecinos del norte, por ejemplo.<br \/>\nEn Estados Unidos un obrero gana 7.25 d\u00f3lares por hora frente a un obrero mexicano que gana poco m\u00e1s de 4 d\u00f3lares por d\u00eda.<br \/>\nEn Canad\u00e1 las cosas son diferentes.<br \/>\nAh\u00ed un obrero gana, m\u00ednimo, 10 d\u00f3lares por hora pero seg\u00fan la regi\u00f3n donde labore puede ganar -por disposici\u00f3n de su ley laboral- hasta 13 d\u00f3lares por hora.<br \/>\nNo menos.<br \/>\nS\u00f3lo en este aspecto las diferencias entre las condiciones econ\u00f3micas de la clase trabajadora mexicana respecto a la estadounidense y canadiense son brutales; nos remiten a la \u00e9poca del porfiriato pero desde el discurso pol\u00edtico oficial escuchamos argumentos que justifican tal situaci\u00f3n bajo esquemas de an\u00e1lisis de modelos macroecon\u00f3micos y con la amenaza de que un aumento mayor al salario m\u00ednimo mexicano implicar\u00eda un desastre perjudicial para el pa\u00eds.<br \/>\nEso es falso, desde luego.<br \/>\nEs cierto, salir de la crisis econ\u00f3mica del pa\u00eds no implica solamente el aumento de salarios sino el impulso de micro,\u00a0peque\u00f1as\u00a0y medianas empresas; cambiar la mentalidad de todo el pa\u00eds por medio de procesos educativos a corto, mediano y largo plazo; acabar al cien por ciento con el analfabetismo; combatir a fondo la corrupci\u00f3n y la impunidad; convertirnos en una sociedad de leyes que se respeten y se apliquen con rigor; ampliar el espectro de oportunidades tanto labolares como de inversi\u00f3n con cr\u00e9ditos baratos y accesibles para todos\u2026<br \/>\nLas manufacturas que son puntal en la generaci\u00f3n de empleos mexicanos siempre tendr\u00e1n en la cercan\u00eda geogr\u00e1fica con Estados Unidos y Canad\u00e1 la ventaja que no tiene China cuyo crecimiento econ\u00f3mico sigue y seguir\u00e1 espantando a Norteam\u00e9rica.<br \/>\nEntendamos algo y apliqu\u00e9moslo. No somos el patio trasero de Estados Unidos y Canad\u00e1.<br \/>\nNos necesitan y los necesitamos.<br \/>\nDebemos tener trato de socios no de delincuentes.<br \/>\nSomos seres pensantes como ellos y tenemos recursos humanos y naturales competitivos a nivel mundial.<br \/>\nQuienes migran a Norteam\u00e9rica reciben un trato vergonzante all\u00e1 pero antes lo recibieron aqu\u00ed, en su pa\u00eds, y para cambiar tal situaci\u00f3n debemos reconocerla como una responsabilidad hist\u00f3rica de M\u00e9xico con los mexicanos.<br \/>\nDecir que un aumento de sueldo a niveles de dignidad y justicia social implicar\u00eda fuga de capitales es absurdo.<br \/>\nPor lo contrario invertir en un pa\u00eds que trata a sus ciudadanos como esclavos representa una violaci\u00f3n a tratados internacionales de derechos humanos: el alimento, la salud, la educaci\u00f3n, el patrimonio son parte de ellos y sociedades sumamente ricas y con una econom\u00eda equilibrada como la canadiense, no admiten esa circunstancia.<br \/>\nNo les conviene.<br \/>\nPor otra parte: ni empresarios canadienses ni norteamericanos pueden justificar ante sus gobiernos y consumidores la fuga de empleos de sus territorios sobre la base de ser c\u00f3mplices de un sistema pol\u00edtico y econ\u00f3mico que -como el mexicano- genera pobreza que se traduce en violencia, la cual terminamos exportando a esos mismos pa\u00edses.<br \/>\nTodo se entrelaza: la pol\u00edtica-los proceso electorales-los modelos econ\u00f3micos-las ideolog\u00edas-los grupos de poder a los m\u00e1s altos niveles-los poderes de facto y los institucionales-la participaci\u00f3n masiva, colectiva razonada-la construcci\u00f3n democr\u00e1tica- el desd\u00e9n por nosotros mismos-la esclavitud disfrazada de migraci\u00f3n-la hipocres\u00eda que esconde la provocaci\u00f3n pol\u00edtico-social-econ\u00f3mica de esa migraci\u00f3n detr\u00e1s del persecuci\u00f3n de esos migrantes por la violaci\u00f3n de leyes dise\u00f1adas para explotarlos y luego encarcelarlos para correrlos.<\/p>\n<div>\n<p>(2)<br \/>\nY sin embargo los mexicanos -periodistas incluidos- nos rasgamos las vestiduras por conocer los nombres de tapados y destapados, por saber o anticipar listas de competidores en las siguientes elecciones.<br \/>\nQu\u00e9 nivel tan burdo de lecto-escritura.<br \/>\nQu\u00e9 p\u00e9rdida de tiempo.<br \/>\nEse es un tema secundario y lo abordamos, lo tratamos, nos ocupamos de \u00e9l como el tema principal.<br \/>\nTodos damos vueltas dentro de la sala sin ver el elefante dentro de la misma&#8230;<\/p>\n<\/div>\n","protected":false},"excerpt":{"rendered":"<p>Jos\u00e9 Luis Ortega Vidal Claroscuros &nbsp; &nbsp; El PRI es una organizaci\u00f3n pol\u00edtica que padece un serio problema de salud socIal: est\u00e1 enfermo de longevidad hist\u00f3rica. El principal s\u00edntoma de la enfermedad\u00a0del Partido Revoluci\u00f3n Institucional es que debi\u00f3 haber muerto hace d\u00e9cadas y de manera anti-natural ha sobrevivido. La muerte del PRI no consist\u00eda ni [&hellip;]<\/p>\n","protected":false},"author":2,"featured_media":0,"comment_status":"open","ping_status":"open","sticky":false,"template":"","format":"standard","meta":{"tdm_status":"","tdm_grid_status":"","footnotes":""},"categories":[70],"tags":[],"class_list":{"0":"post-38033","1":"post","2":"type-post","3":"status-publish","4":"format-standard","6":"category-de-opinion"},"yoast_head":"<!-- This site is optimized with the Yoast SEO plugin v27.4 - https:\/\/yoast.com\/product\/yoast-seo-wordpress\/ -->\n<title>2018: manipulaci\u00f3n y auto-manipulaci\u00f3n pol\u00edtica - Los pol\u00edticos Veracruz<\/title>\n<meta name=\"robots\" content=\"index, follow, max-snippet:-1, max-image-preview:large, max-video-preview:-1\" \/>\n<link rel=\"canonical\" href=\"https:\/\/lospoliticosveracruz.com\/?p=38033\" \/>\n<meta property=\"og:locale\" content=\"es_ES\" \/>\n<meta property=\"og:type\" content=\"article\" \/>\n<meta property=\"og:title\" content=\"2018: manipulaci\u00f3n y auto-manipulaci\u00f3n pol\u00edtica - Los pol\u00edticos Veracruz\" \/>\n<meta property=\"og:description\" content=\"Jos\u00e9 Luis Ortega Vidal Claroscuros &nbsp; &nbsp; El PRI es una organizaci\u00f3n pol\u00edtica que padece un serio problema de salud socIal: est\u00e1 enfermo de longevidad hist\u00f3rica. El principal s\u00edntoma de la enfermedad\u00a0del Partido Revoluci\u00f3n Institucional es que debi\u00f3 haber muerto hace d\u00e9cadas y de manera anti-natural ha sobrevivido. La muerte del PRI no consist\u00eda ni [&hellip;]\" \/>\n<meta property=\"og:url\" content=\"https:\/\/lospoliticosveracruz.com\/?p=38033\" \/>\n<meta property=\"og:site_name\" content=\"Los pol\u00edticos Veracruz\" \/>\n<meta property=\"article:publisher\" content=\"https:\/\/www.facebook.com\/people\/Notimemes-de-los-Polticos\/61565672886568\/\" \/>\n<meta property=\"article:published_time\" content=\"2017-11-27T15:38:49+00:00\" \/>\n<meta property=\"article:modified_time\" content=\"2017-11-27T15:43:29+00:00\" \/>\n<meta property=\"og:image\" content=\"https:\/\/lospoliticosveracruz.com\/wp-content\/uploads\/2016\/07\/Logo-Dor.jpg\" \/>\n\t<meta property=\"og:image:width\" content=\"200\" \/>\n\t<meta property=\"og:image:height\" content=\"200\" \/>\n\t<meta property=\"og:image:type\" content=\"image\/jpeg\" \/>\n<meta name=\"author\" content=\"Lo viste en Los Pol\u00edticos\" \/>\n<meta name=\"twitter:card\" content=\"summary_large_image\" \/>\n<meta name=\"twitter:creator\" content=\"@LosPoliticosVer\" \/>\n<meta name=\"twitter:site\" content=\"@LosPoliticosVer\" \/>\n<meta name=\"twitter:label1\" content=\"Escrito por\" \/>\n\t<meta name=\"twitter:data1\" content=\"Lo viste en Los Pol\u00edticos\" \/>\n\t<meta name=\"twitter:label2\" content=\"Tiempo de lectura\" \/>\n\t<meta name=\"twitter:data2\" content=\"8 minutos\" \/>\n<script type=\"application\/ld+json\" class=\"yoast-schema-graph\">{\"@context\":\"https:\\\/\\\/schema.org\",\"@graph\":[{\"@type\":\"Article\",\"@id\":\"https:\\\/\\\/lospoliticosveracruz.com\\\/?p=38033#article\",\"isPartOf\":{\"@id\":\"https:\\\/\\\/lospoliticosveracruz.com\\\/?p=38033\"},\"author\":{\"name\":\"Lo viste en Los Pol\u00edticos\",\"@id\":\"https:\\\/\\\/lospoliticosveracruz.com\\\/#\\\/schema\\\/person\\\/b8702bb0e538456e6efd07080bf2a4a2\"},\"headline\":\"2018: manipulaci\u00f3n y auto-manipulaci\u00f3n pol\u00edtica\",\"datePublished\":\"2017-11-27T15:38:49+00:00\",\"dateModified\":\"2017-11-27T15:43:29+00:00\",\"mainEntityOfPage\":{\"@id\":\"https:\\\/\\\/lospoliticosveracruz.com\\\/?p=38033\"},\"wordCount\":1563,\"commentCount\":0,\"publisher\":{\"@id\":\"https:\\\/\\\/lospoliticosveracruz.com\\\/#organization\"},\"articleSection\":[\"De Opini\u00f3n\"],\"inLanguage\":\"es\",\"potentialAction\":[{\"@type\":\"CommentAction\",\"name\":\"Comment\",\"target\":[\"https:\\\/\\\/lospoliticosveracruz.com\\\/?p=38033#respond\"]}]},{\"@type\":\"WebPage\",\"@id\":\"https:\\\/\\\/lospoliticosveracruz.com\\\/?p=38033\",\"url\":\"https:\\\/\\\/lospoliticosveracruz.com\\\/?p=38033\",\"name\":\"2018: manipulaci\u00f3n y auto-manipulaci\u00f3n pol\u00edtica - Los pol\u00edticos Veracruz\",\"isPartOf\":{\"@id\":\"https:\\\/\\\/lospoliticosveracruz.com\\\/#website\"},\"datePublished\":\"2017-11-27T15:38:49+00:00\",\"dateModified\":\"2017-11-27T15:43:29+00:00\",\"breadcrumb\":{\"@id\":\"https:\\\/\\\/lospoliticosveracruz.com\\\/?p=38033#breadcrumb\"},\"inLanguage\":\"es\",\"potentialAction\":[{\"@type\":\"ReadAction\",\"target\":[\"https:\\\/\\\/lospoliticosveracruz.com\\\/?p=38033\"]}]},{\"@type\":\"BreadcrumbList\",\"@id\":\"https:\\\/\\\/lospoliticosveracruz.com\\\/?p=38033#breadcrumb\",\"itemListElement\":[{\"@type\":\"ListItem\",\"position\":1,\"name\":\"Portada\",\"item\":\"https:\\\/\\\/lospoliticosveracruz.com\\\/\"},{\"@type\":\"ListItem\",\"position\":2,\"name\":\"2018: manipulaci\u00f3n y auto-manipulaci\u00f3n pol\u00edtica\"}]},{\"@type\":\"WebSite\",\"@id\":\"https:\\\/\\\/lospoliticosveracruz.com\\\/#website\",\"url\":\"https:\\\/\\\/lospoliticosveracruz.com\\\/\",\"name\":\"Los pol\u00edticos Veracruz\",\"description\":\"\",\"publisher\":{\"@id\":\"https:\\\/\\\/lospoliticosveracruz.com\\\/#organization\"},\"potentialAction\":[{\"@type\":\"SearchAction\",\"target\":{\"@type\":\"EntryPoint\",\"urlTemplate\":\"https:\\\/\\\/lospoliticosveracruz.com\\\/?s={search_term_string}\"},\"query-input\":{\"@type\":\"PropertyValueSpecification\",\"valueRequired\":true,\"valueName\":\"search_term_string\"}}],\"inLanguage\":\"es\"},{\"@type\":\"Organization\",\"@id\":\"https:\\\/\\\/lospoliticosveracruz.com\\\/#organization\",\"name\":\"Los pol\u00edticos Veracruz\",\"url\":\"https:\\\/\\\/lospoliticosveracruz.com\\\/\",\"logo\":{\"@type\":\"ImageObject\",\"inLanguage\":\"es\",\"@id\":\"https:\\\/\\\/lospoliticosveracruz.com\\\/#\\\/schema\\\/logo\\\/image\\\/\",\"url\":\"https:\\\/\\\/lospoliticosveracruz.com\\\/wp-content\\\/uploads\\\/2025\\\/12\\\/Logo-Nuevo-LOS-POLITICOS-1.jpg\",\"contentUrl\":\"https:\\\/\\\/lospoliticosveracruz.com\\\/wp-content\\\/uploads\\\/2025\\\/12\\\/Logo-Nuevo-LOS-POLITICOS-1.jpg\",\"width\":260,\"height\":70,\"caption\":\"Los pol\u00edticos Veracruz\"},\"image\":{\"@id\":\"https:\\\/\\\/lospoliticosveracruz.com\\\/#\\\/schema\\\/logo\\\/image\\\/\"},\"sameAs\":[\"https:\\\/\\\/www.facebook.com\\\/people\\\/Notimemes-de-los-Polticos\\\/61565672886568\\\/\",\"https:\\\/\\\/x.com\\\/LosPoliticosVer\"]},{\"@type\":\"Person\",\"@id\":\"https:\\\/\\\/lospoliticosveracruz.com\\\/#\\\/schema\\\/person\\\/b8702bb0e538456e6efd07080bf2a4a2\",\"name\":\"Lo viste en Los Pol\u00edticos\",\"image\":{\"@type\":\"ImageObject\",\"inLanguage\":\"es\",\"@id\":\"https:\\\/\\\/secure.gravatar.com\\\/avatar\\\/3a8de04a2656d44082be478bd6c086daa447c4651605818287b9532d3d0bd435?s=96&d=mm&r=g\",\"url\":\"https:\\\/\\\/secure.gravatar.com\\\/avatar\\\/3a8de04a2656d44082be478bd6c086daa447c4651605818287b9532d3d0bd435?s=96&d=mm&r=g\",\"contentUrl\":\"https:\\\/\\\/secure.gravatar.com\\\/avatar\\\/3a8de04a2656d44082be478bd6c086daa447c4651605818287b9532d3d0bd435?s=96&d=mm&r=g\",\"caption\":\"Lo viste en Los Pol\u00edticos\"},\"url\":\"https:\\\/\\\/lospoliticosveracruz.com\\\/?author=2\"}]}<\/script>\n<!-- \/ Yoast SEO plugin. -->","yoast_head_json":{"title":"2018: manipulaci\u00f3n y auto-manipulaci\u00f3n pol\u00edtica - Los pol\u00edticos Veracruz","robots":{"index":"index","follow":"follow","max-snippet":"max-snippet:-1","max-image-preview":"max-image-preview:large","max-video-preview":"max-video-preview:-1"},"canonical":"https:\/\/lospoliticosveracruz.com\/?p=38033","og_locale":"es_ES","og_type":"article","og_title":"2018: manipulaci\u00f3n y auto-manipulaci\u00f3n pol\u00edtica - Los pol\u00edticos Veracruz","og_description":"Jos\u00e9 Luis Ortega Vidal Claroscuros &nbsp; &nbsp; El PRI es una organizaci\u00f3n pol\u00edtica que padece un serio problema de salud socIal: est\u00e1 enfermo de longevidad hist\u00f3rica. El principal s\u00edntoma de la enfermedad\u00a0del Partido Revoluci\u00f3n Institucional es que debi\u00f3 haber muerto hace d\u00e9cadas y de manera anti-natural ha sobrevivido. La muerte del PRI no consist\u00eda ni [&hellip;]","og_url":"https:\/\/lospoliticosveracruz.com\/?p=38033","og_site_name":"Los pol\u00edticos Veracruz","article_publisher":"https:\/\/www.facebook.com\/people\/Notimemes-de-los-Polticos\/61565672886568\/","article_published_time":"2017-11-27T15:38:49+00:00","article_modified_time":"2017-11-27T15:43:29+00:00","og_image":[{"width":200,"height":200,"url":"https:\/\/lospoliticosveracruz.com\/wp-content\/uploads\/2016\/07\/Logo-Dor.jpg","type":"image\/jpeg"}],"author":"Lo viste en Los Pol\u00edticos","twitter_card":"summary_large_image","twitter_creator":"@LosPoliticosVer","twitter_site":"@LosPoliticosVer","twitter_misc":{"Escrito por":"Lo viste en Los Pol\u00edticos","Tiempo de lectura":"8 minutos"},"schema":{"@context":"https:\/\/schema.org","@graph":[{"@type":"Article","@id":"https:\/\/lospoliticosveracruz.com\/?p=38033#article","isPartOf":{"@id":"https:\/\/lospoliticosveracruz.com\/?p=38033"},"author":{"name":"Lo viste en Los Pol\u00edticos","@id":"https:\/\/lospoliticosveracruz.com\/#\/schema\/person\/b8702bb0e538456e6efd07080bf2a4a2"},"headline":"2018: manipulaci\u00f3n y auto-manipulaci\u00f3n pol\u00edtica","datePublished":"2017-11-27T15:38:49+00:00","dateModified":"2017-11-27T15:43:29+00:00","mainEntityOfPage":{"@id":"https:\/\/lospoliticosveracruz.com\/?p=38033"},"wordCount":1563,"commentCount":0,"publisher":{"@id":"https:\/\/lospoliticosveracruz.com\/#organization"},"articleSection":["De Opini\u00f3n"],"inLanguage":"es","potentialAction":[{"@type":"CommentAction","name":"Comment","target":["https:\/\/lospoliticosveracruz.com\/?p=38033#respond"]}]},{"@type":"WebPage","@id":"https:\/\/lospoliticosveracruz.com\/?p=38033","url":"https:\/\/lospoliticosveracruz.com\/?p=38033","name":"2018: manipulaci\u00f3n y auto-manipulaci\u00f3n pol\u00edtica - Los pol\u00edticos Veracruz","isPartOf":{"@id":"https:\/\/lospoliticosveracruz.com\/#website"},"datePublished":"2017-11-27T15:38:49+00:00","dateModified":"2017-11-27T15:43:29+00:00","breadcrumb":{"@id":"https:\/\/lospoliticosveracruz.com\/?p=38033#breadcrumb"},"inLanguage":"es","potentialAction":[{"@type":"ReadAction","target":["https:\/\/lospoliticosveracruz.com\/?p=38033"]}]},{"@type":"BreadcrumbList","@id":"https:\/\/lospoliticosveracruz.com\/?p=38033#breadcrumb","itemListElement":[{"@type":"ListItem","position":1,"name":"Portada","item":"https:\/\/lospoliticosveracruz.com\/"},{"@type":"ListItem","position":2,"name":"2018: manipulaci\u00f3n y auto-manipulaci\u00f3n pol\u00edtica"}]},{"@type":"WebSite","@id":"https:\/\/lospoliticosveracruz.com\/#website","url":"https:\/\/lospoliticosveracruz.com\/","name":"Los pol\u00edticos Veracruz","description":"","publisher":{"@id":"https:\/\/lospoliticosveracruz.com\/#organization"},"potentialAction":[{"@type":"SearchAction","target":{"@type":"EntryPoint","urlTemplate":"https:\/\/lospoliticosveracruz.com\/?s={search_term_string}"},"query-input":{"@type":"PropertyValueSpecification","valueRequired":true,"valueName":"search_term_string"}}],"inLanguage":"es"},{"@type":"Organization","@id":"https:\/\/lospoliticosveracruz.com\/#organization","name":"Los pol\u00edticos Veracruz","url":"https:\/\/lospoliticosveracruz.com\/","logo":{"@type":"ImageObject","inLanguage":"es","@id":"https:\/\/lospoliticosveracruz.com\/#\/schema\/logo\/image\/","url":"https:\/\/lospoliticosveracruz.com\/wp-content\/uploads\/2025\/12\/Logo-Nuevo-LOS-POLITICOS-1.jpg","contentUrl":"https:\/\/lospoliticosveracruz.com\/wp-content\/uploads\/2025\/12\/Logo-Nuevo-LOS-POLITICOS-1.jpg","width":260,"height":70,"caption":"Los pol\u00edticos Veracruz"},"image":{"@id":"https:\/\/lospoliticosveracruz.com\/#\/schema\/logo\/image\/"},"sameAs":["https:\/\/www.facebook.com\/people\/Notimemes-de-los-Polticos\/61565672886568\/","https:\/\/x.com\/LosPoliticosVer"]},{"@type":"Person","@id":"https:\/\/lospoliticosveracruz.com\/#\/schema\/person\/b8702bb0e538456e6efd07080bf2a4a2","name":"Lo viste en Los Pol\u00edticos","image":{"@type":"ImageObject","inLanguage":"es","@id":"https:\/\/secure.gravatar.com\/avatar\/3a8de04a2656d44082be478bd6c086daa447c4651605818287b9532d3d0bd435?s=96&d=mm&r=g","url":"https:\/\/secure.gravatar.com\/avatar\/3a8de04a2656d44082be478bd6c086daa447c4651605818287b9532d3d0bd435?s=96&d=mm&r=g","contentUrl":"https:\/\/secure.gravatar.com\/avatar\/3a8de04a2656d44082be478bd6c086daa447c4651605818287b9532d3d0bd435?s=96&d=mm&r=g","caption":"Lo viste en Los Pol\u00edticos"},"url":"https:\/\/lospoliticosveracruz.com\/?author=2"}]}},"_links":{"self":[{"href":"https:\/\/lospoliticosveracruz.com\/index.php?rest_route=\/wp\/v2\/posts\/38033","targetHints":{"allow":["GET"]}}],"collection":[{"href":"https:\/\/lospoliticosveracruz.com\/index.php?rest_route=\/wp\/v2\/posts"}],"about":[{"href":"https:\/\/lospoliticosveracruz.com\/index.php?rest_route=\/wp\/v2\/types\/post"}],"author":[{"embeddable":true,"href":"https:\/\/lospoliticosveracruz.com\/index.php?rest_route=\/wp\/v2\/users\/2"}],"replies":[{"embeddable":true,"href":"https:\/\/lospoliticosveracruz.com\/index.php?rest_route=%2Fwp%2Fv2%2Fcomments&post=38033"}],"version-history":[{"count":1,"href":"https:\/\/lospoliticosveracruz.com\/index.php?rest_route=\/wp\/v2\/posts\/38033\/revisions"}],"predecessor-version":[{"id":38034,"href":"https:\/\/lospoliticosveracruz.com\/index.php?rest_route=\/wp\/v2\/posts\/38033\/revisions\/38034"}],"wp:attachment":[{"href":"https:\/\/lospoliticosveracruz.com\/index.php?rest_route=%2Fwp%2Fv2%2Fmedia&parent=38033"}],"wp:term":[{"taxonomy":"category","embeddable":true,"href":"https:\/\/lospoliticosveracruz.com\/index.php?rest_route=%2Fwp%2Fv2%2Fcategories&post=38033"},{"taxonomy":"post_tag","embeddable":true,"href":"https:\/\/lospoliticosveracruz.com\/index.php?rest_route=%2Fwp%2Fv2%2Ftags&post=38033"}],"curies":[{"name":"wp","href":"https:\/\/api.w.org\/{rel}","templated":true}]}}