{"id":38035,"date":"2017-11-27T09:48:54","date_gmt":"2017-11-27T15:48:54","guid":{"rendered":"http:\/\/www.lospoliticosveracruz.com.mx\/?p=38035"},"modified":"2017-11-27T09:48:54","modified_gmt":"2017-11-27T15:48:54","slug":"los-placeres-desenfrenados-del-poder","status":"publish","type":"post","link":"https:\/\/lospoliticosveracruz.com\/?p=38035","title":{"rendered":"Los placeres desenfrenados del poder"},"content":{"rendered":"<p class=\"x_m_5874262336389817376x_Standard\" style=\"text-align: left;\" align=\"center\"><strong><span lang=\"ES-MX\">Ricardo V\u00e1zquez S.<\/span><\/strong><\/p>\n<p class=\"x_m_5874262336389817376x_Standard\" style=\"text-align: left;\" align=\"center\"><em>Esfera Pol\u00edtica<\/em><\/p>\n<p class=\"x_m_5874262336389817376x_Standard\" style=\"text-align: left;\" align=\"center\">\n<p class=\"x_m_5874262336389817376x_Standard\" style=\"text-align: left;\" align=\"center\">\n<p class=\"x_m_5874262336389817376x_Textbody\" style=\"text-align: left;\" align=\"center\"><b><\/b><span lang=\"ES-MX\">Despu\u00e9s de Las Vegas, la Ciudad de M\u00e9xico, junto con Nueva York y Par\u00eds, son de las ciudades en que m\u00e1s se consumen en restaurantes los vinos m\u00e1s caros del mundo. Preguntamos: \u00bfa qu\u00e9 se debe el privilegio? Siendo sensatos, no es un privilegio \u2013fue la respuesta-, por el origen del dinero con que se pagan las descomunales cuentas, producto de la corrupci\u00f3n. Esto lo demuestra el tipo de consumidores, en primer lugar alcaldes, gobernadores de alguna de las 32 federativas, legisladores locales y federales, dirigentes\u00a0 sindicales, jefes delegacionales, y todo aquel \u201cservidor p\u00fablico\u201d que haya abusado de un cargo, que muchos de estos no han tenido l\u00edmite alguno para ordenar 3, 4, 5 o m\u00e1s botellas en una comida o cena cuyo costo oscila en el rango de 800 a 5 mil d\u00f3lares o m\u00e1s por botella.\u00a0\u00a0<\/span><\/p>\n<p class=\"x_m_5874262336389817376x_MsoNormal\"><span lang=\"ES-MX\">Ya con esa aclaraci\u00f3n, desde luego que la posici\u00f3n puntera no es para sentirnos orgullosos, es al contrario, la pobreza extrema en nuestro pa\u00eds contrasta por completo con los placeres desenfrenados procedentes del poder.<\/span><\/p>\n<p class=\"x_m_5874262336389817376x_MsoNormal\"><span lang=\"ES-MX\">Para ser precisos, hablamos de consumos en restaurantes, dentro de ese rango de precios, que por supuesto existen vinos de un costo mucho mayor en cavas de restaurantes europeos principalmente.<\/span><\/p>\n<p class=\"x_m_5874262336389817376x_MsoNormal\"><span lang=\"ES-MX\">Interesante conversaci\u00f3n en el Altiplano de quien esto escribe con un experimentado sommelier de talla internacional, con 25 a\u00f1os de actividad profesional en el interminable tema enol\u00f3gico, en varias de las principales ciudades del mundo, nos dej\u00f3 con la boca abierta con las an\u00e9cdotas que le ha tocado vivir en su desempe\u00f1o, sobre todo en cuanto a la atenci\u00f3n a \u00a0determinados personajes de la clase pol\u00edtica del pa\u00eds.<\/span><\/p>\n<p class=\"x_m_5874262336389817376x_MsoNormal\"><span lang=\"ES-MX\">En el M\u00e9xico actual, en que todos quieren ser Porfirio D\u00edaz y nadie quiere ser Benito Ju\u00e1rez, el desorden en el gasto p\u00fablico es lo cotidiano. Por la amplitud de lo que tuvimos oportunidad de escuchar, se confirma una vez m\u00e1s que los \u00f3rganos de Control y Fiscalizaci\u00f3n en las entidades, han pasado a ser figuras decorativas, no cumplen ninguna funci\u00f3n; son unidades limitadas exclusivamente a fungir como generadoras de posiciones y empleos. Despilfarro de dinero en cantidades inimaginables, producto del desv\u00edo de recursos, operaciones con empresas fantasmas y toda clase de delitos con fondos p\u00fablicos, con\u00a0 da\u00f1o patrimonial, los ha delatado como instancias improductivas e innecesarias. \u00a0\u00a0\u00a0\u00a0\u00a0<\/span><\/p>\n<p class=\"x_m_5874262336389817376x_MsoNormal\"><span lang=\"ES-MX\">Nos platicaba el experto vin\u00edcola\u00a0 que en muchos casos no batallan para distinguir cuando se trata de un actor pol\u00edtico entre los comensales, son inconfundibles. En principio por la pose de arrogancia y prepotencia, por el nivel de bajeza en sus temas de conversaci\u00f3n, y por la cantidad de escoltas que los acompa\u00f1an.<\/span><\/p>\n<p class=\"x_m_5874262336389817376x_MsoNormal\"><span lang=\"ES-MX\">El olfato agudo que ha desarrollado para distinguir los aromas de un vino, tambi\u00e9n lo ha perfeccionado para identificar a las bocas. No es necesario preguntar a qui\u00e9n est\u00e1n atendiendo, el mismo pol\u00edtico se presenta, con mayor \u00e9nfasis cuando las neuronas empiezan a sentir el efecto et\u00edlico y la acompa\u00f1ante principal es una joven dama -no precisamente la esposa-; al actor pol\u00edtico\u00a0 le afloran los dram\u00e1ticos ayeres y exige un trato virreinal: \u00a1Ati\u00e9ndenos bien, porque si no, no te la vas a acabar, est\u00e1s hablando con\u2026! Estupidez festejada a carcajadas por otros 4 o 5 acompa\u00f1antes. Escena reproducida cientos de miles de veces en cualquier entidad, Veracruz no ha sido la excepci\u00f3n. \u00a0<\/span><\/p>\n<p class=\"x_m_5874262336389817376x_MsoNormal\"><span lang=\"ES-MX\">Para un personaje pol\u00edtico de esa cala\u00f1a, de paladar ordinario, no posee la capacidad para \u00a0distinguir entre una copa de un vino calidad Premium, a uno procedente de un envase tetrapack. La bebida le sabe a lo mismo, lo importante es que paga lo m\u00e1s caro y adem\u00e1s embriaga.\u00a0 \u00a0<\/span><\/p>\n<p class=\"x_m_5874262336389817376x_MsoNormal\"><span lang=\"ES-MX\">Es muy significativo el desembolso para cubrir elevadas cuentas en exclusivos restaurantes en la CDMX \u2013y en cualquier estado, claro-, los placeres desenfrenados de la corrupci\u00f3n, el uso indiscriminado de recursos p\u00fablicos, que en muchos casos facturan como consumo de alimentos, puede tratarse de dinero desviado que estaba destinado a construir hospitales, escuelas, obra p\u00fablica diversa para beneficio de la poblaci\u00f3n. No obstante que este fen\u00f3meno siempre ha existido, se agudiz\u00f3 m\u00e1s en las dos \u00faltimas d\u00e9cadas.<\/span><\/p>\n<p class=\"x_m_5874262336389817376x_MsoNormal\"><span lang=\"ES-MX\">\u00bfLos personajes afectos al despilfarro pertenecen a alg\u00fan partido en especial? Fue otra de las preguntas que le hicimos. \u201cLos hay de todos los colores\u201d, respondi\u00f3. \u00a0<\/span><\/p>\n<p class=\"x_m_5874262336389817376x_MsoNormal\"><span lang=\"ES-MX\">Las numerosas an\u00e9cdotas narradas por nuestro entrevistado, nos transportaron \u2013con gran similitud- a \u201cLos Supermachos\u201d, una historieta caricaturesca, autor\u00eda del talentoso y reci\u00e9n fallecido Eduardo del R\u00edo, \u201cRius\u201d, quien con ese extraordinario c\u00f3mic traz\u00f3 un retrato fiel y con enorme sentido del humor de los aconteceres de la vida nacional, en particular en el entorno pol\u00edtico dominante de tres d\u00e9cadas: 60, 70 y 80.<\/span><\/p>\n<p class=\"x_m_5874262336389817376x_MsoNormal\"><span lang=\"ES-MX\">Nos hizo recordar en especial a uno de los personajes del genial \u201cRius\u201d, a don Perpetuo del Rosal, presidente municipal de San Garabato de las Tunas, cacique del pueblo por m\u00e1s de 30 a\u00f1os. Atend\u00eda m\u00e1s los asuntos desde la cantina que desde la Presidencia Municipal, que al cabo como \u00e9l dec\u00eda: \u00abPara atender asuntos de estado, da lo mismo un escritorio que una barra\u00bb.<\/span><\/p>\n<p class=\"x_m_5874262336389817376x_MsoNormal\"><span lang=\"ES-MX\">Cualquier parecido con lo sucedido en la \u201dplenitud del pinche poder\u201d de la fidelidad y el duartazo, es pura coincidencia.<\/span><\/p>\n<p><a href=\"mailto:rvazquez002@yahoo.com.mx\" target=\"_blank\" rel=\"noopener noreferrer\"><span lang=\"ES-MX\">rvazquez002@yahoo.com.mx<\/span><\/a><\/p>\n","protected":false},"excerpt":{"rendered":"<p>Ricardo V\u00e1zquez S. Esfera Pol\u00edtica Despu\u00e9s de Las Vegas, la Ciudad de M\u00e9xico, junto con Nueva York y Par\u00eds, son de las ciudades en que m\u00e1s se consumen en restaurantes los vinos m\u00e1s caros del mundo. Preguntamos: \u00bfa qu\u00e9 se debe el privilegio? Siendo sensatos, no es un privilegio \u2013fue la respuesta-, por el origen [&hellip;]<\/p>\n","protected":false},"author":2,"featured_media":0,"comment_status":"open","ping_status":"open","sticky":false,"template":"","format":"standard","meta":{"tdm_status":"","tdm_grid_status":"","footnotes":""},"categories":[70],"tags":[3795,3877],"class_list":{"0":"post-38035","1":"post","2":"type-post","3":"status-publish","4":"format-standard","6":"category-de-opinion","7":"tag-ciudad-de-mexico","8":"tag-politicos"},"yoast_head":"<!-- This site is optimized with the Yoast SEO plugin v27.4 - https:\/\/yoast.com\/product\/yoast-seo-wordpress\/ -->\n<title>Los placeres desenfrenados del poder - Los pol\u00edticos Veracruz<\/title>\n<meta name=\"robots\" content=\"index, follow, max-snippet:-1, max-image-preview:large, max-video-preview:-1\" \/>\n<link rel=\"canonical\" href=\"https:\/\/lospoliticosveracruz.com\/?p=38035\" \/>\n<meta property=\"og:locale\" content=\"es_ES\" \/>\n<meta property=\"og:type\" content=\"article\" \/>\n<meta property=\"og:title\" content=\"Los placeres desenfrenados del poder - Los pol\u00edticos Veracruz\" \/>\n<meta property=\"og:description\" content=\"Ricardo V\u00e1zquez S. Esfera Pol\u00edtica Despu\u00e9s de Las Vegas, la Ciudad de M\u00e9xico, junto con Nueva York y Par\u00eds, son de las ciudades en que m\u00e1s se consumen en restaurantes los vinos m\u00e1s caros del mundo. Preguntamos: \u00bfa qu\u00e9 se debe el privilegio? Siendo sensatos, no es un privilegio \u2013fue la respuesta-, por el origen [&hellip;]\" \/>\n<meta property=\"og:url\" content=\"https:\/\/lospoliticosveracruz.com\/?p=38035\" \/>\n<meta property=\"og:site_name\" content=\"Los pol\u00edticos Veracruz\" \/>\n<meta property=\"article:publisher\" content=\"https:\/\/www.facebook.com\/people\/Notimemes-de-los-Polticos\/61565672886568\/\" \/>\n<meta property=\"article:published_time\" content=\"2017-11-27T15:48:54+00:00\" \/>\n<meta property=\"og:image\" content=\"https:\/\/lospoliticosveracruz.com\/wp-content\/uploads\/2016\/07\/Logo-Dor.jpg\" \/>\n\t<meta property=\"og:image:width\" content=\"200\" \/>\n\t<meta property=\"og:image:height\" content=\"200\" \/>\n\t<meta property=\"og:image:type\" content=\"image\/jpeg\" \/>\n<meta name=\"author\" content=\"Lo viste en Los Pol\u00edticos\" \/>\n<meta name=\"twitter:card\" content=\"summary_large_image\" \/>\n<meta name=\"twitter:creator\" content=\"@LosPoliticosVer\" \/>\n<meta name=\"twitter:site\" content=\"@LosPoliticosVer\" \/>\n<meta name=\"twitter:label1\" content=\"Escrito por\" \/>\n\t<meta name=\"twitter:data1\" content=\"Lo viste en Los Pol\u00edticos\" \/>\n\t<meta name=\"twitter:label2\" content=\"Tiempo de lectura\" \/>\n\t<meta name=\"twitter:data2\" content=\"5 minutos\" \/>\n<script type=\"application\/ld+json\" class=\"yoast-schema-graph\">{\"@context\":\"https:\\\/\\\/schema.org\",\"@graph\":[{\"@type\":\"Article\",\"@id\":\"https:\\\/\\\/lospoliticosveracruz.com\\\/?p=38035#article\",\"isPartOf\":{\"@id\":\"https:\\\/\\\/lospoliticosveracruz.com\\\/?p=38035\"},\"author\":{\"name\":\"Lo viste en Los Pol\u00edticos\",\"@id\":\"https:\\\/\\\/lospoliticosveracruz.com\\\/#\\\/schema\\\/person\\\/b8702bb0e538456e6efd07080bf2a4a2\"},\"headline\":\"Los placeres desenfrenados del poder\",\"datePublished\":\"2017-11-27T15:48:54+00:00\",\"mainEntityOfPage\":{\"@id\":\"https:\\\/\\\/lospoliticosveracruz.com\\\/?p=38035\"},\"wordCount\":918,\"commentCount\":0,\"publisher\":{\"@id\":\"https:\\\/\\\/lospoliticosveracruz.com\\\/#organization\"},\"keywords\":[\"Ciudad de M\u00e9xico\",\"pol\u00edticos\"],\"articleSection\":[\"De Opini\u00f3n\"],\"inLanguage\":\"es\",\"potentialAction\":[{\"@type\":\"CommentAction\",\"name\":\"Comment\",\"target\":[\"https:\\\/\\\/lospoliticosveracruz.com\\\/?p=38035#respond\"]}]},{\"@type\":\"WebPage\",\"@id\":\"https:\\\/\\\/lospoliticosveracruz.com\\\/?p=38035\",\"url\":\"https:\\\/\\\/lospoliticosveracruz.com\\\/?p=38035\",\"name\":\"Los placeres desenfrenados del poder - Los pol\u00edticos Veracruz\",\"isPartOf\":{\"@id\":\"https:\\\/\\\/lospoliticosveracruz.com\\\/#website\"},\"datePublished\":\"2017-11-27T15:48:54+00:00\",\"breadcrumb\":{\"@id\":\"https:\\\/\\\/lospoliticosveracruz.com\\\/?p=38035#breadcrumb\"},\"inLanguage\":\"es\",\"potentialAction\":[{\"@type\":\"ReadAction\",\"target\":[\"https:\\\/\\\/lospoliticosveracruz.com\\\/?p=38035\"]}]},{\"@type\":\"BreadcrumbList\",\"@id\":\"https:\\\/\\\/lospoliticosveracruz.com\\\/?p=38035#breadcrumb\",\"itemListElement\":[{\"@type\":\"ListItem\",\"position\":1,\"name\":\"Portada\",\"item\":\"https:\\\/\\\/lospoliticosveracruz.com\\\/\"},{\"@type\":\"ListItem\",\"position\":2,\"name\":\"Los placeres desenfrenados del poder\"}]},{\"@type\":\"WebSite\",\"@id\":\"https:\\\/\\\/lospoliticosveracruz.com\\\/#website\",\"url\":\"https:\\\/\\\/lospoliticosveracruz.com\\\/\",\"name\":\"Los pol\u00edticos Veracruz\",\"description\":\"\",\"publisher\":{\"@id\":\"https:\\\/\\\/lospoliticosveracruz.com\\\/#organization\"},\"potentialAction\":[{\"@type\":\"SearchAction\",\"target\":{\"@type\":\"EntryPoint\",\"urlTemplate\":\"https:\\\/\\\/lospoliticosveracruz.com\\\/?s={search_term_string}\"},\"query-input\":{\"@type\":\"PropertyValueSpecification\",\"valueRequired\":true,\"valueName\":\"search_term_string\"}}],\"inLanguage\":\"es\"},{\"@type\":\"Organization\",\"@id\":\"https:\\\/\\\/lospoliticosveracruz.com\\\/#organization\",\"name\":\"Los pol\u00edticos Veracruz\",\"url\":\"https:\\\/\\\/lospoliticosveracruz.com\\\/\",\"logo\":{\"@type\":\"ImageObject\",\"inLanguage\":\"es\",\"@id\":\"https:\\\/\\\/lospoliticosveracruz.com\\\/#\\\/schema\\\/logo\\\/image\\\/\",\"url\":\"https:\\\/\\\/lospoliticosveracruz.com\\\/wp-content\\\/uploads\\\/2025\\\/12\\\/Logo-Nuevo-LOS-POLITICOS-1.jpg\",\"contentUrl\":\"https:\\\/\\\/lospoliticosveracruz.com\\\/wp-content\\\/uploads\\\/2025\\\/12\\\/Logo-Nuevo-LOS-POLITICOS-1.jpg\",\"width\":260,\"height\":70,\"caption\":\"Los pol\u00edticos Veracruz\"},\"image\":{\"@id\":\"https:\\\/\\\/lospoliticosveracruz.com\\\/#\\\/schema\\\/logo\\\/image\\\/\"},\"sameAs\":[\"https:\\\/\\\/www.facebook.com\\\/people\\\/Notimemes-de-los-Polticos\\\/61565672886568\\\/\",\"https:\\\/\\\/x.com\\\/LosPoliticosVer\"]},{\"@type\":\"Person\",\"@id\":\"https:\\\/\\\/lospoliticosveracruz.com\\\/#\\\/schema\\\/person\\\/b8702bb0e538456e6efd07080bf2a4a2\",\"name\":\"Lo viste en Los Pol\u00edticos\",\"image\":{\"@type\":\"ImageObject\",\"inLanguage\":\"es\",\"@id\":\"https:\\\/\\\/secure.gravatar.com\\\/avatar\\\/3a8de04a2656d44082be478bd6c086daa447c4651605818287b9532d3d0bd435?s=96&d=mm&r=g\",\"url\":\"https:\\\/\\\/secure.gravatar.com\\\/avatar\\\/3a8de04a2656d44082be478bd6c086daa447c4651605818287b9532d3d0bd435?s=96&d=mm&r=g\",\"contentUrl\":\"https:\\\/\\\/secure.gravatar.com\\\/avatar\\\/3a8de04a2656d44082be478bd6c086daa447c4651605818287b9532d3d0bd435?s=96&d=mm&r=g\",\"caption\":\"Lo viste en Los Pol\u00edticos\"},\"url\":\"https:\\\/\\\/lospoliticosveracruz.com\\\/?author=2\"}]}<\/script>\n<!-- \/ Yoast SEO plugin. -->","yoast_head_json":{"title":"Los placeres desenfrenados del poder - Los pol\u00edticos Veracruz","robots":{"index":"index","follow":"follow","max-snippet":"max-snippet:-1","max-image-preview":"max-image-preview:large","max-video-preview":"max-video-preview:-1"},"canonical":"https:\/\/lospoliticosveracruz.com\/?p=38035","og_locale":"es_ES","og_type":"article","og_title":"Los placeres desenfrenados del poder - Los pol\u00edticos Veracruz","og_description":"Ricardo V\u00e1zquez S. Esfera Pol\u00edtica Despu\u00e9s de Las Vegas, la Ciudad de M\u00e9xico, junto con Nueva York y Par\u00eds, son de las ciudades en que m\u00e1s se consumen en restaurantes los vinos m\u00e1s caros del mundo. Preguntamos: \u00bfa qu\u00e9 se debe el privilegio? Siendo sensatos, no es un privilegio \u2013fue la respuesta-, por el origen [&hellip;]","og_url":"https:\/\/lospoliticosveracruz.com\/?p=38035","og_site_name":"Los pol\u00edticos Veracruz","article_publisher":"https:\/\/www.facebook.com\/people\/Notimemes-de-los-Polticos\/61565672886568\/","article_published_time":"2017-11-27T15:48:54+00:00","og_image":[{"width":200,"height":200,"url":"https:\/\/lospoliticosveracruz.com\/wp-content\/uploads\/2016\/07\/Logo-Dor.jpg","type":"image\/jpeg"}],"author":"Lo viste en Los Pol\u00edticos","twitter_card":"summary_large_image","twitter_creator":"@LosPoliticosVer","twitter_site":"@LosPoliticosVer","twitter_misc":{"Escrito por":"Lo viste en Los Pol\u00edticos","Tiempo de lectura":"5 minutos"},"schema":{"@context":"https:\/\/schema.org","@graph":[{"@type":"Article","@id":"https:\/\/lospoliticosveracruz.com\/?p=38035#article","isPartOf":{"@id":"https:\/\/lospoliticosveracruz.com\/?p=38035"},"author":{"name":"Lo viste en Los Pol\u00edticos","@id":"https:\/\/lospoliticosveracruz.com\/#\/schema\/person\/b8702bb0e538456e6efd07080bf2a4a2"},"headline":"Los placeres desenfrenados del poder","datePublished":"2017-11-27T15:48:54+00:00","mainEntityOfPage":{"@id":"https:\/\/lospoliticosveracruz.com\/?p=38035"},"wordCount":918,"commentCount":0,"publisher":{"@id":"https:\/\/lospoliticosveracruz.com\/#organization"},"keywords":["Ciudad de M\u00e9xico","pol\u00edticos"],"articleSection":["De Opini\u00f3n"],"inLanguage":"es","potentialAction":[{"@type":"CommentAction","name":"Comment","target":["https:\/\/lospoliticosveracruz.com\/?p=38035#respond"]}]},{"@type":"WebPage","@id":"https:\/\/lospoliticosveracruz.com\/?p=38035","url":"https:\/\/lospoliticosveracruz.com\/?p=38035","name":"Los placeres desenfrenados del poder - Los pol\u00edticos Veracruz","isPartOf":{"@id":"https:\/\/lospoliticosveracruz.com\/#website"},"datePublished":"2017-11-27T15:48:54+00:00","breadcrumb":{"@id":"https:\/\/lospoliticosveracruz.com\/?p=38035#breadcrumb"},"inLanguage":"es","potentialAction":[{"@type":"ReadAction","target":["https:\/\/lospoliticosveracruz.com\/?p=38035"]}]},{"@type":"BreadcrumbList","@id":"https:\/\/lospoliticosveracruz.com\/?p=38035#breadcrumb","itemListElement":[{"@type":"ListItem","position":1,"name":"Portada","item":"https:\/\/lospoliticosveracruz.com\/"},{"@type":"ListItem","position":2,"name":"Los placeres desenfrenados del poder"}]},{"@type":"WebSite","@id":"https:\/\/lospoliticosveracruz.com\/#website","url":"https:\/\/lospoliticosveracruz.com\/","name":"Los pol\u00edticos Veracruz","description":"","publisher":{"@id":"https:\/\/lospoliticosveracruz.com\/#organization"},"potentialAction":[{"@type":"SearchAction","target":{"@type":"EntryPoint","urlTemplate":"https:\/\/lospoliticosveracruz.com\/?s={search_term_string}"},"query-input":{"@type":"PropertyValueSpecification","valueRequired":true,"valueName":"search_term_string"}}],"inLanguage":"es"},{"@type":"Organization","@id":"https:\/\/lospoliticosveracruz.com\/#organization","name":"Los pol\u00edticos Veracruz","url":"https:\/\/lospoliticosveracruz.com\/","logo":{"@type":"ImageObject","inLanguage":"es","@id":"https:\/\/lospoliticosveracruz.com\/#\/schema\/logo\/image\/","url":"https:\/\/lospoliticosveracruz.com\/wp-content\/uploads\/2025\/12\/Logo-Nuevo-LOS-POLITICOS-1.jpg","contentUrl":"https:\/\/lospoliticosveracruz.com\/wp-content\/uploads\/2025\/12\/Logo-Nuevo-LOS-POLITICOS-1.jpg","width":260,"height":70,"caption":"Los pol\u00edticos Veracruz"},"image":{"@id":"https:\/\/lospoliticosveracruz.com\/#\/schema\/logo\/image\/"},"sameAs":["https:\/\/www.facebook.com\/people\/Notimemes-de-los-Polticos\/61565672886568\/","https:\/\/x.com\/LosPoliticosVer"]},{"@type":"Person","@id":"https:\/\/lospoliticosveracruz.com\/#\/schema\/person\/b8702bb0e538456e6efd07080bf2a4a2","name":"Lo viste en Los Pol\u00edticos","image":{"@type":"ImageObject","inLanguage":"es","@id":"https:\/\/secure.gravatar.com\/avatar\/3a8de04a2656d44082be478bd6c086daa447c4651605818287b9532d3d0bd435?s=96&d=mm&r=g","url":"https:\/\/secure.gravatar.com\/avatar\/3a8de04a2656d44082be478bd6c086daa447c4651605818287b9532d3d0bd435?s=96&d=mm&r=g","contentUrl":"https:\/\/secure.gravatar.com\/avatar\/3a8de04a2656d44082be478bd6c086daa447c4651605818287b9532d3d0bd435?s=96&d=mm&r=g","caption":"Lo viste en Los Pol\u00edticos"},"url":"https:\/\/lospoliticosveracruz.com\/?author=2"}]}},"_links":{"self":[{"href":"https:\/\/lospoliticosveracruz.com\/index.php?rest_route=\/wp\/v2\/posts\/38035","targetHints":{"allow":["GET"]}}],"collection":[{"href":"https:\/\/lospoliticosveracruz.com\/index.php?rest_route=\/wp\/v2\/posts"}],"about":[{"href":"https:\/\/lospoliticosveracruz.com\/index.php?rest_route=\/wp\/v2\/types\/post"}],"author":[{"embeddable":true,"href":"https:\/\/lospoliticosveracruz.com\/index.php?rest_route=\/wp\/v2\/users\/2"}],"replies":[{"embeddable":true,"href":"https:\/\/lospoliticosveracruz.com\/index.php?rest_route=%2Fwp%2Fv2%2Fcomments&post=38035"}],"version-history":[{"count":1,"href":"https:\/\/lospoliticosveracruz.com\/index.php?rest_route=\/wp\/v2\/posts\/38035\/revisions"}],"predecessor-version":[{"id":38036,"href":"https:\/\/lospoliticosveracruz.com\/index.php?rest_route=\/wp\/v2\/posts\/38035\/revisions\/38036"}],"wp:attachment":[{"href":"https:\/\/lospoliticosveracruz.com\/index.php?rest_route=%2Fwp%2Fv2%2Fmedia&parent=38035"}],"wp:term":[{"taxonomy":"category","embeddable":true,"href":"https:\/\/lospoliticosveracruz.com\/index.php?rest_route=%2Fwp%2Fv2%2Fcategories&post=38035"},{"taxonomy":"post_tag","embeddable":true,"href":"https:\/\/lospoliticosveracruz.com\/index.php?rest_route=%2Fwp%2Fv2%2Ftags&post=38035"}],"curies":[{"name":"wp","href":"https:\/\/api.w.org\/{rel}","templated":true}]}}