{"id":38037,"date":"2017-11-27T10:00:35","date_gmt":"2017-11-27T16:00:35","guid":{"rendered":"http:\/\/www.lospoliticosveracruz.com.mx\/?p=38037"},"modified":"2017-11-27T10:02:20","modified_gmt":"2017-11-27T16:02:20","slug":"redes-sociales-el-desorden-politico","status":"publish","type":"post","link":"https:\/\/lospoliticosveracruz.com\/?p=38037","title":{"rendered":"Redes sociales: el desorden pol\u00edtico"},"content":{"rendered":"<p><b><\/b><span style=\"font-size: medium;\"><b>Cecilia Mu\u00f1oz<\/b><\/span><\/p>\n<p><span style=\"font-size: medium;\"><i>Polisemia<\/i><\/span><\/p>\n<p>&nbsp;<\/p>\n<p>&nbsp;<\/p>\n<p><span style=\"font-size: medium;\">Intento hacer memoria, pero no logro recordar un momento en que la pol\u00edtica diera tanta pena ajena. Quiz\u00e1s sea que mis conocimientos en historia son muy escasos\u00a0<\/span><span style=\"font-size: medium;\">\u2013<\/span><span style=\"font-size: medium;\">una posibilidad muy alta<\/span><span style=\"font-size: medium;\">\u2013<\/span><span style=\"font-size: medium;\">\u00a0o que como dir\u00eda Eco, las redes sociales le han dado el derecho a hablar a legiones de imb\u00e9ciles. Listo, lo dije: acepto las pedradas.<\/span><\/p>\n<p><span style=\"font-size: medium;\">A decir verdad esto es una columna muy atrasada cuyo objetivo original era hablar de aquella lamentable actividad a la que hemos denominado \u201ccomunicaci\u00f3n social\u201d, pero las social networks se me atravesaron en el camino y qu\u00e9 pod\u00eda hacer. Millennial, al fin y al cabo&#8230;<\/span><\/p>\n<p><span style=\"font-size: medium;\">\u00bfY c\u00f3mo no hablar de las redes sociales cuando tenemos tantos ejemplos para el muestrario de la verg\u00fcenza? Empezamos por Trump y podemos terminar tranquilamente en nuestro peque\u00f1o terru\u00f1o veracruzano: que si a Jorge Winckler le encanta cocinar paella y bloquear colectivos y periodistas en Twitter, o la lamentable sobrina de Tanya Carola Viveros Ch\u00e1zaro que tras el esc\u00e1ndalo a lo Mar\u00eda Antonieta (\u201c\u00a1pues que coman pastel!\u201d, dicen que exclam\u00f3 la infortunada reina ante la queja del pueblo de que escaseaba el pan) no dud\u00f3 en llamar, en su Facebook, \u201cmuertos de hambre\u201d a los periodistas enojados. De community manager no vive, pero si se trata de echarle m\u00e1s le\u00f1a al fuego \u00a1ya la hizo!<\/span><\/p>\n<p><span style=\"font-size: medium;\">\u00bfPero de qu\u00e9 nos sorprende? Las redes sociales llegaron muy de improviso a la pol\u00edtica, la misma que protagonizan personas que no saben usar Snapchat (y no los culpo&#8230; \u00a1yo tampoco!) y que a veces da la impresi\u00f3n de que no entienden los alcances de \u00e9stas. \u00a1Tan solo hay echarle un vistazo a c\u00f3mo las han gestionado!<\/span><\/p>\n<p><span style=\"font-size: medium;\">Empecemos por una f\u00e1cil y centr\u00e9monos en Twitter, para no alargar esto demasiado: la cuenta del Ayuntamiento de Xalapa. Resulta que si buscamos, muy a la ligera, nos encontramos con dos \u201carrobas\u201d para \u00e9ste: @axalapa y @AytoXalapa. La primera corresponde al ayuntamiento encabezado por El\u00edzabeth Morales y la segunda, a Am\u00e9rico Z\u00fa\u00f1iga. Supongo que en la entrega-recepci\u00f3n a nadie se le ha ocurrido incluir redes sociales.<\/span><\/p>\n<p><span style=\"font-size: medium;\">Si seguimos con el Ayuntamiento de nuestra capital podemos encontrar la cuenta @CSA_Xalapa, del Centro de Salud Animal&#8230; inactiva desde 2012. Ahora bien, tampoco hay mucho que decir de @AytoSaludAnimal, la cuenta oficial de la administraci\u00f3n actual, \u00a1pues tambi\u00e9n est\u00e1 inactiva desde junio de 2015!<\/span><\/p>\n<p><span style=\"font-size: medium;\">\u00bfY qu\u00e9 tal Sedesol Veracruz? En primer lugar tenemos a @Sedesol_VER, cuenta inactiva desde 2014 y la actual, @VerSEDESOL. Caso curioso es el de la Secretar\u00eda de Medio Ambiente del Estado, pues tiene en existencia el arroba @SedemaVer, cuya \u00faltima actividad fue retuitear a Miguel \u00c1ngel Yunes Linares el 11 de diciembre de 2016; y @SEDEMAVeracruz, cuenta activa desde diciembre de 2016 y oficial hasta el momento.<\/span><\/p>\n<p><span style=\"font-size: medium;\">Pero mi cuenta m\u00faltiple favorita tiene que ser, en definitiva, la de Sefiplan: la primera fue @SefiplanVer, cuyo \u00faltimo tuit data de 2011; le sigue @sefiplan_ver, cuya \u00fanica actividad fue replicar, en 2013, un tuit de @GobiernoVer (la cual, hay que decirlo, s\u00ed sigue activa): y finalmente tenemos @Sefiplanenlace, activa actualmente.<\/span><\/p>\n<p><span style=\"font-size: medium;\">\u00bfY si hablamos de pol\u00edticos? Bueno, antes que nada hay que recalcar que a varios se les ha pasado \u201cverificar\u201d su cuenta, un proceso que permite autentificar su identidad en Twitter como figuras p\u00fablicas para que el resto de los usuarios sepan que de verdad est\u00e1n interactuando con ellos, o siquiera con su cuenta oficial, distinguible por una simple palomita azul al lado del nombre de usuario.<\/span><\/p>\n<p><span style=\"font-size: medium;\">Al primero que se le fue el avi\u00f3n fue a Am\u00e9rico Z\u00fa\u00f1iga, eso s\u00ed, muy activo en Twitter; nuestro gobernador s\u00ed que se ocup\u00f3 de autentificar su cuenta, algo que se le ha pasado a sus hijos Fernando y Miguel \u00c1ngel Yunes M\u00e1rquez (@FYunesM\u00e1rquez y<\/span>\u00a0<span style=\"font-size: medium;\">@MYunesMarquez ) y tambi\u00e9n a H\u00e9ctor Yunes Landa (@HectorYunes), de forma que si queremos saber si sus cuentas son reales, tenemos que entrar a sus perfiles y revisar su actividad, a ver si cuadra&#8230; \u00a1Y no crea que son los \u00fanicos! Pero si empezamos a enlistarlos todos, \u00a1no acabamos!<\/span><\/p>\n<p><span style=\"font-size: medium;\">Un caso especial es el de Iv\u00e1n L\u00f3pez Fern\u00e1ndez, excontralor de Duarte y quien recientemente se registr\u00f3 como aspirante a titular de la Auditor\u00eda Superior de la Federaci\u00f3n. A \u00e9l lo encontramos como @IvanLopez_2017, la cuenta que\u00a0<\/span><span style=\"font-size: medium;\">\u2013<\/span><span style=\"font-size: medium;\">suponemos<\/span><span style=\"font-size: medium;\">\u2013<\/span><span style=\"font-size: medium;\">\u00a0cre\u00f3 para su fallida campa\u00f1a a la alcald\u00eda de Emiliano Zapata, inactiva desde mayo y con tan solo 63 seguidores. Dado el \u201c2017\u201d al final de su nombre de usuario, podemos inferir que la cuenta solo tuvo importancia para este a\u00f1o, tan pr\u00f3ximo a acabarse.<\/span><\/p>\n<p><span style=\"font-size: medium;\">\u00bfY cu\u00e1l es el problema? Tan simple como reconocer que el desorden que sospechamos que impera dentro de las entra\u00f1as de la pol\u00edtica y el poder se refleja f\u00e1cilmente en el manejo de sus redes sociales, herramientas que bien podr\u00edan usarse para acercarse m\u00e1s a la poblaci\u00f3n, pero que son pobremente utilizadas y abandonadas sin siquiera eliminarlas del espacio virtual, lo cual puede crear confusi\u00f3n en el usuario que de repente quiera buscar a alg\u00fan pol\u00edtico o dependencia para resolver una duda o externar alguna opini\u00f3n.<\/span><\/p>\n<p><span style=\"font-size: medium;\">No se trata solo de tener el tacto del que carecen Jorge Winckler y Samantha S\u00e1ez, la sobrina de la diputada Tanya Carola Viveros, sino de poseer un bagaje de conocimientos actual, una mente que sepa dirigirse y responder a las nuevas audiencias en estos nuevos tiempos para la comunicaci\u00f3n. Las redes sociales son una oportunidad, pero para aprovecharlas, tambi\u00e9n hay que saber usarlas. Y eso incluye eliminar las cuentas que ya no se usan\u2026 \u00bfTanto les cuesta pasarse las contrase\u00f1as?<\/span><\/p>\n<p><span style=\"font-size: medium;\">Correo:\u00a0<span style=\"color: #008000;\"><a style=\"color: #008000;\" href=\"mailto:polisemia@outlook.es\" target=\"_blank\" rel=\"noopener noreferrer\">polisemia@outlook.es<\/a><\/span><\/span><\/p>\n<p><span style=\"font-size: medium;\">Twitter: <span style=\"color: #008000;\"><a style=\"color: #008000;\" href=\"https:\/\/twitter.com\/polisemia_cm\">polisemia_CM<\/a><\/span><\/span><\/p>\n","protected":false},"excerpt":{"rendered":"<p>Cecilia Mu\u00f1oz Polisemia &nbsp; &nbsp; Intento hacer memoria, pero no logro recordar un momento en que la pol\u00edtica diera tanta pena ajena. Quiz\u00e1s sea que mis conocimientos en historia son muy escasos\u00a0\u2013una posibilidad muy alta\u2013\u00a0o que como dir\u00eda Eco, las redes sociales le han dado el derecho a hablar a legiones de imb\u00e9ciles. Listo, lo [&hellip;]<\/p>\n","protected":false},"author":2,"featured_media":0,"comment_status":"open","ping_status":"open","sticky":false,"template":"","format":"standard","meta":{"tdm_status":"","tdm_grid_status":"","footnotes":""},"categories":[70],"tags":[483,551,10284,6666,481],"class_list":{"0":"post-38037","1":"post","2":"type-post","3":"status-publish","4":"format-standard","6":"category-de-opinion","7":"tag-americo-zuniga","8":"tag-redes-sociales","9":"tag-samantha-saez","10":"tag-tanya-carola-viveros-chazaro","11":"tag-twitter"},"yoast_head":"<!-- This site is optimized with the Yoast SEO plugin v27.4 - https:\/\/yoast.com\/product\/yoast-seo-wordpress\/ -->\n<title>Redes sociales: el desorden pol\u00edtico - Los pol\u00edticos Veracruz<\/title>\n<meta name=\"robots\" content=\"index, follow, max-snippet:-1, max-image-preview:large, max-video-preview:-1\" \/>\n<link rel=\"canonical\" href=\"https:\/\/lospoliticosveracruz.com\/?p=38037\" \/>\n<meta property=\"og:locale\" content=\"es_ES\" \/>\n<meta property=\"og:type\" content=\"article\" \/>\n<meta property=\"og:title\" content=\"Redes sociales: el desorden pol\u00edtico - Los pol\u00edticos Veracruz\" \/>\n<meta property=\"og:description\" content=\"Cecilia Mu\u00f1oz Polisemia &nbsp; &nbsp; Intento hacer memoria, pero no logro recordar un momento en que la pol\u00edtica diera tanta pena ajena. Quiz\u00e1s sea que mis conocimientos en historia son muy escasos\u00a0\u2013una posibilidad muy alta\u2013\u00a0o que como dir\u00eda Eco, las redes sociales le han dado el derecho a hablar a legiones de imb\u00e9ciles. Listo, lo [&hellip;]\" \/>\n<meta property=\"og:url\" content=\"https:\/\/lospoliticosveracruz.com\/?p=38037\" \/>\n<meta property=\"og:site_name\" content=\"Los pol\u00edticos Veracruz\" \/>\n<meta property=\"article:publisher\" content=\"https:\/\/www.facebook.com\/people\/Notimemes-de-los-Polticos\/61565672886568\/\" \/>\n<meta property=\"article:published_time\" content=\"2017-11-27T16:00:35+00:00\" \/>\n<meta property=\"article:modified_time\" content=\"2017-11-27T16:02:20+00:00\" \/>\n<meta property=\"og:image\" content=\"https:\/\/lospoliticosveracruz.com\/wp-content\/uploads\/2016\/07\/Logo-Dor.jpg\" \/>\n\t<meta property=\"og:image:width\" content=\"200\" \/>\n\t<meta property=\"og:image:height\" content=\"200\" \/>\n\t<meta property=\"og:image:type\" content=\"image\/jpeg\" \/>\n<meta name=\"author\" content=\"Lo viste en Los Pol\u00edticos\" \/>\n<meta name=\"twitter:card\" content=\"summary_large_image\" \/>\n<meta name=\"twitter:creator\" content=\"@LosPoliticosVer\" \/>\n<meta name=\"twitter:site\" content=\"@LosPoliticosVer\" \/>\n<meta name=\"twitter:label1\" content=\"Escrito por\" \/>\n\t<meta name=\"twitter:data1\" content=\"Lo viste en Los Pol\u00edticos\" \/>\n\t<meta name=\"twitter:label2\" content=\"Tiempo de lectura\" \/>\n\t<meta name=\"twitter:data2\" content=\"5 minutos\" \/>\n<script type=\"application\/ld+json\" class=\"yoast-schema-graph\">{\"@context\":\"https:\\\/\\\/schema.org\",\"@graph\":[{\"@type\":\"Article\",\"@id\":\"https:\\\/\\\/lospoliticosveracruz.com\\\/?p=38037#article\",\"isPartOf\":{\"@id\":\"https:\\\/\\\/lospoliticosveracruz.com\\\/?p=38037\"},\"author\":{\"name\":\"Lo viste en Los Pol\u00edticos\",\"@id\":\"https:\\\/\\\/lospoliticosveracruz.com\\\/#\\\/schema\\\/person\\\/b8702bb0e538456e6efd07080bf2a4a2\"},\"headline\":\"Redes sociales: el desorden pol\u00edtico\",\"datePublished\":\"2017-11-27T16:00:35+00:00\",\"dateModified\":\"2017-11-27T16:02:20+00:00\",\"mainEntityOfPage\":{\"@id\":\"https:\\\/\\\/lospoliticosveracruz.com\\\/?p=38037\"},\"wordCount\":986,\"commentCount\":0,\"publisher\":{\"@id\":\"https:\\\/\\\/lospoliticosveracruz.com\\\/#organization\"},\"keywords\":[\"Am\u00e9rico Z\u00fa\u00f1iga\",\"redes sociales\",\"Samantha S\u00e1ez\",\"Tanya Carola Viveros Ch\u00e1zaro\",\"twitter\"],\"articleSection\":[\"De Opini\u00f3n\"],\"inLanguage\":\"es\",\"potentialAction\":[{\"@type\":\"CommentAction\",\"name\":\"Comment\",\"target\":[\"https:\\\/\\\/lospoliticosveracruz.com\\\/?p=38037#respond\"]}]},{\"@type\":\"WebPage\",\"@id\":\"https:\\\/\\\/lospoliticosveracruz.com\\\/?p=38037\",\"url\":\"https:\\\/\\\/lospoliticosveracruz.com\\\/?p=38037\",\"name\":\"Redes sociales: el desorden pol\u00edtico - Los pol\u00edticos Veracruz\",\"isPartOf\":{\"@id\":\"https:\\\/\\\/lospoliticosveracruz.com\\\/#website\"},\"datePublished\":\"2017-11-27T16:00:35+00:00\",\"dateModified\":\"2017-11-27T16:02:20+00:00\",\"breadcrumb\":{\"@id\":\"https:\\\/\\\/lospoliticosveracruz.com\\\/?p=38037#breadcrumb\"},\"inLanguage\":\"es\",\"potentialAction\":[{\"@type\":\"ReadAction\",\"target\":[\"https:\\\/\\\/lospoliticosveracruz.com\\\/?p=38037\"]}]},{\"@type\":\"BreadcrumbList\",\"@id\":\"https:\\\/\\\/lospoliticosveracruz.com\\\/?p=38037#breadcrumb\",\"itemListElement\":[{\"@type\":\"ListItem\",\"position\":1,\"name\":\"Portada\",\"item\":\"https:\\\/\\\/lospoliticosveracruz.com\\\/\"},{\"@type\":\"ListItem\",\"position\":2,\"name\":\"Redes sociales: el desorden pol\u00edtico\"}]},{\"@type\":\"WebSite\",\"@id\":\"https:\\\/\\\/lospoliticosveracruz.com\\\/#website\",\"url\":\"https:\\\/\\\/lospoliticosveracruz.com\\\/\",\"name\":\"Los pol\u00edticos Veracruz\",\"description\":\"\",\"publisher\":{\"@id\":\"https:\\\/\\\/lospoliticosveracruz.com\\\/#organization\"},\"potentialAction\":[{\"@type\":\"SearchAction\",\"target\":{\"@type\":\"EntryPoint\",\"urlTemplate\":\"https:\\\/\\\/lospoliticosveracruz.com\\\/?s={search_term_string}\"},\"query-input\":{\"@type\":\"PropertyValueSpecification\",\"valueRequired\":true,\"valueName\":\"search_term_string\"}}],\"inLanguage\":\"es\"},{\"@type\":\"Organization\",\"@id\":\"https:\\\/\\\/lospoliticosveracruz.com\\\/#organization\",\"name\":\"Los pol\u00edticos Veracruz\",\"url\":\"https:\\\/\\\/lospoliticosveracruz.com\\\/\",\"logo\":{\"@type\":\"ImageObject\",\"inLanguage\":\"es\",\"@id\":\"https:\\\/\\\/lospoliticosveracruz.com\\\/#\\\/schema\\\/logo\\\/image\\\/\",\"url\":\"https:\\\/\\\/lospoliticosveracruz.com\\\/wp-content\\\/uploads\\\/2025\\\/12\\\/Logo-Nuevo-LOS-POLITICOS-1.jpg\",\"contentUrl\":\"https:\\\/\\\/lospoliticosveracruz.com\\\/wp-content\\\/uploads\\\/2025\\\/12\\\/Logo-Nuevo-LOS-POLITICOS-1.jpg\",\"width\":260,\"height\":70,\"caption\":\"Los pol\u00edticos Veracruz\"},\"image\":{\"@id\":\"https:\\\/\\\/lospoliticosveracruz.com\\\/#\\\/schema\\\/logo\\\/image\\\/\"},\"sameAs\":[\"https:\\\/\\\/www.facebook.com\\\/people\\\/Notimemes-de-los-Polticos\\\/61565672886568\\\/\",\"https:\\\/\\\/x.com\\\/LosPoliticosVer\"]},{\"@type\":\"Person\",\"@id\":\"https:\\\/\\\/lospoliticosveracruz.com\\\/#\\\/schema\\\/person\\\/b8702bb0e538456e6efd07080bf2a4a2\",\"name\":\"Lo viste en Los Pol\u00edticos\",\"image\":{\"@type\":\"ImageObject\",\"inLanguage\":\"es\",\"@id\":\"https:\\\/\\\/secure.gravatar.com\\\/avatar\\\/3a8de04a2656d44082be478bd6c086daa447c4651605818287b9532d3d0bd435?s=96&d=mm&r=g\",\"url\":\"https:\\\/\\\/secure.gravatar.com\\\/avatar\\\/3a8de04a2656d44082be478bd6c086daa447c4651605818287b9532d3d0bd435?s=96&d=mm&r=g\",\"contentUrl\":\"https:\\\/\\\/secure.gravatar.com\\\/avatar\\\/3a8de04a2656d44082be478bd6c086daa447c4651605818287b9532d3d0bd435?s=96&d=mm&r=g\",\"caption\":\"Lo viste en Los Pol\u00edticos\"},\"url\":\"https:\\\/\\\/lospoliticosveracruz.com\\\/?author=2\"}]}<\/script>\n<!-- \/ Yoast SEO plugin. -->","yoast_head_json":{"title":"Redes sociales: el desorden pol\u00edtico - Los pol\u00edticos Veracruz","robots":{"index":"index","follow":"follow","max-snippet":"max-snippet:-1","max-image-preview":"max-image-preview:large","max-video-preview":"max-video-preview:-1"},"canonical":"https:\/\/lospoliticosveracruz.com\/?p=38037","og_locale":"es_ES","og_type":"article","og_title":"Redes sociales: el desorden pol\u00edtico - Los pol\u00edticos Veracruz","og_description":"Cecilia Mu\u00f1oz Polisemia &nbsp; &nbsp; Intento hacer memoria, pero no logro recordar un momento en que la pol\u00edtica diera tanta pena ajena. Quiz\u00e1s sea que mis conocimientos en historia son muy escasos\u00a0\u2013una posibilidad muy alta\u2013\u00a0o que como dir\u00eda Eco, las redes sociales le han dado el derecho a hablar a legiones de imb\u00e9ciles. Listo, lo [&hellip;]","og_url":"https:\/\/lospoliticosveracruz.com\/?p=38037","og_site_name":"Los pol\u00edticos Veracruz","article_publisher":"https:\/\/www.facebook.com\/people\/Notimemes-de-los-Polticos\/61565672886568\/","article_published_time":"2017-11-27T16:00:35+00:00","article_modified_time":"2017-11-27T16:02:20+00:00","og_image":[{"width":200,"height":200,"url":"https:\/\/lospoliticosveracruz.com\/wp-content\/uploads\/2016\/07\/Logo-Dor.jpg","type":"image\/jpeg"}],"author":"Lo viste en Los Pol\u00edticos","twitter_card":"summary_large_image","twitter_creator":"@LosPoliticosVer","twitter_site":"@LosPoliticosVer","twitter_misc":{"Escrito por":"Lo viste en Los Pol\u00edticos","Tiempo de lectura":"5 minutos"},"schema":{"@context":"https:\/\/schema.org","@graph":[{"@type":"Article","@id":"https:\/\/lospoliticosveracruz.com\/?p=38037#article","isPartOf":{"@id":"https:\/\/lospoliticosveracruz.com\/?p=38037"},"author":{"name":"Lo viste en Los Pol\u00edticos","@id":"https:\/\/lospoliticosveracruz.com\/#\/schema\/person\/b8702bb0e538456e6efd07080bf2a4a2"},"headline":"Redes sociales: el desorden pol\u00edtico","datePublished":"2017-11-27T16:00:35+00:00","dateModified":"2017-11-27T16:02:20+00:00","mainEntityOfPage":{"@id":"https:\/\/lospoliticosveracruz.com\/?p=38037"},"wordCount":986,"commentCount":0,"publisher":{"@id":"https:\/\/lospoliticosveracruz.com\/#organization"},"keywords":["Am\u00e9rico Z\u00fa\u00f1iga","redes sociales","Samantha S\u00e1ez","Tanya Carola Viveros Ch\u00e1zaro","twitter"],"articleSection":["De Opini\u00f3n"],"inLanguage":"es","potentialAction":[{"@type":"CommentAction","name":"Comment","target":["https:\/\/lospoliticosveracruz.com\/?p=38037#respond"]}]},{"@type":"WebPage","@id":"https:\/\/lospoliticosveracruz.com\/?p=38037","url":"https:\/\/lospoliticosveracruz.com\/?p=38037","name":"Redes sociales: el desorden pol\u00edtico - Los pol\u00edticos Veracruz","isPartOf":{"@id":"https:\/\/lospoliticosveracruz.com\/#website"},"datePublished":"2017-11-27T16:00:35+00:00","dateModified":"2017-11-27T16:02:20+00:00","breadcrumb":{"@id":"https:\/\/lospoliticosveracruz.com\/?p=38037#breadcrumb"},"inLanguage":"es","potentialAction":[{"@type":"ReadAction","target":["https:\/\/lospoliticosveracruz.com\/?p=38037"]}]},{"@type":"BreadcrumbList","@id":"https:\/\/lospoliticosveracruz.com\/?p=38037#breadcrumb","itemListElement":[{"@type":"ListItem","position":1,"name":"Portada","item":"https:\/\/lospoliticosveracruz.com\/"},{"@type":"ListItem","position":2,"name":"Redes sociales: el desorden pol\u00edtico"}]},{"@type":"WebSite","@id":"https:\/\/lospoliticosveracruz.com\/#website","url":"https:\/\/lospoliticosveracruz.com\/","name":"Los pol\u00edticos Veracruz","description":"","publisher":{"@id":"https:\/\/lospoliticosveracruz.com\/#organization"},"potentialAction":[{"@type":"SearchAction","target":{"@type":"EntryPoint","urlTemplate":"https:\/\/lospoliticosveracruz.com\/?s={search_term_string}"},"query-input":{"@type":"PropertyValueSpecification","valueRequired":true,"valueName":"search_term_string"}}],"inLanguage":"es"},{"@type":"Organization","@id":"https:\/\/lospoliticosveracruz.com\/#organization","name":"Los pol\u00edticos Veracruz","url":"https:\/\/lospoliticosveracruz.com\/","logo":{"@type":"ImageObject","inLanguage":"es","@id":"https:\/\/lospoliticosveracruz.com\/#\/schema\/logo\/image\/","url":"https:\/\/lospoliticosveracruz.com\/wp-content\/uploads\/2025\/12\/Logo-Nuevo-LOS-POLITICOS-1.jpg","contentUrl":"https:\/\/lospoliticosveracruz.com\/wp-content\/uploads\/2025\/12\/Logo-Nuevo-LOS-POLITICOS-1.jpg","width":260,"height":70,"caption":"Los pol\u00edticos Veracruz"},"image":{"@id":"https:\/\/lospoliticosveracruz.com\/#\/schema\/logo\/image\/"},"sameAs":["https:\/\/www.facebook.com\/people\/Notimemes-de-los-Polticos\/61565672886568\/","https:\/\/x.com\/LosPoliticosVer"]},{"@type":"Person","@id":"https:\/\/lospoliticosveracruz.com\/#\/schema\/person\/b8702bb0e538456e6efd07080bf2a4a2","name":"Lo viste en Los Pol\u00edticos","image":{"@type":"ImageObject","inLanguage":"es","@id":"https:\/\/secure.gravatar.com\/avatar\/3a8de04a2656d44082be478bd6c086daa447c4651605818287b9532d3d0bd435?s=96&d=mm&r=g","url":"https:\/\/secure.gravatar.com\/avatar\/3a8de04a2656d44082be478bd6c086daa447c4651605818287b9532d3d0bd435?s=96&d=mm&r=g","contentUrl":"https:\/\/secure.gravatar.com\/avatar\/3a8de04a2656d44082be478bd6c086daa447c4651605818287b9532d3d0bd435?s=96&d=mm&r=g","caption":"Lo viste en Los Pol\u00edticos"},"url":"https:\/\/lospoliticosveracruz.com\/?author=2"}]}},"_links":{"self":[{"href":"https:\/\/lospoliticosveracruz.com\/index.php?rest_route=\/wp\/v2\/posts\/38037","targetHints":{"allow":["GET"]}}],"collection":[{"href":"https:\/\/lospoliticosveracruz.com\/index.php?rest_route=\/wp\/v2\/posts"}],"about":[{"href":"https:\/\/lospoliticosveracruz.com\/index.php?rest_route=\/wp\/v2\/types\/post"}],"author":[{"embeddable":true,"href":"https:\/\/lospoliticosveracruz.com\/index.php?rest_route=\/wp\/v2\/users\/2"}],"replies":[{"embeddable":true,"href":"https:\/\/lospoliticosveracruz.com\/index.php?rest_route=%2Fwp%2Fv2%2Fcomments&post=38037"}],"version-history":[{"count":3,"href":"https:\/\/lospoliticosveracruz.com\/index.php?rest_route=\/wp\/v2\/posts\/38037\/revisions"}],"predecessor-version":[{"id":38040,"href":"https:\/\/lospoliticosveracruz.com\/index.php?rest_route=\/wp\/v2\/posts\/38037\/revisions\/38040"}],"wp:attachment":[{"href":"https:\/\/lospoliticosveracruz.com\/index.php?rest_route=%2Fwp%2Fv2%2Fmedia&parent=38037"}],"wp:term":[{"taxonomy":"category","embeddable":true,"href":"https:\/\/lospoliticosveracruz.com\/index.php?rest_route=%2Fwp%2Fv2%2Fcategories&post=38037"},{"taxonomy":"post_tag","embeddable":true,"href":"https:\/\/lospoliticosveracruz.com\/index.php?rest_route=%2Fwp%2Fv2%2Ftags&post=38037"}],"curies":[{"name":"wp","href":"https:\/\/api.w.org\/{rel}","templated":true}]}}