{"id":38182,"date":"2017-12-03T22:53:29","date_gmt":"2017-12-04T04:53:29","guid":{"rendered":"http:\/\/www.lospoliticosveracruz.com.mx\/?p=38182"},"modified":"2017-12-03T22:53:29","modified_gmt":"2017-12-04T04:53:29","slug":"yunes-pepe-molina-y-americo","status":"publish","type":"post","link":"https:\/\/lospoliticosveracruz.com\/?p=38182","title":{"rendered":"Yunes, Pepe, Molina y Am\u00e9rico"},"content":{"rendered":"<p dir=\"ltr\"><strong>Salvador Mu\u00f1oz<\/strong><\/p>\n<p dir=\"ltr\"><em>Los Pol\u00edticos<\/em><\/p>\n<p>&nbsp;<\/p>\n<p>&nbsp;<\/p>\n<p dir=\"ltr\">No fue un domingo cualquiera\u2026 primero, la entrega de la medalla Ruiz Cortines por parte del Gobernador Miguel \u00c1ngel Yunes Linares al Ej\u00e9rcito y Marina; segundo, Pepe To\u00f1o Meade Kuribre\u00f1a cubriendo un requisito m\u00e1s en su camino a la candidatura del PRI por la presidencia; tercero, el cuarto informe de Am\u00e9rico Z\u00fa\u00f1iga\u2026 \u00bfqu\u00e9 no descansan ni un m\u00e9ndigo d\u00eda nuestros pol\u00edticos?<\/p>\n<p dir=\"ltr\">* Caminamos por la avenida L\u00e1zaro C\u00e1rdenas la Mujer y yo y \u00a1zaz! mero en la esquina de Encanto, una camioneta del Ej\u00e9rcito con sus respectivos soldados y la calle citada cerrada\u2026 apenas si van a dar las 7:30 am y por eso nos agarran desprevenidos: \u00bfQu\u00e9 pas\u00f3? pero mil\u00e9simas de segundos\u2026 no, menos, como 3 segundos despu\u00e9s, reaccionamos: \u00a1la medalla Ruiz Cortines! El gobernador Miguel \u00c1ngel Yunes Linares iba a distinguir al Ej\u00e9rcito y Marina con tal condecoraci\u00f3n\u2026<\/p>\n<p dir=\"ltr\">\u00bfY qu\u00e9 hubiera pasado si H\u00e9ctor Yunes Landa hubiera sido Gobernador? En una de \u00e9sas se la entrega a Javier Duarte de Ochoa, por las millones \u201cde razones\u201d (m\u00e1s que las de Kuri Kuri) por las que lo llam\u00f3 \u201cMi jefe pol\u00edtico\u201d.<\/p>\n<p dir=\"ltr\">\u00bfO Cuitl\u00e1huac? Ya que estamos en el plano de que no necesariamente tienen que ser veracruzanos los distinguidos por esta medalla, pues quiz\u00e1s se la hubiera dado \u00a1a El Peje! o en el peor de los casos, al mismo Javier Duarte de Ochoa \u00a1con sus respectivos cartones de huevo en aras de ser rec\u00edproco!<\/p>\n<p dir=\"ltr\">Bueno\u2026 mejor seguimos nuestro camino emulando a Cri Cri\u2026 \u201ca comprar todas las cosas del mandado\u201d&#8230;<\/p>\n<p dir=\"ltr\">* Ten\u00eda rato que no ve\u00eda a los pri\u00edstas tan contentos\u2026 fotos por aqu\u00ed, por all\u00e1, por acull\u00e1, al lado del tocayo (es que parece \u201cel Salvador del PRI\u201d) y la imagen tricolor con el \u201cJashtag\u201d #YoConMeade. Como que ya les hac\u00eda falta a los pri\u00edstas una bocanada de aire\u2026 en especial a los de Veracruz que a veces pareciera que siguen en estado de shock, de negaci\u00f3n. No es para menos\u2026 desde el Altiplano se vendi\u00f3 un producto veracruzano que result\u00f3 un \u00e9xito: Duarte de Ochoa, el villano de M\u00e9xico.<\/p>\n<p dir=\"ltr\">Hoy por hoy, un pri\u00edsta jarocho no puede entrar a debate porque de inmediato \u201cse la recuerdan\u201d&#8230; s\u00ed, les recuerdan la administraci\u00f3n de Javier Duarte; y si se pone ro\u00f1oso, panzarriba, le agregan la de Fidel Herrera. \u00a1Vamos! Pareciera que al lado de Duarte, Pe\u00f1a Nieto no s\u00f3lo es honesto, sino inteligente\u2026<\/p>\n<p dir=\"ltr\">Ahora, al PRI les urge vender otro producto: Meade. \u00c9ste, seg\u00fan hemos visto, es todo lo contrario a Duarte y m\u00e1s bueno que el PAN y Pe\u00f1a Nieto juntos\u2026<\/p>\n<p dir=\"ltr\">Como sea, mientras unos fueron a buscar la foto con Meade, otros estaban en la grilla, como esa pareja interesante que se ha dejado ver en los \u00faltimos 12 meses: Pepe Yunes Zorrilla y Juan Carlos Molina Palacios, quienes se encontraron con Jorge Coffau Kayser, ex dirigente de la Coparmex en Veracruz\u2026 y as\u00ed, all\u00ed estaban los que se tomaron la selfie con Meade, y tambi\u00e9n estaban los que echaron rostro entre veracruzanos\u2026<\/p>\n<p dir=\"ltr\">* Am\u00e9rico Z\u00fa\u00f1iga desde la ma\u00f1ana del domingo andaba emocionado, no tanto por haber recibido el galard\u00f3n al Buen Gobierno 2017 como \u201cMejor Gesti\u00f3n Integral\u201d, sino por su Informe\u2026<\/p>\n<p dir=\"ltr\">Un amigo cuestionaba el porqu\u00e9 no se lo hab\u00edan dado a Orizaba o Boca del R\u00edo\u2026 sinceramente desconozco los motivos, pero algo me queda claro: las tres ciudades son netamente distintas y por ende, resultados diferentes. Medio mill\u00f3n de personas si no un poco m\u00e1s en la Capital, son todo un reto para cualquiera. El trabajo de Am\u00e9rico se divide en factores y percepciones. Hay obras que no se ven; hay otras que se ven pero como la memoria es corta, dejamos de percibirlas por hacerlas parte de nuestro paisaje cotidiano; hay otras que no disfrutamos, como los gimnasios al aire libre (nom\u00e1s cheque su panza) y espacios culturales como el IMAC o el Teatro JJ Herrera (que espero visitarlo pronto); o qu\u00e9 decir del puente de la Usbi, que si bien no lo ocupo por no tener nada que hacer en la zona universitaria, no deja de admirarse\u2026 bueno, a m\u00ed me gusta. Que hay calles sin pavimentar, \u00a1claro! el monstruo que es Xalapa no alcanza ni cuatro a\u00f1os ni el recurso para cubrir todas las peticiones, exigencias, necesidades de todos los xalape\u00f1os. Que hay obras que no sirven para nada como ampliar las banquetas o reducir las calles para los veh\u00edculos\u2026 all\u00ed, sinceramente creo que Am\u00e9rico pens\u00f3 a Xalapa como una ciudad de primer mundo pero la mayor\u00eda del ciudadano cree que si tiene un carro es para llegar hasta a la puerta de su destino en \u00e9l\u2026 una especie de centauro motorizado\u2026 no se culpa, pues de cierto modo, es una cultura motorizada que es dif\u00edcil erradicar. Am\u00e9rico pasa a la historia en una paradoja: en el Gobierno de la transici\u00f3n, deja el Ayuntamiento en manos de Morena pero tambi\u00e9n deja un r\u00e9cord en obra que es seguro, ser\u00e1 complicado abatir. Por mi parte, si hubiera que calificar su trabajo, me quedo satisfecho con lo hecho por el alcalde.<\/p>\n<p>&nbsp;<\/p>\n<p dir=\"ltr\"><a href=\"mailto:smcainito@gmail.com\" target=\"_blank\" rel=\"noopener noreferrer\">smcainito@gmail.com<\/a><\/p>\n<p>&nbsp;<\/p>\n","protected":false},"excerpt":{"rendered":"<p>Salvador Mu\u00f1oz Los Pol\u00edticos &nbsp; &nbsp; No fue un domingo cualquiera\u2026 primero, la entrega de la medalla Ruiz Cortines por parte del Gobernador Miguel \u00c1ngel Yunes Linares al Ej\u00e9rcito y Marina; segundo, Pepe To\u00f1o Meade Kuribre\u00f1a cubriendo un requisito m\u00e1s en su camino a la candidatura del PRI por la presidencia; tercero, el cuarto informe [&hellip;]<\/p>\n","protected":false},"author":2,"featured_media":0,"comment_status":"open","ping_status":"open","sticky":false,"template":"","format":"standard","meta":{"tdm_status":"","tdm_grid_status":"","footnotes":""},"categories":[70],"tags":[539,284,4122,945,946,428],"class_list":{"0":"post-38182","1":"post","2":"type-post","3":"status-publish","4":"format-standard","6":"category-de-opinion","7":"tag-americo-zuniga-martinez","8":"tag-ejercito","9":"tag-jose-antonio-meade-kuribrena","10":"tag-marina","11":"tag-medalla-adolfo-ruiz-cortines","12":"tag-miguel-angel-yunes-linares"},"yoast_head":"<!-- This site is optimized with the Yoast SEO plugin v27.4 - https:\/\/yoast.com\/product\/yoast-seo-wordpress\/ -->\n<title>Yunes, Pepe, Molina y Am\u00e9rico - Los pol\u00edticos Veracruz<\/title>\n<meta name=\"robots\" content=\"index, follow, max-snippet:-1, max-image-preview:large, max-video-preview:-1\" \/>\n<link rel=\"canonical\" href=\"https:\/\/lospoliticosveracruz.com\/?p=38182\" \/>\n<meta property=\"og:locale\" content=\"es_ES\" \/>\n<meta property=\"og:type\" content=\"article\" \/>\n<meta property=\"og:title\" content=\"Yunes, Pepe, Molina y Am\u00e9rico - Los pol\u00edticos Veracruz\" \/>\n<meta property=\"og:description\" content=\"Salvador Mu\u00f1oz Los Pol\u00edticos &nbsp; &nbsp; No fue un domingo cualquiera\u2026 primero, la entrega de la medalla Ruiz Cortines por parte del Gobernador Miguel \u00c1ngel Yunes Linares al Ej\u00e9rcito y Marina; segundo, Pepe To\u00f1o Meade Kuribre\u00f1a cubriendo un requisito m\u00e1s en su camino a la candidatura del PRI por la presidencia; tercero, el cuarto informe [&hellip;]\" \/>\n<meta property=\"og:url\" content=\"https:\/\/lospoliticosveracruz.com\/?p=38182\" \/>\n<meta property=\"og:site_name\" content=\"Los pol\u00edticos Veracruz\" \/>\n<meta property=\"article:publisher\" content=\"https:\/\/www.facebook.com\/people\/Notimemes-de-los-Polticos\/61565672886568\/\" \/>\n<meta property=\"article:published_time\" content=\"2017-12-04T04:53:29+00:00\" \/>\n<meta property=\"og:image\" content=\"https:\/\/lospoliticosveracruz.com\/wp-content\/uploads\/2016\/07\/Logo-Dor.jpg\" \/>\n\t<meta property=\"og:image:width\" content=\"200\" \/>\n\t<meta property=\"og:image:height\" content=\"200\" \/>\n\t<meta property=\"og:image:type\" content=\"image\/jpeg\" \/>\n<meta name=\"author\" content=\"Lo viste en Los Pol\u00edticos\" \/>\n<meta name=\"twitter:card\" content=\"summary_large_image\" \/>\n<meta name=\"twitter:creator\" content=\"@LosPoliticosVer\" \/>\n<meta name=\"twitter:site\" content=\"@LosPoliticosVer\" \/>\n<meta name=\"twitter:label1\" content=\"Escrito por\" \/>\n\t<meta name=\"twitter:data1\" content=\"Lo viste en Los Pol\u00edticos\" \/>\n\t<meta name=\"twitter:label2\" content=\"Tiempo de lectura\" \/>\n\t<meta name=\"twitter:data2\" content=\"5 minutos\" \/>\n<script type=\"application\/ld+json\" class=\"yoast-schema-graph\">{\"@context\":\"https:\\\/\\\/schema.org\",\"@graph\":[{\"@type\":\"Article\",\"@id\":\"https:\\\/\\\/lospoliticosveracruz.com\\\/?p=38182#article\",\"isPartOf\":{\"@id\":\"https:\\\/\\\/lospoliticosveracruz.com\\\/?p=38182\"},\"author\":{\"name\":\"Lo viste en Los Pol\u00edticos\",\"@id\":\"https:\\\/\\\/lospoliticosveracruz.com\\\/#\\\/schema\\\/person\\\/b8702bb0e538456e6efd07080bf2a4a2\"},\"headline\":\"Yunes, Pepe, Molina y Am\u00e9rico\",\"datePublished\":\"2017-12-04T04:53:29+00:00\",\"mainEntityOfPage\":{\"@id\":\"https:\\\/\\\/lospoliticosveracruz.com\\\/?p=38182\"},\"wordCount\":909,\"commentCount\":0,\"publisher\":{\"@id\":\"https:\\\/\\\/lospoliticosveracruz.com\\\/#organization\"},\"keywords\":[\"Am\u00e9rico Z\u00fa\u00f1iga Mart\u00ednez\",\"Ej\u00e9rcito\",\"Jos\u00e9 Antonio Meade Kuribre\u00f1a\",\"Marina\",\"medalla Adolfo Ruiz Cortines\",\"Miguel Angel Yunes Linares\"],\"articleSection\":[\"De Opini\u00f3n\"],\"inLanguage\":\"es\",\"potentialAction\":[{\"@type\":\"CommentAction\",\"name\":\"Comment\",\"target\":[\"https:\\\/\\\/lospoliticosveracruz.com\\\/?p=38182#respond\"]}]},{\"@type\":\"WebPage\",\"@id\":\"https:\\\/\\\/lospoliticosveracruz.com\\\/?p=38182\",\"url\":\"https:\\\/\\\/lospoliticosveracruz.com\\\/?p=38182\",\"name\":\"Yunes, Pepe, Molina y Am\u00e9rico - Los pol\u00edticos Veracruz\",\"isPartOf\":{\"@id\":\"https:\\\/\\\/lospoliticosveracruz.com\\\/#website\"},\"datePublished\":\"2017-12-04T04:53:29+00:00\",\"breadcrumb\":{\"@id\":\"https:\\\/\\\/lospoliticosveracruz.com\\\/?p=38182#breadcrumb\"},\"inLanguage\":\"es\",\"potentialAction\":[{\"@type\":\"ReadAction\",\"target\":[\"https:\\\/\\\/lospoliticosveracruz.com\\\/?p=38182\"]}]},{\"@type\":\"BreadcrumbList\",\"@id\":\"https:\\\/\\\/lospoliticosveracruz.com\\\/?p=38182#breadcrumb\",\"itemListElement\":[{\"@type\":\"ListItem\",\"position\":1,\"name\":\"Portada\",\"item\":\"https:\\\/\\\/lospoliticosveracruz.com\\\/\"},{\"@type\":\"ListItem\",\"position\":2,\"name\":\"Yunes, Pepe, Molina y Am\u00e9rico\"}]},{\"@type\":\"WebSite\",\"@id\":\"https:\\\/\\\/lospoliticosveracruz.com\\\/#website\",\"url\":\"https:\\\/\\\/lospoliticosveracruz.com\\\/\",\"name\":\"Los pol\u00edticos Veracruz\",\"description\":\"\",\"publisher\":{\"@id\":\"https:\\\/\\\/lospoliticosveracruz.com\\\/#organization\"},\"potentialAction\":[{\"@type\":\"SearchAction\",\"target\":{\"@type\":\"EntryPoint\",\"urlTemplate\":\"https:\\\/\\\/lospoliticosveracruz.com\\\/?s={search_term_string}\"},\"query-input\":{\"@type\":\"PropertyValueSpecification\",\"valueRequired\":true,\"valueName\":\"search_term_string\"}}],\"inLanguage\":\"es\"},{\"@type\":\"Organization\",\"@id\":\"https:\\\/\\\/lospoliticosveracruz.com\\\/#organization\",\"name\":\"Los pol\u00edticos Veracruz\",\"url\":\"https:\\\/\\\/lospoliticosveracruz.com\\\/\",\"logo\":{\"@type\":\"ImageObject\",\"inLanguage\":\"es\",\"@id\":\"https:\\\/\\\/lospoliticosveracruz.com\\\/#\\\/schema\\\/logo\\\/image\\\/\",\"url\":\"https:\\\/\\\/lospoliticosveracruz.com\\\/wp-content\\\/uploads\\\/2025\\\/12\\\/Logo-Nuevo-LOS-POLITICOS-1.jpg\",\"contentUrl\":\"https:\\\/\\\/lospoliticosveracruz.com\\\/wp-content\\\/uploads\\\/2025\\\/12\\\/Logo-Nuevo-LOS-POLITICOS-1.jpg\",\"width\":260,\"height\":70,\"caption\":\"Los pol\u00edticos Veracruz\"},\"image\":{\"@id\":\"https:\\\/\\\/lospoliticosveracruz.com\\\/#\\\/schema\\\/logo\\\/image\\\/\"},\"sameAs\":[\"https:\\\/\\\/www.facebook.com\\\/people\\\/Notimemes-de-los-Polticos\\\/61565672886568\\\/\",\"https:\\\/\\\/x.com\\\/LosPoliticosVer\"]},{\"@type\":\"Person\",\"@id\":\"https:\\\/\\\/lospoliticosveracruz.com\\\/#\\\/schema\\\/person\\\/b8702bb0e538456e6efd07080bf2a4a2\",\"name\":\"Lo viste en Los Pol\u00edticos\",\"image\":{\"@type\":\"ImageObject\",\"inLanguage\":\"es\",\"@id\":\"https:\\\/\\\/secure.gravatar.com\\\/avatar\\\/3a8de04a2656d44082be478bd6c086daa447c4651605818287b9532d3d0bd435?s=96&d=mm&r=g\",\"url\":\"https:\\\/\\\/secure.gravatar.com\\\/avatar\\\/3a8de04a2656d44082be478bd6c086daa447c4651605818287b9532d3d0bd435?s=96&d=mm&r=g\",\"contentUrl\":\"https:\\\/\\\/secure.gravatar.com\\\/avatar\\\/3a8de04a2656d44082be478bd6c086daa447c4651605818287b9532d3d0bd435?s=96&d=mm&r=g\",\"caption\":\"Lo viste en Los Pol\u00edticos\"},\"url\":\"https:\\\/\\\/lospoliticosveracruz.com\\\/?author=2\"}]}<\/script>\n<!-- \/ Yoast SEO plugin. -->","yoast_head_json":{"title":"Yunes, Pepe, Molina y Am\u00e9rico - Los pol\u00edticos Veracruz","robots":{"index":"index","follow":"follow","max-snippet":"max-snippet:-1","max-image-preview":"max-image-preview:large","max-video-preview":"max-video-preview:-1"},"canonical":"https:\/\/lospoliticosveracruz.com\/?p=38182","og_locale":"es_ES","og_type":"article","og_title":"Yunes, Pepe, Molina y Am\u00e9rico - Los pol\u00edticos Veracruz","og_description":"Salvador Mu\u00f1oz Los Pol\u00edticos &nbsp; &nbsp; No fue un domingo cualquiera\u2026 primero, la entrega de la medalla Ruiz Cortines por parte del Gobernador Miguel \u00c1ngel Yunes Linares al Ej\u00e9rcito y Marina; segundo, Pepe To\u00f1o Meade Kuribre\u00f1a cubriendo un requisito m\u00e1s en su camino a la candidatura del PRI por la presidencia; tercero, el cuarto informe [&hellip;]","og_url":"https:\/\/lospoliticosveracruz.com\/?p=38182","og_site_name":"Los pol\u00edticos Veracruz","article_publisher":"https:\/\/www.facebook.com\/people\/Notimemes-de-los-Polticos\/61565672886568\/","article_published_time":"2017-12-04T04:53:29+00:00","og_image":[{"width":200,"height":200,"url":"https:\/\/lospoliticosveracruz.com\/wp-content\/uploads\/2016\/07\/Logo-Dor.jpg","type":"image\/jpeg"}],"author":"Lo viste en Los Pol\u00edticos","twitter_card":"summary_large_image","twitter_creator":"@LosPoliticosVer","twitter_site":"@LosPoliticosVer","twitter_misc":{"Escrito por":"Lo viste en Los Pol\u00edticos","Tiempo de lectura":"5 minutos"},"schema":{"@context":"https:\/\/schema.org","@graph":[{"@type":"Article","@id":"https:\/\/lospoliticosveracruz.com\/?p=38182#article","isPartOf":{"@id":"https:\/\/lospoliticosveracruz.com\/?p=38182"},"author":{"name":"Lo viste en Los Pol\u00edticos","@id":"https:\/\/lospoliticosveracruz.com\/#\/schema\/person\/b8702bb0e538456e6efd07080bf2a4a2"},"headline":"Yunes, Pepe, Molina y Am\u00e9rico","datePublished":"2017-12-04T04:53:29+00:00","mainEntityOfPage":{"@id":"https:\/\/lospoliticosveracruz.com\/?p=38182"},"wordCount":909,"commentCount":0,"publisher":{"@id":"https:\/\/lospoliticosveracruz.com\/#organization"},"keywords":["Am\u00e9rico Z\u00fa\u00f1iga Mart\u00ednez","Ej\u00e9rcito","Jos\u00e9 Antonio Meade Kuribre\u00f1a","Marina","medalla Adolfo Ruiz Cortines","Miguel Angel Yunes Linares"],"articleSection":["De Opini\u00f3n"],"inLanguage":"es","potentialAction":[{"@type":"CommentAction","name":"Comment","target":["https:\/\/lospoliticosveracruz.com\/?p=38182#respond"]}]},{"@type":"WebPage","@id":"https:\/\/lospoliticosveracruz.com\/?p=38182","url":"https:\/\/lospoliticosveracruz.com\/?p=38182","name":"Yunes, Pepe, Molina y Am\u00e9rico - Los pol\u00edticos Veracruz","isPartOf":{"@id":"https:\/\/lospoliticosveracruz.com\/#website"},"datePublished":"2017-12-04T04:53:29+00:00","breadcrumb":{"@id":"https:\/\/lospoliticosveracruz.com\/?p=38182#breadcrumb"},"inLanguage":"es","potentialAction":[{"@type":"ReadAction","target":["https:\/\/lospoliticosveracruz.com\/?p=38182"]}]},{"@type":"BreadcrumbList","@id":"https:\/\/lospoliticosveracruz.com\/?p=38182#breadcrumb","itemListElement":[{"@type":"ListItem","position":1,"name":"Portada","item":"https:\/\/lospoliticosveracruz.com\/"},{"@type":"ListItem","position":2,"name":"Yunes, Pepe, Molina y Am\u00e9rico"}]},{"@type":"WebSite","@id":"https:\/\/lospoliticosveracruz.com\/#website","url":"https:\/\/lospoliticosveracruz.com\/","name":"Los pol\u00edticos Veracruz","description":"","publisher":{"@id":"https:\/\/lospoliticosveracruz.com\/#organization"},"potentialAction":[{"@type":"SearchAction","target":{"@type":"EntryPoint","urlTemplate":"https:\/\/lospoliticosveracruz.com\/?s={search_term_string}"},"query-input":{"@type":"PropertyValueSpecification","valueRequired":true,"valueName":"search_term_string"}}],"inLanguage":"es"},{"@type":"Organization","@id":"https:\/\/lospoliticosveracruz.com\/#organization","name":"Los pol\u00edticos Veracruz","url":"https:\/\/lospoliticosveracruz.com\/","logo":{"@type":"ImageObject","inLanguage":"es","@id":"https:\/\/lospoliticosveracruz.com\/#\/schema\/logo\/image\/","url":"https:\/\/lospoliticosveracruz.com\/wp-content\/uploads\/2025\/12\/Logo-Nuevo-LOS-POLITICOS-1.jpg","contentUrl":"https:\/\/lospoliticosveracruz.com\/wp-content\/uploads\/2025\/12\/Logo-Nuevo-LOS-POLITICOS-1.jpg","width":260,"height":70,"caption":"Los pol\u00edticos Veracruz"},"image":{"@id":"https:\/\/lospoliticosveracruz.com\/#\/schema\/logo\/image\/"},"sameAs":["https:\/\/www.facebook.com\/people\/Notimemes-de-los-Polticos\/61565672886568\/","https:\/\/x.com\/LosPoliticosVer"]},{"@type":"Person","@id":"https:\/\/lospoliticosveracruz.com\/#\/schema\/person\/b8702bb0e538456e6efd07080bf2a4a2","name":"Lo viste en Los Pol\u00edticos","image":{"@type":"ImageObject","inLanguage":"es","@id":"https:\/\/secure.gravatar.com\/avatar\/3a8de04a2656d44082be478bd6c086daa447c4651605818287b9532d3d0bd435?s=96&d=mm&r=g","url":"https:\/\/secure.gravatar.com\/avatar\/3a8de04a2656d44082be478bd6c086daa447c4651605818287b9532d3d0bd435?s=96&d=mm&r=g","contentUrl":"https:\/\/secure.gravatar.com\/avatar\/3a8de04a2656d44082be478bd6c086daa447c4651605818287b9532d3d0bd435?s=96&d=mm&r=g","caption":"Lo viste en Los Pol\u00edticos"},"url":"https:\/\/lospoliticosveracruz.com\/?author=2"}]}},"_links":{"self":[{"href":"https:\/\/lospoliticosveracruz.com\/index.php?rest_route=\/wp\/v2\/posts\/38182","targetHints":{"allow":["GET"]}}],"collection":[{"href":"https:\/\/lospoliticosveracruz.com\/index.php?rest_route=\/wp\/v2\/posts"}],"about":[{"href":"https:\/\/lospoliticosveracruz.com\/index.php?rest_route=\/wp\/v2\/types\/post"}],"author":[{"embeddable":true,"href":"https:\/\/lospoliticosveracruz.com\/index.php?rest_route=\/wp\/v2\/users\/2"}],"replies":[{"embeddable":true,"href":"https:\/\/lospoliticosveracruz.com\/index.php?rest_route=%2Fwp%2Fv2%2Fcomments&post=38182"}],"version-history":[{"count":1,"href":"https:\/\/lospoliticosveracruz.com\/index.php?rest_route=\/wp\/v2\/posts\/38182\/revisions"}],"predecessor-version":[{"id":38183,"href":"https:\/\/lospoliticosveracruz.com\/index.php?rest_route=\/wp\/v2\/posts\/38182\/revisions\/38183"}],"wp:attachment":[{"href":"https:\/\/lospoliticosveracruz.com\/index.php?rest_route=%2Fwp%2Fv2%2Fmedia&parent=38182"}],"wp:term":[{"taxonomy":"category","embeddable":true,"href":"https:\/\/lospoliticosveracruz.com\/index.php?rest_route=%2Fwp%2Fv2%2Fcategories&post=38182"},{"taxonomy":"post_tag","embeddable":true,"href":"https:\/\/lospoliticosveracruz.com\/index.php?rest_route=%2Fwp%2Fv2%2Ftags&post=38182"}],"curies":[{"name":"wp","href":"https:\/\/api.w.org\/{rel}","templated":true}]}}