{"id":38292,"date":"2017-12-06T22:53:00","date_gmt":"2017-12-07T04:53:00","guid":{"rendered":"http:\/\/www.lospoliticosveracruz.com.mx\/?p=38292"},"modified":"2017-12-06T23:02:40","modified_gmt":"2017-12-07T05:02:40","slug":"magaly-el-miedo","status":"publish","type":"post","link":"https:\/\/lospoliticosveracruz.com\/?p=38292","title":{"rendered":"Magaly: El miedo"},"content":{"rendered":"<p class=\"x_gmail-MsoNormal\"><b><\/b><b><\/b><b>Brenda Caballero<\/b><\/p>\n<p class=\"x_gmail-MsoNormal\"><em>N\u00fameros Rojos<\/em><\/p>\n<p class=\"x_gmail-MsoNormal\">Me preocupa mucho lo que est\u00e1 pasando, me dice una amiga, en referencia a Magaly, quien fue encontrada sin vida en el lugar llamado El Santuario de las Garzas, en la capital Xalapa, despu\u00e9s de varios d\u00edas de haber sido reportada como desaparecida por sus familiares.<\/p>\n<p class=\"x_gmail-MsoNormal\">Lo acabo de leer, me dijo. \u00bfC\u00f3mo desapareci\u00f3? \u00bfViv\u00eda por all\u00ed? Fueron algunas de sus preguntas. Y entend\u00ed que su preocupaci\u00f3n se enfocaba por su hija, estudiante de bachillerato, la cual muchas veces viaja en transporte p\u00fablico sola, pues su madre trabaja todo el d\u00eda.<\/p>\n<p class=\"x_gmail-MsoNormal\">Entiendo su angustia. \u00bfQu\u00e9 hacer, cuando todos los d\u00edas aparecen en los medios y redes sociales mujeres asesinadas en la ciudad, el estado y el pa\u00eds? \u00bfC\u00f3mo cuidarnos? \u00bfC\u00f3mo defendernos? \u00bfC\u00f3mo protegernos?<\/p>\n<p class=\"x_gmail-MsoNormal\">Es verdad, el gobierno tendr\u00eda que garantizarnos la seguridad; sin embargo no es as\u00ed. En M\u00e9xico estamos muy lejos de tener garant\u00edas de una mejor educaci\u00f3n, de un mejor sistema de salud que cubra al total de la poblaci\u00f3n, y mucho menos tenemos garant\u00edas de justicia. Ante casos como el de La Casa Blanca, Odebrecht, recursos federales robados por ex gobernadores y todos los que usted conozca, el mensaje que se manda es de impunidad total, de que \u201cAqu\u00ed no pasa nada\u201d. \u00bfAcaso \u00e9sta puede ser alguna de las razones por las que se han incrementado los feminicidios? \u00bfA cu\u00e1ntas mujeres asesinadas se les ha hecho justicia?<\/p>\n<p class=\"x_gmail-MsoNormal\">Suena absurdo pensarlo, y m\u00e1s cuando investigadores y estudiosos han explicado los feminicidios desde Las muertas de Ju\u00e1rez hasta nuestros d\u00edas, donde much\u00edsimas veces se se\u00f1ala que el asesino era conocido por la v\u00edctima, y donde era hasta su pareja sentimental, pero que antes del asesinato hubo alguna se\u00f1al de violencia contra la mujer. \u00bfPor qu\u00e9 no denunciamos? Muchas veces por miedo, otras por desconocimiento de las instituciones y otras m\u00e1s porque seguramente pensamos que \u201cno pasar\u00e1 nada\u201d.<\/p>\n<p class=\"x_gmail-MsoNormal\">Es extra\u00f1o, leo las notas y despu\u00e9s de haber sido encontrada muerta Magaly, todos se quieren poner las pilas, todos se echan la culpa entre s\u00ed, y otros m\u00e1s aprovechan el momento para hacer declaraciones alarmantes. Incluso, se rumora que hay un asesino serial que opera desde hace 14 a\u00f1os en el Santuario de las Garzas. Eso me recuerda a Las muertas de Ju\u00e1rez donde se lleg\u00f3 a decir que eran sectas diab\u00f3licas de altas esferas gubernamentales las que asesinaban mujeres, situaci\u00f3n que con estudios e investigaci\u00f3n desmintieron grupos y redes feministas y se lleg\u00f3 a un patr\u00f3n com\u00fan, el de la violencia de g\u00e9nero.<\/p>\n<p class=\"x_gmail-MsoNormal\">Pero \u00bfqu\u00e9 le dices en ese momento a alguien que est\u00e1 preocupada por la seguridad de su hija? No le puedes decir \u201c\u00a1Nos est\u00e1n matando!\u201d porque simplemente la alarmar\u00eda y hasta la presi\u00f3n se le disparar\u00eda; tampoco puedes decirle \u201cNo pasa nada\u201d, que son casos aislados, o \u201cque ya no salga de noche tu hija porque puede pasarle algo\u201d.<\/p>\n<p class=\"x_gmail-MsoNormal\">Ante el panorama de violencia en que vivimos y en el que si algo te sucede nadie interviene para ayudarte, poco podemos hacer planteando tesis de violencia de g\u00e9nero, de hip\u00f3tesis de asesinos seriales o desgarr\u00e1ndonos las vestiduras, porque para una madre, eso no es lo que quiere escuchar, sino saber c\u00f3mo proteger a su hija, y quiz\u00e1s lo m\u00e1s sencillo sea redoblar la seguridad con comunicaci\u00f3n, pero entre nuestros familiares, no en las redes sociales, y s\u00ed hay que usar la tecnolog\u00eda, hay aplicaciones que, insisto, con comunicaci\u00f3n y confianza, pueden ayudar a saber d\u00f3nde est\u00e1 y d\u00f3nde va tu ser querido. Tal vez no sea la soluci\u00f3n total, pero s\u00ed puede ayudar mucho empezando desde el n\u00facleo familiar.<\/p>\n<p class=\"x_gmail-MsoNormal\"><a href=\"mailto:caballero_brenda@hotmail.com\" target=\"_blank\" rel=\"noopener noreferrer\">caballero_brenda@hotmail.com<\/a><\/p>\n<p class=\"x_gmail-MsoNormal\"><span class=\"x_gmail-MsoHyperlink\">@NumerosRojos_BC<\/span><\/p>\n","protected":false},"excerpt":{"rendered":"<p>Brenda Caballero N\u00fameros Rojos Me preocupa mucho lo que est\u00e1 pasando, me dice una amiga, en referencia a Magaly, quien fue encontrada sin vida en el lugar llamado El Santuario de las Garzas, en la capital Xalapa, despu\u00e9s de varios d\u00edas de haber sido reportada como desaparecida por sus familiares. Lo acabo de leer, me [&hellip;]<\/p>\n","protected":false},"author":2,"featured_media":0,"comment_status":"open","ping_status":"open","sticky":false,"template":"","format":"standard","meta":{"tdm_status":"","tdm_grid_status":"","footnotes":""},"categories":[70],"tags":[10351,826,10350,360],"class_list":{"0":"post-38292","1":"post","2":"type-post","3":"status-publish","4":"format-standard","6":"category-de-opinion","7":"tag-el-santuario-de-las-garzas","8":"tag-feminicidios","9":"tag-ruth-magaly","10":"tag-seguridad"},"yoast_head":"<!-- This site is optimized with the Yoast SEO plugin v27.4 - https:\/\/yoast.com\/product\/yoast-seo-wordpress\/ -->\n<title>Magaly: El miedo - Los pol\u00edticos Veracruz<\/title>\n<meta name=\"robots\" content=\"index, follow, max-snippet:-1, max-image-preview:large, max-video-preview:-1\" \/>\n<link rel=\"canonical\" href=\"https:\/\/lospoliticosveracruz.com\/?p=38292\" \/>\n<meta property=\"og:locale\" content=\"es_ES\" \/>\n<meta property=\"og:type\" content=\"article\" \/>\n<meta property=\"og:title\" content=\"Magaly: El miedo - Los pol\u00edticos Veracruz\" \/>\n<meta property=\"og:description\" content=\"Brenda Caballero N\u00fameros Rojos Me preocupa mucho lo que est\u00e1 pasando, me dice una amiga, en referencia a Magaly, quien fue encontrada sin vida en el lugar llamado El Santuario de las Garzas, en la capital Xalapa, despu\u00e9s de varios d\u00edas de haber sido reportada como desaparecida por sus familiares. Lo acabo de leer, me [&hellip;]\" \/>\n<meta property=\"og:url\" content=\"https:\/\/lospoliticosveracruz.com\/?p=38292\" \/>\n<meta property=\"og:site_name\" content=\"Los pol\u00edticos Veracruz\" \/>\n<meta property=\"article:publisher\" content=\"https:\/\/www.facebook.com\/people\/Notimemes-de-los-Polticos\/61565672886568\/\" \/>\n<meta property=\"article:published_time\" content=\"2017-12-07T04:53:00+00:00\" \/>\n<meta property=\"article:modified_time\" content=\"2017-12-07T05:02:40+00:00\" \/>\n<meta property=\"og:image\" content=\"https:\/\/lospoliticosveracruz.com\/wp-content\/uploads\/2016\/07\/Logo-Dor.jpg\" \/>\n\t<meta property=\"og:image:width\" content=\"200\" \/>\n\t<meta property=\"og:image:height\" content=\"200\" \/>\n\t<meta property=\"og:image:type\" content=\"image\/jpeg\" \/>\n<meta name=\"author\" content=\"Lo viste en Los Pol\u00edticos\" \/>\n<meta name=\"twitter:card\" content=\"summary_large_image\" \/>\n<meta name=\"twitter:creator\" content=\"@LosPoliticosVer\" \/>\n<meta name=\"twitter:site\" content=\"@LosPoliticosVer\" \/>\n<meta name=\"twitter:label1\" content=\"Escrito por\" \/>\n\t<meta name=\"twitter:data1\" content=\"Lo viste en Los Pol\u00edticos\" \/>\n\t<meta name=\"twitter:label2\" content=\"Tiempo de lectura\" \/>\n\t<meta name=\"twitter:data2\" content=\"3 minutos\" \/>\n<script type=\"application\/ld+json\" class=\"yoast-schema-graph\">{\"@context\":\"https:\\\/\\\/schema.org\",\"@graph\":[{\"@type\":\"Article\",\"@id\":\"https:\\\/\\\/lospoliticosveracruz.com\\\/?p=38292#article\",\"isPartOf\":{\"@id\":\"https:\\\/\\\/lospoliticosveracruz.com\\\/?p=38292\"},\"author\":{\"name\":\"Lo viste en Los Pol\u00edticos\",\"@id\":\"https:\\\/\\\/lospoliticosveracruz.com\\\/#\\\/schema\\\/person\\\/b8702bb0e538456e6efd07080bf2a4a2\"},\"headline\":\"Magaly: El miedo\",\"datePublished\":\"2017-12-07T04:53:00+00:00\",\"dateModified\":\"2017-12-07T05:02:40+00:00\",\"mainEntityOfPage\":{\"@id\":\"https:\\\/\\\/lospoliticosveracruz.com\\\/?p=38292\"},\"wordCount\":660,\"commentCount\":0,\"publisher\":{\"@id\":\"https:\\\/\\\/lospoliticosveracruz.com\\\/#organization\"},\"keywords\":[\"El Santuario de las Garzas\",\"feminicidios\",\"Ruth Magaly\",\"Seguridad\"],\"articleSection\":[\"De Opini\u00f3n\"],\"inLanguage\":\"es\",\"potentialAction\":[{\"@type\":\"CommentAction\",\"name\":\"Comment\",\"target\":[\"https:\\\/\\\/lospoliticosveracruz.com\\\/?p=38292#respond\"]}]},{\"@type\":\"WebPage\",\"@id\":\"https:\\\/\\\/lospoliticosveracruz.com\\\/?p=38292\",\"url\":\"https:\\\/\\\/lospoliticosveracruz.com\\\/?p=38292\",\"name\":\"Magaly: El miedo - Los pol\u00edticos Veracruz\",\"isPartOf\":{\"@id\":\"https:\\\/\\\/lospoliticosveracruz.com\\\/#website\"},\"datePublished\":\"2017-12-07T04:53:00+00:00\",\"dateModified\":\"2017-12-07T05:02:40+00:00\",\"breadcrumb\":{\"@id\":\"https:\\\/\\\/lospoliticosveracruz.com\\\/?p=38292#breadcrumb\"},\"inLanguage\":\"es\",\"potentialAction\":[{\"@type\":\"ReadAction\",\"target\":[\"https:\\\/\\\/lospoliticosveracruz.com\\\/?p=38292\"]}]},{\"@type\":\"BreadcrumbList\",\"@id\":\"https:\\\/\\\/lospoliticosveracruz.com\\\/?p=38292#breadcrumb\",\"itemListElement\":[{\"@type\":\"ListItem\",\"position\":1,\"name\":\"Portada\",\"item\":\"https:\\\/\\\/lospoliticosveracruz.com\\\/\"},{\"@type\":\"ListItem\",\"position\":2,\"name\":\"Magaly: El miedo\"}]},{\"@type\":\"WebSite\",\"@id\":\"https:\\\/\\\/lospoliticosveracruz.com\\\/#website\",\"url\":\"https:\\\/\\\/lospoliticosveracruz.com\\\/\",\"name\":\"Los pol\u00edticos Veracruz\",\"description\":\"\",\"publisher\":{\"@id\":\"https:\\\/\\\/lospoliticosveracruz.com\\\/#organization\"},\"potentialAction\":[{\"@type\":\"SearchAction\",\"target\":{\"@type\":\"EntryPoint\",\"urlTemplate\":\"https:\\\/\\\/lospoliticosveracruz.com\\\/?s={search_term_string}\"},\"query-input\":{\"@type\":\"PropertyValueSpecification\",\"valueRequired\":true,\"valueName\":\"search_term_string\"}}],\"inLanguage\":\"es\"},{\"@type\":\"Organization\",\"@id\":\"https:\\\/\\\/lospoliticosveracruz.com\\\/#organization\",\"name\":\"Los pol\u00edticos Veracruz\",\"url\":\"https:\\\/\\\/lospoliticosveracruz.com\\\/\",\"logo\":{\"@type\":\"ImageObject\",\"inLanguage\":\"es\",\"@id\":\"https:\\\/\\\/lospoliticosveracruz.com\\\/#\\\/schema\\\/logo\\\/image\\\/\",\"url\":\"https:\\\/\\\/lospoliticosveracruz.com\\\/wp-content\\\/uploads\\\/2025\\\/12\\\/Logo-Nuevo-LOS-POLITICOS-1.jpg\",\"contentUrl\":\"https:\\\/\\\/lospoliticosveracruz.com\\\/wp-content\\\/uploads\\\/2025\\\/12\\\/Logo-Nuevo-LOS-POLITICOS-1.jpg\",\"width\":260,\"height\":70,\"caption\":\"Los pol\u00edticos Veracruz\"},\"image\":{\"@id\":\"https:\\\/\\\/lospoliticosveracruz.com\\\/#\\\/schema\\\/logo\\\/image\\\/\"},\"sameAs\":[\"https:\\\/\\\/www.facebook.com\\\/people\\\/Notimemes-de-los-Polticos\\\/61565672886568\\\/\",\"https:\\\/\\\/x.com\\\/LosPoliticosVer\"]},{\"@type\":\"Person\",\"@id\":\"https:\\\/\\\/lospoliticosveracruz.com\\\/#\\\/schema\\\/person\\\/b8702bb0e538456e6efd07080bf2a4a2\",\"name\":\"Lo viste en Los Pol\u00edticos\",\"image\":{\"@type\":\"ImageObject\",\"inLanguage\":\"es\",\"@id\":\"https:\\\/\\\/secure.gravatar.com\\\/avatar\\\/3a8de04a2656d44082be478bd6c086daa447c4651605818287b9532d3d0bd435?s=96&d=mm&r=g\",\"url\":\"https:\\\/\\\/secure.gravatar.com\\\/avatar\\\/3a8de04a2656d44082be478bd6c086daa447c4651605818287b9532d3d0bd435?s=96&d=mm&r=g\",\"contentUrl\":\"https:\\\/\\\/secure.gravatar.com\\\/avatar\\\/3a8de04a2656d44082be478bd6c086daa447c4651605818287b9532d3d0bd435?s=96&d=mm&r=g\",\"caption\":\"Lo viste en Los Pol\u00edticos\"},\"url\":\"https:\\\/\\\/lospoliticosveracruz.com\\\/?author=2\"}]}<\/script>\n<!-- \/ Yoast SEO plugin. -->","yoast_head_json":{"title":"Magaly: El miedo - Los pol\u00edticos Veracruz","robots":{"index":"index","follow":"follow","max-snippet":"max-snippet:-1","max-image-preview":"max-image-preview:large","max-video-preview":"max-video-preview:-1"},"canonical":"https:\/\/lospoliticosveracruz.com\/?p=38292","og_locale":"es_ES","og_type":"article","og_title":"Magaly: El miedo - Los pol\u00edticos Veracruz","og_description":"Brenda Caballero N\u00fameros Rojos Me preocupa mucho lo que est\u00e1 pasando, me dice una amiga, en referencia a Magaly, quien fue encontrada sin vida en el lugar llamado El Santuario de las Garzas, en la capital Xalapa, despu\u00e9s de varios d\u00edas de haber sido reportada como desaparecida por sus familiares. Lo acabo de leer, me [&hellip;]","og_url":"https:\/\/lospoliticosveracruz.com\/?p=38292","og_site_name":"Los pol\u00edticos Veracruz","article_publisher":"https:\/\/www.facebook.com\/people\/Notimemes-de-los-Polticos\/61565672886568\/","article_published_time":"2017-12-07T04:53:00+00:00","article_modified_time":"2017-12-07T05:02:40+00:00","og_image":[{"width":200,"height":200,"url":"https:\/\/lospoliticosveracruz.com\/wp-content\/uploads\/2016\/07\/Logo-Dor.jpg","type":"image\/jpeg"}],"author":"Lo viste en Los Pol\u00edticos","twitter_card":"summary_large_image","twitter_creator":"@LosPoliticosVer","twitter_site":"@LosPoliticosVer","twitter_misc":{"Escrito por":"Lo viste en Los Pol\u00edticos","Tiempo de lectura":"3 minutos"},"schema":{"@context":"https:\/\/schema.org","@graph":[{"@type":"Article","@id":"https:\/\/lospoliticosveracruz.com\/?p=38292#article","isPartOf":{"@id":"https:\/\/lospoliticosveracruz.com\/?p=38292"},"author":{"name":"Lo viste en Los Pol\u00edticos","@id":"https:\/\/lospoliticosveracruz.com\/#\/schema\/person\/b8702bb0e538456e6efd07080bf2a4a2"},"headline":"Magaly: El miedo","datePublished":"2017-12-07T04:53:00+00:00","dateModified":"2017-12-07T05:02:40+00:00","mainEntityOfPage":{"@id":"https:\/\/lospoliticosveracruz.com\/?p=38292"},"wordCount":660,"commentCount":0,"publisher":{"@id":"https:\/\/lospoliticosveracruz.com\/#organization"},"keywords":["El Santuario de las Garzas","feminicidios","Ruth Magaly","Seguridad"],"articleSection":["De Opini\u00f3n"],"inLanguage":"es","potentialAction":[{"@type":"CommentAction","name":"Comment","target":["https:\/\/lospoliticosveracruz.com\/?p=38292#respond"]}]},{"@type":"WebPage","@id":"https:\/\/lospoliticosveracruz.com\/?p=38292","url":"https:\/\/lospoliticosveracruz.com\/?p=38292","name":"Magaly: El miedo - Los pol\u00edticos Veracruz","isPartOf":{"@id":"https:\/\/lospoliticosveracruz.com\/#website"},"datePublished":"2017-12-07T04:53:00+00:00","dateModified":"2017-12-07T05:02:40+00:00","breadcrumb":{"@id":"https:\/\/lospoliticosveracruz.com\/?p=38292#breadcrumb"},"inLanguage":"es","potentialAction":[{"@type":"ReadAction","target":["https:\/\/lospoliticosveracruz.com\/?p=38292"]}]},{"@type":"BreadcrumbList","@id":"https:\/\/lospoliticosveracruz.com\/?p=38292#breadcrumb","itemListElement":[{"@type":"ListItem","position":1,"name":"Portada","item":"https:\/\/lospoliticosveracruz.com\/"},{"@type":"ListItem","position":2,"name":"Magaly: El miedo"}]},{"@type":"WebSite","@id":"https:\/\/lospoliticosveracruz.com\/#website","url":"https:\/\/lospoliticosveracruz.com\/","name":"Los pol\u00edticos Veracruz","description":"","publisher":{"@id":"https:\/\/lospoliticosveracruz.com\/#organization"},"potentialAction":[{"@type":"SearchAction","target":{"@type":"EntryPoint","urlTemplate":"https:\/\/lospoliticosveracruz.com\/?s={search_term_string}"},"query-input":{"@type":"PropertyValueSpecification","valueRequired":true,"valueName":"search_term_string"}}],"inLanguage":"es"},{"@type":"Organization","@id":"https:\/\/lospoliticosveracruz.com\/#organization","name":"Los pol\u00edticos Veracruz","url":"https:\/\/lospoliticosveracruz.com\/","logo":{"@type":"ImageObject","inLanguage":"es","@id":"https:\/\/lospoliticosveracruz.com\/#\/schema\/logo\/image\/","url":"https:\/\/lospoliticosveracruz.com\/wp-content\/uploads\/2025\/12\/Logo-Nuevo-LOS-POLITICOS-1.jpg","contentUrl":"https:\/\/lospoliticosveracruz.com\/wp-content\/uploads\/2025\/12\/Logo-Nuevo-LOS-POLITICOS-1.jpg","width":260,"height":70,"caption":"Los pol\u00edticos Veracruz"},"image":{"@id":"https:\/\/lospoliticosveracruz.com\/#\/schema\/logo\/image\/"},"sameAs":["https:\/\/www.facebook.com\/people\/Notimemes-de-los-Polticos\/61565672886568\/","https:\/\/x.com\/LosPoliticosVer"]},{"@type":"Person","@id":"https:\/\/lospoliticosveracruz.com\/#\/schema\/person\/b8702bb0e538456e6efd07080bf2a4a2","name":"Lo viste en Los Pol\u00edticos","image":{"@type":"ImageObject","inLanguage":"es","@id":"https:\/\/secure.gravatar.com\/avatar\/3a8de04a2656d44082be478bd6c086daa447c4651605818287b9532d3d0bd435?s=96&d=mm&r=g","url":"https:\/\/secure.gravatar.com\/avatar\/3a8de04a2656d44082be478bd6c086daa447c4651605818287b9532d3d0bd435?s=96&d=mm&r=g","contentUrl":"https:\/\/secure.gravatar.com\/avatar\/3a8de04a2656d44082be478bd6c086daa447c4651605818287b9532d3d0bd435?s=96&d=mm&r=g","caption":"Lo viste en Los Pol\u00edticos"},"url":"https:\/\/lospoliticosveracruz.com\/?author=2"}]}},"_links":{"self":[{"href":"https:\/\/lospoliticosveracruz.com\/index.php?rest_route=\/wp\/v2\/posts\/38292","targetHints":{"allow":["GET"]}}],"collection":[{"href":"https:\/\/lospoliticosveracruz.com\/index.php?rest_route=\/wp\/v2\/posts"}],"about":[{"href":"https:\/\/lospoliticosveracruz.com\/index.php?rest_route=\/wp\/v2\/types\/post"}],"author":[{"embeddable":true,"href":"https:\/\/lospoliticosveracruz.com\/index.php?rest_route=\/wp\/v2\/users\/2"}],"replies":[{"embeddable":true,"href":"https:\/\/lospoliticosveracruz.com\/index.php?rest_route=%2Fwp%2Fv2%2Fcomments&post=38292"}],"version-history":[{"count":2,"href":"https:\/\/lospoliticosveracruz.com\/index.php?rest_route=\/wp\/v2\/posts\/38292\/revisions"}],"predecessor-version":[{"id":38294,"href":"https:\/\/lospoliticosveracruz.com\/index.php?rest_route=\/wp\/v2\/posts\/38292\/revisions\/38294"}],"wp:attachment":[{"href":"https:\/\/lospoliticosveracruz.com\/index.php?rest_route=%2Fwp%2Fv2%2Fmedia&parent=38292"}],"wp:term":[{"taxonomy":"category","embeddable":true,"href":"https:\/\/lospoliticosveracruz.com\/index.php?rest_route=%2Fwp%2Fv2%2Fcategories&post=38292"},{"taxonomy":"post_tag","embeddable":true,"href":"https:\/\/lospoliticosveracruz.com\/index.php?rest_route=%2Fwp%2Fv2%2Ftags&post=38292"}],"curies":[{"name":"wp","href":"https:\/\/api.w.org\/{rel}","templated":true}]}}