{"id":38323,"date":"2017-12-07T22:48:33","date_gmt":"2017-12-08T04:48:33","guid":{"rendered":"http:\/\/www.lospoliticosveracruz.com.mx\/?p=38323"},"modified":"2017-12-07T22:53:21","modified_gmt":"2017-12-08T04:53:21","slug":"registro-civil-voz-de-profeta","status":"publish","type":"post","link":"https:\/\/lospoliticosveracruz.com\/?p=38323","title":{"rendered":"Registro Civil: voz de profeta"},"content":{"rendered":"<p dir=\"ltr\"><strong>Salvador Mu\u00f1oz<\/strong><\/p>\n<p dir=\"ltr\"><em>Los Pol\u00edticos<\/em><\/p>\n<p>&nbsp;<\/p>\n<p dir=\"ltr\">Se las cuento como me la contaron. La pl\u00e1tica la tuvimos en octubre, casi a finales del mes, acababan de tener a su chaval y por equis o ye, tuvieron que acudir al Registro Civil que se ubica cerca de la Central de Abasto\u2026 \u00a1ya me acord\u00e9! No hab\u00eda papeler\u00eda en el Hospital y por eso fue que se trasladaron a la oficina central.<\/p>\n<p dir=\"ltr\">S\u00f3lo para recordar&#8230; no ten\u00eda mucho que le dieron aire a \u00c1lvaro Palmeros Rosado como titular del Registro Civil de C\u00f3rdoba, porque se pas\u00f3 de lanza con una ciudadana a la que no quiso atender, y por eso es que hubo esa pl\u00e1tica por el chasco que se llevaron con una funcionaria.<\/p>\n<p dir=\"ltr\">Con \u201cchilpayata\u201d en brazos, se quejaron con una se\u00f1ora porque en el Hospital Civil, Luis F. Nach\u00f3n, el m\u00f3dulo del Registro Civil no ten\u00eda actas \u201cy se supone que debe haberlas\u201d&#8230; la respuesta de la funcionaria fue que no hab\u00eda actas \u00a1por la cantidad de documentos que se est\u00e1n \u00abregalando\u00bb! casi-casi les dijo que el Registro Civil \u00ables hac\u00eda el favor\u00bb con sus \u00abescuincles\u00bb (el sustantivo es de quien lo escribe) porque si pagaran, cada documento estar\u00eda saliendo en 250 pesos cada uno, el que se entrega a los padres, y el que queda como \u00abcertificado\u00bb.<\/p>\n<p dir=\"ltr\">Con dicho argumento \u00a1hasta rega\u00f1ados salieron los padres! En ese momento, no acertaban o recordaban el nombre de la funcionaria preocupada porque a los ciudadanos les \u00abregalan\u00bb las actas de sus hijos reci\u00e9n nacidos&#8230; \u00a1cuando debieran de pagarlas para que haya en los hospitales!<\/p>\n<p dir=\"ltr\">Total, la pl\u00e1tica qued\u00f3 en el anecdotario\u2026 en el tintero\u2026 \u00bfPues qu\u00e9 creen? que me encuentro a la misma pareja ya con la \u201cchilpayata\u201d m\u00e1s grande y que me preguntan si recordaba a la se\u00f1ora que se quej\u00f3 de la gratuidad de las actas\u2026 ante mi respuesta afirmativa que me dicen: \u201c\u00a1Pues qu\u00e9 crees! Con el aumento a los requisitos para registrar chilpayates, ya sacaron los 250 pesos que ped\u00eda tal funcionaria\u201d.<\/p>\n<p dir=\"ltr\">\u00bfAumento de requisitos?<\/p>\n<p dir=\"ltr\">Hasta donde me qued\u00e9, los requisitos para el asentamiento o registro de un reci\u00e9n nacido son: certificado o constancia de alumbramiento del beb\u00e9; acta de nacimiento, acta de matrimonio (en caso de ser casados) e identificaci\u00f3n oficial por parte de los padres; as\u00ed como dos testigos mayores de edad que presenten identificaci\u00f3n oficial.<\/p>\n<p dir=\"ltr\">Ahora, me dicen mis amigos, ya les piden Curp a los padres, que eso no es problema para quien agarra una computadora, baja tal c\u00e9dula y la imprime; el asunto se complica, de acuerdo a lo que me dicen, cuando les solicitan a los padres copia certificada de Acta de Nacimiento no superior a tres meses. Ya no les aceptan el acta que all\u00ed tiene uno guardada por los siglos de los siglos. Recuerden que antes se aceptaba presentar acta sin importar la fecha de expedici\u00f3n ni las condiciones de la misma siempre y cuando fuera legible.<\/p>\n<p dir=\"ltr\">Chequen: para sacar la certificada, se tiene que erogar 125 pesos que en pareja salen 250 pesos, claro, siempre y cuando los padres quieran figurar en el acta.<\/p>\n<p dir=\"ltr\">Como sea, la funcionaria que en octubre se cruz\u00f3 con estos noveles padres, tuvo voz de profeta\u2026 \u00a1ah! y por fin se acordaron del nombre de la susodicha: Monserrat Ortega Ruiz\u2026 \u00bfla esposa de Pepe Mancha, el dirigente del PAN?<\/p>\n<p dir=\"ltr\">Bueno, los se\u00f1ores padres no conocen a la se\u00f1ora, s\u00f3lo me dieron ese nombre y pues yo tampoco la conozco\u2026<\/p>\n<p dir=\"ltr\">En fin, trato de entender la nueva mec\u00e1nica para registrar un ni\u00f1o, y entiendo que al final, se busca darle seguridad a los infantes, aunque es mucha mala coincidencia las cuentas que les hac\u00eda esa funcionaria con el costo que ahora implica cubrir los requisitos como padre ante el Registro Civil&#8230;<\/p>\n<p dir=\"ltr\">Por cierto, hablando del Registro Civil, les cuento otro cuento\u2026 all\u00e1 por septiembre, muchos directores y no s\u00e9 si ediles, estaban negociando con l\u00edderes sindicales la oportunidad de colar a uno que otro de sus incondicionales con una \u201cplacita\u201d o \u201cbase\u201d aun a sabiendas de que el alcalde Am\u00e9rico Z\u00fa\u00f1iga hab\u00eda sido muy claro al respecto: cero basificados.<\/p>\n<p dir=\"ltr\">Pues bien, todo parece indicar que estos vivales \u00a1ya encontraron el modo de basificarlos! \u00bfC\u00f3mo? acomod\u00e1ndolos en el Registro Civil, donde la plantilla de empleados parece renovarse cada d\u00eda. Entienden que cada quien trata de asegurar su trabajo pero la molestia se da porque hay muchas personas en esas oficinas que realmente se han fletado y servido en dicha \u00e1rea y las est\u00e1n enviando a ejecuci\u00f3n fiscal, turismo municipal, comercio.<\/p>\n<p dir=\"ltr\">\u201c\u00bfNo nos cree?\u201d, me dicen. \u201cD\u00e9se una vuelta y es seguro que se encuentre a algunos l\u00edderes sindicales haciendo circo, maroma y teatro a la lim\u00f3n con Recursos Humanos\u2026\u201d<\/p>\n<p dir=\"ltr\">Y eso que a\u00fan no termina la administraci\u00f3n\u2026<\/p>\n<p>&nbsp;<\/p>\n<p dir=\"ltr\"><a href=\"mailto:smcainito@gmail.com\" target=\"_blank\" rel=\"noopener noreferrer\">smcainito@gmail.com<\/a><\/p>\n<p>&nbsp;<\/p>\n","protected":false},"excerpt":{"rendered":"<p>Salvador Mu\u00f1oz Los Pol\u00edticos &nbsp; Se las cuento como me la contaron. La pl\u00e1tica la tuvimos en octubre, casi a finales del mes, acababan de tener a su chaval y por equis o ye, tuvieron que acudir al Registro Civil que se ubica cerca de la Central de Abasto\u2026 \u00a1ya me acord\u00e9! No hab\u00eda papeler\u00eda [&hellip;]<\/p>\n","protected":false},"author":2,"featured_media":0,"comment_status":"open","ping_status":"open","sticky":false,"template":"","format":"standard","meta":{"tdm_status":"","tdm_grid_status":"","footnotes":""},"categories":[70],"tags":[7034,7471,266,1065,2029],"class_list":{"0":"post-38323","1":"post","2":"type-post","3":"status-publish","4":"format-standard","6":"category-de-opinion","7":"tag-central-de-abasto","8":"tag-monserrat-ortega-ruiz","9":"tag-pan","10":"tag-pepe-mancha","11":"tag-registro-civil"},"yoast_head":"<!-- This site is optimized with the Yoast SEO plugin v27.4 - https:\/\/yoast.com\/product\/yoast-seo-wordpress\/ -->\n<title>Registro Civil: voz de profeta - Los pol\u00edticos Veracruz<\/title>\n<meta name=\"robots\" content=\"index, follow, max-snippet:-1, max-image-preview:large, max-video-preview:-1\" \/>\n<link rel=\"canonical\" href=\"https:\/\/lospoliticosveracruz.com\/?p=38323\" \/>\n<meta property=\"og:locale\" content=\"es_ES\" \/>\n<meta property=\"og:type\" content=\"article\" \/>\n<meta property=\"og:title\" content=\"Registro Civil: voz de profeta - Los pol\u00edticos Veracruz\" \/>\n<meta property=\"og:description\" content=\"Salvador Mu\u00f1oz Los Pol\u00edticos &nbsp; Se las cuento como me la contaron. La pl\u00e1tica la tuvimos en octubre, casi a finales del mes, acababan de tener a su chaval y por equis o ye, tuvieron que acudir al Registro Civil que se ubica cerca de la Central de Abasto\u2026 \u00a1ya me acord\u00e9! No hab\u00eda papeler\u00eda [&hellip;]\" \/>\n<meta property=\"og:url\" content=\"https:\/\/lospoliticosveracruz.com\/?p=38323\" \/>\n<meta property=\"og:site_name\" content=\"Los pol\u00edticos Veracruz\" \/>\n<meta property=\"article:publisher\" content=\"https:\/\/www.facebook.com\/people\/Notimemes-de-los-Polticos\/61565672886568\/\" \/>\n<meta property=\"article:published_time\" content=\"2017-12-08T04:48:33+00:00\" \/>\n<meta property=\"article:modified_time\" content=\"2017-12-08T04:53:21+00:00\" \/>\n<meta property=\"og:image\" content=\"https:\/\/lospoliticosveracruz.com\/wp-content\/uploads\/2016\/07\/Logo-Dor.jpg\" \/>\n\t<meta property=\"og:image:width\" content=\"200\" \/>\n\t<meta property=\"og:image:height\" content=\"200\" \/>\n\t<meta property=\"og:image:type\" content=\"image\/jpeg\" \/>\n<meta name=\"author\" content=\"Lo viste en Los Pol\u00edticos\" \/>\n<meta name=\"twitter:card\" content=\"summary_large_image\" \/>\n<meta name=\"twitter:creator\" content=\"@LosPoliticosVer\" \/>\n<meta name=\"twitter:site\" content=\"@LosPoliticosVer\" \/>\n<meta name=\"twitter:label1\" content=\"Escrito por\" \/>\n\t<meta name=\"twitter:data1\" content=\"Lo viste en Los Pol\u00edticos\" \/>\n\t<meta name=\"twitter:label2\" content=\"Tiempo de lectura\" \/>\n\t<meta name=\"twitter:data2\" content=\"4 minutos\" \/>\n<script type=\"application\/ld+json\" class=\"yoast-schema-graph\">{\"@context\":\"https:\\\/\\\/schema.org\",\"@graph\":[{\"@type\":\"Article\",\"@id\":\"https:\\\/\\\/lospoliticosveracruz.com\\\/?p=38323#article\",\"isPartOf\":{\"@id\":\"https:\\\/\\\/lospoliticosveracruz.com\\\/?p=38323\"},\"author\":{\"name\":\"Lo viste en Los Pol\u00edticos\",\"@id\":\"https:\\\/\\\/lospoliticosveracruz.com\\\/#\\\/schema\\\/person\\\/b8702bb0e538456e6efd07080bf2a4a2\"},\"headline\":\"Registro Civil: voz de profeta\",\"datePublished\":\"2017-12-08T04:48:33+00:00\",\"dateModified\":\"2017-12-08T04:53:21+00:00\",\"mainEntityOfPage\":{\"@id\":\"https:\\\/\\\/lospoliticosveracruz.com\\\/?p=38323\"},\"wordCount\":844,\"commentCount\":0,\"publisher\":{\"@id\":\"https:\\\/\\\/lospoliticosveracruz.com\\\/#organization\"},\"keywords\":[\"Central de Abasto\",\"Monserrat Ortega Ruiz\",\"PAN\",\"Pepe Mancha\",\"Registro Civil\"],\"articleSection\":[\"De Opini\u00f3n\"],\"inLanguage\":\"es\",\"potentialAction\":[{\"@type\":\"CommentAction\",\"name\":\"Comment\",\"target\":[\"https:\\\/\\\/lospoliticosveracruz.com\\\/?p=38323#respond\"]}]},{\"@type\":\"WebPage\",\"@id\":\"https:\\\/\\\/lospoliticosveracruz.com\\\/?p=38323\",\"url\":\"https:\\\/\\\/lospoliticosveracruz.com\\\/?p=38323\",\"name\":\"Registro Civil: voz de profeta - Los pol\u00edticos Veracruz\",\"isPartOf\":{\"@id\":\"https:\\\/\\\/lospoliticosveracruz.com\\\/#website\"},\"datePublished\":\"2017-12-08T04:48:33+00:00\",\"dateModified\":\"2017-12-08T04:53:21+00:00\",\"breadcrumb\":{\"@id\":\"https:\\\/\\\/lospoliticosveracruz.com\\\/?p=38323#breadcrumb\"},\"inLanguage\":\"es\",\"potentialAction\":[{\"@type\":\"ReadAction\",\"target\":[\"https:\\\/\\\/lospoliticosveracruz.com\\\/?p=38323\"]}]},{\"@type\":\"BreadcrumbList\",\"@id\":\"https:\\\/\\\/lospoliticosveracruz.com\\\/?p=38323#breadcrumb\",\"itemListElement\":[{\"@type\":\"ListItem\",\"position\":1,\"name\":\"Portada\",\"item\":\"https:\\\/\\\/lospoliticosveracruz.com\\\/\"},{\"@type\":\"ListItem\",\"position\":2,\"name\":\"Registro Civil: voz de profeta\"}]},{\"@type\":\"WebSite\",\"@id\":\"https:\\\/\\\/lospoliticosveracruz.com\\\/#website\",\"url\":\"https:\\\/\\\/lospoliticosveracruz.com\\\/\",\"name\":\"Los pol\u00edticos Veracruz\",\"description\":\"\",\"publisher\":{\"@id\":\"https:\\\/\\\/lospoliticosveracruz.com\\\/#organization\"},\"potentialAction\":[{\"@type\":\"SearchAction\",\"target\":{\"@type\":\"EntryPoint\",\"urlTemplate\":\"https:\\\/\\\/lospoliticosveracruz.com\\\/?s={search_term_string}\"},\"query-input\":{\"@type\":\"PropertyValueSpecification\",\"valueRequired\":true,\"valueName\":\"search_term_string\"}}],\"inLanguage\":\"es\"},{\"@type\":\"Organization\",\"@id\":\"https:\\\/\\\/lospoliticosveracruz.com\\\/#organization\",\"name\":\"Los pol\u00edticos Veracruz\",\"url\":\"https:\\\/\\\/lospoliticosveracruz.com\\\/\",\"logo\":{\"@type\":\"ImageObject\",\"inLanguage\":\"es\",\"@id\":\"https:\\\/\\\/lospoliticosveracruz.com\\\/#\\\/schema\\\/logo\\\/image\\\/\",\"url\":\"https:\\\/\\\/lospoliticosveracruz.com\\\/wp-content\\\/uploads\\\/2025\\\/12\\\/Logo-Nuevo-LOS-POLITICOS-1.jpg\",\"contentUrl\":\"https:\\\/\\\/lospoliticosveracruz.com\\\/wp-content\\\/uploads\\\/2025\\\/12\\\/Logo-Nuevo-LOS-POLITICOS-1.jpg\",\"width\":260,\"height\":70,\"caption\":\"Los pol\u00edticos Veracruz\"},\"image\":{\"@id\":\"https:\\\/\\\/lospoliticosveracruz.com\\\/#\\\/schema\\\/logo\\\/image\\\/\"},\"sameAs\":[\"https:\\\/\\\/www.facebook.com\\\/people\\\/Notimemes-de-los-Polticos\\\/61565672886568\\\/\",\"https:\\\/\\\/x.com\\\/LosPoliticosVer\"]},{\"@type\":\"Person\",\"@id\":\"https:\\\/\\\/lospoliticosveracruz.com\\\/#\\\/schema\\\/person\\\/b8702bb0e538456e6efd07080bf2a4a2\",\"name\":\"Lo viste en Los Pol\u00edticos\",\"image\":{\"@type\":\"ImageObject\",\"inLanguage\":\"es\",\"@id\":\"https:\\\/\\\/secure.gravatar.com\\\/avatar\\\/3a8de04a2656d44082be478bd6c086daa447c4651605818287b9532d3d0bd435?s=96&d=mm&r=g\",\"url\":\"https:\\\/\\\/secure.gravatar.com\\\/avatar\\\/3a8de04a2656d44082be478bd6c086daa447c4651605818287b9532d3d0bd435?s=96&d=mm&r=g\",\"contentUrl\":\"https:\\\/\\\/secure.gravatar.com\\\/avatar\\\/3a8de04a2656d44082be478bd6c086daa447c4651605818287b9532d3d0bd435?s=96&d=mm&r=g\",\"caption\":\"Lo viste en Los Pol\u00edticos\"},\"url\":\"https:\\\/\\\/lospoliticosveracruz.com\\\/?author=2\"}]}<\/script>\n<!-- \/ Yoast SEO plugin. -->","yoast_head_json":{"title":"Registro Civil: voz de profeta - Los pol\u00edticos Veracruz","robots":{"index":"index","follow":"follow","max-snippet":"max-snippet:-1","max-image-preview":"max-image-preview:large","max-video-preview":"max-video-preview:-1"},"canonical":"https:\/\/lospoliticosveracruz.com\/?p=38323","og_locale":"es_ES","og_type":"article","og_title":"Registro Civil: voz de profeta - Los pol\u00edticos Veracruz","og_description":"Salvador Mu\u00f1oz Los Pol\u00edticos &nbsp; Se las cuento como me la contaron. La pl\u00e1tica la tuvimos en octubre, casi a finales del mes, acababan de tener a su chaval y por equis o ye, tuvieron que acudir al Registro Civil que se ubica cerca de la Central de Abasto\u2026 \u00a1ya me acord\u00e9! No hab\u00eda papeler\u00eda [&hellip;]","og_url":"https:\/\/lospoliticosveracruz.com\/?p=38323","og_site_name":"Los pol\u00edticos Veracruz","article_publisher":"https:\/\/www.facebook.com\/people\/Notimemes-de-los-Polticos\/61565672886568\/","article_published_time":"2017-12-08T04:48:33+00:00","article_modified_time":"2017-12-08T04:53:21+00:00","og_image":[{"width":200,"height":200,"url":"https:\/\/lospoliticosveracruz.com\/wp-content\/uploads\/2016\/07\/Logo-Dor.jpg","type":"image\/jpeg"}],"author":"Lo viste en Los Pol\u00edticos","twitter_card":"summary_large_image","twitter_creator":"@LosPoliticosVer","twitter_site":"@LosPoliticosVer","twitter_misc":{"Escrito por":"Lo viste en Los Pol\u00edticos","Tiempo de lectura":"4 minutos"},"schema":{"@context":"https:\/\/schema.org","@graph":[{"@type":"Article","@id":"https:\/\/lospoliticosveracruz.com\/?p=38323#article","isPartOf":{"@id":"https:\/\/lospoliticosveracruz.com\/?p=38323"},"author":{"name":"Lo viste en Los Pol\u00edticos","@id":"https:\/\/lospoliticosveracruz.com\/#\/schema\/person\/b8702bb0e538456e6efd07080bf2a4a2"},"headline":"Registro Civil: voz de profeta","datePublished":"2017-12-08T04:48:33+00:00","dateModified":"2017-12-08T04:53:21+00:00","mainEntityOfPage":{"@id":"https:\/\/lospoliticosveracruz.com\/?p=38323"},"wordCount":844,"commentCount":0,"publisher":{"@id":"https:\/\/lospoliticosveracruz.com\/#organization"},"keywords":["Central de Abasto","Monserrat Ortega Ruiz","PAN","Pepe Mancha","Registro Civil"],"articleSection":["De Opini\u00f3n"],"inLanguage":"es","potentialAction":[{"@type":"CommentAction","name":"Comment","target":["https:\/\/lospoliticosveracruz.com\/?p=38323#respond"]}]},{"@type":"WebPage","@id":"https:\/\/lospoliticosveracruz.com\/?p=38323","url":"https:\/\/lospoliticosveracruz.com\/?p=38323","name":"Registro Civil: voz de profeta - Los pol\u00edticos Veracruz","isPartOf":{"@id":"https:\/\/lospoliticosveracruz.com\/#website"},"datePublished":"2017-12-08T04:48:33+00:00","dateModified":"2017-12-08T04:53:21+00:00","breadcrumb":{"@id":"https:\/\/lospoliticosveracruz.com\/?p=38323#breadcrumb"},"inLanguage":"es","potentialAction":[{"@type":"ReadAction","target":["https:\/\/lospoliticosveracruz.com\/?p=38323"]}]},{"@type":"BreadcrumbList","@id":"https:\/\/lospoliticosveracruz.com\/?p=38323#breadcrumb","itemListElement":[{"@type":"ListItem","position":1,"name":"Portada","item":"https:\/\/lospoliticosveracruz.com\/"},{"@type":"ListItem","position":2,"name":"Registro Civil: voz de profeta"}]},{"@type":"WebSite","@id":"https:\/\/lospoliticosveracruz.com\/#website","url":"https:\/\/lospoliticosveracruz.com\/","name":"Los pol\u00edticos Veracruz","description":"","publisher":{"@id":"https:\/\/lospoliticosveracruz.com\/#organization"},"potentialAction":[{"@type":"SearchAction","target":{"@type":"EntryPoint","urlTemplate":"https:\/\/lospoliticosveracruz.com\/?s={search_term_string}"},"query-input":{"@type":"PropertyValueSpecification","valueRequired":true,"valueName":"search_term_string"}}],"inLanguage":"es"},{"@type":"Organization","@id":"https:\/\/lospoliticosveracruz.com\/#organization","name":"Los pol\u00edticos Veracruz","url":"https:\/\/lospoliticosveracruz.com\/","logo":{"@type":"ImageObject","inLanguage":"es","@id":"https:\/\/lospoliticosveracruz.com\/#\/schema\/logo\/image\/","url":"https:\/\/lospoliticosveracruz.com\/wp-content\/uploads\/2025\/12\/Logo-Nuevo-LOS-POLITICOS-1.jpg","contentUrl":"https:\/\/lospoliticosveracruz.com\/wp-content\/uploads\/2025\/12\/Logo-Nuevo-LOS-POLITICOS-1.jpg","width":260,"height":70,"caption":"Los pol\u00edticos Veracruz"},"image":{"@id":"https:\/\/lospoliticosveracruz.com\/#\/schema\/logo\/image\/"},"sameAs":["https:\/\/www.facebook.com\/people\/Notimemes-de-los-Polticos\/61565672886568\/","https:\/\/x.com\/LosPoliticosVer"]},{"@type":"Person","@id":"https:\/\/lospoliticosveracruz.com\/#\/schema\/person\/b8702bb0e538456e6efd07080bf2a4a2","name":"Lo viste en Los Pol\u00edticos","image":{"@type":"ImageObject","inLanguage":"es","@id":"https:\/\/secure.gravatar.com\/avatar\/3a8de04a2656d44082be478bd6c086daa447c4651605818287b9532d3d0bd435?s=96&d=mm&r=g","url":"https:\/\/secure.gravatar.com\/avatar\/3a8de04a2656d44082be478bd6c086daa447c4651605818287b9532d3d0bd435?s=96&d=mm&r=g","contentUrl":"https:\/\/secure.gravatar.com\/avatar\/3a8de04a2656d44082be478bd6c086daa447c4651605818287b9532d3d0bd435?s=96&d=mm&r=g","caption":"Lo viste en Los Pol\u00edticos"},"url":"https:\/\/lospoliticosveracruz.com\/?author=2"}]}},"_links":{"self":[{"href":"https:\/\/lospoliticosveracruz.com\/index.php?rest_route=\/wp\/v2\/posts\/38323","targetHints":{"allow":["GET"]}}],"collection":[{"href":"https:\/\/lospoliticosveracruz.com\/index.php?rest_route=\/wp\/v2\/posts"}],"about":[{"href":"https:\/\/lospoliticosveracruz.com\/index.php?rest_route=\/wp\/v2\/types\/post"}],"author":[{"embeddable":true,"href":"https:\/\/lospoliticosveracruz.com\/index.php?rest_route=\/wp\/v2\/users\/2"}],"replies":[{"embeddable":true,"href":"https:\/\/lospoliticosveracruz.com\/index.php?rest_route=%2Fwp%2Fv2%2Fcomments&post=38323"}],"version-history":[{"count":3,"href":"https:\/\/lospoliticosveracruz.com\/index.php?rest_route=\/wp\/v2\/posts\/38323\/revisions"}],"predecessor-version":[{"id":38326,"href":"https:\/\/lospoliticosveracruz.com\/index.php?rest_route=\/wp\/v2\/posts\/38323\/revisions\/38326"}],"wp:attachment":[{"href":"https:\/\/lospoliticosveracruz.com\/index.php?rest_route=%2Fwp%2Fv2%2Fmedia&parent=38323"}],"wp:term":[{"taxonomy":"category","embeddable":true,"href":"https:\/\/lospoliticosveracruz.com\/index.php?rest_route=%2Fwp%2Fv2%2Fcategories&post=38323"},{"taxonomy":"post_tag","embeddable":true,"href":"https:\/\/lospoliticosveracruz.com\/index.php?rest_route=%2Fwp%2Fv2%2Ftags&post=38323"}],"curies":[{"name":"wp","href":"https:\/\/api.w.org\/{rel}","templated":true}]}}