{"id":38338,"date":"2017-12-11T22:51:01","date_gmt":"2017-12-12T04:51:01","guid":{"rendered":"http:\/\/www.lospoliticosveracruz.com.mx\/?p=38338"},"modified":"2017-12-11T20:54:43","modified_gmt":"2017-12-12T02:54:43","slug":"montserrat-y-el-registro-civil","status":"publish","type":"post","link":"https:\/\/lospoliticosveracruz.com\/?p=38338","title":{"rendered":"Montserrat y el Registro Civil"},"content":{"rendered":"<p><strong>Salvador Mu\u00f1oz<\/strong><\/p>\n<p><em>Los Pol\u00edticos\u00a0<\/em><br \/>\nUna mujer se acerca el Registro Civil de Xalapa. Pide ayuda. En su trabajo se lo piden porque si no, no hay manera de que mantenga su empleo. No, la se\u00f1ora no se equivoc\u00f3 de oficina ni ten\u00eda que acudir a Derechos Humanos, Fiscal\u00eda o parecido&#8230; est\u00e1 en el lugar correcto, porque sus empleadores lo que le piden \u00a1es su acta de nacimiento!, la cual no tiene.<br \/>\nCuando se piensa en la carencia del documento b\u00e1sico que nos integra a ser parte de la sociedad, uno se imagina que eso s\u00f3lo puede suceder en regiones alejadas de las grandes ciudades, pero no, ocurre en Xalapa, en la Capital de Veracruz, nos platica Montserrat Ortega Ruiz, titular del Registro Civil de Xalapa, tan as\u00ed, que hace poco, acaban de entregar su acta de nacimiento a una anciana de m\u00e1s de 80 a\u00f1os&#8230;<br \/>\nII<br \/>\nEs seguro que la oficina del Registro Civil de Xalapa o de cualquier otro punto del estado o pa\u00eds, sea una de las instituciones m\u00e1s visitadas por cualquier ciudadano porque al nacer, el acta de nacimiento; al casarse, acta de matrimonio; al diluir el matrimonio (toco madera), acta de divorcio; y al fallecer, que el acta de defunci\u00f3n&#8230; eso, si tomamos en cuenta las actividades m\u00e1s simples del ser humano porque las chamba del Registro Civil es m\u00e1s amplia, aunque es la esencial, como es la expedici\u00f3n del acta de nacimiento, Ortega Ruiz nos platica que inici\u00f3 una campa\u00f1a para que las personas que carecen de esta valiosa c\u00e9dula acudan a obtenerla, precisando la directora que este tr\u00e1mite es completamente gratuito.<br \/>\nEsta campa\u00f1a est\u00e1 dirigida a ni\u00f1os mayores de seis meses de edad y menores de 14 a\u00f1os que no han sido registrados por sus padres en el t\u00e9rmino que la Ley marca, que es de manera inmediata en el hospital donde se nace y hay m\u00f3dulo del Registro Civil, o hasta los 180 d\u00edas de nacido, si donde nace no hay m\u00f3dulo o fue con partera.<br \/>\nTambi\u00e9n est\u00e1 dirigido a esos ni\u00f1os, j\u00f3venes y adultos que nacieron en el extranjero, hijos de padre o madre mexicanos que no cuentan con Inscripci\u00f3n de Nacimiento Mexicana.<br \/>\nIII<br \/>\nSi bien, nos cuenta Montserrat Ortega, hay m\u00f3dulos del Registro Civil en los hospitales de esta ciudad, en breve se ha de incorporar el Issste pero con una caracter\u00edstica singular: ser\u00e1 el \u00fanico que expida el certificado electr\u00f3nico. En el resto, a\u00fan se hace a mano el apunte de datos.<br \/>\nA ello, se une otro proyecto interesante en beneficio del ciudadano, que es incluir un m\u00f3dulo en el DIF estatal que adem\u00e1s de la expedici\u00f3n de actas de nacimiento, igual extender\u00eda copias certificadas, rectificaciones y por supuesto, podr\u00eda llevarse a cabo la campa\u00f1a de matrimonio que se hace en colectivo.<br \/>\nY aunque parezca raro, pero tambi\u00e9n se capacit\u00f3 a personal para tramitar el Curp de quien lo solicite. Digo que parece raro porque uno, por lo regular, toma la computadora y s\u00f3lo preguntando \u201c\u00bfC\u00f3mo saco mi Curp?\u201d nos lleva a un link del Registro Nacional de Poblaci\u00f3n y s\u00f3lo es cuesti\u00f3n de seguir los pasos que nos marcan&#8230; pero \u00bfqu\u00e9 sucede con aquellos que simplemente no saben sacarlo? Ahora lo podr\u00e1n hacer en m\u00f3dulos y no s\u00f3lo eso, quienes carecen de \u00e9l, podr\u00e1n generar con personal capacitado su Curp.<br \/>\nIV<br \/>\n\u00bfY c\u00f3mo llega Montserrat Ortega al Registro Civil? Si bien es a invitaci\u00f3n de la secretar\u00eda de Gobierno, la avala no s\u00f3lo ser licenciada en Derecho, sino conocer de la materia por contar con una Maestr\u00eda en Derecho Privado as\u00ed como una en Derecho Notarial y en breve ha de presumir otra, en Derechos Humanos.<br \/>\nS\u00f3lo como referencia, ya que estamos en el \u00e1rea del Registro Civil, Montserrat Ortega est\u00e1 casada con Jos\u00e9 Mancha, dirigente del PAN, y ello hace que muchos la vean como \u201cla esposa de Pepe Mancha\u201d y no por s\u00ed, como una entidad, un individuo, una persona, que puede ser y hacer por ella misma, aunque cuenta que esto, no es nuevo y en anteriores ocasiones ha tenido que dejar pasar oportunidades, tanto dentro del partido como fuera de \u00e9l, por el v\u00ednculo que se genera por la labor de Pepe Mancha, pero en esta ocasi\u00f3n, su marido no est\u00e1 en el Gabinete y eso le permite ser y hacer su propio camino en el servicio p\u00fablico a nivel estatal.<\/p>\n","protected":false},"excerpt":{"rendered":"<p>Salvador Mu\u00f1oz Los Pol\u00edticos\u00a0 Una mujer se acerca el Registro Civil de Xalapa. Pide ayuda. En su trabajo se lo piden porque si no, no hay manera de que mantenga su empleo. No, la se\u00f1ora no se equivoc\u00f3 de oficina ni ten\u00eda que acudir a Derechos Humanos, Fiscal\u00eda o parecido&#8230; est\u00e1 en el lugar correcto, [&hellip;]<\/p>\n","protected":false},"author":2,"featured_media":0,"comment_status":"open","ping_status":"open","sticky":false,"template":"","format":"standard","meta":{"tdm_status":"","tdm_grid_status":"","footnotes":""},"categories":[70],"tags":[10402,1065,2029],"class_list":{"0":"post-38338","1":"post","2":"type-post","3":"status-publish","4":"format-standard","6":"category-de-opinion","7":"tag-montserrat-ortega-ruiz","8":"tag-pepe-mancha","9":"tag-registro-civil"},"yoast_head":"<!-- This site is optimized with the Yoast SEO plugin v27.4 - https:\/\/yoast.com\/product\/yoast-seo-wordpress\/ -->\n<title>Montserrat y el Registro Civil - Los pol\u00edticos Veracruz<\/title>\n<meta name=\"robots\" content=\"index, follow, max-snippet:-1, max-image-preview:large, max-video-preview:-1\" \/>\n<link rel=\"canonical\" href=\"https:\/\/lospoliticosveracruz.com\/?p=38338\" \/>\n<meta property=\"og:locale\" content=\"es_ES\" \/>\n<meta property=\"og:type\" content=\"article\" \/>\n<meta property=\"og:title\" content=\"Montserrat y el Registro Civil - Los pol\u00edticos Veracruz\" \/>\n<meta property=\"og:description\" content=\"Salvador Mu\u00f1oz Los Pol\u00edticos\u00a0 Una mujer se acerca el Registro Civil de Xalapa. Pide ayuda. En su trabajo se lo piden porque si no, no hay manera de que mantenga su empleo. No, la se\u00f1ora no se equivoc\u00f3 de oficina ni ten\u00eda que acudir a Derechos Humanos, Fiscal\u00eda o parecido&#8230; est\u00e1 en el lugar correcto, [&hellip;]\" \/>\n<meta property=\"og:url\" content=\"https:\/\/lospoliticosveracruz.com\/?p=38338\" \/>\n<meta property=\"og:site_name\" content=\"Los pol\u00edticos Veracruz\" \/>\n<meta property=\"article:publisher\" content=\"https:\/\/www.facebook.com\/people\/Notimemes-de-los-Polticos\/61565672886568\/\" \/>\n<meta property=\"article:published_time\" content=\"2017-12-12T04:51:01+00:00\" \/>\n<meta property=\"og:image\" content=\"https:\/\/lospoliticosveracruz.com\/wp-content\/uploads\/2016\/07\/Logo-Dor.jpg\" \/>\n\t<meta property=\"og:image:width\" content=\"200\" \/>\n\t<meta property=\"og:image:height\" content=\"200\" \/>\n\t<meta property=\"og:image:type\" content=\"image\/jpeg\" \/>\n<meta name=\"author\" content=\"Lo viste en Los Pol\u00edticos\" \/>\n<meta name=\"twitter:card\" content=\"summary_large_image\" \/>\n<meta name=\"twitter:creator\" content=\"@LosPoliticosVer\" \/>\n<meta name=\"twitter:site\" content=\"@LosPoliticosVer\" \/>\n<meta name=\"twitter:label1\" content=\"Escrito por\" \/>\n\t<meta name=\"twitter:data1\" content=\"Lo viste en Los Pol\u00edticos\" \/>\n\t<meta name=\"twitter:label2\" content=\"Tiempo de lectura\" \/>\n\t<meta name=\"twitter:data2\" content=\"4 minutos\" \/>\n<script type=\"application\/ld+json\" class=\"yoast-schema-graph\">{\"@context\":\"https:\\\/\\\/schema.org\",\"@graph\":[{\"@type\":\"Article\",\"@id\":\"https:\\\/\\\/lospoliticosveracruz.com\\\/?p=38338#article\",\"isPartOf\":{\"@id\":\"https:\\\/\\\/lospoliticosveracruz.com\\\/?p=38338\"},\"author\":{\"name\":\"Lo viste en Los Pol\u00edticos\",\"@id\":\"https:\\\/\\\/lospoliticosveracruz.com\\\/#\\\/schema\\\/person\\\/b8702bb0e538456e6efd07080bf2a4a2\"},\"headline\":\"Montserrat y el Registro Civil\",\"datePublished\":\"2017-12-12T04:51:01+00:00\",\"mainEntityOfPage\":{\"@id\":\"https:\\\/\\\/lospoliticosveracruz.com\\\/?p=38338\"},\"wordCount\":786,\"commentCount\":0,\"publisher\":{\"@id\":\"https:\\\/\\\/lospoliticosveracruz.com\\\/#organization\"},\"keywords\":[\"Montserrat Ortega Ruiz\",\"Pepe Mancha\",\"Registro Civil\"],\"articleSection\":[\"De Opini\u00f3n\"],\"inLanguage\":\"es\",\"potentialAction\":[{\"@type\":\"CommentAction\",\"name\":\"Comment\",\"target\":[\"https:\\\/\\\/lospoliticosveracruz.com\\\/?p=38338#respond\"]}]},{\"@type\":\"WebPage\",\"@id\":\"https:\\\/\\\/lospoliticosveracruz.com\\\/?p=38338\",\"url\":\"https:\\\/\\\/lospoliticosveracruz.com\\\/?p=38338\",\"name\":\"Montserrat y el Registro Civil - Los pol\u00edticos Veracruz\",\"isPartOf\":{\"@id\":\"https:\\\/\\\/lospoliticosveracruz.com\\\/#website\"},\"datePublished\":\"2017-12-12T04:51:01+00:00\",\"breadcrumb\":{\"@id\":\"https:\\\/\\\/lospoliticosveracruz.com\\\/?p=38338#breadcrumb\"},\"inLanguage\":\"es\",\"potentialAction\":[{\"@type\":\"ReadAction\",\"target\":[\"https:\\\/\\\/lospoliticosveracruz.com\\\/?p=38338\"]}]},{\"@type\":\"BreadcrumbList\",\"@id\":\"https:\\\/\\\/lospoliticosveracruz.com\\\/?p=38338#breadcrumb\",\"itemListElement\":[{\"@type\":\"ListItem\",\"position\":1,\"name\":\"Portada\",\"item\":\"https:\\\/\\\/lospoliticosveracruz.com\\\/\"},{\"@type\":\"ListItem\",\"position\":2,\"name\":\"Montserrat y el Registro Civil\"}]},{\"@type\":\"WebSite\",\"@id\":\"https:\\\/\\\/lospoliticosveracruz.com\\\/#website\",\"url\":\"https:\\\/\\\/lospoliticosveracruz.com\\\/\",\"name\":\"Los pol\u00edticos Veracruz\",\"description\":\"\",\"publisher\":{\"@id\":\"https:\\\/\\\/lospoliticosveracruz.com\\\/#organization\"},\"potentialAction\":[{\"@type\":\"SearchAction\",\"target\":{\"@type\":\"EntryPoint\",\"urlTemplate\":\"https:\\\/\\\/lospoliticosveracruz.com\\\/?s={search_term_string}\"},\"query-input\":{\"@type\":\"PropertyValueSpecification\",\"valueRequired\":true,\"valueName\":\"search_term_string\"}}],\"inLanguage\":\"es\"},{\"@type\":\"Organization\",\"@id\":\"https:\\\/\\\/lospoliticosveracruz.com\\\/#organization\",\"name\":\"Los pol\u00edticos Veracruz\",\"url\":\"https:\\\/\\\/lospoliticosveracruz.com\\\/\",\"logo\":{\"@type\":\"ImageObject\",\"inLanguage\":\"es\",\"@id\":\"https:\\\/\\\/lospoliticosveracruz.com\\\/#\\\/schema\\\/logo\\\/image\\\/\",\"url\":\"https:\\\/\\\/lospoliticosveracruz.com\\\/wp-content\\\/uploads\\\/2025\\\/12\\\/Logo-Nuevo-LOS-POLITICOS-1.jpg\",\"contentUrl\":\"https:\\\/\\\/lospoliticosveracruz.com\\\/wp-content\\\/uploads\\\/2025\\\/12\\\/Logo-Nuevo-LOS-POLITICOS-1.jpg\",\"width\":260,\"height\":70,\"caption\":\"Los pol\u00edticos Veracruz\"},\"image\":{\"@id\":\"https:\\\/\\\/lospoliticosveracruz.com\\\/#\\\/schema\\\/logo\\\/image\\\/\"},\"sameAs\":[\"https:\\\/\\\/www.facebook.com\\\/people\\\/Notimemes-de-los-Polticos\\\/61565672886568\\\/\",\"https:\\\/\\\/x.com\\\/LosPoliticosVer\"]},{\"@type\":\"Person\",\"@id\":\"https:\\\/\\\/lospoliticosveracruz.com\\\/#\\\/schema\\\/person\\\/b8702bb0e538456e6efd07080bf2a4a2\",\"name\":\"Lo viste en Los Pol\u00edticos\",\"image\":{\"@type\":\"ImageObject\",\"inLanguage\":\"es\",\"@id\":\"https:\\\/\\\/secure.gravatar.com\\\/avatar\\\/3a8de04a2656d44082be478bd6c086daa447c4651605818287b9532d3d0bd435?s=96&d=mm&r=g\",\"url\":\"https:\\\/\\\/secure.gravatar.com\\\/avatar\\\/3a8de04a2656d44082be478bd6c086daa447c4651605818287b9532d3d0bd435?s=96&d=mm&r=g\",\"contentUrl\":\"https:\\\/\\\/secure.gravatar.com\\\/avatar\\\/3a8de04a2656d44082be478bd6c086daa447c4651605818287b9532d3d0bd435?s=96&d=mm&r=g\",\"caption\":\"Lo viste en Los Pol\u00edticos\"},\"url\":\"https:\\\/\\\/lospoliticosveracruz.com\\\/?author=2\"}]}<\/script>\n<!-- \/ Yoast SEO plugin. -->","yoast_head_json":{"title":"Montserrat y el Registro Civil - Los pol\u00edticos Veracruz","robots":{"index":"index","follow":"follow","max-snippet":"max-snippet:-1","max-image-preview":"max-image-preview:large","max-video-preview":"max-video-preview:-1"},"canonical":"https:\/\/lospoliticosveracruz.com\/?p=38338","og_locale":"es_ES","og_type":"article","og_title":"Montserrat y el Registro Civil - Los pol\u00edticos Veracruz","og_description":"Salvador Mu\u00f1oz Los Pol\u00edticos\u00a0 Una mujer se acerca el Registro Civil de Xalapa. Pide ayuda. En su trabajo se lo piden porque si no, no hay manera de que mantenga su empleo. No, la se\u00f1ora no se equivoc\u00f3 de oficina ni ten\u00eda que acudir a Derechos Humanos, Fiscal\u00eda o parecido&#8230; est\u00e1 en el lugar correcto, [&hellip;]","og_url":"https:\/\/lospoliticosveracruz.com\/?p=38338","og_site_name":"Los pol\u00edticos Veracruz","article_publisher":"https:\/\/www.facebook.com\/people\/Notimemes-de-los-Polticos\/61565672886568\/","article_published_time":"2017-12-12T04:51:01+00:00","og_image":[{"width":200,"height":200,"url":"https:\/\/lospoliticosveracruz.com\/wp-content\/uploads\/2016\/07\/Logo-Dor.jpg","type":"image\/jpeg"}],"author":"Lo viste en Los Pol\u00edticos","twitter_card":"summary_large_image","twitter_creator":"@LosPoliticosVer","twitter_site":"@LosPoliticosVer","twitter_misc":{"Escrito por":"Lo viste en Los Pol\u00edticos","Tiempo de lectura":"4 minutos"},"schema":{"@context":"https:\/\/schema.org","@graph":[{"@type":"Article","@id":"https:\/\/lospoliticosveracruz.com\/?p=38338#article","isPartOf":{"@id":"https:\/\/lospoliticosveracruz.com\/?p=38338"},"author":{"name":"Lo viste en Los Pol\u00edticos","@id":"https:\/\/lospoliticosveracruz.com\/#\/schema\/person\/b8702bb0e538456e6efd07080bf2a4a2"},"headline":"Montserrat y el Registro Civil","datePublished":"2017-12-12T04:51:01+00:00","mainEntityOfPage":{"@id":"https:\/\/lospoliticosveracruz.com\/?p=38338"},"wordCount":786,"commentCount":0,"publisher":{"@id":"https:\/\/lospoliticosveracruz.com\/#organization"},"keywords":["Montserrat Ortega Ruiz","Pepe Mancha","Registro Civil"],"articleSection":["De Opini\u00f3n"],"inLanguage":"es","potentialAction":[{"@type":"CommentAction","name":"Comment","target":["https:\/\/lospoliticosveracruz.com\/?p=38338#respond"]}]},{"@type":"WebPage","@id":"https:\/\/lospoliticosveracruz.com\/?p=38338","url":"https:\/\/lospoliticosveracruz.com\/?p=38338","name":"Montserrat y el Registro Civil - Los pol\u00edticos Veracruz","isPartOf":{"@id":"https:\/\/lospoliticosveracruz.com\/#website"},"datePublished":"2017-12-12T04:51:01+00:00","breadcrumb":{"@id":"https:\/\/lospoliticosveracruz.com\/?p=38338#breadcrumb"},"inLanguage":"es","potentialAction":[{"@type":"ReadAction","target":["https:\/\/lospoliticosveracruz.com\/?p=38338"]}]},{"@type":"BreadcrumbList","@id":"https:\/\/lospoliticosveracruz.com\/?p=38338#breadcrumb","itemListElement":[{"@type":"ListItem","position":1,"name":"Portada","item":"https:\/\/lospoliticosveracruz.com\/"},{"@type":"ListItem","position":2,"name":"Montserrat y el Registro Civil"}]},{"@type":"WebSite","@id":"https:\/\/lospoliticosveracruz.com\/#website","url":"https:\/\/lospoliticosveracruz.com\/","name":"Los pol\u00edticos Veracruz","description":"","publisher":{"@id":"https:\/\/lospoliticosveracruz.com\/#organization"},"potentialAction":[{"@type":"SearchAction","target":{"@type":"EntryPoint","urlTemplate":"https:\/\/lospoliticosveracruz.com\/?s={search_term_string}"},"query-input":{"@type":"PropertyValueSpecification","valueRequired":true,"valueName":"search_term_string"}}],"inLanguage":"es"},{"@type":"Organization","@id":"https:\/\/lospoliticosveracruz.com\/#organization","name":"Los pol\u00edticos Veracruz","url":"https:\/\/lospoliticosveracruz.com\/","logo":{"@type":"ImageObject","inLanguage":"es","@id":"https:\/\/lospoliticosveracruz.com\/#\/schema\/logo\/image\/","url":"https:\/\/lospoliticosveracruz.com\/wp-content\/uploads\/2025\/12\/Logo-Nuevo-LOS-POLITICOS-1.jpg","contentUrl":"https:\/\/lospoliticosveracruz.com\/wp-content\/uploads\/2025\/12\/Logo-Nuevo-LOS-POLITICOS-1.jpg","width":260,"height":70,"caption":"Los pol\u00edticos Veracruz"},"image":{"@id":"https:\/\/lospoliticosveracruz.com\/#\/schema\/logo\/image\/"},"sameAs":["https:\/\/www.facebook.com\/people\/Notimemes-de-los-Polticos\/61565672886568\/","https:\/\/x.com\/LosPoliticosVer"]},{"@type":"Person","@id":"https:\/\/lospoliticosveracruz.com\/#\/schema\/person\/b8702bb0e538456e6efd07080bf2a4a2","name":"Lo viste en Los Pol\u00edticos","image":{"@type":"ImageObject","inLanguage":"es","@id":"https:\/\/secure.gravatar.com\/avatar\/3a8de04a2656d44082be478bd6c086daa447c4651605818287b9532d3d0bd435?s=96&d=mm&r=g","url":"https:\/\/secure.gravatar.com\/avatar\/3a8de04a2656d44082be478bd6c086daa447c4651605818287b9532d3d0bd435?s=96&d=mm&r=g","contentUrl":"https:\/\/secure.gravatar.com\/avatar\/3a8de04a2656d44082be478bd6c086daa447c4651605818287b9532d3d0bd435?s=96&d=mm&r=g","caption":"Lo viste en Los Pol\u00edticos"},"url":"https:\/\/lospoliticosveracruz.com\/?author=2"}]}},"_links":{"self":[{"href":"https:\/\/lospoliticosveracruz.com\/index.php?rest_route=\/wp\/v2\/posts\/38338","targetHints":{"allow":["GET"]}}],"collection":[{"href":"https:\/\/lospoliticosveracruz.com\/index.php?rest_route=\/wp\/v2\/posts"}],"about":[{"href":"https:\/\/lospoliticosveracruz.com\/index.php?rest_route=\/wp\/v2\/types\/post"}],"author":[{"embeddable":true,"href":"https:\/\/lospoliticosveracruz.com\/index.php?rest_route=\/wp\/v2\/users\/2"}],"replies":[{"embeddable":true,"href":"https:\/\/lospoliticosveracruz.com\/index.php?rest_route=%2Fwp%2Fv2%2Fcomments&post=38338"}],"version-history":[{"count":3,"href":"https:\/\/lospoliticosveracruz.com\/index.php?rest_route=\/wp\/v2\/posts\/38338\/revisions"}],"predecessor-version":[{"id":38412,"href":"https:\/\/lospoliticosveracruz.com\/index.php?rest_route=\/wp\/v2\/posts\/38338\/revisions\/38412"}],"wp:attachment":[{"href":"https:\/\/lospoliticosveracruz.com\/index.php?rest_route=%2Fwp%2Fv2%2Fmedia&parent=38338"}],"wp:term":[{"taxonomy":"category","embeddable":true,"href":"https:\/\/lospoliticosveracruz.com\/index.php?rest_route=%2Fwp%2Fv2%2Fcategories&post=38338"},{"taxonomy":"post_tag","embeddable":true,"href":"https:\/\/lospoliticosveracruz.com\/index.php?rest_route=%2Fwp%2Fv2%2Ftags&post=38338"}],"curies":[{"name":"wp","href":"https:\/\/api.w.org\/{rel}","templated":true}]}}