{"id":38377,"date":"2017-12-10T22:44:25","date_gmt":"2017-12-11T04:44:25","guid":{"rendered":"http:\/\/www.lospoliticosveracruz.com.mx\/?p=38377"},"modified":"2017-12-10T22:44:25","modified_gmt":"2017-12-11T04:44:25","slug":"odebrecht-mexico","status":"publish","type":"post","link":"https:\/\/lospoliticosveracruz.com\/?p=38377","title":{"rendered":"Odebrecht M\u00e9xico"},"content":{"rendered":"<p><strong>Felipe de Jes\u00fas Fern\u00e1ndez Basilio<\/strong><\/p>\n<p><em>Desde a Janela<\/em><\/p>\n<p>&nbsp;<\/p>\n<p>&nbsp;<\/p>\n<p>Por desgracia nuevamente tenemos que hablar de ese mal llamado corrupci\u00f3n y que como ya se dijo en alguna colaboraci\u00f3n anterior nos ha aquejado a lo largo de nuestra historia mas debido a la relevancia que este tema ha cobrado en los \u00faltimos d\u00edas hace necesario comentarlo.<\/p>\n<p>Empecemos explicando que Odebrecht es una empresa constructora brasilera fundada por inmigrantes de ascendencia tudesca (alemanes) a mediados del siglo XIX y que actualmente seg\u00fan su p\u00e1gina de internet es una empresa global que opera en los sectores de ingenier\u00eda, infraestructura, industria, energ\u00eda, transportes y medio ambiente.<\/p>\n<p>Hasta ah\u00ed parece una empresa que como cualquiera otra presta sus servicios con la finalidad de obtener una utilidad, mas lo relevante del caso es que en los \u00faltimos 20 a\u00f1os se ha expandido obteniendo obra p\u00fablica en muchos pa\u00edses mediante la adjudicaci\u00f3n de contratos a trav\u00e9s de sobornos dados a funcionarios de alto nivel con la finalidad de ser favorecida en las licitaciones que se han hecho para otorgar los contratos.<\/p>\n<p>Y as\u00ed tenemos que se han descubierto casos de corrupci\u00f3n para beneficiar a esta empresa en Angola, Argentina, Colombia, Ecuador, Guatemala, Mozambique, Panam\u00e1, Per\u00fa, Rep\u00fablica Dominicana, Venezuela y por supuesto (no pod\u00eda faltar) M\u00e9xico.<\/p>\n<p>Salpicando en sus corruptelas a personajes tan relevantes como los presidentes Michel Temer, Dilma Rouseff y Lula de Brasil; Alejandro Toledo (con su esposa) y Ollanta Humala de Per\u00fa; N\u00e9stor Kirchner y su esposa Cristina Fern\u00e1ndez de Argentina, as\u00ed como a Gustavo Arrib\u00e1s quien es \u00edntimo amigo del actual presidente de ese pa\u00eds Mauricio Macri y al presidente de Panam\u00e1 Juan Carlos Varela; as\u00ed como a funcionarios de la campa\u00f1a del presidente colombiano Juan Manuel Santos (actualmente han detenido a dos subsecretarios de estado de ese pa\u00eds) y se investiga en sus pa\u00edses a otros tantos de Ecuador y Rep\u00fablica Dominicana.<\/p>\n<p>Y en M\u00e9xico, seg\u00fan reportes de las justicias norteamericana y brasilera (se descuenta a la procuraci\u00f3n de justicia mexicana, ya que como siempre acontece en casos de corrupci\u00f3n las investigaciones provienen de fuera ya que aqu\u00ed no se hace nada) al menos se han documentado los siguientes casos: el del gasoducto de \u201cLos Ramones\u201d en el noreste del pa\u00eds y para el que dicha empresa hizo un soborno millonario al entonces director de Pemex Emilio Lozoya Austin, funcionario pri\u00edsta<\/p>\n<p>cercano al presidente Pe\u00f1a y que seg\u00fan se sabe, ya ten\u00eda contacto con los Brasileros desde antes de que este \u00faltimo fuera candidato a la presidencia en 2012 y que adem\u00e1s recibi\u00f3 recursos para la campa\u00f1a electoral de Pe\u00f1a Nieto a la presidencia, ya que Lozoya en ese entonces era su coordinador de campa\u00f1a hacia el extranjero.<\/p>\n<p>Claro, por la \u00e9poca en lo que \u00e9sto sucedi\u00f3 Calder\u00f3n tambi\u00e9n debe de ser investigado y en su caso deslindarse las responsabilidades que hubiere, ya que de ese sexenio provienen autopistas de dudosa reputaci\u00f3n, ya que son concesiones muy largas, con cuotas altas y de las cuales no queda muy clara su utilidad pr\u00e1ctica, verbigracia el libramiento jalape\u00f1o.<\/p>\n<p>Ni qu\u00e9 decir de quien fue puente entre Calder\u00f3n y Pe\u00f1a y a quien ahora sus adl\u00e1teres (forma elegante de llamar a sus paleros) quieren vendernos como el salvador de la patria: Jos\u00e9 Antonio Meade Kuribre\u00f1a, quien por cierto fue secretario de Energ\u00eda y de Hacienda con Calder\u00f3n en las postrimer\u00edas de su sexenio, o sea durante las elecciones que a la postre llevaron a Pe\u00f1a a Los Pinos; dos dependencias ligadas necesariamente a las obras en las que Odebrecht licit\u00f3 y gan\u00f3 de manera indebida y que adem\u00e1s ocup\u00f3 carteras importantes durante todo el gobierno de Pe\u00f1a Nieto y a quien ahora pretenden en el PRI llevar a encabezar el Ejecutivo de la Uni\u00f3n para continuar con las triqui\u00f1uelas que durante m\u00e1s de una d\u00e9cada les han beneficiado.<\/p>\n<p>Pero aqu\u00ed \u00bfqu\u00e9 ha sucedido en materia de procuraci\u00f3n de justicia? Nada; bueno s\u00ed, los pri\u00edstas de Pe\u00f1a corrieron al fiscal que investigaba la corrupci\u00f3n que el caso Odebrecht puso al descubierto y la PGR ha ca\u00eddo en contradicciones respecto a la publicidad que debe darse al caso, ya que en un principio se mostraron abiertos para informar sobre sus investigaciones y despu\u00e9s, quiz\u00e1 al ver la magnitud tanto del esc\u00e1ndalo como de los involucrados, decidieron que mejor era reservar la informaci\u00f3n ampar\u00e1ndose en el C\u00f3digo Nacional de Procedimientos Penales que dispone que las investigaciones deben de ser secretas hasta que se descubran para el imputado mas pasan por alto que Lozoya Austin lleva meses defendi\u00e9ndose con pleno acceso a las carpetas de investigaci\u00f3n y por lo mismo esas investigaciones dejan de ser secretas, tal y como ahora acontece en el Brasil.<\/p>\n<p>Pero el esc\u00e1ndalo no solo es a nivel nacional, no queridos amigos, tambi\u00e9n lo es a nivel local en Veracruz en donde los pri\u00edstas dicen que ya es muy hartante echarles toda la culpa de los males que acontecen en la entidad a Fidel Herrera y a Javier Duarte y a quienes les concedo la raz\u00f3n parcialmente, ya que es muy cansino hablar siempre de los mismos responsables mas tambi\u00e9n es cierto que la historia los coloca como los responsables de todos los males que aquejan a la entidad y por supuesto que Odebrecht no pod\u00eda ser la excepci\u00f3n.<\/p>\n<p>Y la prueba est\u00e1 en la construcci\u00f3n del Complejo Etileno Siglo XXI en Coatzacoalcos, obra que construy\u00f3 Odebrecht (ya sea por s\u00ed o por alguna de sus filiales) y que en su tiempo ambos gobernadores fueron muy ensalzados por los directivos de<\/p>\n<p>dicha empresa e incluso el \u00faltimo de \u00e9stos hizo varios viajes a la sede de la empresa en S\u00e2o Paulo y que adem\u00e1s adquiri\u00f3 terrenos a bajo costo en las inmediaciones del proyecto, los cuales aumentaron ampliamente su valor como consecuencia de la plusval\u00eda que la realizaci\u00f3n de dicha obra les dio.<\/p>\n<p>Como pueden ver, la corrupci\u00f3n es algo muy enraizado en nuestro pa\u00eds, mas el PRI es quien siempre la encarna de la mejor manera tal y como calza un guante de primera a la mano que lo porta, por ello debemos de estar alertas y si en verdad queremos superar este c\u00e1ncer, no debemos dejarnos enga\u00f1ar por quienes quieren vestir de santo a quien ha sido part\u00edcipe (por acci\u00f3n u omisi\u00f3n) de la corrupci\u00f3n en la que nuestro pa\u00eds ha estado sumergido por tantos a\u00f1os.<\/p>\n<p>EPILOG\u00d3N<\/p>\n<p>Ha sido designado Arzobispo Primado de la Ciudad de M\u00e9xico Carlos Aguiar Retes, quien ha sido por un lado promotor del derecho a opinar por parte de la Iglesia en la vida p\u00fablica, lo cual es muy v\u00e1lido ya que todos los mexicanos tenemos derecho a opinar sobre la vida p\u00fablica de nuestro pa\u00eds y as\u00ed mismo ha sido junto con el Papa actual misionero en Am\u00e9rica Latina desde tiempos de Benedicto XVI; su intervenci\u00f3n pastoral en la m\u00e1s relevante provincia eclesi\u00e1stica del pa\u00eds queda como un libro en blanco y con el beneficio de la duda que favorece a quien inicia una tarea; mas se agradece a Roma el que no se den posiciones importantes a talibanes religiosos como el arzobispo jalape\u00f1o, quien por cierto ha sido promotor de gente corrupta ligada al PRI, y as\u00ed mismo esperamos que alg\u00fan d\u00eda el Sumo pont\u00edfice se acuerde de esta modesta provincia eclesi\u00e1stica (porque \u00e9se es su justo valor, ya que una sede grande en el pa\u00eds no lo es) y ponga a cargo de la misma a alguien m\u00e1s calificado para la evangelizaci\u00f3n en estos tiempos. felfebas@gmail.com<\/p>\n<p>Twitter: @fefebas<\/p>\n","protected":false},"excerpt":{"rendered":"<p>Felipe de Jes\u00fas Fern\u00e1ndez Basilio Desde a Janela &nbsp; &nbsp; Por desgracia nuevamente tenemos que hablar de ese mal llamado corrupci\u00f3n y que como ya se dijo en alguna colaboraci\u00f3n anterior nos ha aquejado a lo largo de nuestra historia mas debido a la relevancia que este tema ha cobrado en los \u00faltimos d\u00edas hace [&hellip;]<\/p>\n","protected":false},"author":2,"featured_media":0,"comment_status":"open","ping_status":"open","sticky":false,"template":"","format":"standard","meta":{"tdm_status":"","tdm_grid_status":"","footnotes":""},"categories":[70],"tags":[3946,79,162,8055,251],"class_list":{"0":"post-38377","1":"post","2":"type-post","3":"status-publish","4":"format-standard","6":"category-de-opinion","7":"tag-felipe-calderon","8":"tag-fidel-herrera","9":"tag-javier-duarte","10":"tag-odebrecht","11":"tag-pri"},"yoast_head":"<!-- This site is optimized with the Yoast SEO plugin v27.4 - https:\/\/yoast.com\/product\/yoast-seo-wordpress\/ -->\n<title>Odebrecht M\u00e9xico - Los pol\u00edticos Veracruz<\/title>\n<meta name=\"robots\" content=\"index, follow, max-snippet:-1, max-image-preview:large, max-video-preview:-1\" \/>\n<link rel=\"canonical\" href=\"https:\/\/lospoliticosveracruz.com\/?p=38377\" \/>\n<meta property=\"og:locale\" content=\"es_ES\" \/>\n<meta property=\"og:type\" content=\"article\" \/>\n<meta property=\"og:title\" content=\"Odebrecht M\u00e9xico - Los pol\u00edticos Veracruz\" \/>\n<meta property=\"og:description\" content=\"Felipe de Jes\u00fas Fern\u00e1ndez Basilio Desde a Janela &nbsp; &nbsp; Por desgracia nuevamente tenemos que hablar de ese mal llamado corrupci\u00f3n y que como ya se dijo en alguna colaboraci\u00f3n anterior nos ha aquejado a lo largo de nuestra historia mas debido a la relevancia que este tema ha cobrado en los \u00faltimos d\u00edas hace [&hellip;]\" \/>\n<meta property=\"og:url\" content=\"https:\/\/lospoliticosveracruz.com\/?p=38377\" \/>\n<meta property=\"og:site_name\" content=\"Los pol\u00edticos Veracruz\" \/>\n<meta property=\"article:publisher\" content=\"https:\/\/www.facebook.com\/people\/Notimemes-de-los-Polticos\/61565672886568\/\" \/>\n<meta property=\"article:published_time\" content=\"2017-12-11T04:44:25+00:00\" \/>\n<meta property=\"og:image\" content=\"https:\/\/lospoliticosveracruz.com\/wp-content\/uploads\/2016\/07\/Logo-Dor.jpg\" \/>\n\t<meta property=\"og:image:width\" content=\"200\" \/>\n\t<meta property=\"og:image:height\" content=\"200\" \/>\n\t<meta property=\"og:image:type\" content=\"image\/jpeg\" \/>\n<meta name=\"author\" content=\"Lo viste en Los Pol\u00edticos\" \/>\n<meta name=\"twitter:card\" content=\"summary_large_image\" \/>\n<meta name=\"twitter:creator\" content=\"@LosPoliticosVer\" \/>\n<meta name=\"twitter:site\" content=\"@LosPoliticosVer\" \/>\n<meta name=\"twitter:label1\" content=\"Escrito por\" \/>\n\t<meta name=\"twitter:data1\" content=\"Lo viste en Los Pol\u00edticos\" \/>\n\t<meta name=\"twitter:label2\" content=\"Tiempo de lectura\" \/>\n\t<meta name=\"twitter:data2\" content=\"7 minutos\" \/>\n<script type=\"application\/ld+json\" class=\"yoast-schema-graph\">{\"@context\":\"https:\\\/\\\/schema.org\",\"@graph\":[{\"@type\":\"Article\",\"@id\":\"https:\\\/\\\/lospoliticosveracruz.com\\\/?p=38377#article\",\"isPartOf\":{\"@id\":\"https:\\\/\\\/lospoliticosveracruz.com\\\/?p=38377\"},\"author\":{\"name\":\"Lo viste en Los Pol\u00edticos\",\"@id\":\"https:\\\/\\\/lospoliticosveracruz.com\\\/#\\\/schema\\\/person\\\/b8702bb0e538456e6efd07080bf2a4a2\"},\"headline\":\"Odebrecht M\u00e9xico\",\"datePublished\":\"2017-12-11T04:44:25+00:00\",\"mainEntityOfPage\":{\"@id\":\"https:\\\/\\\/lospoliticosveracruz.com\\\/?p=38377\"},\"wordCount\":1358,\"commentCount\":0,\"publisher\":{\"@id\":\"https:\\\/\\\/lospoliticosveracruz.com\\\/#organization\"},\"keywords\":[\"Felipe Calder\u00f3n\",\"Fidel Herrera\",\"Javier Duarte\",\"Odebrecht\",\"PRI\"],\"articleSection\":[\"De Opini\u00f3n\"],\"inLanguage\":\"es\",\"potentialAction\":[{\"@type\":\"CommentAction\",\"name\":\"Comment\",\"target\":[\"https:\\\/\\\/lospoliticosveracruz.com\\\/?p=38377#respond\"]}]},{\"@type\":\"WebPage\",\"@id\":\"https:\\\/\\\/lospoliticosveracruz.com\\\/?p=38377\",\"url\":\"https:\\\/\\\/lospoliticosveracruz.com\\\/?p=38377\",\"name\":\"Odebrecht M\u00e9xico - Los pol\u00edticos Veracruz\",\"isPartOf\":{\"@id\":\"https:\\\/\\\/lospoliticosveracruz.com\\\/#website\"},\"datePublished\":\"2017-12-11T04:44:25+00:00\",\"breadcrumb\":{\"@id\":\"https:\\\/\\\/lospoliticosveracruz.com\\\/?p=38377#breadcrumb\"},\"inLanguage\":\"es\",\"potentialAction\":[{\"@type\":\"ReadAction\",\"target\":[\"https:\\\/\\\/lospoliticosveracruz.com\\\/?p=38377\"]}]},{\"@type\":\"BreadcrumbList\",\"@id\":\"https:\\\/\\\/lospoliticosveracruz.com\\\/?p=38377#breadcrumb\",\"itemListElement\":[{\"@type\":\"ListItem\",\"position\":1,\"name\":\"Portada\",\"item\":\"https:\\\/\\\/lospoliticosveracruz.com\\\/\"},{\"@type\":\"ListItem\",\"position\":2,\"name\":\"Odebrecht M\u00e9xico\"}]},{\"@type\":\"WebSite\",\"@id\":\"https:\\\/\\\/lospoliticosveracruz.com\\\/#website\",\"url\":\"https:\\\/\\\/lospoliticosveracruz.com\\\/\",\"name\":\"Los pol\u00edticos Veracruz\",\"description\":\"\",\"publisher\":{\"@id\":\"https:\\\/\\\/lospoliticosveracruz.com\\\/#organization\"},\"potentialAction\":[{\"@type\":\"SearchAction\",\"target\":{\"@type\":\"EntryPoint\",\"urlTemplate\":\"https:\\\/\\\/lospoliticosveracruz.com\\\/?s={search_term_string}\"},\"query-input\":{\"@type\":\"PropertyValueSpecification\",\"valueRequired\":true,\"valueName\":\"search_term_string\"}}],\"inLanguage\":\"es\"},{\"@type\":\"Organization\",\"@id\":\"https:\\\/\\\/lospoliticosveracruz.com\\\/#organization\",\"name\":\"Los pol\u00edticos Veracruz\",\"url\":\"https:\\\/\\\/lospoliticosveracruz.com\\\/\",\"logo\":{\"@type\":\"ImageObject\",\"inLanguage\":\"es\",\"@id\":\"https:\\\/\\\/lospoliticosveracruz.com\\\/#\\\/schema\\\/logo\\\/image\\\/\",\"url\":\"https:\\\/\\\/lospoliticosveracruz.com\\\/wp-content\\\/uploads\\\/2025\\\/12\\\/Logo-Nuevo-LOS-POLITICOS-1.jpg\",\"contentUrl\":\"https:\\\/\\\/lospoliticosveracruz.com\\\/wp-content\\\/uploads\\\/2025\\\/12\\\/Logo-Nuevo-LOS-POLITICOS-1.jpg\",\"width\":260,\"height\":70,\"caption\":\"Los pol\u00edticos Veracruz\"},\"image\":{\"@id\":\"https:\\\/\\\/lospoliticosveracruz.com\\\/#\\\/schema\\\/logo\\\/image\\\/\"},\"sameAs\":[\"https:\\\/\\\/www.facebook.com\\\/people\\\/Notimemes-de-los-Polticos\\\/61565672886568\\\/\",\"https:\\\/\\\/x.com\\\/LosPoliticosVer\"]},{\"@type\":\"Person\",\"@id\":\"https:\\\/\\\/lospoliticosveracruz.com\\\/#\\\/schema\\\/person\\\/b8702bb0e538456e6efd07080bf2a4a2\",\"name\":\"Lo viste en Los Pol\u00edticos\",\"image\":{\"@type\":\"ImageObject\",\"inLanguage\":\"es\",\"@id\":\"https:\\\/\\\/secure.gravatar.com\\\/avatar\\\/3a8de04a2656d44082be478bd6c086daa447c4651605818287b9532d3d0bd435?s=96&d=mm&r=g\",\"url\":\"https:\\\/\\\/secure.gravatar.com\\\/avatar\\\/3a8de04a2656d44082be478bd6c086daa447c4651605818287b9532d3d0bd435?s=96&d=mm&r=g\",\"contentUrl\":\"https:\\\/\\\/secure.gravatar.com\\\/avatar\\\/3a8de04a2656d44082be478bd6c086daa447c4651605818287b9532d3d0bd435?s=96&d=mm&r=g\",\"caption\":\"Lo viste en Los Pol\u00edticos\"},\"url\":\"https:\\\/\\\/lospoliticosveracruz.com\\\/?author=2\"}]}<\/script>\n<!-- \/ Yoast SEO plugin. -->","yoast_head_json":{"title":"Odebrecht M\u00e9xico - Los pol\u00edticos Veracruz","robots":{"index":"index","follow":"follow","max-snippet":"max-snippet:-1","max-image-preview":"max-image-preview:large","max-video-preview":"max-video-preview:-1"},"canonical":"https:\/\/lospoliticosveracruz.com\/?p=38377","og_locale":"es_ES","og_type":"article","og_title":"Odebrecht M\u00e9xico - Los pol\u00edticos Veracruz","og_description":"Felipe de Jes\u00fas Fern\u00e1ndez Basilio Desde a Janela &nbsp; &nbsp; Por desgracia nuevamente tenemos que hablar de ese mal llamado corrupci\u00f3n y que como ya se dijo en alguna colaboraci\u00f3n anterior nos ha aquejado a lo largo de nuestra historia mas debido a la relevancia que este tema ha cobrado en los \u00faltimos d\u00edas hace [&hellip;]","og_url":"https:\/\/lospoliticosveracruz.com\/?p=38377","og_site_name":"Los pol\u00edticos Veracruz","article_publisher":"https:\/\/www.facebook.com\/people\/Notimemes-de-los-Polticos\/61565672886568\/","article_published_time":"2017-12-11T04:44:25+00:00","og_image":[{"width":200,"height":200,"url":"https:\/\/lospoliticosveracruz.com\/wp-content\/uploads\/2016\/07\/Logo-Dor.jpg","type":"image\/jpeg"}],"author":"Lo viste en Los Pol\u00edticos","twitter_card":"summary_large_image","twitter_creator":"@LosPoliticosVer","twitter_site":"@LosPoliticosVer","twitter_misc":{"Escrito por":"Lo viste en Los Pol\u00edticos","Tiempo de lectura":"7 minutos"},"schema":{"@context":"https:\/\/schema.org","@graph":[{"@type":"Article","@id":"https:\/\/lospoliticosveracruz.com\/?p=38377#article","isPartOf":{"@id":"https:\/\/lospoliticosveracruz.com\/?p=38377"},"author":{"name":"Lo viste en Los Pol\u00edticos","@id":"https:\/\/lospoliticosveracruz.com\/#\/schema\/person\/b8702bb0e538456e6efd07080bf2a4a2"},"headline":"Odebrecht M\u00e9xico","datePublished":"2017-12-11T04:44:25+00:00","mainEntityOfPage":{"@id":"https:\/\/lospoliticosveracruz.com\/?p=38377"},"wordCount":1358,"commentCount":0,"publisher":{"@id":"https:\/\/lospoliticosveracruz.com\/#organization"},"keywords":["Felipe Calder\u00f3n","Fidel Herrera","Javier Duarte","Odebrecht","PRI"],"articleSection":["De Opini\u00f3n"],"inLanguage":"es","potentialAction":[{"@type":"CommentAction","name":"Comment","target":["https:\/\/lospoliticosveracruz.com\/?p=38377#respond"]}]},{"@type":"WebPage","@id":"https:\/\/lospoliticosveracruz.com\/?p=38377","url":"https:\/\/lospoliticosveracruz.com\/?p=38377","name":"Odebrecht M\u00e9xico - Los pol\u00edticos Veracruz","isPartOf":{"@id":"https:\/\/lospoliticosveracruz.com\/#website"},"datePublished":"2017-12-11T04:44:25+00:00","breadcrumb":{"@id":"https:\/\/lospoliticosveracruz.com\/?p=38377#breadcrumb"},"inLanguage":"es","potentialAction":[{"@type":"ReadAction","target":["https:\/\/lospoliticosveracruz.com\/?p=38377"]}]},{"@type":"BreadcrumbList","@id":"https:\/\/lospoliticosveracruz.com\/?p=38377#breadcrumb","itemListElement":[{"@type":"ListItem","position":1,"name":"Portada","item":"https:\/\/lospoliticosveracruz.com\/"},{"@type":"ListItem","position":2,"name":"Odebrecht M\u00e9xico"}]},{"@type":"WebSite","@id":"https:\/\/lospoliticosveracruz.com\/#website","url":"https:\/\/lospoliticosveracruz.com\/","name":"Los pol\u00edticos Veracruz","description":"","publisher":{"@id":"https:\/\/lospoliticosveracruz.com\/#organization"},"potentialAction":[{"@type":"SearchAction","target":{"@type":"EntryPoint","urlTemplate":"https:\/\/lospoliticosveracruz.com\/?s={search_term_string}"},"query-input":{"@type":"PropertyValueSpecification","valueRequired":true,"valueName":"search_term_string"}}],"inLanguage":"es"},{"@type":"Organization","@id":"https:\/\/lospoliticosveracruz.com\/#organization","name":"Los pol\u00edticos Veracruz","url":"https:\/\/lospoliticosveracruz.com\/","logo":{"@type":"ImageObject","inLanguage":"es","@id":"https:\/\/lospoliticosveracruz.com\/#\/schema\/logo\/image\/","url":"https:\/\/lospoliticosveracruz.com\/wp-content\/uploads\/2025\/12\/Logo-Nuevo-LOS-POLITICOS-1.jpg","contentUrl":"https:\/\/lospoliticosveracruz.com\/wp-content\/uploads\/2025\/12\/Logo-Nuevo-LOS-POLITICOS-1.jpg","width":260,"height":70,"caption":"Los pol\u00edticos Veracruz"},"image":{"@id":"https:\/\/lospoliticosveracruz.com\/#\/schema\/logo\/image\/"},"sameAs":["https:\/\/www.facebook.com\/people\/Notimemes-de-los-Polticos\/61565672886568\/","https:\/\/x.com\/LosPoliticosVer"]},{"@type":"Person","@id":"https:\/\/lospoliticosveracruz.com\/#\/schema\/person\/b8702bb0e538456e6efd07080bf2a4a2","name":"Lo viste en Los Pol\u00edticos","image":{"@type":"ImageObject","inLanguage":"es","@id":"https:\/\/secure.gravatar.com\/avatar\/3a8de04a2656d44082be478bd6c086daa447c4651605818287b9532d3d0bd435?s=96&d=mm&r=g","url":"https:\/\/secure.gravatar.com\/avatar\/3a8de04a2656d44082be478bd6c086daa447c4651605818287b9532d3d0bd435?s=96&d=mm&r=g","contentUrl":"https:\/\/secure.gravatar.com\/avatar\/3a8de04a2656d44082be478bd6c086daa447c4651605818287b9532d3d0bd435?s=96&d=mm&r=g","caption":"Lo viste en Los Pol\u00edticos"},"url":"https:\/\/lospoliticosveracruz.com\/?author=2"}]}},"_links":{"self":[{"href":"https:\/\/lospoliticosveracruz.com\/index.php?rest_route=\/wp\/v2\/posts\/38377","targetHints":{"allow":["GET"]}}],"collection":[{"href":"https:\/\/lospoliticosveracruz.com\/index.php?rest_route=\/wp\/v2\/posts"}],"about":[{"href":"https:\/\/lospoliticosveracruz.com\/index.php?rest_route=\/wp\/v2\/types\/post"}],"author":[{"embeddable":true,"href":"https:\/\/lospoliticosveracruz.com\/index.php?rest_route=\/wp\/v2\/users\/2"}],"replies":[{"embeddable":true,"href":"https:\/\/lospoliticosveracruz.com\/index.php?rest_route=%2Fwp%2Fv2%2Fcomments&post=38377"}],"version-history":[{"count":1,"href":"https:\/\/lospoliticosveracruz.com\/index.php?rest_route=\/wp\/v2\/posts\/38377\/revisions"}],"predecessor-version":[{"id":38378,"href":"https:\/\/lospoliticosveracruz.com\/index.php?rest_route=\/wp\/v2\/posts\/38377\/revisions\/38378"}],"wp:attachment":[{"href":"https:\/\/lospoliticosveracruz.com\/index.php?rest_route=%2Fwp%2Fv2%2Fmedia&parent=38377"}],"wp:term":[{"taxonomy":"category","embeddable":true,"href":"https:\/\/lospoliticosveracruz.com\/index.php?rest_route=%2Fwp%2Fv2%2Fcategories&post=38377"},{"taxonomy":"post_tag","embeddable":true,"href":"https:\/\/lospoliticosveracruz.com\/index.php?rest_route=%2Fwp%2Fv2%2Ftags&post=38377"}],"curies":[{"name":"wp","href":"https:\/\/api.w.org\/{rel}","templated":true}]}}