{"id":38386,"date":"2017-12-10T23:16:17","date_gmt":"2017-12-11T05:16:17","guid":{"rendered":"http:\/\/www.lospoliticosveracruz.com.mx\/?p=38386"},"modified":"2017-12-10T23:16:17","modified_gmt":"2017-12-11T05:16:17","slug":"pepe-hector-miguel-y-fer","status":"publish","type":"post","link":"https:\/\/lospoliticosveracruz.com\/?p=38386","title":{"rendered":"Pepe, H\u00e9ctor, Miguel y Fer"},"content":{"rendered":"<p dir=\"ltr\"><strong>Salvador Mu\u00f1oz<\/strong><\/p>\n<p dir=\"ltr\"><em>Los Pol\u00edticos<\/em><\/p>\n<p dir=\"ltr\">\n<p>&nbsp;<\/p>\n<p dir=\"ltr\">Al interior del PRI, se debate qui\u00e9n debe ser el candidato por la gubernatura. Por un lado, hay quienes ven a Pepe Yunes Zorrilla como el ungido natural para tal cargo, y por otro, hay quienes ven en H\u00e9ctor Yunes Landa, como candidato \u201cl\u00f3gico\u201d para la contienda en pos del 2018. Mientras eso ocurre en el otrora partidazo, en el PAN, bueno, en el PAN no, en la familia Yunes M\u00e1rquez tienen m\u00e1s claro las cosas: Miguel \u00c1ngel \u201cYunior\u201d y Fernando ser\u00e1n gobernadores, seg\u00fan do\u00f1a Leticia, esposa del actual mandatario estatal, quien si bien dijo estar bromeando, no podemos dejar de responder que entre broma y broma\u2026<\/p>\n<p dir=\"ltr\">II<\/p>\n<p dir=\"ltr\">Los pri\u00edstas viven en ascuas, m\u00e1s los que apuestan a Pepe Yunes Zorrilla pues acaban de pasar dos eventos en los que esperaban que el Senador sacara la casta y nom\u00e1s no ven agallas en el de Perote. Nos referimos al acto agrarista donde la gente se volc\u00f3 en un grito: \u201c\u00a1Pepe! \u00a1Pepe! \u00a1Pepe!\u201d y cuando \u00e9ste tom\u00f3 la palabra, institucional, respetuoso de los tiempos, ortodoxo como es, la ovaci\u00f3n la llev\u00f3 para su tocayo, Pepe To\u00f1o Meade Kuribre\u00f1a, donde ponder\u00f3 milagros y virtudes del santo hombre.<\/p>\n<p dir=\"ltr\">Entonces lleg\u00f3 su quinto informe, y cuando uno esperaba algo parecido a lo que hizo \u201cChiquiyunes\u201d, cuando el alcalde de Boca del R\u00edo da un discurso parecido a una despedida pero remata con un \u201cnos vemos pronto\u201d generando una expectativa de que lo hemos de ver en la contienda del 2018, Pepe Yunes Zorrilla lo vuelve a hacer\u2026 deja a los pri\u00edstas en ascuas y si bien da un informe lleno de datos, \u00e9ste carece de expectativa, al menos para el pri\u00edsta o pro-Pepe.<\/p>\n<p dir=\"ltr\">III<\/p>\n<p dir=\"ltr\">Por otro lado, para quienes dicen que H\u00e9ctor compiti\u00f3 y perdi\u00f3 y deber\u00eda de dejar su espacio a Pepe Yunes, olvidan pronto la historia reciente. Un ejemplo: Un Yunes compite para Gobernador y pierde; seis a\u00f1os m\u00e1s tarde, vuelve a contender \u00a1y gana! Hoy es el Gobernador actual. Otro ejemplo: En 2006, Pepe Yunes Zorrilla compite para la senadur\u00eda y pierde; seis a\u00f1os despu\u00e9s, es Senador; \u00bfquieren otro ejemplo? En el 2004, H\u00e9ctor Yunes Landa compite por el distrito de La Antigua y pierde ante El Potro Francisco Fern\u00e1ndez Morales\u2026 tres a\u00f1os despu\u00e9s , es diputado local, y a\u00fan m\u00e1s, jefe de la Jucopo\u2026 si aplic\u00e1ramos la l\u00f3gica de la il\u00f3gica pol\u00edtica, se podr\u00eda decir que H\u00e9ctor Yunes (basados en estos ejemplos) es \u201cel candidato natural\u201d en aras de contender por la gubernatura, aunque parece que Cuitl\u00e1huac Garc\u00eda Jim\u00e9nez, potencial candidato a la Gubernatura por Morena, entiende el mismo mecanismo que aqu\u00ed presentamos por lo que, si fueran H\u00e9ctor y Cuitl\u00e1huac a la contienda 2018, romper\u00edan la l\u00f3gica de la il\u00f3gica pol\u00edtica y entonces nos encontrar\u00edamos con un nuevo escenario que desconocemos su potencial resultado.<\/p>\n<p dir=\"ltr\">IV<\/p>\n<p dir=\"ltr\">Por otro lado tenemos los vaticinios de la se\u00f1ora Leticia M\u00e1rquez, palabras m\u00e1s, palabras menos: \u201cvoy a tener dos hijos gobernadores\u201d&#8230; si la memoria no nos traiciona, Miguel \u00c1ngel Yunes M\u00e1rquez ha competido en tres elecciones, dos para alcalde y una para diputado local, donde no conoce la derrota\u2026 si bien hay dos elementos que pudieran ser sus fuertes como potencial candidato a la Gubernatura como son su trabajo en la ciudad de Boca del R\u00edo (los boque\u00f1os, ajenos a filias y fobias, pueden hablar mejor que yo de ello) y el trabajo del Gobernador, su padre\u2026 pero, si basamos la candidatura en su trabajo en Boca del R\u00edo, tendr\u00edamos que postular como candidatos por la Gubernatura (en sus justas proporciones) a Juan Manuel Diez Francos y a Am\u00e9rico Z\u00fa\u00f1iga Mart\u00ednez, alcaldes de Orizaba y Xalapa cuyos trabajos son destacables aunque ello no signifique que ellos sean re-conocidos en el resto de la entidad\u2026 y en cuesti\u00f3n de percepci\u00f3n, tanto dentro o fuera de las redes, los ciudadanos podr\u00edan hablar mejor de lo que ha sido el trabajo del Gobierno del Cambio \u00a1en las urnas! Si gana Chiquiyunes, los veracruzanos estar\u00edan avalando el trabajo del Gobernador; perder, ser\u00eda lo obvio.<\/p>\n<p dir=\"ltr\">Lo \u00fanico cierto es que los pepistas no ven con arrojo a su candidato; H\u00e9ctor sigue presionando por ser tal, y do\u00f1a Lety, en una de \u00e9sas, tiene raz\u00f3n, salvo con un ligero detalle: la se\u00f1ora no dijo en qu\u00e9 a\u00f1o podr\u00edan ser gobernadores Miguel \u00c1ngel Yunior y Fernando, sus hijos.<\/p>\n<p>&nbsp;<\/p>\n<p dir=\"ltr\"><a href=\"mailto:smcainito@gmail.com\" target=\"_blank\" rel=\"noopener noreferrer\">smcainito@gmail.com<\/a><\/p>\n","protected":false},"excerpt":{"rendered":"<p>Salvador Mu\u00f1oz Los Pol\u00edticos &nbsp; Al interior del PRI, se debate qui\u00e9n debe ser el candidato por la gubernatura. Por un lado, hay quienes ven a Pepe Yunes Zorrilla como el ungido natural para tal cargo, y por otro, hay quienes ven en H\u00e9ctor Yunes Landa, como candidato \u201cl\u00f3gico\u201d para la contienda en pos del [&hellip;]<\/p>\n","protected":false},"author":2,"featured_media":0,"comment_status":"open","ping_status":"open","sticky":false,"template":"","format":"standard","meta":{"tdm_status":"","tdm_grid_status":"","footnotes":""},"categories":[70],"tags":[6300,818,662,348,536,246],"class_list":{"0":"post-38386","1":"post","2":"type-post","3":"status-publish","4":"format-standard","6":"category-de-opinion","7":"tag-familia-yunes-marquez","8":"tag-fernando-yunes-marquez","9":"tag-gubernatura","10":"tag-hector-yunes-landa","11":"tag-miguel-angel-yunes-marquez","12":"tag-pepe-yunes-zorrilla"},"yoast_head":"<!-- This site is optimized with the Yoast SEO plugin v27.4 - https:\/\/yoast.com\/product\/yoast-seo-wordpress\/ -->\n<title>Pepe, H\u00e9ctor, Miguel y Fer - Los pol\u00edticos Veracruz<\/title>\n<meta name=\"robots\" content=\"index, follow, max-snippet:-1, max-image-preview:large, max-video-preview:-1\" \/>\n<link rel=\"canonical\" href=\"https:\/\/lospoliticosveracruz.com\/?p=38386\" \/>\n<meta property=\"og:locale\" content=\"es_ES\" \/>\n<meta property=\"og:type\" content=\"article\" \/>\n<meta property=\"og:title\" content=\"Pepe, H\u00e9ctor, Miguel y Fer - Los pol\u00edticos Veracruz\" \/>\n<meta property=\"og:description\" content=\"Salvador Mu\u00f1oz Los Pol\u00edticos &nbsp; Al interior del PRI, se debate qui\u00e9n debe ser el candidato por la gubernatura. Por un lado, hay quienes ven a Pepe Yunes Zorrilla como el ungido natural para tal cargo, y por otro, hay quienes ven en H\u00e9ctor Yunes Landa, como candidato \u201cl\u00f3gico\u201d para la contienda en pos del [&hellip;]\" \/>\n<meta property=\"og:url\" content=\"https:\/\/lospoliticosveracruz.com\/?p=38386\" \/>\n<meta property=\"og:site_name\" content=\"Los pol\u00edticos Veracruz\" \/>\n<meta property=\"article:publisher\" content=\"https:\/\/www.facebook.com\/people\/Notimemes-de-los-Polticos\/61565672886568\/\" \/>\n<meta property=\"article:published_time\" content=\"2017-12-11T05:16:17+00:00\" \/>\n<meta property=\"og:image\" content=\"https:\/\/lospoliticosveracruz.com\/wp-content\/uploads\/2016\/07\/Logo-Dor.jpg\" \/>\n\t<meta property=\"og:image:width\" content=\"200\" \/>\n\t<meta property=\"og:image:height\" content=\"200\" \/>\n\t<meta property=\"og:image:type\" content=\"image\/jpeg\" \/>\n<meta name=\"author\" content=\"Lo viste en Los Pol\u00edticos\" \/>\n<meta name=\"twitter:card\" content=\"summary_large_image\" \/>\n<meta name=\"twitter:creator\" content=\"@LosPoliticosVer\" \/>\n<meta name=\"twitter:site\" content=\"@LosPoliticosVer\" \/>\n<meta name=\"twitter:label1\" content=\"Escrito por\" \/>\n\t<meta name=\"twitter:data1\" content=\"Lo viste en Los Pol\u00edticos\" \/>\n\t<meta name=\"twitter:label2\" content=\"Tiempo de lectura\" \/>\n\t<meta name=\"twitter:data2\" content=\"4 minutos\" \/>\n<script type=\"application\/ld+json\" class=\"yoast-schema-graph\">{\"@context\":\"https:\\\/\\\/schema.org\",\"@graph\":[{\"@type\":\"Article\",\"@id\":\"https:\\\/\\\/lospoliticosveracruz.com\\\/?p=38386#article\",\"isPartOf\":{\"@id\":\"https:\\\/\\\/lospoliticosveracruz.com\\\/?p=38386\"},\"author\":{\"name\":\"Lo viste en Los Pol\u00edticos\",\"@id\":\"https:\\\/\\\/lospoliticosveracruz.com\\\/#\\\/schema\\\/person\\\/b8702bb0e538456e6efd07080bf2a4a2\"},\"headline\":\"Pepe, H\u00e9ctor, Miguel y Fer\",\"datePublished\":\"2017-12-11T05:16:17+00:00\",\"mainEntityOfPage\":{\"@id\":\"https:\\\/\\\/lospoliticosveracruz.com\\\/?p=38386\"},\"wordCount\":796,\"commentCount\":0,\"publisher\":{\"@id\":\"https:\\\/\\\/lospoliticosveracruz.com\\\/#organization\"},\"keywords\":[\"Familia Yunes M\u00e1rquez\",\"Fernando Yunes M\u00e1rquez\",\"gubernatura\",\"H\u00e9ctor Yunes Landa\",\"Miguel \u00c1ngel Yunes M\u00e1rquez\",\"Pepe Yunes Zorrilla\"],\"articleSection\":[\"De Opini\u00f3n\"],\"inLanguage\":\"es\",\"potentialAction\":[{\"@type\":\"CommentAction\",\"name\":\"Comment\",\"target\":[\"https:\\\/\\\/lospoliticosveracruz.com\\\/?p=38386#respond\"]}]},{\"@type\":\"WebPage\",\"@id\":\"https:\\\/\\\/lospoliticosveracruz.com\\\/?p=38386\",\"url\":\"https:\\\/\\\/lospoliticosveracruz.com\\\/?p=38386\",\"name\":\"Pepe, H\u00e9ctor, Miguel y Fer - Los pol\u00edticos Veracruz\",\"isPartOf\":{\"@id\":\"https:\\\/\\\/lospoliticosveracruz.com\\\/#website\"},\"datePublished\":\"2017-12-11T05:16:17+00:00\",\"breadcrumb\":{\"@id\":\"https:\\\/\\\/lospoliticosveracruz.com\\\/?p=38386#breadcrumb\"},\"inLanguage\":\"es\",\"potentialAction\":[{\"@type\":\"ReadAction\",\"target\":[\"https:\\\/\\\/lospoliticosveracruz.com\\\/?p=38386\"]}]},{\"@type\":\"BreadcrumbList\",\"@id\":\"https:\\\/\\\/lospoliticosveracruz.com\\\/?p=38386#breadcrumb\",\"itemListElement\":[{\"@type\":\"ListItem\",\"position\":1,\"name\":\"Portada\",\"item\":\"https:\\\/\\\/lospoliticosveracruz.com\\\/\"},{\"@type\":\"ListItem\",\"position\":2,\"name\":\"Pepe, H\u00e9ctor, Miguel y Fer\"}]},{\"@type\":\"WebSite\",\"@id\":\"https:\\\/\\\/lospoliticosveracruz.com\\\/#website\",\"url\":\"https:\\\/\\\/lospoliticosveracruz.com\\\/\",\"name\":\"Los pol\u00edticos Veracruz\",\"description\":\"\",\"publisher\":{\"@id\":\"https:\\\/\\\/lospoliticosveracruz.com\\\/#organization\"},\"potentialAction\":[{\"@type\":\"SearchAction\",\"target\":{\"@type\":\"EntryPoint\",\"urlTemplate\":\"https:\\\/\\\/lospoliticosveracruz.com\\\/?s={search_term_string}\"},\"query-input\":{\"@type\":\"PropertyValueSpecification\",\"valueRequired\":true,\"valueName\":\"search_term_string\"}}],\"inLanguage\":\"es\"},{\"@type\":\"Organization\",\"@id\":\"https:\\\/\\\/lospoliticosveracruz.com\\\/#organization\",\"name\":\"Los pol\u00edticos Veracruz\",\"url\":\"https:\\\/\\\/lospoliticosveracruz.com\\\/\",\"logo\":{\"@type\":\"ImageObject\",\"inLanguage\":\"es\",\"@id\":\"https:\\\/\\\/lospoliticosveracruz.com\\\/#\\\/schema\\\/logo\\\/image\\\/\",\"url\":\"https:\\\/\\\/lospoliticosveracruz.com\\\/wp-content\\\/uploads\\\/2025\\\/12\\\/Logo-Nuevo-LOS-POLITICOS-1.jpg\",\"contentUrl\":\"https:\\\/\\\/lospoliticosveracruz.com\\\/wp-content\\\/uploads\\\/2025\\\/12\\\/Logo-Nuevo-LOS-POLITICOS-1.jpg\",\"width\":260,\"height\":70,\"caption\":\"Los pol\u00edticos Veracruz\"},\"image\":{\"@id\":\"https:\\\/\\\/lospoliticosveracruz.com\\\/#\\\/schema\\\/logo\\\/image\\\/\"},\"sameAs\":[\"https:\\\/\\\/www.facebook.com\\\/people\\\/Notimemes-de-los-Polticos\\\/61565672886568\\\/\",\"https:\\\/\\\/x.com\\\/LosPoliticosVer\"]},{\"@type\":\"Person\",\"@id\":\"https:\\\/\\\/lospoliticosveracruz.com\\\/#\\\/schema\\\/person\\\/b8702bb0e538456e6efd07080bf2a4a2\",\"name\":\"Lo viste en Los Pol\u00edticos\",\"image\":{\"@type\":\"ImageObject\",\"inLanguage\":\"es\",\"@id\":\"https:\\\/\\\/secure.gravatar.com\\\/avatar\\\/3a8de04a2656d44082be478bd6c086daa447c4651605818287b9532d3d0bd435?s=96&d=mm&r=g\",\"url\":\"https:\\\/\\\/secure.gravatar.com\\\/avatar\\\/3a8de04a2656d44082be478bd6c086daa447c4651605818287b9532d3d0bd435?s=96&d=mm&r=g\",\"contentUrl\":\"https:\\\/\\\/secure.gravatar.com\\\/avatar\\\/3a8de04a2656d44082be478bd6c086daa447c4651605818287b9532d3d0bd435?s=96&d=mm&r=g\",\"caption\":\"Lo viste en Los Pol\u00edticos\"},\"url\":\"https:\\\/\\\/lospoliticosveracruz.com\\\/?author=2\"}]}<\/script>\n<!-- \/ Yoast SEO plugin. -->","yoast_head_json":{"title":"Pepe, H\u00e9ctor, Miguel y Fer - Los pol\u00edticos Veracruz","robots":{"index":"index","follow":"follow","max-snippet":"max-snippet:-1","max-image-preview":"max-image-preview:large","max-video-preview":"max-video-preview:-1"},"canonical":"https:\/\/lospoliticosveracruz.com\/?p=38386","og_locale":"es_ES","og_type":"article","og_title":"Pepe, H\u00e9ctor, Miguel y Fer - Los pol\u00edticos Veracruz","og_description":"Salvador Mu\u00f1oz Los Pol\u00edticos &nbsp; Al interior del PRI, se debate qui\u00e9n debe ser el candidato por la gubernatura. Por un lado, hay quienes ven a Pepe Yunes Zorrilla como el ungido natural para tal cargo, y por otro, hay quienes ven en H\u00e9ctor Yunes Landa, como candidato \u201cl\u00f3gico\u201d para la contienda en pos del [&hellip;]","og_url":"https:\/\/lospoliticosveracruz.com\/?p=38386","og_site_name":"Los pol\u00edticos Veracruz","article_publisher":"https:\/\/www.facebook.com\/people\/Notimemes-de-los-Polticos\/61565672886568\/","article_published_time":"2017-12-11T05:16:17+00:00","og_image":[{"width":200,"height":200,"url":"https:\/\/lospoliticosveracruz.com\/wp-content\/uploads\/2016\/07\/Logo-Dor.jpg","type":"image\/jpeg"}],"author":"Lo viste en Los Pol\u00edticos","twitter_card":"summary_large_image","twitter_creator":"@LosPoliticosVer","twitter_site":"@LosPoliticosVer","twitter_misc":{"Escrito por":"Lo viste en Los Pol\u00edticos","Tiempo de lectura":"4 minutos"},"schema":{"@context":"https:\/\/schema.org","@graph":[{"@type":"Article","@id":"https:\/\/lospoliticosveracruz.com\/?p=38386#article","isPartOf":{"@id":"https:\/\/lospoliticosveracruz.com\/?p=38386"},"author":{"name":"Lo viste en Los Pol\u00edticos","@id":"https:\/\/lospoliticosveracruz.com\/#\/schema\/person\/b8702bb0e538456e6efd07080bf2a4a2"},"headline":"Pepe, H\u00e9ctor, Miguel y Fer","datePublished":"2017-12-11T05:16:17+00:00","mainEntityOfPage":{"@id":"https:\/\/lospoliticosveracruz.com\/?p=38386"},"wordCount":796,"commentCount":0,"publisher":{"@id":"https:\/\/lospoliticosveracruz.com\/#organization"},"keywords":["Familia Yunes M\u00e1rquez","Fernando Yunes M\u00e1rquez","gubernatura","H\u00e9ctor Yunes Landa","Miguel \u00c1ngel Yunes M\u00e1rquez","Pepe Yunes Zorrilla"],"articleSection":["De Opini\u00f3n"],"inLanguage":"es","potentialAction":[{"@type":"CommentAction","name":"Comment","target":["https:\/\/lospoliticosveracruz.com\/?p=38386#respond"]}]},{"@type":"WebPage","@id":"https:\/\/lospoliticosveracruz.com\/?p=38386","url":"https:\/\/lospoliticosveracruz.com\/?p=38386","name":"Pepe, H\u00e9ctor, Miguel y Fer - Los pol\u00edticos Veracruz","isPartOf":{"@id":"https:\/\/lospoliticosveracruz.com\/#website"},"datePublished":"2017-12-11T05:16:17+00:00","breadcrumb":{"@id":"https:\/\/lospoliticosveracruz.com\/?p=38386#breadcrumb"},"inLanguage":"es","potentialAction":[{"@type":"ReadAction","target":["https:\/\/lospoliticosveracruz.com\/?p=38386"]}]},{"@type":"BreadcrumbList","@id":"https:\/\/lospoliticosveracruz.com\/?p=38386#breadcrumb","itemListElement":[{"@type":"ListItem","position":1,"name":"Portada","item":"https:\/\/lospoliticosveracruz.com\/"},{"@type":"ListItem","position":2,"name":"Pepe, H\u00e9ctor, Miguel y Fer"}]},{"@type":"WebSite","@id":"https:\/\/lospoliticosveracruz.com\/#website","url":"https:\/\/lospoliticosveracruz.com\/","name":"Los pol\u00edticos Veracruz","description":"","publisher":{"@id":"https:\/\/lospoliticosveracruz.com\/#organization"},"potentialAction":[{"@type":"SearchAction","target":{"@type":"EntryPoint","urlTemplate":"https:\/\/lospoliticosveracruz.com\/?s={search_term_string}"},"query-input":{"@type":"PropertyValueSpecification","valueRequired":true,"valueName":"search_term_string"}}],"inLanguage":"es"},{"@type":"Organization","@id":"https:\/\/lospoliticosveracruz.com\/#organization","name":"Los pol\u00edticos Veracruz","url":"https:\/\/lospoliticosveracruz.com\/","logo":{"@type":"ImageObject","inLanguage":"es","@id":"https:\/\/lospoliticosveracruz.com\/#\/schema\/logo\/image\/","url":"https:\/\/lospoliticosveracruz.com\/wp-content\/uploads\/2025\/12\/Logo-Nuevo-LOS-POLITICOS-1.jpg","contentUrl":"https:\/\/lospoliticosveracruz.com\/wp-content\/uploads\/2025\/12\/Logo-Nuevo-LOS-POLITICOS-1.jpg","width":260,"height":70,"caption":"Los pol\u00edticos Veracruz"},"image":{"@id":"https:\/\/lospoliticosveracruz.com\/#\/schema\/logo\/image\/"},"sameAs":["https:\/\/www.facebook.com\/people\/Notimemes-de-los-Polticos\/61565672886568\/","https:\/\/x.com\/LosPoliticosVer"]},{"@type":"Person","@id":"https:\/\/lospoliticosveracruz.com\/#\/schema\/person\/b8702bb0e538456e6efd07080bf2a4a2","name":"Lo viste en Los Pol\u00edticos","image":{"@type":"ImageObject","inLanguage":"es","@id":"https:\/\/secure.gravatar.com\/avatar\/3a8de04a2656d44082be478bd6c086daa447c4651605818287b9532d3d0bd435?s=96&d=mm&r=g","url":"https:\/\/secure.gravatar.com\/avatar\/3a8de04a2656d44082be478bd6c086daa447c4651605818287b9532d3d0bd435?s=96&d=mm&r=g","contentUrl":"https:\/\/secure.gravatar.com\/avatar\/3a8de04a2656d44082be478bd6c086daa447c4651605818287b9532d3d0bd435?s=96&d=mm&r=g","caption":"Lo viste en Los Pol\u00edticos"},"url":"https:\/\/lospoliticosveracruz.com\/?author=2"}]}},"_links":{"self":[{"href":"https:\/\/lospoliticosveracruz.com\/index.php?rest_route=\/wp\/v2\/posts\/38386","targetHints":{"allow":["GET"]}}],"collection":[{"href":"https:\/\/lospoliticosveracruz.com\/index.php?rest_route=\/wp\/v2\/posts"}],"about":[{"href":"https:\/\/lospoliticosveracruz.com\/index.php?rest_route=\/wp\/v2\/types\/post"}],"author":[{"embeddable":true,"href":"https:\/\/lospoliticosveracruz.com\/index.php?rest_route=\/wp\/v2\/users\/2"}],"replies":[{"embeddable":true,"href":"https:\/\/lospoliticosveracruz.com\/index.php?rest_route=%2Fwp%2Fv2%2Fcomments&post=38386"}],"version-history":[{"count":1,"href":"https:\/\/lospoliticosveracruz.com\/index.php?rest_route=\/wp\/v2\/posts\/38386\/revisions"}],"predecessor-version":[{"id":38387,"href":"https:\/\/lospoliticosveracruz.com\/index.php?rest_route=\/wp\/v2\/posts\/38386\/revisions\/38387"}],"wp:attachment":[{"href":"https:\/\/lospoliticosveracruz.com\/index.php?rest_route=%2Fwp%2Fv2%2Fmedia&parent=38386"}],"wp:term":[{"taxonomy":"category","embeddable":true,"href":"https:\/\/lospoliticosveracruz.com\/index.php?rest_route=%2Fwp%2Fv2%2Fcategories&post=38386"},{"taxonomy":"post_tag","embeddable":true,"href":"https:\/\/lospoliticosveracruz.com\/index.php?rest_route=%2Fwp%2Fv2%2Ftags&post=38386"}],"curies":[{"name":"wp","href":"https:\/\/api.w.org\/{rel}","templated":true}]}}