{"id":38391,"date":"2017-12-11T10:14:28","date_gmt":"2017-12-11T16:14:28","guid":{"rendered":"http:\/\/www.lospoliticosveracruz.com.mx\/?p=38391"},"modified":"2017-12-11T10:14:28","modified_gmt":"2017-12-11T16:14:28","slug":"el-candidato-a-gobernador","status":"publish","type":"post","link":"https:\/\/lospoliticosveracruz.com\/?p=38391","title":{"rendered":"El candidato a Gobernador"},"content":{"rendered":"<p style=\"text-align: left;\" align=\"center\"><b><\/b><b><span style=\"font-size: large;\">H\u00e9ctor Yunes Landa<\/span><\/b><\/p>\n<p style=\"text-align: left;\" align=\"center\"><em>Articulista Invitado<\/em><\/p>\n<p style=\"text-align: left;\" align=\"center\">\n<p style=\"text-align: left;\" align=\"center\">El proceso de transici\u00f3n pol\u00edtica que vive el pa\u00eds ha impulsado, aunque de manera insuficiente, el empoderamiento de los ciudadanos. Muestra de lo anterior, es que los partidos pol\u00edticos apuestan cada vez m\u00e1s a postular candidatos con mayor empat\u00eda con los electores, a\u00fan cuando estos no formen parte de su militancia o de sus grupos hegem\u00f3nicos.<\/p>\n<p class=\"x_m_6802527278623997222m_-8013778979227650083m_-6972284593867326568m_-5151163107676132866m_2794690170860339917m_6111518162253390391m_-2662173332123324088m_-7219241339563345570gmail-m_-6072440202145238069gmail-m_-7370741784583776341gmail-m_6424546696934739907m_5986153776795594458gmail-m_-2796801227746859587m_1260314428174123313gmail-m_4939375356869488145gmail-m_8994407740200318629m_-5687025727033965430m_-4623614664702038540m_-7447398740274104695gmail-MsoNoSpacing\">Otro ejemplo es que las candidaturas ciudadanas han abierto brecha en la ley y empiezan a modificar un sistema de partidos que poco representaba los intereses de los electores. Los ciudadanos quieren participar de la toma de decisiones a la hora de integrar sus \u00f3rganos de gobierno; y esta participaci\u00f3n no se agota en el ejercicio de su voto.<\/p>\n<p class=\"x_m_6802527278623997222m_-8013778979227650083m_-6972284593867326568m_-5151163107676132866m_2794690170860339917m_6111518162253390391m_-2662173332123324088m_-7219241339563345570gmail-m_-6072440202145238069gmail-m_-7370741784583776341gmail-m_6424546696934739907m_5986153776795594458gmail-m_-2796801227746859587m_1260314428174123313gmail-m_4939375356869488145gmail-m_8994407740200318629m_-5687025727033965430m_-4623614664702038540m_-7447398740274104695gmail-MsoNoSpacing\">Ya no hay espacio para el mon\u00f3logo de los partidos pol\u00edticos. La \u00fanica forma de ensanchar la democracia es abrir la participaci\u00f3n a los ciudadanos. Un verdadero quehacer democr\u00e1tico que destierre el autoritarismo y que no sirva s\u00f3lo para disimular la arbitrariedad del poder y la desigualdad en nuestra sociedad. Esa es una responsabilidad de la democracia y los ciudadanos.<\/p>\n<p class=\"x_m_6802527278623997222m_-8013778979227650083m_-6972284593867326568m_-5151163107676132866m_2794690170860339917m_6111518162253390391m_-2662173332123324088m_-7219241339563345570gmail-m_-6072440202145238069gmail-m_-7370741784583776341gmail-m_6424546696934739907m_5986153776795594458gmail-m_-2796801227746859587m_1260314428174123313gmail-m_4939375356869488145gmail-m_8994407740200318629m_-5687025727033965430m_-4623614664702038540m_-7447398740274104695gmail-MsoNoSpacing\">Son esas algunas de las razones que me impulsan a buscar a la candidatura al Gobierno de Veracruz. Por muchos a\u00f1os, en las m\u00e1s diversas responsabilidades del sector p\u00fablico y de representaci\u00f3n popular, me he preparado para gobernar a mi estado. He recorrido el estado tantas veces que conozco todos los municipios y pr\u00e1cticamente todas sus comunidades.<\/p>\n<p class=\"x_m_6802527278623997222m_-8013778979227650083m_-6972284593867326568m_-5151163107676132866m_2794690170860339917m_6111518162253390391m_-2662173332123324088m_-7219241339563345570gmail-m_-6072440202145238069gmail-m_-7370741784583776341gmail-m_6424546696934739907m_5986153776795594458gmail-m_-2796801227746859587m_1260314428174123313gmail-m_4939375356869488145gmail-m_8994407740200318629m_-5687025727033965430m_-4623614664702038540m_-7447398740274104695gmail-MsoNoSpacing\">Pero entiendo muy bien, que el alto honor de gobernar a Veracruz no se reduce a un asunto de merecimientos. Nunca he cre\u00eddo en el derecho adquirido ni en las oportunidades perdidas. Quienes aspiramos a la candidatura hemos conocido en las urnas lo mismo la derrota que la victoria; la primera nunca venci\u00f3 nuestra voluntad, mientras que la segunda tampoco envileci\u00f3 nuestro car\u00e1cter.<\/p>\n<p class=\"x_m_6802527278623997222m_-8013778979227650083m_-6972284593867326568m_-5151163107676132866m_2794690170860339917m_6111518162253390391m_-2662173332123324088m_-7219241339563345570gmail-m_-6072440202145238069gmail-m_-7370741784583776341gmail-m_6424546696934739907m_5986153776795594458gmail-m_-2796801227746859587m_1260314428174123313gmail-m_4939375356869488145gmail-m_8994407740200318629m_-5687025727033965430m_-4623614664702038540m_-7447398740274104695gmail-MsoNoSpacing\">Hoy las candidaturas se deben construir con trabajo y una propuesta honesta y congruente. Una aspiraci\u00f3n debe descansar en el conocimiento, la experiencia y el car\u00e1cter. No tengo la menor duda que quienes aspiramos cumplimos estrictamente con este perfil, y en este sentido, nuestro futuro lo habr\u00e1n de decidir los veracruzanos.<\/p>\n<p class=\"x_m_6802527278623997222m_-8013778979227650083m_-6972284593867326568m_-5151163107676132866m_2794690170860339917m_6111518162253390391m_-2662173332123324088m_-7219241339563345570gmail-m_-6072440202145238069gmail-m_-7370741784583776341gmail-m_6424546696934739907m_5986153776795594458gmail-m_-2796801227746859587m_1260314428174123313gmail-m_4939375356869488145gmail-m_8994407740200318629m_-5687025727033965430m_-4623614664702038540m_-7447398740274104695gmail-MsoNoSpacing\">Quien no es capaz de ganar una contienda interna objetiva y transparente, dif\u00edcilmente ganar\u00e1 una elecci\u00f3n frente al resto de las ofertas pol\u00edticas que estar\u00e1n en la boleta electoral.<\/p>\n<p class=\"x_m_6802527278623997222m_-8013778979227650083m_-6972284593867326568m_-5151163107676132866m_2794690170860339917m_6111518162253390391m_-2662173332123324088m_-7219241339563345570gmail-m_-6072440202145238069gmail-m_-7370741784583776341gmail-m_6424546696934739907m_5986153776795594458gmail-m_-2796801227746859587m_1260314428174123313gmail-m_4939375356869488145gmail-m_8994407740200318629m_-5687025727033965430m_-4623614664702038540m_-7447398740274104695gmail-MsoNoSpacing\">Soy el primer interesado en construir una candidatura s\u00f3lida y leg\u00edtima. Que represente con dignidad al partido, que sume a todas las corrientes, que sea electoralmente competitiva y que resulte una propuesta que genere confianza y certeza a los veracruzanos.<\/p>\n<p class=\"x_m_6802527278623997222m_-8013778979227650083m_-6972284593867326568m_-5151163107676132866m_2794690170860339917m_6111518162253390391m_-2662173332123324088m_-7219241339563345570gmail-m_-6072440202145238069gmail-m_-7370741784583776341gmail-m_6424546696934739907m_5986153776795594458gmail-m_-2796801227746859587m_1260314428174123313gmail-m_4939375356869488145gmail-m_8994407740200318629m_-5687025727033965430m_-4623614664702038540m_-7447398740274104695gmail-MsoNoSpacing\">Esta es la raz\u00f3n por la que he insistido que se realicen las encuestas que den certidumbre sobre estos aspectos estrat\u00e9gicos. Debemos escuchar la opini\u00f3n de los veracruzanos \u2013y de la mayor cantidad posible de ciudadanos sin partido-, para que los priistas encontremos la mejor propuesta al Gobierno de Veracruz.<\/p>\n<p class=\"x_m_6802527278623997222m_-8013778979227650083m_-6972284593867326568m_-5151163107676132866m_2794690170860339917m_6111518162253390391m_-2662173332123324088m_-7219241339563345570gmail-m_-6072440202145238069gmail-m_-7370741784583776341gmail-m_6424546696934739907m_5986153776795594458gmail-m_-2796801227746859587m_1260314428174123313gmail-m_4939375356869488145gmail-m_8994407740200318629m_-5687025727033965430m_-4623614664702038540m_-7447398740274104695gmail-MsoNoSpacing\">De esta forma, la decisi\u00f3n que tomen los consejeros pol\u00edticos de mi partido para elegir al candidato al Gobierno de Veracruz, responder\u00e1 a la opini\u00f3n de muchos y no a la decisi\u00f3n de muy pocos. He dicho, y lo sostendr\u00e9 hasta el final, que en caso de que las encuestas no me favorezcan, ser\u00e9 el primero que pondr\u00e9 todo mi esfuerzo y mi capital pol\u00edtico a favor de quien resulte favorecido con estas.<\/p>\n<p class=\"x_m_6802527278623997222m_-8013778979227650083m_-6972284593867326568m_-5151163107676132866m_2794690170860339917m_6111518162253390391m_-2662173332123324088m_-7219241339563345570gmail-m_-6072440202145238069gmail-m_-7370741784583776341gmail-m_6424546696934739907m_5986153776795594458gmail-m_-2796801227746859587m_1260314428174123313gmail-m_4939375356869488145gmail-m_8994407740200318629m_-5687025727033965430m_-4623614664702038540m_-7447398740274104695gmail-MsoNoSpacing\">Los tiempos pol\u00edticos y electorales se han cumplido puntualmente. La decisi\u00f3n del priismo veracruzano la conoceremos muy pronto, probablemente esta misma semana.<\/p>\n<p>Desde hace casi cuatro d\u00e9cadas he puesto al servicio de Veracruz toda mi capacidad y mi trabajo. Tambi\u00e9n he puesto mi futuro, porque estoy seguro que gobernar Veracruz es mi destino.<\/p>\n<p align=\"justify\"><a href=\"http:\/\/facebook.com\/\" target=\"_blank\" rel=\"noopener noreferrer\">facebook.com\/<\/a><a href=\"https:\/\/sable.godaddy.com\/c\/137078?id=47047.171.1.47b002484d9a6b9e7f20fde9666039f4\" target=\"_blank\" rel=\"noopener noreferrer\">HectorYunes<\/a><\/p>\n<p align=\"justify\">Mail:\u00a0<a href=\"mailto:hector.yunes@senado.gob.mx\" target=\"_blank\" rel=\"noopener noreferrer\">hector.yunes@senado.gob.mx<\/a><\/p>\n<p align=\"justify\">Instagram:\u00a0<a href=\"https:\/\/sable.godaddy.com\/c\/137078?id=47047.172.1.b3687504ddbe4f7704a260101dd9d968\" target=\"_blank\" rel=\"noopener noreferrer\">hectoryuneslanda<\/a><\/p>\n<p align=\"justify\">Twt:\u00a0<a href=\"https:\/\/sable.godaddy.com\/c\/137078?id=47047.173.1.adeb39f0291e0f6d5e5e644afd4fd165\" target=\"_blank\" rel=\"noopener noreferrer\">@HectorYunes<\/a><\/p>\n","protected":false},"excerpt":{"rendered":"<p>H\u00e9ctor Yunes Landa Articulista Invitado El proceso de transici\u00f3n pol\u00edtica que vive el pa\u00eds ha impulsado, aunque de manera insuficiente, el empoderamiento de los ciudadanos. Muestra de lo anterior, es que los partidos pol\u00edticos apuestan cada vez m\u00e1s a postular candidatos con mayor empat\u00eda con los electores, a\u00fan cuando estos no formen parte de su [&hellip;]<\/p>\n","protected":false},"author":2,"featured_media":0,"comment_status":"open","ping_status":"open","sticky":false,"template":"","format":"standard","meta":{"tdm_status":"","tdm_grid_status":"","footnotes":""},"categories":[70],"tags":[662,10388],"class_list":{"0":"post-38391","1":"post","2":"type-post","3":"status-publish","4":"format-standard","6":"category-de-opinion","7":"tag-gubernatura","8":"tag-hector-yunes-lnda"},"yoast_head":"<!-- This site is optimized with the Yoast SEO plugin v27.4 - https:\/\/yoast.com\/product\/yoast-seo-wordpress\/ -->\n<title>El candidato a Gobernador - Los pol\u00edticos Veracruz<\/title>\n<meta name=\"robots\" content=\"index, follow, max-snippet:-1, max-image-preview:large, max-video-preview:-1\" \/>\n<link rel=\"canonical\" href=\"https:\/\/lospoliticosveracruz.com\/?p=38391\" \/>\n<meta property=\"og:locale\" content=\"es_ES\" \/>\n<meta property=\"og:type\" content=\"article\" \/>\n<meta property=\"og:title\" content=\"El candidato a Gobernador - Los pol\u00edticos Veracruz\" \/>\n<meta property=\"og:description\" content=\"H\u00e9ctor Yunes Landa Articulista Invitado El proceso de transici\u00f3n pol\u00edtica que vive el pa\u00eds ha impulsado, aunque de manera insuficiente, el empoderamiento de los ciudadanos. Muestra de lo anterior, es que los partidos pol\u00edticos apuestan cada vez m\u00e1s a postular candidatos con mayor empat\u00eda con los electores, a\u00fan cuando estos no formen parte de su [&hellip;]\" \/>\n<meta property=\"og:url\" content=\"https:\/\/lospoliticosveracruz.com\/?p=38391\" \/>\n<meta property=\"og:site_name\" content=\"Los pol\u00edticos Veracruz\" \/>\n<meta property=\"article:publisher\" content=\"https:\/\/www.facebook.com\/people\/Notimemes-de-los-Polticos\/61565672886568\/\" \/>\n<meta property=\"article:published_time\" content=\"2017-12-11T16:14:28+00:00\" \/>\n<meta property=\"og:image\" content=\"https:\/\/lospoliticosveracruz.com\/wp-content\/uploads\/2016\/07\/Logo-Dor.jpg\" \/>\n\t<meta property=\"og:image:width\" content=\"200\" \/>\n\t<meta property=\"og:image:height\" content=\"200\" \/>\n\t<meta property=\"og:image:type\" content=\"image\/jpeg\" \/>\n<meta name=\"author\" content=\"Lo viste en Los Pol\u00edticos\" \/>\n<meta name=\"twitter:card\" content=\"summary_large_image\" \/>\n<meta name=\"twitter:creator\" content=\"@LosPoliticosVer\" \/>\n<meta name=\"twitter:site\" content=\"@LosPoliticosVer\" \/>\n<meta name=\"twitter:label1\" content=\"Escrito por\" \/>\n\t<meta name=\"twitter:data1\" content=\"Lo viste en Los Pol\u00edticos\" \/>\n\t<meta name=\"twitter:label2\" content=\"Tiempo de lectura\" \/>\n\t<meta name=\"twitter:data2\" content=\"3 minutos\" \/>\n<script type=\"application\/ld+json\" class=\"yoast-schema-graph\">{\"@context\":\"https:\\\/\\\/schema.org\",\"@graph\":[{\"@type\":\"Article\",\"@id\":\"https:\\\/\\\/lospoliticosveracruz.com\\\/?p=38391#article\",\"isPartOf\":{\"@id\":\"https:\\\/\\\/lospoliticosveracruz.com\\\/?p=38391\"},\"author\":{\"name\":\"Lo viste en Los Pol\u00edticos\",\"@id\":\"https:\\\/\\\/lospoliticosveracruz.com\\\/#\\\/schema\\\/person\\\/b8702bb0e538456e6efd07080bf2a4a2\"},\"headline\":\"El candidato a Gobernador\",\"datePublished\":\"2017-12-11T16:14:28+00:00\",\"mainEntityOfPage\":{\"@id\":\"https:\\\/\\\/lospoliticosveracruz.com\\\/?p=38391\"},\"wordCount\":656,\"commentCount\":0,\"publisher\":{\"@id\":\"https:\\\/\\\/lospoliticosveracruz.com\\\/#organization\"},\"keywords\":[\"gubernatura\",\"H\u00e9ctor Yunes Lnda\"],\"articleSection\":[\"De Opini\u00f3n\"],\"inLanguage\":\"es\",\"potentialAction\":[{\"@type\":\"CommentAction\",\"name\":\"Comment\",\"target\":[\"https:\\\/\\\/lospoliticosveracruz.com\\\/?p=38391#respond\"]}]},{\"@type\":\"WebPage\",\"@id\":\"https:\\\/\\\/lospoliticosveracruz.com\\\/?p=38391\",\"url\":\"https:\\\/\\\/lospoliticosveracruz.com\\\/?p=38391\",\"name\":\"El candidato a Gobernador - Los pol\u00edticos Veracruz\",\"isPartOf\":{\"@id\":\"https:\\\/\\\/lospoliticosveracruz.com\\\/#website\"},\"datePublished\":\"2017-12-11T16:14:28+00:00\",\"breadcrumb\":{\"@id\":\"https:\\\/\\\/lospoliticosveracruz.com\\\/?p=38391#breadcrumb\"},\"inLanguage\":\"es\",\"potentialAction\":[{\"@type\":\"ReadAction\",\"target\":[\"https:\\\/\\\/lospoliticosveracruz.com\\\/?p=38391\"]}]},{\"@type\":\"BreadcrumbList\",\"@id\":\"https:\\\/\\\/lospoliticosveracruz.com\\\/?p=38391#breadcrumb\",\"itemListElement\":[{\"@type\":\"ListItem\",\"position\":1,\"name\":\"Portada\",\"item\":\"https:\\\/\\\/lospoliticosveracruz.com\\\/\"},{\"@type\":\"ListItem\",\"position\":2,\"name\":\"El candidato a Gobernador\"}]},{\"@type\":\"WebSite\",\"@id\":\"https:\\\/\\\/lospoliticosveracruz.com\\\/#website\",\"url\":\"https:\\\/\\\/lospoliticosveracruz.com\\\/\",\"name\":\"Los pol\u00edticos Veracruz\",\"description\":\"\",\"publisher\":{\"@id\":\"https:\\\/\\\/lospoliticosveracruz.com\\\/#organization\"},\"potentialAction\":[{\"@type\":\"SearchAction\",\"target\":{\"@type\":\"EntryPoint\",\"urlTemplate\":\"https:\\\/\\\/lospoliticosveracruz.com\\\/?s={search_term_string}\"},\"query-input\":{\"@type\":\"PropertyValueSpecification\",\"valueRequired\":true,\"valueName\":\"search_term_string\"}}],\"inLanguage\":\"es\"},{\"@type\":\"Organization\",\"@id\":\"https:\\\/\\\/lospoliticosveracruz.com\\\/#organization\",\"name\":\"Los pol\u00edticos Veracruz\",\"url\":\"https:\\\/\\\/lospoliticosveracruz.com\\\/\",\"logo\":{\"@type\":\"ImageObject\",\"inLanguage\":\"es\",\"@id\":\"https:\\\/\\\/lospoliticosveracruz.com\\\/#\\\/schema\\\/logo\\\/image\\\/\",\"url\":\"https:\\\/\\\/lospoliticosveracruz.com\\\/wp-content\\\/uploads\\\/2025\\\/12\\\/Logo-Nuevo-LOS-POLITICOS-1.jpg\",\"contentUrl\":\"https:\\\/\\\/lospoliticosveracruz.com\\\/wp-content\\\/uploads\\\/2025\\\/12\\\/Logo-Nuevo-LOS-POLITICOS-1.jpg\",\"width\":260,\"height\":70,\"caption\":\"Los pol\u00edticos Veracruz\"},\"image\":{\"@id\":\"https:\\\/\\\/lospoliticosveracruz.com\\\/#\\\/schema\\\/logo\\\/image\\\/\"},\"sameAs\":[\"https:\\\/\\\/www.facebook.com\\\/people\\\/Notimemes-de-los-Polticos\\\/61565672886568\\\/\",\"https:\\\/\\\/x.com\\\/LosPoliticosVer\"]},{\"@type\":\"Person\",\"@id\":\"https:\\\/\\\/lospoliticosveracruz.com\\\/#\\\/schema\\\/person\\\/b8702bb0e538456e6efd07080bf2a4a2\",\"name\":\"Lo viste en Los Pol\u00edticos\",\"image\":{\"@type\":\"ImageObject\",\"inLanguage\":\"es\",\"@id\":\"https:\\\/\\\/secure.gravatar.com\\\/avatar\\\/3a8de04a2656d44082be478bd6c086daa447c4651605818287b9532d3d0bd435?s=96&d=mm&r=g\",\"url\":\"https:\\\/\\\/secure.gravatar.com\\\/avatar\\\/3a8de04a2656d44082be478bd6c086daa447c4651605818287b9532d3d0bd435?s=96&d=mm&r=g\",\"contentUrl\":\"https:\\\/\\\/secure.gravatar.com\\\/avatar\\\/3a8de04a2656d44082be478bd6c086daa447c4651605818287b9532d3d0bd435?s=96&d=mm&r=g\",\"caption\":\"Lo viste en Los Pol\u00edticos\"},\"url\":\"https:\\\/\\\/lospoliticosveracruz.com\\\/?author=2\"}]}<\/script>\n<!-- \/ Yoast SEO plugin. -->","yoast_head_json":{"title":"El candidato a Gobernador - Los pol\u00edticos Veracruz","robots":{"index":"index","follow":"follow","max-snippet":"max-snippet:-1","max-image-preview":"max-image-preview:large","max-video-preview":"max-video-preview:-1"},"canonical":"https:\/\/lospoliticosveracruz.com\/?p=38391","og_locale":"es_ES","og_type":"article","og_title":"El candidato a Gobernador - Los pol\u00edticos Veracruz","og_description":"H\u00e9ctor Yunes Landa Articulista Invitado El proceso de transici\u00f3n pol\u00edtica que vive el pa\u00eds ha impulsado, aunque de manera insuficiente, el empoderamiento de los ciudadanos. Muestra de lo anterior, es que los partidos pol\u00edticos apuestan cada vez m\u00e1s a postular candidatos con mayor empat\u00eda con los electores, a\u00fan cuando estos no formen parte de su [&hellip;]","og_url":"https:\/\/lospoliticosveracruz.com\/?p=38391","og_site_name":"Los pol\u00edticos Veracruz","article_publisher":"https:\/\/www.facebook.com\/people\/Notimemes-de-los-Polticos\/61565672886568\/","article_published_time":"2017-12-11T16:14:28+00:00","og_image":[{"width":200,"height":200,"url":"https:\/\/lospoliticosveracruz.com\/wp-content\/uploads\/2016\/07\/Logo-Dor.jpg","type":"image\/jpeg"}],"author":"Lo viste en Los Pol\u00edticos","twitter_card":"summary_large_image","twitter_creator":"@LosPoliticosVer","twitter_site":"@LosPoliticosVer","twitter_misc":{"Escrito por":"Lo viste en Los Pol\u00edticos","Tiempo de lectura":"3 minutos"},"schema":{"@context":"https:\/\/schema.org","@graph":[{"@type":"Article","@id":"https:\/\/lospoliticosveracruz.com\/?p=38391#article","isPartOf":{"@id":"https:\/\/lospoliticosveracruz.com\/?p=38391"},"author":{"name":"Lo viste en Los Pol\u00edticos","@id":"https:\/\/lospoliticosveracruz.com\/#\/schema\/person\/b8702bb0e538456e6efd07080bf2a4a2"},"headline":"El candidato a Gobernador","datePublished":"2017-12-11T16:14:28+00:00","mainEntityOfPage":{"@id":"https:\/\/lospoliticosveracruz.com\/?p=38391"},"wordCount":656,"commentCount":0,"publisher":{"@id":"https:\/\/lospoliticosveracruz.com\/#organization"},"keywords":["gubernatura","H\u00e9ctor Yunes Lnda"],"articleSection":["De Opini\u00f3n"],"inLanguage":"es","potentialAction":[{"@type":"CommentAction","name":"Comment","target":["https:\/\/lospoliticosveracruz.com\/?p=38391#respond"]}]},{"@type":"WebPage","@id":"https:\/\/lospoliticosveracruz.com\/?p=38391","url":"https:\/\/lospoliticosveracruz.com\/?p=38391","name":"El candidato a Gobernador - Los pol\u00edticos Veracruz","isPartOf":{"@id":"https:\/\/lospoliticosveracruz.com\/#website"},"datePublished":"2017-12-11T16:14:28+00:00","breadcrumb":{"@id":"https:\/\/lospoliticosveracruz.com\/?p=38391#breadcrumb"},"inLanguage":"es","potentialAction":[{"@type":"ReadAction","target":["https:\/\/lospoliticosveracruz.com\/?p=38391"]}]},{"@type":"BreadcrumbList","@id":"https:\/\/lospoliticosveracruz.com\/?p=38391#breadcrumb","itemListElement":[{"@type":"ListItem","position":1,"name":"Portada","item":"https:\/\/lospoliticosveracruz.com\/"},{"@type":"ListItem","position":2,"name":"El candidato a Gobernador"}]},{"@type":"WebSite","@id":"https:\/\/lospoliticosveracruz.com\/#website","url":"https:\/\/lospoliticosveracruz.com\/","name":"Los pol\u00edticos Veracruz","description":"","publisher":{"@id":"https:\/\/lospoliticosveracruz.com\/#organization"},"potentialAction":[{"@type":"SearchAction","target":{"@type":"EntryPoint","urlTemplate":"https:\/\/lospoliticosveracruz.com\/?s={search_term_string}"},"query-input":{"@type":"PropertyValueSpecification","valueRequired":true,"valueName":"search_term_string"}}],"inLanguage":"es"},{"@type":"Organization","@id":"https:\/\/lospoliticosveracruz.com\/#organization","name":"Los pol\u00edticos Veracruz","url":"https:\/\/lospoliticosveracruz.com\/","logo":{"@type":"ImageObject","inLanguage":"es","@id":"https:\/\/lospoliticosveracruz.com\/#\/schema\/logo\/image\/","url":"https:\/\/lospoliticosveracruz.com\/wp-content\/uploads\/2025\/12\/Logo-Nuevo-LOS-POLITICOS-1.jpg","contentUrl":"https:\/\/lospoliticosveracruz.com\/wp-content\/uploads\/2025\/12\/Logo-Nuevo-LOS-POLITICOS-1.jpg","width":260,"height":70,"caption":"Los pol\u00edticos Veracruz"},"image":{"@id":"https:\/\/lospoliticosveracruz.com\/#\/schema\/logo\/image\/"},"sameAs":["https:\/\/www.facebook.com\/people\/Notimemes-de-los-Polticos\/61565672886568\/","https:\/\/x.com\/LosPoliticosVer"]},{"@type":"Person","@id":"https:\/\/lospoliticosveracruz.com\/#\/schema\/person\/b8702bb0e538456e6efd07080bf2a4a2","name":"Lo viste en Los Pol\u00edticos","image":{"@type":"ImageObject","inLanguage":"es","@id":"https:\/\/secure.gravatar.com\/avatar\/3a8de04a2656d44082be478bd6c086daa447c4651605818287b9532d3d0bd435?s=96&d=mm&r=g","url":"https:\/\/secure.gravatar.com\/avatar\/3a8de04a2656d44082be478bd6c086daa447c4651605818287b9532d3d0bd435?s=96&d=mm&r=g","contentUrl":"https:\/\/secure.gravatar.com\/avatar\/3a8de04a2656d44082be478bd6c086daa447c4651605818287b9532d3d0bd435?s=96&d=mm&r=g","caption":"Lo viste en Los Pol\u00edticos"},"url":"https:\/\/lospoliticosveracruz.com\/?author=2"}]}},"_links":{"self":[{"href":"https:\/\/lospoliticosveracruz.com\/index.php?rest_route=\/wp\/v2\/posts\/38391","targetHints":{"allow":["GET"]}}],"collection":[{"href":"https:\/\/lospoliticosveracruz.com\/index.php?rest_route=\/wp\/v2\/posts"}],"about":[{"href":"https:\/\/lospoliticosveracruz.com\/index.php?rest_route=\/wp\/v2\/types\/post"}],"author":[{"embeddable":true,"href":"https:\/\/lospoliticosveracruz.com\/index.php?rest_route=\/wp\/v2\/users\/2"}],"replies":[{"embeddable":true,"href":"https:\/\/lospoliticosveracruz.com\/index.php?rest_route=%2Fwp%2Fv2%2Fcomments&post=38391"}],"version-history":[{"count":1,"href":"https:\/\/lospoliticosveracruz.com\/index.php?rest_route=\/wp\/v2\/posts\/38391\/revisions"}],"predecessor-version":[{"id":38392,"href":"https:\/\/lospoliticosveracruz.com\/index.php?rest_route=\/wp\/v2\/posts\/38391\/revisions\/38392"}],"wp:attachment":[{"href":"https:\/\/lospoliticosveracruz.com\/index.php?rest_route=%2Fwp%2Fv2%2Fmedia&parent=38391"}],"wp:term":[{"taxonomy":"category","embeddable":true,"href":"https:\/\/lospoliticosveracruz.com\/index.php?rest_route=%2Fwp%2Fv2%2Fcategories&post=38391"},{"taxonomy":"post_tag","embeddable":true,"href":"https:\/\/lospoliticosveracruz.com\/index.php?rest_route=%2Fwp%2Fv2%2Ftags&post=38391"}],"curies":[{"name":"wp","href":"https:\/\/api.w.org\/{rel}","templated":true}]}}