{"id":38393,"date":"2017-12-11T10:30:23","date_gmt":"2017-12-11T16:30:23","guid":{"rendered":"http:\/\/www.lospoliticosveracruz.com.mx\/?p=38393"},"modified":"2017-12-11T10:30:23","modified_gmt":"2017-12-11T16:30:23","slug":"ivan-lopez-excluido-del-proceso-para-la-asf","status":"publish","type":"post","link":"https:\/\/lospoliticosveracruz.com\/?p=38393","title":{"rendered":"Iv\u00e1n L\u00f3pez, excluido del proceso para la ASF"},"content":{"rendered":"<p class=\"x_m_-241162290478031438MsoNoSpacing\"><b>Luis Alberto Romero<\/b><\/p>\n<p class=\"x_m_-241162290478031438MsoNoSpacing\"><em>Hora Cero<\/em><\/p>\n<p class=\"x_m_-241162290478031438MsoNoSpacing\"><b>\u00a0<\/b><b><\/b><b>\u00a0<\/b><\/p>\n<p class=\"x_m_-241162290478031438MsoNoSpacing\">\u00bfQu\u00e9 motiv\u00f3 a Iv\u00e1n L\u00f3pez Fern\u00e1ndez, ex contralor del gobierno de Javier Duarte, a inscribirse en el proceso para la renovaci\u00f3n de la Auditor\u00eda Superior de la Federaci\u00f3n?; s\u00f3lo \u00e9l lo sabe; sin embargo, el resultado de su intento por suceder a Juan Manuel Portal Mart\u00ednez era predecible.<u><\/u><u><\/u><\/p>\n<p class=\"x_m_-241162290478031438MsoNoSpacing\">Cualquiera pod\u00eda anticipar que el ex contralor de la pasada administraci\u00f3n veracruzana no llegar\u00eda ni siquiera a la terna final; y as\u00ed fue.<u><\/u><u><\/u><\/p>\n<p class=\"x_m_-241162290478031438MsoNoSpacing\">En el proceso de selecci\u00f3n de aspirantes a la ASF, 41 personas se inscribieron en una lista que parec\u00eda variopinta, dado que incluy\u00f3 a docentes, acad\u00e9micos, ex consejeros del INE, ex comisionados del IFAI; as\u00ed como la directora de Auditor\u00eda Forense de la propia Auditor\u00eda, y la responsable del \u00d3rgano Interno de la Secretar\u00eda de Salud.<u><\/u><u><\/u><\/p>\n<p class=\"x_m_-241162290478031438MsoNoSpacing\">A partir del 27 de noviembre, la C\u00e1mara de Diputados comenz\u00f3 el an\u00e1lisis de los aspirantes, sus trayectorias y perfiles; ese proceso dur\u00f3 cinco d\u00edas; luego de ello, comenz\u00f3 la pasarela, las entrevistas a quienes buscaban llegar a dicho espacio.<u><\/u><u><\/u><\/p>\n<p class=\"x_m_-241162290478031438MsoNoSpacing\">Al final, los integrantes de la Comisi\u00f3n de Vigilancia de la C\u00e1mara Baja armaron su terna y se inclinaron por Salim Arturo Orc\u00ed, David Rogelio Colmerares, y \u00c1ngel Jos\u00e9 Trinidad Zaldivar.<u><\/u><u><\/u><\/p>\n<p class=\"x_m_-241162290478031438MsoNoSpacing\">Expertos en materia de fiscalizaci\u00f3n consideraron que fue sorpresivo que no llegara a la terna final Mauricio Merino Huerta, investigador del Centro de Investigaci\u00f3n y Docencia Econ\u00f3micas, CIDE, licenciado en Ciencias Pol\u00edticas con especialidad en Derecho Constitucional y Ciencia Pol\u00edtica, con doctorado por la Complutense.<u><\/u><u><\/u><\/p>\n<p class=\"x_m_-241162290478031438MsoNoSpacing\">Merino Huerta fue consejero del Instituto Federal Electoral y ha dado asesor\u00eda y consultor\u00eda a diferentes instancias como el Instituto Federal de Acceso a la Informaci\u00f3n, Banobras, Pemex, IFE y a la propia Auditor\u00eda Superior de la Federaci\u00f3n, de tal manera que si su nombre no lleg\u00f3 a la terna result\u00f3 sorpresivo.<u><\/u><u><\/u><\/p>\n<p class=\"x_m_-241162290478031438MsoNoSpacing\">Lo que no se puede considerar sorpresa es la exclusi\u00f3n de esa lista tanto del ex contralor del gobierno de Javier Duarte, Iv\u00e1n L\u00f3pez Fern\u00e1ndez, como del ex secretario de la Contralor\u00eda del gobierno poblano de Rafael Moreno Valle, Alejandro Torres Palmer.<u><\/u><u><\/u><\/p>\n<p class=\"x_m_-241162290478031438MsoNoSpacing\">En el caso de Iv\u00e1n L\u00f3pez, quien cuenta con cierto cartel profesional, su paso por un gobierno estatal tan se\u00f1alado por presuntos actos de corrupci\u00f3n, pudo haber sido determinante.<u><\/u><u><\/u><\/p>\n<p class=\"x_m_-241162290478031438MsoNoSpacing\">Dif\u00edcilmente los diputados que integran la Comisi\u00f3n de Vigilancia hubieran votado por una figura como la del ex contralor, debido a que hacerlo hubiera causado una pol\u00e9mica innecesaria.<u><\/u><u><\/u><\/p>\n<p class=\"x_m_-241162290478031438MsoNoSpacing\">Hay quien afirma que L\u00f3pez Fern\u00e1ndez se deslind\u00f3 de forma oportuna del gobierno duartista, pero la realidad es que ese sambenito le perseguir\u00e1 por mucho tiempo.<u><\/u><u><\/u><\/p>\n<p class=\"x_m_-241162290478031438MsoNoSpacing\">En cuanto a la pregunta sobre \u00bfqu\u00e9 motiv\u00f3 a Iv\u00e1n L\u00f3pez a presentar su candidatura a la ASF?, la verdad es que s\u00f3lo \u00e9l lo sabe porque dicha posici\u00f3n estaba fuera de sus alcances.<\/p>\n<p class=\"x_m_-241162290478031438MsoNoSpacing\"><b>Alerta por Violencia de G\u00e9nero<u><\/u><u><\/u><\/b><\/p>\n<p class=\"x_m_-241162290478031438MsoNoSpacing\">La Red de Mujeres Feministas del Estado de Veracruz abord\u00f3 el tema de los feminicidios ocurridos en la entidad.<u><\/u><u><\/u><\/p>\n<p class=\"x_m_-241162290478031438MsoNoSpacing\">Luego del asesinato de la joven Ruth Magaly Hern\u00e1ndez, el grupo ha levantado la voz para se\u00f1alar las presuntas omisiones del gobierno estatal en cuenta a las recomendaciones emitidas por la Comisi\u00f3n Nacional para Prevenir y Erradicar la Violencia contra las Mujeres.<u><\/u><u><\/u><\/p>\n<p class=\"x_m_-241162290478031438MsoNoSpacing\">La Red de Feministas expone que solo durante 2017 se han registrado 219 asesinatos contra mujeres y apunta que de esa cifra, 155 tienen caracter\u00edsticas de feminicidio.<u><\/u><u><\/u><\/p>\n<p class=\"x_m_-241162290478031438MsoNoSpacing\">El pasado jueves por la noche se registr\u00f3 una v\u00edctima m\u00e1s en la capital del estado; una mujer de 43 a\u00f1os fue asesinada en la colonia Maver de Xalapa.<u><\/u><u><\/u><\/p>\n<p class=\"x_m_-241162290478031438MsoNoSpacing\">Es un asunto que la administraci\u00f3n estatal deber\u00eda atender de inmediato, para evitar que siga creciendo.<u><\/u><u><\/u><\/p>\n<p class=\"x_m_-241162290478031438MsoNoSpacing\">Y hablando de violencia, los casos de ejecuciones registrados en los \u00faltimos d\u00edas han generado alarma entre la poblaci\u00f3n veracruzana. S\u00f3lo el jueves hubo 19 asesinatos. 2017 se convertir\u00e1 en el a\u00f1o m\u00e1s violento en la historia contempor\u00e1nea de la entidad, el que tiene m\u00e1s asesinatos dolosos y m\u00e1s secuestros. @luisromero85<u><\/u><u><\/u><\/p>\n<p class=\"x_MsoNormal\"><u><\/u><\/p>\n","protected":false},"excerpt":{"rendered":"<p>Luis Alberto Romero Hora Cero \u00a0\u00a0 \u00bfQu\u00e9 motiv\u00f3 a Iv\u00e1n L\u00f3pez Fern\u00e1ndez, ex contralor del gobierno de Javier Duarte, a inscribirse en el proceso para la renovaci\u00f3n de la Auditor\u00eda Superior de la Federaci\u00f3n?; s\u00f3lo \u00e9l lo sabe; sin embargo, el resultado de su intento por suceder a Juan Manuel Portal Mart\u00ednez era predecible. Cualquiera [&hellip;]<\/p>\n","protected":false},"author":2,"featured_media":0,"comment_status":"open","ping_status":"open","sticky":false,"template":"","format":"standard","meta":{"tdm_status":"","tdm_grid_status":"","footnotes":""},"categories":[70],"tags":[1917,10391,1838,10394,10390],"class_list":{"0":"post-38393","1":"post","2":"type-post","3":"status-publish","4":"format-standard","6":"category-de-opinion","7":"tag-auditoria-superior-de-la-federacion","8":"tag-david-rogelio-colmerares","9":"tag-ivan-lopez-fernandez","10":"tag-red-de-mujeres-feministas-del-estado-de-veracruz","11":"tag-salim-arturo-orci"},"yoast_head":"<!-- This site is optimized with the Yoast SEO plugin v27.4 - https:\/\/yoast.com\/product\/yoast-seo-wordpress\/ -->\n<title>Iv\u00e1n L\u00f3pez, excluido del proceso para la ASF - Los pol\u00edticos Veracruz<\/title>\n<meta name=\"robots\" content=\"index, follow, max-snippet:-1, max-image-preview:large, max-video-preview:-1\" \/>\n<link rel=\"canonical\" href=\"https:\/\/lospoliticosveracruz.com\/?p=38393\" \/>\n<meta property=\"og:locale\" content=\"es_ES\" \/>\n<meta property=\"og:type\" content=\"article\" \/>\n<meta property=\"og:title\" content=\"Iv\u00e1n L\u00f3pez, excluido del proceso para la ASF - Los pol\u00edticos Veracruz\" \/>\n<meta property=\"og:description\" content=\"Luis Alberto Romero Hora Cero \u00a0\u00a0 \u00bfQu\u00e9 motiv\u00f3 a Iv\u00e1n L\u00f3pez Fern\u00e1ndez, ex contralor del gobierno de Javier Duarte, a inscribirse en el proceso para la renovaci\u00f3n de la Auditor\u00eda Superior de la Federaci\u00f3n?; s\u00f3lo \u00e9l lo sabe; sin embargo, el resultado de su intento por suceder a Juan Manuel Portal Mart\u00ednez era predecible. Cualquiera [&hellip;]\" \/>\n<meta property=\"og:url\" content=\"https:\/\/lospoliticosveracruz.com\/?p=38393\" \/>\n<meta property=\"og:site_name\" content=\"Los pol\u00edticos Veracruz\" \/>\n<meta property=\"article:publisher\" content=\"https:\/\/www.facebook.com\/people\/Notimemes-de-los-Polticos\/61565672886568\/\" \/>\n<meta property=\"article:published_time\" content=\"2017-12-11T16:30:23+00:00\" \/>\n<meta property=\"og:image\" content=\"https:\/\/lospoliticosveracruz.com\/wp-content\/uploads\/2016\/07\/Logo-Dor.jpg\" \/>\n\t<meta property=\"og:image:width\" content=\"200\" \/>\n\t<meta property=\"og:image:height\" content=\"200\" \/>\n\t<meta property=\"og:image:type\" content=\"image\/jpeg\" \/>\n<meta name=\"author\" content=\"Lo viste en Los Pol\u00edticos\" \/>\n<meta name=\"twitter:card\" content=\"summary_large_image\" \/>\n<meta name=\"twitter:creator\" content=\"@LosPoliticosVer\" \/>\n<meta name=\"twitter:site\" content=\"@LosPoliticosVer\" \/>\n<meta name=\"twitter:label1\" content=\"Escrito por\" \/>\n\t<meta name=\"twitter:data1\" content=\"Lo viste en Los Pol\u00edticos\" \/>\n\t<meta name=\"twitter:label2\" content=\"Tiempo de lectura\" \/>\n\t<meta name=\"twitter:data2\" content=\"4 minutos\" \/>\n<script type=\"application\/ld+json\" class=\"yoast-schema-graph\">{\"@context\":\"https:\\\/\\\/schema.org\",\"@graph\":[{\"@type\":\"Article\",\"@id\":\"https:\\\/\\\/lospoliticosveracruz.com\\\/?p=38393#article\",\"isPartOf\":{\"@id\":\"https:\\\/\\\/lospoliticosveracruz.com\\\/?p=38393\"},\"author\":{\"name\":\"Lo viste en Los Pol\u00edticos\",\"@id\":\"https:\\\/\\\/lospoliticosveracruz.com\\\/#\\\/schema\\\/person\\\/b8702bb0e538456e6efd07080bf2a4a2\"},\"headline\":\"Iv\u00e1n L\u00f3pez, excluido del proceso para la ASF\",\"datePublished\":\"2017-12-11T16:30:23+00:00\",\"mainEntityOfPage\":{\"@id\":\"https:\\\/\\\/lospoliticosveracruz.com\\\/?p=38393\"},\"wordCount\":718,\"commentCount\":0,\"publisher\":{\"@id\":\"https:\\\/\\\/lospoliticosveracruz.com\\\/#organization\"},\"keywords\":[\"Auditor\u00eda Superior de la Federaci\u00f3n\",\"David Rogelio Colmerares\",\"Iv\u00e1n L\u00f3pez Fern\u00e1ndez\",\"Red de Mujeres Feministas del Estado de Veracruz\",\"Salim Arturo Orc\u00ed\"],\"articleSection\":[\"De Opini\u00f3n\"],\"inLanguage\":\"es\",\"potentialAction\":[{\"@type\":\"CommentAction\",\"name\":\"Comment\",\"target\":[\"https:\\\/\\\/lospoliticosveracruz.com\\\/?p=38393#respond\"]}]},{\"@type\":\"WebPage\",\"@id\":\"https:\\\/\\\/lospoliticosveracruz.com\\\/?p=38393\",\"url\":\"https:\\\/\\\/lospoliticosveracruz.com\\\/?p=38393\",\"name\":\"Iv\u00e1n L\u00f3pez, excluido del proceso para la ASF - Los pol\u00edticos Veracruz\",\"isPartOf\":{\"@id\":\"https:\\\/\\\/lospoliticosveracruz.com\\\/#website\"},\"datePublished\":\"2017-12-11T16:30:23+00:00\",\"breadcrumb\":{\"@id\":\"https:\\\/\\\/lospoliticosveracruz.com\\\/?p=38393#breadcrumb\"},\"inLanguage\":\"es\",\"potentialAction\":[{\"@type\":\"ReadAction\",\"target\":[\"https:\\\/\\\/lospoliticosveracruz.com\\\/?p=38393\"]}]},{\"@type\":\"BreadcrumbList\",\"@id\":\"https:\\\/\\\/lospoliticosveracruz.com\\\/?p=38393#breadcrumb\",\"itemListElement\":[{\"@type\":\"ListItem\",\"position\":1,\"name\":\"Portada\",\"item\":\"https:\\\/\\\/lospoliticosveracruz.com\\\/\"},{\"@type\":\"ListItem\",\"position\":2,\"name\":\"Iv\u00e1n L\u00f3pez, excluido del proceso para la ASF\"}]},{\"@type\":\"WebSite\",\"@id\":\"https:\\\/\\\/lospoliticosveracruz.com\\\/#website\",\"url\":\"https:\\\/\\\/lospoliticosveracruz.com\\\/\",\"name\":\"Los pol\u00edticos Veracruz\",\"description\":\"\",\"publisher\":{\"@id\":\"https:\\\/\\\/lospoliticosveracruz.com\\\/#organization\"},\"potentialAction\":[{\"@type\":\"SearchAction\",\"target\":{\"@type\":\"EntryPoint\",\"urlTemplate\":\"https:\\\/\\\/lospoliticosveracruz.com\\\/?s={search_term_string}\"},\"query-input\":{\"@type\":\"PropertyValueSpecification\",\"valueRequired\":true,\"valueName\":\"search_term_string\"}}],\"inLanguage\":\"es\"},{\"@type\":\"Organization\",\"@id\":\"https:\\\/\\\/lospoliticosveracruz.com\\\/#organization\",\"name\":\"Los pol\u00edticos Veracruz\",\"url\":\"https:\\\/\\\/lospoliticosveracruz.com\\\/\",\"logo\":{\"@type\":\"ImageObject\",\"inLanguage\":\"es\",\"@id\":\"https:\\\/\\\/lospoliticosveracruz.com\\\/#\\\/schema\\\/logo\\\/image\\\/\",\"url\":\"https:\\\/\\\/lospoliticosveracruz.com\\\/wp-content\\\/uploads\\\/2025\\\/12\\\/Logo-Nuevo-LOS-POLITICOS-1.jpg\",\"contentUrl\":\"https:\\\/\\\/lospoliticosveracruz.com\\\/wp-content\\\/uploads\\\/2025\\\/12\\\/Logo-Nuevo-LOS-POLITICOS-1.jpg\",\"width\":260,\"height\":70,\"caption\":\"Los pol\u00edticos Veracruz\"},\"image\":{\"@id\":\"https:\\\/\\\/lospoliticosveracruz.com\\\/#\\\/schema\\\/logo\\\/image\\\/\"},\"sameAs\":[\"https:\\\/\\\/www.facebook.com\\\/people\\\/Notimemes-de-los-Polticos\\\/61565672886568\\\/\",\"https:\\\/\\\/x.com\\\/LosPoliticosVer\"]},{\"@type\":\"Person\",\"@id\":\"https:\\\/\\\/lospoliticosveracruz.com\\\/#\\\/schema\\\/person\\\/b8702bb0e538456e6efd07080bf2a4a2\",\"name\":\"Lo viste en Los Pol\u00edticos\",\"image\":{\"@type\":\"ImageObject\",\"inLanguage\":\"es\",\"@id\":\"https:\\\/\\\/secure.gravatar.com\\\/avatar\\\/3a8de04a2656d44082be478bd6c086daa447c4651605818287b9532d3d0bd435?s=96&d=mm&r=g\",\"url\":\"https:\\\/\\\/secure.gravatar.com\\\/avatar\\\/3a8de04a2656d44082be478bd6c086daa447c4651605818287b9532d3d0bd435?s=96&d=mm&r=g\",\"contentUrl\":\"https:\\\/\\\/secure.gravatar.com\\\/avatar\\\/3a8de04a2656d44082be478bd6c086daa447c4651605818287b9532d3d0bd435?s=96&d=mm&r=g\",\"caption\":\"Lo viste en Los Pol\u00edticos\"},\"url\":\"https:\\\/\\\/lospoliticosveracruz.com\\\/?author=2\"}]}<\/script>\n<!-- \/ Yoast SEO plugin. -->","yoast_head_json":{"title":"Iv\u00e1n L\u00f3pez, excluido del proceso para la ASF - Los pol\u00edticos Veracruz","robots":{"index":"index","follow":"follow","max-snippet":"max-snippet:-1","max-image-preview":"max-image-preview:large","max-video-preview":"max-video-preview:-1"},"canonical":"https:\/\/lospoliticosveracruz.com\/?p=38393","og_locale":"es_ES","og_type":"article","og_title":"Iv\u00e1n L\u00f3pez, excluido del proceso para la ASF - Los pol\u00edticos Veracruz","og_description":"Luis Alberto Romero Hora Cero \u00a0\u00a0 \u00bfQu\u00e9 motiv\u00f3 a Iv\u00e1n L\u00f3pez Fern\u00e1ndez, ex contralor del gobierno de Javier Duarte, a inscribirse en el proceso para la renovaci\u00f3n de la Auditor\u00eda Superior de la Federaci\u00f3n?; s\u00f3lo \u00e9l lo sabe; sin embargo, el resultado de su intento por suceder a Juan Manuel Portal Mart\u00ednez era predecible. Cualquiera [&hellip;]","og_url":"https:\/\/lospoliticosveracruz.com\/?p=38393","og_site_name":"Los pol\u00edticos Veracruz","article_publisher":"https:\/\/www.facebook.com\/people\/Notimemes-de-los-Polticos\/61565672886568\/","article_published_time":"2017-12-11T16:30:23+00:00","og_image":[{"width":200,"height":200,"url":"https:\/\/lospoliticosveracruz.com\/wp-content\/uploads\/2016\/07\/Logo-Dor.jpg","type":"image\/jpeg"}],"author":"Lo viste en Los Pol\u00edticos","twitter_card":"summary_large_image","twitter_creator":"@LosPoliticosVer","twitter_site":"@LosPoliticosVer","twitter_misc":{"Escrito por":"Lo viste en Los Pol\u00edticos","Tiempo de lectura":"4 minutos"},"schema":{"@context":"https:\/\/schema.org","@graph":[{"@type":"Article","@id":"https:\/\/lospoliticosveracruz.com\/?p=38393#article","isPartOf":{"@id":"https:\/\/lospoliticosveracruz.com\/?p=38393"},"author":{"name":"Lo viste en Los Pol\u00edticos","@id":"https:\/\/lospoliticosveracruz.com\/#\/schema\/person\/b8702bb0e538456e6efd07080bf2a4a2"},"headline":"Iv\u00e1n L\u00f3pez, excluido del proceso para la ASF","datePublished":"2017-12-11T16:30:23+00:00","mainEntityOfPage":{"@id":"https:\/\/lospoliticosveracruz.com\/?p=38393"},"wordCount":718,"commentCount":0,"publisher":{"@id":"https:\/\/lospoliticosveracruz.com\/#organization"},"keywords":["Auditor\u00eda Superior de la Federaci\u00f3n","David Rogelio Colmerares","Iv\u00e1n L\u00f3pez Fern\u00e1ndez","Red de Mujeres Feministas del Estado de Veracruz","Salim Arturo Orc\u00ed"],"articleSection":["De Opini\u00f3n"],"inLanguage":"es","potentialAction":[{"@type":"CommentAction","name":"Comment","target":["https:\/\/lospoliticosveracruz.com\/?p=38393#respond"]}]},{"@type":"WebPage","@id":"https:\/\/lospoliticosveracruz.com\/?p=38393","url":"https:\/\/lospoliticosveracruz.com\/?p=38393","name":"Iv\u00e1n L\u00f3pez, excluido del proceso para la ASF - Los pol\u00edticos Veracruz","isPartOf":{"@id":"https:\/\/lospoliticosveracruz.com\/#website"},"datePublished":"2017-12-11T16:30:23+00:00","breadcrumb":{"@id":"https:\/\/lospoliticosveracruz.com\/?p=38393#breadcrumb"},"inLanguage":"es","potentialAction":[{"@type":"ReadAction","target":["https:\/\/lospoliticosveracruz.com\/?p=38393"]}]},{"@type":"BreadcrumbList","@id":"https:\/\/lospoliticosveracruz.com\/?p=38393#breadcrumb","itemListElement":[{"@type":"ListItem","position":1,"name":"Portada","item":"https:\/\/lospoliticosveracruz.com\/"},{"@type":"ListItem","position":2,"name":"Iv\u00e1n L\u00f3pez, excluido del proceso para la ASF"}]},{"@type":"WebSite","@id":"https:\/\/lospoliticosveracruz.com\/#website","url":"https:\/\/lospoliticosveracruz.com\/","name":"Los pol\u00edticos Veracruz","description":"","publisher":{"@id":"https:\/\/lospoliticosveracruz.com\/#organization"},"potentialAction":[{"@type":"SearchAction","target":{"@type":"EntryPoint","urlTemplate":"https:\/\/lospoliticosveracruz.com\/?s={search_term_string}"},"query-input":{"@type":"PropertyValueSpecification","valueRequired":true,"valueName":"search_term_string"}}],"inLanguage":"es"},{"@type":"Organization","@id":"https:\/\/lospoliticosveracruz.com\/#organization","name":"Los pol\u00edticos Veracruz","url":"https:\/\/lospoliticosveracruz.com\/","logo":{"@type":"ImageObject","inLanguage":"es","@id":"https:\/\/lospoliticosveracruz.com\/#\/schema\/logo\/image\/","url":"https:\/\/lospoliticosveracruz.com\/wp-content\/uploads\/2025\/12\/Logo-Nuevo-LOS-POLITICOS-1.jpg","contentUrl":"https:\/\/lospoliticosveracruz.com\/wp-content\/uploads\/2025\/12\/Logo-Nuevo-LOS-POLITICOS-1.jpg","width":260,"height":70,"caption":"Los pol\u00edticos Veracruz"},"image":{"@id":"https:\/\/lospoliticosveracruz.com\/#\/schema\/logo\/image\/"},"sameAs":["https:\/\/www.facebook.com\/people\/Notimemes-de-los-Polticos\/61565672886568\/","https:\/\/x.com\/LosPoliticosVer"]},{"@type":"Person","@id":"https:\/\/lospoliticosveracruz.com\/#\/schema\/person\/b8702bb0e538456e6efd07080bf2a4a2","name":"Lo viste en Los Pol\u00edticos","image":{"@type":"ImageObject","inLanguage":"es","@id":"https:\/\/secure.gravatar.com\/avatar\/3a8de04a2656d44082be478bd6c086daa447c4651605818287b9532d3d0bd435?s=96&d=mm&r=g","url":"https:\/\/secure.gravatar.com\/avatar\/3a8de04a2656d44082be478bd6c086daa447c4651605818287b9532d3d0bd435?s=96&d=mm&r=g","contentUrl":"https:\/\/secure.gravatar.com\/avatar\/3a8de04a2656d44082be478bd6c086daa447c4651605818287b9532d3d0bd435?s=96&d=mm&r=g","caption":"Lo viste en Los Pol\u00edticos"},"url":"https:\/\/lospoliticosveracruz.com\/?author=2"}]}},"_links":{"self":[{"href":"https:\/\/lospoliticosveracruz.com\/index.php?rest_route=\/wp\/v2\/posts\/38393","targetHints":{"allow":["GET"]}}],"collection":[{"href":"https:\/\/lospoliticosveracruz.com\/index.php?rest_route=\/wp\/v2\/posts"}],"about":[{"href":"https:\/\/lospoliticosveracruz.com\/index.php?rest_route=\/wp\/v2\/types\/post"}],"author":[{"embeddable":true,"href":"https:\/\/lospoliticosveracruz.com\/index.php?rest_route=\/wp\/v2\/users\/2"}],"replies":[{"embeddable":true,"href":"https:\/\/lospoliticosveracruz.com\/index.php?rest_route=%2Fwp%2Fv2%2Fcomments&post=38393"}],"version-history":[{"count":1,"href":"https:\/\/lospoliticosveracruz.com\/index.php?rest_route=\/wp\/v2\/posts\/38393\/revisions"}],"predecessor-version":[{"id":38394,"href":"https:\/\/lospoliticosveracruz.com\/index.php?rest_route=\/wp\/v2\/posts\/38393\/revisions\/38394"}],"wp:attachment":[{"href":"https:\/\/lospoliticosveracruz.com\/index.php?rest_route=%2Fwp%2Fv2%2Fmedia&parent=38393"}],"wp:term":[{"taxonomy":"category","embeddable":true,"href":"https:\/\/lospoliticosveracruz.com\/index.php?rest_route=%2Fwp%2Fv2%2Fcategories&post=38393"},{"taxonomy":"post_tag","embeddable":true,"href":"https:\/\/lospoliticosveracruz.com\/index.php?rest_route=%2Fwp%2Fv2%2Ftags&post=38393"}],"curies":[{"name":"wp","href":"https:\/\/api.w.org\/{rel}","templated":true}]}}