{"id":38423,"date":"2017-12-12T10:54:32","date_gmt":"2017-12-12T16:54:32","guid":{"rendered":"http:\/\/www.lospoliticosveracruz.com.mx\/?p=38423"},"modified":"2017-12-12T10:54:32","modified_gmt":"2017-12-12T16:54:32","slug":"silva-el-miedo-al-desafuero","status":"publish","type":"post","link":"https:\/\/lospoliticosveracruz.com\/?p=38423","title":{"rendered":"Silva, el miedo al desafuero"},"content":{"rendered":"<p class=\"x_m_6463871656238289118MsoNoSpacing\"><span lang=\"ES\"><strong>Luis Alberto Romero<\/strong><u><\/u><u><\/u><\/span><\/p>\n<p class=\"x_m_6463871656238289118MsoNoSpacing\"><em><span lang=\"ES\">Hora Cero<\/span><\/em><\/p>\n<p class=\"x_m_6463871656238289118MsoNoSpacing\"><b><span lang=\"ES\">\u00a0<\/span><\/b><\/p>\n<p class=\"x_m_6463871656238289118MsoNoSpacing\"><b><\/b><span lang=\"ES\">\u00a0<\/span><\/p>\n<p class=\"x_m_6463871656238289118MsoNoSpacing\"><span lang=\"ES\">Pareciera que el diputado federal por el distrito de Tuxpan, Alberto Silva Ramos, se\u00f1alado por presuntas irregularidades en el manejo de recursos a su paso por la Coordinaci\u00f3n de Comunicaci\u00f3n Social, ha centrado su estrategia de defensa en la arena medi\u00e1tica.<u><\/u><u><\/u><\/span><\/p>\n<p class=\"x_m_6463871656238289118MsoNoSpacing\"><span lang=\"ES\">El ex integrante del primer c\u00edrculo del ex gobernador Javier Duarte intenta su defensa y por ello va de amparo en amparo. Primero solicita la protecci\u00f3n de la justicia federal para impedir que se le investigue, para luego pedir que la Fiscal\u00eda General del Estado revele los nombres de las personas que atestiguan en su contra.<u><\/u><u><\/u><\/span><\/p>\n<p class=\"x_m_6463871656238289118MsoNoSpacing\"><span lang=\"ES\">A Silva Ramos se le se\u00f1ala por presuntamente haber cometido un millonario desv\u00edo de recursos a su paso por Comunicaci\u00f3n Social; de igual manera, se le menciona por ordenar pagos millonarios a empresas fantasma.<u><\/u><u><\/u><\/span><\/p>\n<p class=\"x_m_6463871656238289118MsoNoSpacing\"><span lang=\"ES\">Quienes han seguido de cerca su caso nos comentan que las acciones legales que ha emprendido el legislador priista reflejan el miedo que tiene a que por la presi\u00f3n del proceso electoral, el gobierno federal decida sacar las manos del Congreso y dejar de retener el juicio de procedencia en su contra; en pocas palabras, teme que el desafuero se concrete.<u><\/u><u><\/u><\/span><\/p>\n<p class=\"x_m_6463871656238289118MsoNoSpacing\"><span lang=\"ES\">Mientras tanto, con relaci\u00f3n a la carpeta de investigaci\u00f3n iniciada en su contra, Silva Ramos interpuso un amparo contra la supuesta negativa de la Fiscal\u00eda a otorgarle los nombres de los testigos que lo se\u00f1alan como responsable del millonario desv\u00edo.<u><\/u><u><\/u><\/span><\/p>\n<p class=\"x_m_6463871656238289118MsoNoSpacing\"><span lang=\"ES\">Lejos de obtener una protecci\u00f3n definitiva, esos recursos legales permiten prolongar el proceso; el caso es que, contrario a lo que \u00e9l mismo se ha\u00a0 encargado de difundir a trav\u00e9s de algunos medios informativos, a Silva no le otorgaron la suspensi\u00f3n, pues el acto que reclama simple y sencillamente no existe.<u><\/u><u><\/u><\/span><\/p>\n<p class=\"x_m_6463871656238289118MsoNoSpacing\"><span lang=\"ES\">En realidad, el recurso legal de pedir los nombres de los testigos presentados en su caso obedecer\u00eda, nos dicen, a un intento por generar miedo entre quienes declararon en su contra, como enviando el mensaje de que sabe que los que declararon son los mismos que lo hicieron contra la ex coordinadora de Comunicaci\u00f3n Social, Gina Dom\u00ednguez, recluida en el penal de Pacho Viejo, quien de forma reciente exigi\u00f3 un careo con su denunciante, y que \u00e9ste sea interrogado por su defensa.<u><\/u><u><\/u><\/span><\/p>\n<p class=\"x_m_6463871656238289118MsoNoSpacing\"><span lang=\"ES\">As\u00ed, mientras la ex coordinadora pide un careo con la contraparte, Alberto Silva exige que se revelen los nombres de los testigos que declararon en su contra, como amenazando, de paso, con contrademandas millonarias por difamaci\u00f3n, da\u00f1o moral y falsos testimonios. Esa parece la estrategia de defensa de un personaje que hasta hace tres o cuatro a\u00f1os se encontraba en los cuernos de la luna pol\u00edtica veracruzana.<u><\/u><u><\/u><\/span><\/p>\n<p class=\"x_m_6463871656238289118MsoNoSpacing\"><span lang=\"ES\">Alberto Silva fue alcalde de Tuxpan, secretario de Desarrollo Social, coordinador de Comunicaci\u00f3n Social y diputado federal durante el sexenio de Javier Duarte, con quien presum\u00eda una amistad digamos estrecha. De octubre de 2015 a enero de 2016 fue dirigente estatal del PRI, y en esa gesti\u00f3n la principal caracter\u00edstica fue la virulenta confrontaci\u00f3n con el entonces aspirante del PAN a la gubernatura del estado, Miguel \u00c1ngel Yunes Linares, quien termin\u00f3 por imponerse en las elecciones del a\u00f1o pasado.<u><\/u><u><\/u><\/span><\/p>\n<p class=\"x_m_6463871656238289118MsoNoSpacing\"><span lang=\"ES\">Los d\u00edas en que la suerte la sonre\u00eda a Silva Ramos parecen lejanos; no es m\u00e1s el funcionario consentido del gobernador del estado y la denuncia que se le sigue en la fiscal\u00eda veracruzana lo tiene en una situaci\u00f3n vulnerable por haber sido parte de una cofrad\u00eda que hoy se encuentra en desgracia pol\u00edtica; por ello, el ex coordinador de Comunicaci\u00f3n Social sabe perfectamente que el desafuero no es un escenario improbable.<u><\/u><u><\/u><\/span><\/p>\n<p class=\"x_m_6463871656238289118MsoNoSpacing\"><span lang=\"ES\">En ese contexto, se observa muy dif\u00edcil que el priismo nacional y las altas esferas del gobierno federal decidan protegerlo, dado el alto costo pol\u00edtico que ello implicar\u00eda.<\/span><\/p>\n<p class=\"x_m_6463871656238289118MsoNoSpacing\"><span lang=\"ES\">@luisromero85<\/span><\/p>\n","protected":false},"excerpt":{"rendered":"<p>Luis Alberto Romero Hora Cero \u00a0 \u00a0 Pareciera que el diputado federal por el distrito de Tuxpan, Alberto Silva Ramos, se\u00f1alado por presuntas irregularidades en el manejo de recursos a su paso por la Coordinaci\u00f3n de Comunicaci\u00f3n Social, ha centrado su estrategia de defensa en la arena medi\u00e1tica. El ex integrante del primer c\u00edrculo del [&hellip;]<\/p>\n","protected":false},"author":2,"featured_media":0,"comment_status":"open","ping_status":"open","sticky":false,"template":"","format":"standard","meta":{"tdm_status":"","tdm_grid_status":"","footnotes":""},"categories":[70],"tags":[933,6274,5686],"class_list":{"0":"post-38423","1":"post","2":"type-post","3":"status-publish","4":"format-standard","6":"category-de-opinion","7":"tag-comunicacion-social","8":"tag-desvio-de-recursos","9":"tag-empresas-fantasma"},"yoast_head":"<!-- This site is optimized with the Yoast SEO plugin v27.4 - https:\/\/yoast.com\/product\/yoast-seo-wordpress\/ -->\n<title>Silva, el miedo al desafuero - Los pol\u00edticos Veracruz<\/title>\n<meta name=\"robots\" content=\"index, follow, max-snippet:-1, max-image-preview:large, max-video-preview:-1\" \/>\n<link rel=\"canonical\" href=\"https:\/\/lospoliticosveracruz.com\/?p=38423\" \/>\n<meta property=\"og:locale\" content=\"es_ES\" \/>\n<meta property=\"og:type\" content=\"article\" \/>\n<meta property=\"og:title\" content=\"Silva, el miedo al desafuero - Los pol\u00edticos Veracruz\" \/>\n<meta property=\"og:description\" content=\"Luis Alberto Romero Hora Cero \u00a0 \u00a0 Pareciera que el diputado federal por el distrito de Tuxpan, Alberto Silva Ramos, se\u00f1alado por presuntas irregularidades en el manejo de recursos a su paso por la Coordinaci\u00f3n de Comunicaci\u00f3n Social, ha centrado su estrategia de defensa en la arena medi\u00e1tica. El ex integrante del primer c\u00edrculo del [&hellip;]\" \/>\n<meta property=\"og:url\" content=\"https:\/\/lospoliticosveracruz.com\/?p=38423\" \/>\n<meta property=\"og:site_name\" content=\"Los pol\u00edticos Veracruz\" \/>\n<meta property=\"article:publisher\" content=\"https:\/\/www.facebook.com\/people\/Notimemes-de-los-Polticos\/61565672886568\/\" \/>\n<meta property=\"article:published_time\" content=\"2017-12-12T16:54:32+00:00\" \/>\n<meta property=\"og:image\" content=\"https:\/\/lospoliticosveracruz.com\/wp-content\/uploads\/2016\/07\/Logo-Dor.jpg\" \/>\n\t<meta property=\"og:image:width\" content=\"200\" \/>\n\t<meta property=\"og:image:height\" content=\"200\" \/>\n\t<meta property=\"og:image:type\" content=\"image\/jpeg\" \/>\n<meta name=\"author\" content=\"Lo viste en Los Pol\u00edticos\" \/>\n<meta name=\"twitter:card\" content=\"summary_large_image\" \/>\n<meta name=\"twitter:creator\" content=\"@LosPoliticosVer\" \/>\n<meta name=\"twitter:site\" content=\"@LosPoliticosVer\" \/>\n<meta name=\"twitter:label1\" content=\"Escrito por\" \/>\n\t<meta name=\"twitter:data1\" content=\"Lo viste en Los Pol\u00edticos\" \/>\n\t<meta name=\"twitter:label2\" content=\"Tiempo de lectura\" \/>\n\t<meta name=\"twitter:data2\" content=\"3 minutos\" \/>\n<script type=\"application\/ld+json\" class=\"yoast-schema-graph\">{\"@context\":\"https:\\\/\\\/schema.org\",\"@graph\":[{\"@type\":\"Article\",\"@id\":\"https:\\\/\\\/lospoliticosveracruz.com\\\/?p=38423#article\",\"isPartOf\":{\"@id\":\"https:\\\/\\\/lospoliticosveracruz.com\\\/?p=38423\"},\"author\":{\"name\":\"Lo viste en Los Pol\u00edticos\",\"@id\":\"https:\\\/\\\/lospoliticosveracruz.com\\\/#\\\/schema\\\/person\\\/b8702bb0e538456e6efd07080bf2a4a2\"},\"headline\":\"Silva, el miedo al desafuero\",\"datePublished\":\"2017-12-12T16:54:32+00:00\",\"mainEntityOfPage\":{\"@id\":\"https:\\\/\\\/lospoliticosveracruz.com\\\/?p=38423\"},\"wordCount\":663,\"commentCount\":0,\"publisher\":{\"@id\":\"https:\\\/\\\/lospoliticosveracruz.com\\\/#organization\"},\"keywords\":[\"Comunicaci\u00f3n Social\",\"Desv\u00edo de recursos\",\"empresas fantasma\"],\"articleSection\":[\"De Opini\u00f3n\"],\"inLanguage\":\"es\",\"potentialAction\":[{\"@type\":\"CommentAction\",\"name\":\"Comment\",\"target\":[\"https:\\\/\\\/lospoliticosveracruz.com\\\/?p=38423#respond\"]}]},{\"@type\":\"WebPage\",\"@id\":\"https:\\\/\\\/lospoliticosveracruz.com\\\/?p=38423\",\"url\":\"https:\\\/\\\/lospoliticosveracruz.com\\\/?p=38423\",\"name\":\"Silva, el miedo al desafuero - Los pol\u00edticos Veracruz\",\"isPartOf\":{\"@id\":\"https:\\\/\\\/lospoliticosveracruz.com\\\/#website\"},\"datePublished\":\"2017-12-12T16:54:32+00:00\",\"breadcrumb\":{\"@id\":\"https:\\\/\\\/lospoliticosveracruz.com\\\/?p=38423#breadcrumb\"},\"inLanguage\":\"es\",\"potentialAction\":[{\"@type\":\"ReadAction\",\"target\":[\"https:\\\/\\\/lospoliticosveracruz.com\\\/?p=38423\"]}]},{\"@type\":\"BreadcrumbList\",\"@id\":\"https:\\\/\\\/lospoliticosveracruz.com\\\/?p=38423#breadcrumb\",\"itemListElement\":[{\"@type\":\"ListItem\",\"position\":1,\"name\":\"Portada\",\"item\":\"https:\\\/\\\/lospoliticosveracruz.com\\\/\"},{\"@type\":\"ListItem\",\"position\":2,\"name\":\"Silva, el miedo al desafuero\"}]},{\"@type\":\"WebSite\",\"@id\":\"https:\\\/\\\/lospoliticosveracruz.com\\\/#website\",\"url\":\"https:\\\/\\\/lospoliticosveracruz.com\\\/\",\"name\":\"Los pol\u00edticos Veracruz\",\"description\":\"\",\"publisher\":{\"@id\":\"https:\\\/\\\/lospoliticosveracruz.com\\\/#organization\"},\"potentialAction\":[{\"@type\":\"SearchAction\",\"target\":{\"@type\":\"EntryPoint\",\"urlTemplate\":\"https:\\\/\\\/lospoliticosveracruz.com\\\/?s={search_term_string}\"},\"query-input\":{\"@type\":\"PropertyValueSpecification\",\"valueRequired\":true,\"valueName\":\"search_term_string\"}}],\"inLanguage\":\"es\"},{\"@type\":\"Organization\",\"@id\":\"https:\\\/\\\/lospoliticosveracruz.com\\\/#organization\",\"name\":\"Los pol\u00edticos Veracruz\",\"url\":\"https:\\\/\\\/lospoliticosveracruz.com\\\/\",\"logo\":{\"@type\":\"ImageObject\",\"inLanguage\":\"es\",\"@id\":\"https:\\\/\\\/lospoliticosveracruz.com\\\/#\\\/schema\\\/logo\\\/image\\\/\",\"url\":\"https:\\\/\\\/lospoliticosveracruz.com\\\/wp-content\\\/uploads\\\/2025\\\/12\\\/Logo-Nuevo-LOS-POLITICOS-1.jpg\",\"contentUrl\":\"https:\\\/\\\/lospoliticosveracruz.com\\\/wp-content\\\/uploads\\\/2025\\\/12\\\/Logo-Nuevo-LOS-POLITICOS-1.jpg\",\"width\":260,\"height\":70,\"caption\":\"Los pol\u00edticos Veracruz\"},\"image\":{\"@id\":\"https:\\\/\\\/lospoliticosveracruz.com\\\/#\\\/schema\\\/logo\\\/image\\\/\"},\"sameAs\":[\"https:\\\/\\\/www.facebook.com\\\/people\\\/Notimemes-de-los-Polticos\\\/61565672886568\\\/\",\"https:\\\/\\\/x.com\\\/LosPoliticosVer\"]},{\"@type\":\"Person\",\"@id\":\"https:\\\/\\\/lospoliticosveracruz.com\\\/#\\\/schema\\\/person\\\/b8702bb0e538456e6efd07080bf2a4a2\",\"name\":\"Lo viste en Los Pol\u00edticos\",\"image\":{\"@type\":\"ImageObject\",\"inLanguage\":\"es\",\"@id\":\"https:\\\/\\\/secure.gravatar.com\\\/avatar\\\/3a8de04a2656d44082be478bd6c086daa447c4651605818287b9532d3d0bd435?s=96&d=mm&r=g\",\"url\":\"https:\\\/\\\/secure.gravatar.com\\\/avatar\\\/3a8de04a2656d44082be478bd6c086daa447c4651605818287b9532d3d0bd435?s=96&d=mm&r=g\",\"contentUrl\":\"https:\\\/\\\/secure.gravatar.com\\\/avatar\\\/3a8de04a2656d44082be478bd6c086daa447c4651605818287b9532d3d0bd435?s=96&d=mm&r=g\",\"caption\":\"Lo viste en Los Pol\u00edticos\"},\"url\":\"https:\\\/\\\/lospoliticosveracruz.com\\\/?author=2\"}]}<\/script>\n<!-- \/ Yoast SEO plugin. -->","yoast_head_json":{"title":"Silva, el miedo al desafuero - Los pol\u00edticos Veracruz","robots":{"index":"index","follow":"follow","max-snippet":"max-snippet:-1","max-image-preview":"max-image-preview:large","max-video-preview":"max-video-preview:-1"},"canonical":"https:\/\/lospoliticosveracruz.com\/?p=38423","og_locale":"es_ES","og_type":"article","og_title":"Silva, el miedo al desafuero - Los pol\u00edticos Veracruz","og_description":"Luis Alberto Romero Hora Cero \u00a0 \u00a0 Pareciera que el diputado federal por el distrito de Tuxpan, Alberto Silva Ramos, se\u00f1alado por presuntas irregularidades en el manejo de recursos a su paso por la Coordinaci\u00f3n de Comunicaci\u00f3n Social, ha centrado su estrategia de defensa en la arena medi\u00e1tica. El ex integrante del primer c\u00edrculo del [&hellip;]","og_url":"https:\/\/lospoliticosveracruz.com\/?p=38423","og_site_name":"Los pol\u00edticos Veracruz","article_publisher":"https:\/\/www.facebook.com\/people\/Notimemes-de-los-Polticos\/61565672886568\/","article_published_time":"2017-12-12T16:54:32+00:00","og_image":[{"width":200,"height":200,"url":"https:\/\/lospoliticosveracruz.com\/wp-content\/uploads\/2016\/07\/Logo-Dor.jpg","type":"image\/jpeg"}],"author":"Lo viste en Los Pol\u00edticos","twitter_card":"summary_large_image","twitter_creator":"@LosPoliticosVer","twitter_site":"@LosPoliticosVer","twitter_misc":{"Escrito por":"Lo viste en Los Pol\u00edticos","Tiempo de lectura":"3 minutos"},"schema":{"@context":"https:\/\/schema.org","@graph":[{"@type":"Article","@id":"https:\/\/lospoliticosveracruz.com\/?p=38423#article","isPartOf":{"@id":"https:\/\/lospoliticosveracruz.com\/?p=38423"},"author":{"name":"Lo viste en Los Pol\u00edticos","@id":"https:\/\/lospoliticosveracruz.com\/#\/schema\/person\/b8702bb0e538456e6efd07080bf2a4a2"},"headline":"Silva, el miedo al desafuero","datePublished":"2017-12-12T16:54:32+00:00","mainEntityOfPage":{"@id":"https:\/\/lospoliticosveracruz.com\/?p=38423"},"wordCount":663,"commentCount":0,"publisher":{"@id":"https:\/\/lospoliticosveracruz.com\/#organization"},"keywords":["Comunicaci\u00f3n Social","Desv\u00edo de recursos","empresas fantasma"],"articleSection":["De Opini\u00f3n"],"inLanguage":"es","potentialAction":[{"@type":"CommentAction","name":"Comment","target":["https:\/\/lospoliticosveracruz.com\/?p=38423#respond"]}]},{"@type":"WebPage","@id":"https:\/\/lospoliticosveracruz.com\/?p=38423","url":"https:\/\/lospoliticosveracruz.com\/?p=38423","name":"Silva, el miedo al desafuero - Los pol\u00edticos Veracruz","isPartOf":{"@id":"https:\/\/lospoliticosveracruz.com\/#website"},"datePublished":"2017-12-12T16:54:32+00:00","breadcrumb":{"@id":"https:\/\/lospoliticosveracruz.com\/?p=38423#breadcrumb"},"inLanguage":"es","potentialAction":[{"@type":"ReadAction","target":["https:\/\/lospoliticosveracruz.com\/?p=38423"]}]},{"@type":"BreadcrumbList","@id":"https:\/\/lospoliticosveracruz.com\/?p=38423#breadcrumb","itemListElement":[{"@type":"ListItem","position":1,"name":"Portada","item":"https:\/\/lospoliticosveracruz.com\/"},{"@type":"ListItem","position":2,"name":"Silva, el miedo al desafuero"}]},{"@type":"WebSite","@id":"https:\/\/lospoliticosveracruz.com\/#website","url":"https:\/\/lospoliticosveracruz.com\/","name":"Los pol\u00edticos Veracruz","description":"","publisher":{"@id":"https:\/\/lospoliticosveracruz.com\/#organization"},"potentialAction":[{"@type":"SearchAction","target":{"@type":"EntryPoint","urlTemplate":"https:\/\/lospoliticosveracruz.com\/?s={search_term_string}"},"query-input":{"@type":"PropertyValueSpecification","valueRequired":true,"valueName":"search_term_string"}}],"inLanguage":"es"},{"@type":"Organization","@id":"https:\/\/lospoliticosveracruz.com\/#organization","name":"Los pol\u00edticos Veracruz","url":"https:\/\/lospoliticosveracruz.com\/","logo":{"@type":"ImageObject","inLanguage":"es","@id":"https:\/\/lospoliticosveracruz.com\/#\/schema\/logo\/image\/","url":"https:\/\/lospoliticosveracruz.com\/wp-content\/uploads\/2025\/12\/Logo-Nuevo-LOS-POLITICOS-1.jpg","contentUrl":"https:\/\/lospoliticosveracruz.com\/wp-content\/uploads\/2025\/12\/Logo-Nuevo-LOS-POLITICOS-1.jpg","width":260,"height":70,"caption":"Los pol\u00edticos Veracruz"},"image":{"@id":"https:\/\/lospoliticosveracruz.com\/#\/schema\/logo\/image\/"},"sameAs":["https:\/\/www.facebook.com\/people\/Notimemes-de-los-Polticos\/61565672886568\/","https:\/\/x.com\/LosPoliticosVer"]},{"@type":"Person","@id":"https:\/\/lospoliticosveracruz.com\/#\/schema\/person\/b8702bb0e538456e6efd07080bf2a4a2","name":"Lo viste en Los Pol\u00edticos","image":{"@type":"ImageObject","inLanguage":"es","@id":"https:\/\/secure.gravatar.com\/avatar\/3a8de04a2656d44082be478bd6c086daa447c4651605818287b9532d3d0bd435?s=96&d=mm&r=g","url":"https:\/\/secure.gravatar.com\/avatar\/3a8de04a2656d44082be478bd6c086daa447c4651605818287b9532d3d0bd435?s=96&d=mm&r=g","contentUrl":"https:\/\/secure.gravatar.com\/avatar\/3a8de04a2656d44082be478bd6c086daa447c4651605818287b9532d3d0bd435?s=96&d=mm&r=g","caption":"Lo viste en Los Pol\u00edticos"},"url":"https:\/\/lospoliticosveracruz.com\/?author=2"}]}},"_links":{"self":[{"href":"https:\/\/lospoliticosveracruz.com\/index.php?rest_route=\/wp\/v2\/posts\/38423","targetHints":{"allow":["GET"]}}],"collection":[{"href":"https:\/\/lospoliticosveracruz.com\/index.php?rest_route=\/wp\/v2\/posts"}],"about":[{"href":"https:\/\/lospoliticosveracruz.com\/index.php?rest_route=\/wp\/v2\/types\/post"}],"author":[{"embeddable":true,"href":"https:\/\/lospoliticosveracruz.com\/index.php?rest_route=\/wp\/v2\/users\/2"}],"replies":[{"embeddable":true,"href":"https:\/\/lospoliticosveracruz.com\/index.php?rest_route=%2Fwp%2Fv2%2Fcomments&post=38423"}],"version-history":[{"count":1,"href":"https:\/\/lospoliticosveracruz.com\/index.php?rest_route=\/wp\/v2\/posts\/38423\/revisions"}],"predecessor-version":[{"id":38424,"href":"https:\/\/lospoliticosveracruz.com\/index.php?rest_route=\/wp\/v2\/posts\/38423\/revisions\/38424"}],"wp:attachment":[{"href":"https:\/\/lospoliticosveracruz.com\/index.php?rest_route=%2Fwp%2Fv2%2Fmedia&parent=38423"}],"wp:term":[{"taxonomy":"category","embeddable":true,"href":"https:\/\/lospoliticosveracruz.com\/index.php?rest_route=%2Fwp%2Fv2%2Fcategories&post=38423"},{"taxonomy":"post_tag","embeddable":true,"href":"https:\/\/lospoliticosveracruz.com\/index.php?rest_route=%2Fwp%2Fv2%2Ftags&post=38423"}],"curies":[{"name":"wp","href":"https:\/\/api.w.org\/{rel}","templated":true}]}}