{"id":38526,"date":"2017-12-17T22:55:21","date_gmt":"2017-12-18T04:55:21","guid":{"rendered":"http:\/\/www.lospoliticosveracruz.com.mx\/?p=38526"},"modified":"2017-12-17T22:55:21","modified_gmt":"2017-12-18T04:55:21","slug":"mujeres-al-ivm","status":"publish","type":"post","link":"https:\/\/lospoliticosveracruz.com\/?p=38526","title":{"rendered":"Mujeres al IVM"},"content":{"rendered":"<p class=\"x_gmail-MsoNormal\"><b><\/b><b><\/b><b>Brenda Caballero<\/b><\/p>\n<p class=\"x_gmail-MsoNormal\"><em>N\u00fameros Rojos<\/em><\/p>\n<p class=\"x_gmail-MsoNormal\">\n<p class=\"x_gmail-MsoNormal\">\n<p class=\"x_gmail-MsoNormal\">Varias horas tom\u00f3 a las Consejeras \u00a0de los Consejos Consultivo y del Social analizar la convocatoria para elegir a la Directora del Instituto Veracruzano de las Mujeres (IVM) para el periodo 2018-2020. Cada Consejo analiz\u00f3 por separado la convocatoria establecida, y posteriormente cada propuesta se analiz\u00f3 en conjunto por todas las consejeras. Despu\u00e9s de toda una ma\u00f1ana y parte de la tarde se lleg\u00f3 a un acuerdo consensuado y la convocatoria para integrar la terna estaba lista, public\u00e1ndose \u00e9sta el 28 de noviembre de 2017 en la Gaceta Oficial del Estado. A trav\u00e9s de ella se extendi\u00f3 la invitaci\u00f3n al p\u00fablico en general, a las Asociaciones y Organizaciones de la Sociedad Civil, para que presentaran sus propuestas con fecha l\u00edmite del 15 de diciembre de 2017. La idea central: promover la cultura y defensa de los derechos de las mujeres, la igualdad y la equidad de g\u00e9nero.<\/p>\n<p class=\"x_gmail-MsoNormal\">La convocatoria se cerr\u00f3, registr\u00e1ndose las siguientes once aspirantes para conformar la terna para la Direcci\u00f3n del IVM. A continuaci\u00f3n algunos datos de las mujeres aspirantes.<\/p>\n<p class=\"x_gmail-MsoNormal\">*\u00a0<b>Yolanda Olivares P\u00e9rez<\/b>.- Tiene a\u00f1os trabajando para las mujeres. Ha hecho campa\u00f1as de concientizaci\u00f3n sobre violencia de g\u00e9nero, para la UV; y el Instituto de Investigaciones Hist\u00f3rico-Sociales ha realizado reflexiones sobre el voto femenino; en 2006 public\u00f3 el libro \u201cMujeres en Puestos de Elecci\u00f3n Popular en Veracruz\u201d, en coordinaci\u00f3n con el Instituto Nacional de las Mujeres y la Universidad de Xalapa. Fue Consejera del IEV y Consultora en el Congreso del Estado de Veracruz.<\/p>\n<p class=\"x_gmail-MsoNormal\"><sup>*<\/sup>\u00a0<b>Denisse Guadalupe Cast\u00e1n Hern\u00e1ndez<\/b>.- Ha fungido como Directora Municipal de Derechos Humanos, Directora del Instituto de la Mujer de Poza Rica, Directora de Bachillerato de la UPAV en Coatzintla.<\/p>\n<p class=\"x_gmail-MsoNormal\"><b>* Martha Emilia Rodr\u00edguez S\u00e1nchez.-\u00a0<\/b>Abogada y catedr\u00e1tica. Ha sido procuradora de la Defensa del Menor, la Familia y el Ind\u00edgena en la zona norte del estado.<b><\/b><\/p>\n<p class=\"x_gmail-MsoNormal\"><b>* Trinidad L\u00f3pez Herrera.-<\/b>\u00a0Ex alcaldesa de Alto Lucero y particip\u00f3 en la\u00a0 Asociaci\u00f3n Civil Red Nacional de Mujeres Mun\u00edcipes.<\/p>\n<p class=\"x_gmail-MsoNormal\"><b>* Itzel Jurado Ortiz.-<\/b>\u00a0Especialista en Derecho P\u00fablico, forma parte de Viades Llanes Asociados y Abogados. Fundadora del Centro de Justicia Alternativa y Desarrollo de la Cultura. Emprendedora social. Defensora de C\u00e9sar N, dirigente de los 400 Pueblos.<\/p>\n<p class=\"x_gmail-MsoNormal\"><b>* Diana Fabiola \u00c1lvarez Salas.-<\/b>\u00a0Doctora en Derecho Procesal, Catedr\u00e1tica del Instituto de Administraci\u00f3n P\u00fablica de Veracruz, Vicepresidenta del Observatorio Ciudadano por la Equidad de G\u00e9nero en Veracruz, candidata a la regidur\u00eda de Poza Rica.<\/p>\n<p class=\"x_gmail-MsoNormal\"><b>* Rosalba Hern\u00e1ndez Hern\u00e1ndez<\/b>.- Doctora en Derecho, maestra en desarrollo regional, poeta, originaria de Chicontepec, habla lengua n\u00e1huatl, estuvo en la Corte Interamericana de Derechos Humanos en Costa Rica en el 2009, enlace de G\u00e9nero ante la Secretar\u00eda de Gobierno. Sus l\u00edneas de trabajo se enfocan a derechos ind\u00edgenas, derechos humanos, g\u00e9nero, derecho a la defensa as\u00ed como litigio en materia civil penal y agrario. Subdirectora de Asuntos Ind\u00edgenas y Genero del Instituto Veracruzano de la Defensor\u00eda P\u00fablica.<\/p>\n<p class=\"x_gmail-MsoNormal\"><b>* Sara Gabriela Palacios Hern\u00e1ndez.-\u00a0<\/b>Actual encargada de despacho del IVM, Secretaria de Promoci\u00f3n Pol\u00edtica de la Mujer, maestra en mercadotecnia y licenciada en Artes Pl\u00e1sticas. Fue tambi\u00e9n subdirectora de Estancias Infantiles en el Estado de Veracruz del DIF.<b><\/b><\/p>\n<p class=\"x_gmail-MsoNormal\"><b>* Guadalupe Mart\u00ednez Hern\u00e1ndez.-<\/b>\u00a0Trabaj\u00f3 en el Instituto Veracruzano de las Mujeres.<\/p>\n<p class=\"x_gmail-MsoNormal\"><b>* Irma del Carmen Guerra Osorno.-<\/b>\u00a0Catedr\u00e1tica de la UV, licenciada en Econom\u00eda y Maestra en Administraci\u00f3n P\u00fablica.<\/p>\n<p class=\"x_gmail-MsoNormal\"><b>* Rosa Hilda Rojas P\u00e9rez.-<\/b>\u00a0\u00a0Acad\u00e9mica de la facultad de Derecho de la UV desde hace m\u00e1s de 30 a\u00f1os; fue subprocuradora especializada en Asuntos Ind\u00edgenas en 2009; recientemente solicit\u00f3 apoyo v\u00eda Change para pedir al senado de la Rep\u00fablica Mexicana Nuestro Derecho a la Igualdad; una lucha incluyente. Coordinadora de la Plataforma Virtual de Capacitaci\u00f3n de la Federaci\u00f3n de Licenciados en Derecho del Estado de Veracruz, particip\u00f3 para ser consejera del IVAI. Aspirante a la titularidad de la Comisi\u00f3n Ejecutiva Estatal de Atenci\u00f3n Integral a V\u00edctimas. Actualmente es Consejera del INE. Fue la primera jueza en el estado cuando se crearon las salas de juicio oral en materia de responsabilidad juvenil, MP y jefa jur\u00eddica de Patrimonio del Estado. Apenas en junio pasado particip\u00f3 como integrante del grupo multidisciplinario t\u00e9cnico en la instalaci\u00f3n de la Mesa de Alto Nivel para definir Acciones Contra la Violencia de G\u00e9nero en Veracruz.<\/p>\n<p class=\"x_gmail-MsoNormal\">Ser\u00e1 est\u00e1 semana donde las Consejeras revisen la documentaci\u00f3n de las aspirantes, les realicen las entrevistas y se integre la terna para ser turnada al Ejecutivo para designaci\u00f3n.<\/p>\n<p class=\"x_gmail-MsoNormal\">Bien por estas once mujeres que se registraron para buscar la direcci\u00f3n del Instituto Veracruzano de las Mujeres; mal por la diputada Tanya Carola, quien ahora politiza el asunto diciendo que pertenecen a un color. Y yo me pregunto, si su argumento es partidista, \u00bfPor qu\u00e9 no se inscribi\u00f3 alguna de Morena? Seguramente me dir\u00e1n, \u00a1no se inscribieron porque hubo chanchullo! \u00a1todo estaba planchado! \u00a1Ya ten\u00edan a su directora! \u00a1Era simulaci\u00f3n! Para poder decir todo ello, al menos hubieran apoyado a alguien para que se inscribiera. \u00a1No se vale hablar, por hablar! Antes que nada somos mujeres, nacimos mujeres sin colores partidistas y debemos trabajar para todas las mujeres, de la misma forma: Sin colores partidistas.<\/p>\n<p class=\"x_gmail-MsoNormal\">\n<p class=\"x_gmail-MsoNormal\"><a href=\"mailto:caballero_brenda@hotmail.com\" target=\"_blank\" rel=\"noopener noreferrer\">caballero_brenda@hotmail.com<\/a><\/p>\n<p class=\"x_gmail-MsoNormal\"><span class=\"x_gmail-MsoHyperlink\">@NumerosRojos_BC<\/span><\/p>\n","protected":false},"excerpt":{"rendered":"<p>Brenda Caballero N\u00fameros Rojos Varias horas tom\u00f3 a las Consejeras \u00a0de los Consejos Consultivo y del Social analizar la convocatoria para elegir a la Directora del Instituto Veracruzano de las Mujeres (IVM) para el periodo 2018-2020. Cada Consejo analiz\u00f3 por separado la convocatoria establecida, y posteriormente cada propuesta se analiz\u00f3 en conjunto por todas las [&hellip;]<\/p>\n","protected":false},"author":2,"featured_media":0,"comment_status":"open","ping_status":"open","sticky":false,"template":"","format":"standard","meta":{"tdm_status":"","tdm_grid_status":"","footnotes":""},"categories":[70],"tags":[6587,10451,6666],"class_list":{"0":"post-38526","1":"post","2":"type-post","3":"status-publish","4":"format-standard","6":"category-de-opinion","7":"tag-instituto-veracruzano-de-las-mujeres","8":"tag-ivm","9":"tag-tanya-carola-viveros-chazaro"},"yoast_head":"<!-- This site is optimized with the Yoast SEO plugin v27.4 - https:\/\/yoast.com\/product\/yoast-seo-wordpress\/ -->\n<title>Mujeres al IVM - Los pol\u00edticos Veracruz<\/title>\n<meta name=\"robots\" content=\"index, follow, max-snippet:-1, max-image-preview:large, max-video-preview:-1\" \/>\n<link rel=\"canonical\" href=\"https:\/\/lospoliticosveracruz.com\/?p=38526\" \/>\n<meta property=\"og:locale\" content=\"es_ES\" \/>\n<meta property=\"og:type\" content=\"article\" \/>\n<meta property=\"og:title\" content=\"Mujeres al IVM - Los pol\u00edticos Veracruz\" \/>\n<meta property=\"og:description\" content=\"Brenda Caballero N\u00fameros Rojos Varias horas tom\u00f3 a las Consejeras \u00a0de los Consejos Consultivo y del Social analizar la convocatoria para elegir a la Directora del Instituto Veracruzano de las Mujeres (IVM) para el periodo 2018-2020. Cada Consejo analiz\u00f3 por separado la convocatoria establecida, y posteriormente cada propuesta se analiz\u00f3 en conjunto por todas las [&hellip;]\" \/>\n<meta property=\"og:url\" content=\"https:\/\/lospoliticosveracruz.com\/?p=38526\" \/>\n<meta property=\"og:site_name\" content=\"Los pol\u00edticos Veracruz\" \/>\n<meta property=\"article:publisher\" content=\"https:\/\/www.facebook.com\/people\/Notimemes-de-los-Polticos\/61565672886568\/\" \/>\n<meta property=\"article:published_time\" content=\"2017-12-18T04:55:21+00:00\" \/>\n<meta property=\"og:image\" content=\"https:\/\/lospoliticosveracruz.com\/wp-content\/uploads\/2016\/07\/Logo-Dor.jpg\" \/>\n\t<meta property=\"og:image:width\" content=\"200\" \/>\n\t<meta property=\"og:image:height\" content=\"200\" \/>\n\t<meta property=\"og:image:type\" content=\"image\/jpeg\" \/>\n<meta name=\"author\" content=\"Lo viste en Los Pol\u00edticos\" \/>\n<meta name=\"twitter:card\" content=\"summary_large_image\" \/>\n<meta name=\"twitter:creator\" content=\"@LosPoliticosVer\" \/>\n<meta name=\"twitter:site\" content=\"@LosPoliticosVer\" \/>\n<meta name=\"twitter:label1\" content=\"Escrito por\" \/>\n\t<meta name=\"twitter:data1\" content=\"Lo viste en Los Pol\u00edticos\" \/>\n\t<meta name=\"twitter:label2\" content=\"Tiempo de lectura\" \/>\n\t<meta name=\"twitter:data2\" content=\"5 minutos\" \/>\n<script type=\"application\/ld+json\" class=\"yoast-schema-graph\">{\"@context\":\"https:\\\/\\\/schema.org\",\"@graph\":[{\"@type\":\"Article\",\"@id\":\"https:\\\/\\\/lospoliticosveracruz.com\\\/?p=38526#article\",\"isPartOf\":{\"@id\":\"https:\\\/\\\/lospoliticosveracruz.com\\\/?p=38526\"},\"author\":{\"name\":\"Lo viste en Los Pol\u00edticos\",\"@id\":\"https:\\\/\\\/lospoliticosveracruz.com\\\/#\\\/schema\\\/person\\\/b8702bb0e538456e6efd07080bf2a4a2\"},\"headline\":\"Mujeres al IVM\",\"datePublished\":\"2017-12-18T04:55:21+00:00\",\"mainEntityOfPage\":{\"@id\":\"https:\\\/\\\/lospoliticosveracruz.com\\\/?p=38526\"},\"wordCount\":923,\"commentCount\":0,\"publisher\":{\"@id\":\"https:\\\/\\\/lospoliticosveracruz.com\\\/#organization\"},\"keywords\":[\"Instituto Veracruzano de las Mujeres\",\"IVM\",\"Tanya Carola Viveros Ch\u00e1zaro\"],\"articleSection\":[\"De Opini\u00f3n\"],\"inLanguage\":\"es\",\"potentialAction\":[{\"@type\":\"CommentAction\",\"name\":\"Comment\",\"target\":[\"https:\\\/\\\/lospoliticosveracruz.com\\\/?p=38526#respond\"]}]},{\"@type\":\"WebPage\",\"@id\":\"https:\\\/\\\/lospoliticosveracruz.com\\\/?p=38526\",\"url\":\"https:\\\/\\\/lospoliticosveracruz.com\\\/?p=38526\",\"name\":\"Mujeres al IVM - Los pol\u00edticos Veracruz\",\"isPartOf\":{\"@id\":\"https:\\\/\\\/lospoliticosveracruz.com\\\/#website\"},\"datePublished\":\"2017-12-18T04:55:21+00:00\",\"breadcrumb\":{\"@id\":\"https:\\\/\\\/lospoliticosveracruz.com\\\/?p=38526#breadcrumb\"},\"inLanguage\":\"es\",\"potentialAction\":[{\"@type\":\"ReadAction\",\"target\":[\"https:\\\/\\\/lospoliticosveracruz.com\\\/?p=38526\"]}]},{\"@type\":\"BreadcrumbList\",\"@id\":\"https:\\\/\\\/lospoliticosveracruz.com\\\/?p=38526#breadcrumb\",\"itemListElement\":[{\"@type\":\"ListItem\",\"position\":1,\"name\":\"Portada\",\"item\":\"https:\\\/\\\/lospoliticosveracruz.com\\\/\"},{\"@type\":\"ListItem\",\"position\":2,\"name\":\"Mujeres al IVM\"}]},{\"@type\":\"WebSite\",\"@id\":\"https:\\\/\\\/lospoliticosveracruz.com\\\/#website\",\"url\":\"https:\\\/\\\/lospoliticosveracruz.com\\\/\",\"name\":\"Los pol\u00edticos Veracruz\",\"description\":\"\",\"publisher\":{\"@id\":\"https:\\\/\\\/lospoliticosveracruz.com\\\/#organization\"},\"potentialAction\":[{\"@type\":\"SearchAction\",\"target\":{\"@type\":\"EntryPoint\",\"urlTemplate\":\"https:\\\/\\\/lospoliticosveracruz.com\\\/?s={search_term_string}\"},\"query-input\":{\"@type\":\"PropertyValueSpecification\",\"valueRequired\":true,\"valueName\":\"search_term_string\"}}],\"inLanguage\":\"es\"},{\"@type\":\"Organization\",\"@id\":\"https:\\\/\\\/lospoliticosveracruz.com\\\/#organization\",\"name\":\"Los pol\u00edticos Veracruz\",\"url\":\"https:\\\/\\\/lospoliticosveracruz.com\\\/\",\"logo\":{\"@type\":\"ImageObject\",\"inLanguage\":\"es\",\"@id\":\"https:\\\/\\\/lospoliticosveracruz.com\\\/#\\\/schema\\\/logo\\\/image\\\/\",\"url\":\"https:\\\/\\\/lospoliticosveracruz.com\\\/wp-content\\\/uploads\\\/2025\\\/12\\\/Logo-Nuevo-LOS-POLITICOS-1.jpg\",\"contentUrl\":\"https:\\\/\\\/lospoliticosveracruz.com\\\/wp-content\\\/uploads\\\/2025\\\/12\\\/Logo-Nuevo-LOS-POLITICOS-1.jpg\",\"width\":260,\"height\":70,\"caption\":\"Los pol\u00edticos Veracruz\"},\"image\":{\"@id\":\"https:\\\/\\\/lospoliticosveracruz.com\\\/#\\\/schema\\\/logo\\\/image\\\/\"},\"sameAs\":[\"https:\\\/\\\/www.facebook.com\\\/people\\\/Notimemes-de-los-Polticos\\\/61565672886568\\\/\",\"https:\\\/\\\/x.com\\\/LosPoliticosVer\"]},{\"@type\":\"Person\",\"@id\":\"https:\\\/\\\/lospoliticosveracruz.com\\\/#\\\/schema\\\/person\\\/b8702bb0e538456e6efd07080bf2a4a2\",\"name\":\"Lo viste en Los Pol\u00edticos\",\"image\":{\"@type\":\"ImageObject\",\"inLanguage\":\"es\",\"@id\":\"https:\\\/\\\/secure.gravatar.com\\\/avatar\\\/3a8de04a2656d44082be478bd6c086daa447c4651605818287b9532d3d0bd435?s=96&d=mm&r=g\",\"url\":\"https:\\\/\\\/secure.gravatar.com\\\/avatar\\\/3a8de04a2656d44082be478bd6c086daa447c4651605818287b9532d3d0bd435?s=96&d=mm&r=g\",\"contentUrl\":\"https:\\\/\\\/secure.gravatar.com\\\/avatar\\\/3a8de04a2656d44082be478bd6c086daa447c4651605818287b9532d3d0bd435?s=96&d=mm&r=g\",\"caption\":\"Lo viste en Los Pol\u00edticos\"},\"url\":\"https:\\\/\\\/lospoliticosveracruz.com\\\/?author=2\"}]}<\/script>\n<!-- \/ Yoast SEO plugin. -->","yoast_head_json":{"title":"Mujeres al IVM - Los pol\u00edticos Veracruz","robots":{"index":"index","follow":"follow","max-snippet":"max-snippet:-1","max-image-preview":"max-image-preview:large","max-video-preview":"max-video-preview:-1"},"canonical":"https:\/\/lospoliticosveracruz.com\/?p=38526","og_locale":"es_ES","og_type":"article","og_title":"Mujeres al IVM - Los pol\u00edticos Veracruz","og_description":"Brenda Caballero N\u00fameros Rojos Varias horas tom\u00f3 a las Consejeras \u00a0de los Consejos Consultivo y del Social analizar la convocatoria para elegir a la Directora del Instituto Veracruzano de las Mujeres (IVM) para el periodo 2018-2020. Cada Consejo analiz\u00f3 por separado la convocatoria establecida, y posteriormente cada propuesta se analiz\u00f3 en conjunto por todas las [&hellip;]","og_url":"https:\/\/lospoliticosveracruz.com\/?p=38526","og_site_name":"Los pol\u00edticos Veracruz","article_publisher":"https:\/\/www.facebook.com\/people\/Notimemes-de-los-Polticos\/61565672886568\/","article_published_time":"2017-12-18T04:55:21+00:00","og_image":[{"width":200,"height":200,"url":"https:\/\/lospoliticosveracruz.com\/wp-content\/uploads\/2016\/07\/Logo-Dor.jpg","type":"image\/jpeg"}],"author":"Lo viste en Los Pol\u00edticos","twitter_card":"summary_large_image","twitter_creator":"@LosPoliticosVer","twitter_site":"@LosPoliticosVer","twitter_misc":{"Escrito por":"Lo viste en Los Pol\u00edticos","Tiempo de lectura":"5 minutos"},"schema":{"@context":"https:\/\/schema.org","@graph":[{"@type":"Article","@id":"https:\/\/lospoliticosveracruz.com\/?p=38526#article","isPartOf":{"@id":"https:\/\/lospoliticosveracruz.com\/?p=38526"},"author":{"name":"Lo viste en Los Pol\u00edticos","@id":"https:\/\/lospoliticosveracruz.com\/#\/schema\/person\/b8702bb0e538456e6efd07080bf2a4a2"},"headline":"Mujeres al IVM","datePublished":"2017-12-18T04:55:21+00:00","mainEntityOfPage":{"@id":"https:\/\/lospoliticosveracruz.com\/?p=38526"},"wordCount":923,"commentCount":0,"publisher":{"@id":"https:\/\/lospoliticosveracruz.com\/#organization"},"keywords":["Instituto Veracruzano de las Mujeres","IVM","Tanya Carola Viveros Ch\u00e1zaro"],"articleSection":["De Opini\u00f3n"],"inLanguage":"es","potentialAction":[{"@type":"CommentAction","name":"Comment","target":["https:\/\/lospoliticosveracruz.com\/?p=38526#respond"]}]},{"@type":"WebPage","@id":"https:\/\/lospoliticosveracruz.com\/?p=38526","url":"https:\/\/lospoliticosveracruz.com\/?p=38526","name":"Mujeres al IVM - Los pol\u00edticos Veracruz","isPartOf":{"@id":"https:\/\/lospoliticosveracruz.com\/#website"},"datePublished":"2017-12-18T04:55:21+00:00","breadcrumb":{"@id":"https:\/\/lospoliticosveracruz.com\/?p=38526#breadcrumb"},"inLanguage":"es","potentialAction":[{"@type":"ReadAction","target":["https:\/\/lospoliticosveracruz.com\/?p=38526"]}]},{"@type":"BreadcrumbList","@id":"https:\/\/lospoliticosveracruz.com\/?p=38526#breadcrumb","itemListElement":[{"@type":"ListItem","position":1,"name":"Portada","item":"https:\/\/lospoliticosveracruz.com\/"},{"@type":"ListItem","position":2,"name":"Mujeres al IVM"}]},{"@type":"WebSite","@id":"https:\/\/lospoliticosveracruz.com\/#website","url":"https:\/\/lospoliticosveracruz.com\/","name":"Los pol\u00edticos Veracruz","description":"","publisher":{"@id":"https:\/\/lospoliticosveracruz.com\/#organization"},"potentialAction":[{"@type":"SearchAction","target":{"@type":"EntryPoint","urlTemplate":"https:\/\/lospoliticosveracruz.com\/?s={search_term_string}"},"query-input":{"@type":"PropertyValueSpecification","valueRequired":true,"valueName":"search_term_string"}}],"inLanguage":"es"},{"@type":"Organization","@id":"https:\/\/lospoliticosveracruz.com\/#organization","name":"Los pol\u00edticos Veracruz","url":"https:\/\/lospoliticosveracruz.com\/","logo":{"@type":"ImageObject","inLanguage":"es","@id":"https:\/\/lospoliticosveracruz.com\/#\/schema\/logo\/image\/","url":"https:\/\/lospoliticosveracruz.com\/wp-content\/uploads\/2025\/12\/Logo-Nuevo-LOS-POLITICOS-1.jpg","contentUrl":"https:\/\/lospoliticosveracruz.com\/wp-content\/uploads\/2025\/12\/Logo-Nuevo-LOS-POLITICOS-1.jpg","width":260,"height":70,"caption":"Los pol\u00edticos Veracruz"},"image":{"@id":"https:\/\/lospoliticosveracruz.com\/#\/schema\/logo\/image\/"},"sameAs":["https:\/\/www.facebook.com\/people\/Notimemes-de-los-Polticos\/61565672886568\/","https:\/\/x.com\/LosPoliticosVer"]},{"@type":"Person","@id":"https:\/\/lospoliticosveracruz.com\/#\/schema\/person\/b8702bb0e538456e6efd07080bf2a4a2","name":"Lo viste en Los Pol\u00edticos","image":{"@type":"ImageObject","inLanguage":"es","@id":"https:\/\/secure.gravatar.com\/avatar\/3a8de04a2656d44082be478bd6c086daa447c4651605818287b9532d3d0bd435?s=96&d=mm&r=g","url":"https:\/\/secure.gravatar.com\/avatar\/3a8de04a2656d44082be478bd6c086daa447c4651605818287b9532d3d0bd435?s=96&d=mm&r=g","contentUrl":"https:\/\/secure.gravatar.com\/avatar\/3a8de04a2656d44082be478bd6c086daa447c4651605818287b9532d3d0bd435?s=96&d=mm&r=g","caption":"Lo viste en Los Pol\u00edticos"},"url":"https:\/\/lospoliticosveracruz.com\/?author=2"}]}},"_links":{"self":[{"href":"https:\/\/lospoliticosveracruz.com\/index.php?rest_route=\/wp\/v2\/posts\/38526","targetHints":{"allow":["GET"]}}],"collection":[{"href":"https:\/\/lospoliticosveracruz.com\/index.php?rest_route=\/wp\/v2\/posts"}],"about":[{"href":"https:\/\/lospoliticosveracruz.com\/index.php?rest_route=\/wp\/v2\/types\/post"}],"author":[{"embeddable":true,"href":"https:\/\/lospoliticosveracruz.com\/index.php?rest_route=\/wp\/v2\/users\/2"}],"replies":[{"embeddable":true,"href":"https:\/\/lospoliticosveracruz.com\/index.php?rest_route=%2Fwp%2Fv2%2Fcomments&post=38526"}],"version-history":[{"count":1,"href":"https:\/\/lospoliticosveracruz.com\/index.php?rest_route=\/wp\/v2\/posts\/38526\/revisions"}],"predecessor-version":[{"id":38527,"href":"https:\/\/lospoliticosveracruz.com\/index.php?rest_route=\/wp\/v2\/posts\/38526\/revisions\/38527"}],"wp:attachment":[{"href":"https:\/\/lospoliticosveracruz.com\/index.php?rest_route=%2Fwp%2Fv2%2Fmedia&parent=38526"}],"wp:term":[{"taxonomy":"category","embeddable":true,"href":"https:\/\/lospoliticosveracruz.com\/index.php?rest_route=%2Fwp%2Fv2%2Fcategories&post=38526"},{"taxonomy":"post_tag","embeddable":true,"href":"https:\/\/lospoliticosveracruz.com\/index.php?rest_route=%2Fwp%2Fv2%2Ftags&post=38526"}],"curies":[{"name":"wp","href":"https:\/\/api.w.org\/{rel}","templated":true}]}}