{"id":38552,"date":"2017-12-18T23:13:22","date_gmt":"2017-12-19T05:13:22","guid":{"rendered":"http:\/\/www.lospoliticosveracruz.com.mx\/?p=38552"},"modified":"2017-12-18T23:13:22","modified_gmt":"2017-12-19T05:13:22","slug":"atrevida-lesa-majestad","status":"publish","type":"post","link":"https:\/\/lospoliticosveracruz.com\/?p=38552","title":{"rendered":"Atrevida lesa majestad"},"content":{"rendered":"<p class=\"x_m_-2166720974859889699x_Standard\" style=\"text-align: left;\" align=\"center\"><strong>Ricardo V\u00e1zquez S.<\/strong><\/p>\n<p class=\"x_m_-2166720974859889699x_Standard\" style=\"text-align: left;\" align=\"center\"><b><\/b><em>Esfera Pol\u00edtica<\/em><\/p>\n<p class=\"x_m_-2166720974859889699x_MsoNormal\"><span lang=\"ES-MX\">\u00a1Qui\u00e9n iba a pensar! Finalmente los diputados federales retomaron algo de la llamada \u201cLey Duarte\u201d decretada\u00a0y abortada en Veracruz hace seis a\u00f1os. Aunque ahora enriquecida y ampliada, los legisladores aprobaron una reforma al art\u00edculo 1916 del C\u00f3digo Civil Federal, que establece que se considerar\u00e1 como hecho il\u00edcito la comunicaci\u00f3n, a trav\u00e9s de cualquier medio, de un hecho, cierto o falso, que pueda causar deshonra, descr\u00e9dito, perjuicio o exponer al desprecio a alguien.<\/span><\/p>\n<p class=\"x_m_-2166720974859889699x_MsoNormal\"><span lang=\"ES-MX\">Peor momento no pudieron elegir los integrantes de la clase pol\u00edtica tricolor para presentar la iniciativa de \u00a0\u201cLey Mordaza\u201d, \u00a1En \u00e9poca electoral! A menos que haya sido propuesta y aprobada con toda la mala intenci\u00f3n. Ya no se sabe. \u00a0\u00a0<\/span><\/p>\n<p class=\"x_m_-2166720974859889699x_MsoNormal\"><span lang=\"ES-MX\">Para los legisladores federales, con la autorizaci\u00f3n de la \u201cLey Censura\u201d demostraron que para ellos es irrelevante el hecho de que M\u00e9xico permaneci\u00f3 en alerta roja durante 2017 en el mapa de la situaci\u00f3n riesgo de la prensa en el mundo, al continuar siendo el pa\u00eds m\u00e1s peligroso del hemisferio occidental para los medios de comunicaci\u00f3n, incluso m\u00e1s peligroso que Siria y Afganist\u00e1n, alert\u00f3 Reporteros sin Fronteras, RSF. La peligrosidad de M\u00e9xico para ejercer el periodismo est\u00e1 confirmado por Art\u00edculo 19.<\/span><\/p>\n<p class=\"x_m_-2166720974859889699x_MsoNormal\"><span lang=\"ES-MX\">En los \u00faltimos 17 a\u00f1os se han asesinado 129 periodistas en M\u00e9xico, report\u00f3 la Comisi\u00f3n Nacional de Derechos Humanos, CNDH.<\/span><\/p>\n<p class=\"x_m_-2166720974859889699x_MsoNormal\"><span lang=\"ES-MX\">La situaci\u00f3n se torna todav\u00eda m\u00e1s delicada y riesgosa para ejercer el periodismo en el pa\u00eds, con lo reci\u00e9n aprobado, aunque no han faltado voces oficiosas que pretenden minimizarlo, el entorno para los comunicadores, adem\u00e1s de peligroso se hace m\u00e1s complejo. Ahora de ser avalada por los senadores, hacer p\u00fablico un hecho de corrupci\u00f3n de cualquier \u201cservidor p\u00fablico\u201d, el periodista denunciante ser\u00e1 considerado un delincuente, haci\u00e9ndose acreedor a un \u201cmerecido\u201d castigo. \u00a0\u00a0\u00a0\u00a0<\/span><\/p>\n<p class=\"x_m_-2166720974859889699x_MsoNormal\"><span lang=\"ES-MX\">El n\u00famero de periodistas asesinados en M\u00e9xico no es suficiente para los legisladores federales, es intrascendente. Con lo que acaban de aprobar alientan el desprecio hacia los comunicadores.<\/span><\/p>\n<p class=\"x_m_-2166720974859889699x_MsoNormal\"><span lang=\"ES-MX\">Los diputados federales veracruzanos engendros pol\u00edticos de Fidel Herrera y amamantados por Javier Duarte, quienes por supuesto gustosos votaron a favor de la \u201cLey Mordaza\u201d deben estar riendo a carcajadas, varios son los que saben que ya no correr\u00e1n peligro de seguir siendo denunciados por haberse enriquecido brutalmente, de apropiarse indebidamente del dinero que estaba destinado a hospitales, escuelas y dem\u00e1s obra p\u00fablica no realizada, estar\u00e1n euf\u00f3ricos de alegr\u00eda de que quienes los denuncien ser\u00e1n calificados como delincuentes. \u00a0\u00a0\u00a0<\/span><\/p>\n<p class=\"x_m_-2166720974859889699x_MsoNormal\"><span lang=\"ES-MX\">Podr\u00edan estar listas las Doce Tablas con pena capital y con la infamia a la memoria del culpable.\u00a0 Seg\u00fan Tacito, en tiempos de la Rep\u00fablica Romana hab\u00eda una ley senatorial que especificaba los delitos de lesa majestad, e impon\u00eda pena capital, por supuestos en contra de la dignidad de Roma.<\/span><\/p>\n<p class=\"x_m_-2166720974859889699x_MsoNormal\"><span lang=\"ES-MX\">Que no nos extra\u00f1e, que Karime Mac\u00edas de Duarte, ya encarrilada, adem\u00e1s de exigir la devoluci\u00f3n de los bienes incautados, vaya a presentar demandas en cascada por las denuncias publicadas en su contra.<\/span><\/p>\n<p class=\"x_m_-2166720974859889699x_MsoNormal\"><span lang=\"ES-MX\">\u00a1Ay, v\u00e1yanse preparando, ay, v\u00e1yanse preparando! Dice la estrofa de la contagiosa melod\u00eda \u201cEl Conejo\u201d, de autor\u00eda e interpretada por el famoso grupo de son jarocho \u201cLos Cojolites\u201d. \u00a0<\/span><\/p>\n<p><a href=\"mailto:rvazquez002@yahoo.com.mx\" target=\"_blank\" rel=\"noopener noreferrer\"><span lang=\"ES-MX\">rvazquez002@yahoo.com.mx<\/span><\/a><\/p>\n","protected":false},"excerpt":{"rendered":"<p>Ricardo V\u00e1zquez S. Esfera Pol\u00edtica \u00a1Qui\u00e9n iba a pensar! Finalmente los diputados federales retomaron algo de la llamada \u201cLey Duarte\u201d decretada\u00a0y abortada en Veracruz hace seis a\u00f1os. Aunque ahora enriquecida y ampliada, los legisladores aprobaron una reforma al art\u00edculo 1916 del C\u00f3digo Civil Federal, que establece que se considerar\u00e1 como hecho il\u00edcito la comunicaci\u00f3n, a [&hellip;]<\/p>\n","protected":false},"author":2,"featured_media":0,"comment_status":"open","ping_status":"open","sticky":false,"template":"","format":"standard","meta":{"tdm_status":"","tdm_grid_status":"","footnotes":""},"categories":[70],"tags":[6114,79,162,7156,10457],"class_list":{"0":"post-38552","1":"post","2":"type-post","3":"status-publish","4":"format-standard","6":"category-de-opinion","7":"tag-censura","8":"tag-fidel-herrera","9":"tag-javier-duarte","10":"tag-ley-duarte","11":"tag-ley-mordaza"},"yoast_head":"<!-- This site is optimized with the Yoast SEO plugin v27.4 - https:\/\/yoast.com\/product\/yoast-seo-wordpress\/ -->\n<title>Atrevida lesa majestad - Los pol\u00edticos Veracruz<\/title>\n<meta name=\"robots\" content=\"index, follow, max-snippet:-1, max-image-preview:large, max-video-preview:-1\" \/>\n<link rel=\"canonical\" href=\"https:\/\/lospoliticosveracruz.com\/?p=38552\" \/>\n<meta property=\"og:locale\" content=\"es_ES\" \/>\n<meta property=\"og:type\" content=\"article\" \/>\n<meta property=\"og:title\" content=\"Atrevida lesa majestad - Los pol\u00edticos Veracruz\" \/>\n<meta property=\"og:description\" content=\"Ricardo V\u00e1zquez S. Esfera Pol\u00edtica \u00a1Qui\u00e9n iba a pensar! Finalmente los diputados federales retomaron algo de la llamada \u201cLey Duarte\u201d decretada\u00a0y abortada en Veracruz hace seis a\u00f1os. Aunque ahora enriquecida y ampliada, los legisladores aprobaron una reforma al art\u00edculo 1916 del C\u00f3digo Civil Federal, que establece que se considerar\u00e1 como hecho il\u00edcito la comunicaci\u00f3n, a [&hellip;]\" \/>\n<meta property=\"og:url\" content=\"https:\/\/lospoliticosveracruz.com\/?p=38552\" \/>\n<meta property=\"og:site_name\" content=\"Los pol\u00edticos Veracruz\" \/>\n<meta property=\"article:publisher\" content=\"https:\/\/www.facebook.com\/people\/Notimemes-de-los-Polticos\/61565672886568\/\" \/>\n<meta property=\"article:published_time\" content=\"2017-12-19T05:13:22+00:00\" \/>\n<meta property=\"og:image\" content=\"https:\/\/lospoliticosveracruz.com\/wp-content\/uploads\/2016\/07\/Logo-Dor.jpg\" \/>\n\t<meta property=\"og:image:width\" content=\"200\" \/>\n\t<meta property=\"og:image:height\" content=\"200\" \/>\n\t<meta property=\"og:image:type\" content=\"image\/jpeg\" \/>\n<meta name=\"author\" content=\"Lo viste en Los Pol\u00edticos\" \/>\n<meta name=\"twitter:card\" content=\"summary_large_image\" \/>\n<meta name=\"twitter:creator\" content=\"@LosPoliticosVer\" \/>\n<meta name=\"twitter:site\" content=\"@LosPoliticosVer\" \/>\n<meta name=\"twitter:label1\" content=\"Escrito por\" \/>\n\t<meta name=\"twitter:data1\" content=\"Lo viste en Los Pol\u00edticos\" \/>\n\t<meta name=\"twitter:label2\" content=\"Tiempo de lectura\" \/>\n\t<meta name=\"twitter:data2\" content=\"3 minutos\" \/>\n<script type=\"application\/ld+json\" class=\"yoast-schema-graph\">{\"@context\":\"https:\\\/\\\/schema.org\",\"@graph\":[{\"@type\":\"Article\",\"@id\":\"https:\\\/\\\/lospoliticosveracruz.com\\\/?p=38552#article\",\"isPartOf\":{\"@id\":\"https:\\\/\\\/lospoliticosveracruz.com\\\/?p=38552\"},\"author\":{\"name\":\"Lo viste en Los Pol\u00edticos\",\"@id\":\"https:\\\/\\\/lospoliticosveracruz.com\\\/#\\\/schema\\\/person\\\/b8702bb0e538456e6efd07080bf2a4a2\"},\"headline\":\"Atrevida lesa majestad\",\"datePublished\":\"2017-12-19T05:13:22+00:00\",\"mainEntityOfPage\":{\"@id\":\"https:\\\/\\\/lospoliticosveracruz.com\\\/?p=38552\"},\"wordCount\":567,\"commentCount\":0,\"publisher\":{\"@id\":\"https:\\\/\\\/lospoliticosveracruz.com\\\/#organization\"},\"keywords\":[\"Censura\",\"Fidel Herrera\",\"Javier Duarte\",\"Ley Duarte\",\"Ley Mordaza\"],\"articleSection\":[\"De Opini\u00f3n\"],\"inLanguage\":\"es\",\"potentialAction\":[{\"@type\":\"CommentAction\",\"name\":\"Comment\",\"target\":[\"https:\\\/\\\/lospoliticosveracruz.com\\\/?p=38552#respond\"]}]},{\"@type\":\"WebPage\",\"@id\":\"https:\\\/\\\/lospoliticosveracruz.com\\\/?p=38552\",\"url\":\"https:\\\/\\\/lospoliticosveracruz.com\\\/?p=38552\",\"name\":\"Atrevida lesa majestad - Los pol\u00edticos Veracruz\",\"isPartOf\":{\"@id\":\"https:\\\/\\\/lospoliticosveracruz.com\\\/#website\"},\"datePublished\":\"2017-12-19T05:13:22+00:00\",\"breadcrumb\":{\"@id\":\"https:\\\/\\\/lospoliticosveracruz.com\\\/?p=38552#breadcrumb\"},\"inLanguage\":\"es\",\"potentialAction\":[{\"@type\":\"ReadAction\",\"target\":[\"https:\\\/\\\/lospoliticosveracruz.com\\\/?p=38552\"]}]},{\"@type\":\"BreadcrumbList\",\"@id\":\"https:\\\/\\\/lospoliticosveracruz.com\\\/?p=38552#breadcrumb\",\"itemListElement\":[{\"@type\":\"ListItem\",\"position\":1,\"name\":\"Portada\",\"item\":\"https:\\\/\\\/lospoliticosveracruz.com\\\/\"},{\"@type\":\"ListItem\",\"position\":2,\"name\":\"Atrevida lesa majestad\"}]},{\"@type\":\"WebSite\",\"@id\":\"https:\\\/\\\/lospoliticosveracruz.com\\\/#website\",\"url\":\"https:\\\/\\\/lospoliticosveracruz.com\\\/\",\"name\":\"Los pol\u00edticos Veracruz\",\"description\":\"\",\"publisher\":{\"@id\":\"https:\\\/\\\/lospoliticosveracruz.com\\\/#organization\"},\"potentialAction\":[{\"@type\":\"SearchAction\",\"target\":{\"@type\":\"EntryPoint\",\"urlTemplate\":\"https:\\\/\\\/lospoliticosveracruz.com\\\/?s={search_term_string}\"},\"query-input\":{\"@type\":\"PropertyValueSpecification\",\"valueRequired\":true,\"valueName\":\"search_term_string\"}}],\"inLanguage\":\"es\"},{\"@type\":\"Organization\",\"@id\":\"https:\\\/\\\/lospoliticosveracruz.com\\\/#organization\",\"name\":\"Los pol\u00edticos Veracruz\",\"url\":\"https:\\\/\\\/lospoliticosveracruz.com\\\/\",\"logo\":{\"@type\":\"ImageObject\",\"inLanguage\":\"es\",\"@id\":\"https:\\\/\\\/lospoliticosveracruz.com\\\/#\\\/schema\\\/logo\\\/image\\\/\",\"url\":\"https:\\\/\\\/lospoliticosveracruz.com\\\/wp-content\\\/uploads\\\/2025\\\/12\\\/Logo-Nuevo-LOS-POLITICOS-1.jpg\",\"contentUrl\":\"https:\\\/\\\/lospoliticosveracruz.com\\\/wp-content\\\/uploads\\\/2025\\\/12\\\/Logo-Nuevo-LOS-POLITICOS-1.jpg\",\"width\":260,\"height\":70,\"caption\":\"Los pol\u00edticos Veracruz\"},\"image\":{\"@id\":\"https:\\\/\\\/lospoliticosveracruz.com\\\/#\\\/schema\\\/logo\\\/image\\\/\"},\"sameAs\":[\"https:\\\/\\\/www.facebook.com\\\/people\\\/Notimemes-de-los-Polticos\\\/61565672886568\\\/\",\"https:\\\/\\\/x.com\\\/LosPoliticosVer\"]},{\"@type\":\"Person\",\"@id\":\"https:\\\/\\\/lospoliticosveracruz.com\\\/#\\\/schema\\\/person\\\/b8702bb0e538456e6efd07080bf2a4a2\",\"name\":\"Lo viste en Los Pol\u00edticos\",\"image\":{\"@type\":\"ImageObject\",\"inLanguage\":\"es\",\"@id\":\"https:\\\/\\\/secure.gravatar.com\\\/avatar\\\/3a8de04a2656d44082be478bd6c086daa447c4651605818287b9532d3d0bd435?s=96&d=mm&r=g\",\"url\":\"https:\\\/\\\/secure.gravatar.com\\\/avatar\\\/3a8de04a2656d44082be478bd6c086daa447c4651605818287b9532d3d0bd435?s=96&d=mm&r=g\",\"contentUrl\":\"https:\\\/\\\/secure.gravatar.com\\\/avatar\\\/3a8de04a2656d44082be478bd6c086daa447c4651605818287b9532d3d0bd435?s=96&d=mm&r=g\",\"caption\":\"Lo viste en Los Pol\u00edticos\"},\"url\":\"https:\\\/\\\/lospoliticosveracruz.com\\\/?author=2\"}]}<\/script>\n<!-- \/ Yoast SEO plugin. -->","yoast_head_json":{"title":"Atrevida lesa majestad - Los pol\u00edticos Veracruz","robots":{"index":"index","follow":"follow","max-snippet":"max-snippet:-1","max-image-preview":"max-image-preview:large","max-video-preview":"max-video-preview:-1"},"canonical":"https:\/\/lospoliticosveracruz.com\/?p=38552","og_locale":"es_ES","og_type":"article","og_title":"Atrevida lesa majestad - Los pol\u00edticos Veracruz","og_description":"Ricardo V\u00e1zquez S. Esfera Pol\u00edtica \u00a1Qui\u00e9n iba a pensar! Finalmente los diputados federales retomaron algo de la llamada \u201cLey Duarte\u201d decretada\u00a0y abortada en Veracruz hace seis a\u00f1os. Aunque ahora enriquecida y ampliada, los legisladores aprobaron una reforma al art\u00edculo 1916 del C\u00f3digo Civil Federal, que establece que se considerar\u00e1 como hecho il\u00edcito la comunicaci\u00f3n, a [&hellip;]","og_url":"https:\/\/lospoliticosveracruz.com\/?p=38552","og_site_name":"Los pol\u00edticos Veracruz","article_publisher":"https:\/\/www.facebook.com\/people\/Notimemes-de-los-Polticos\/61565672886568\/","article_published_time":"2017-12-19T05:13:22+00:00","og_image":[{"width":200,"height":200,"url":"https:\/\/lospoliticosveracruz.com\/wp-content\/uploads\/2016\/07\/Logo-Dor.jpg","type":"image\/jpeg"}],"author":"Lo viste en Los Pol\u00edticos","twitter_card":"summary_large_image","twitter_creator":"@LosPoliticosVer","twitter_site":"@LosPoliticosVer","twitter_misc":{"Escrito por":"Lo viste en Los Pol\u00edticos","Tiempo de lectura":"3 minutos"},"schema":{"@context":"https:\/\/schema.org","@graph":[{"@type":"Article","@id":"https:\/\/lospoliticosveracruz.com\/?p=38552#article","isPartOf":{"@id":"https:\/\/lospoliticosveracruz.com\/?p=38552"},"author":{"name":"Lo viste en Los Pol\u00edticos","@id":"https:\/\/lospoliticosveracruz.com\/#\/schema\/person\/b8702bb0e538456e6efd07080bf2a4a2"},"headline":"Atrevida lesa majestad","datePublished":"2017-12-19T05:13:22+00:00","mainEntityOfPage":{"@id":"https:\/\/lospoliticosveracruz.com\/?p=38552"},"wordCount":567,"commentCount":0,"publisher":{"@id":"https:\/\/lospoliticosveracruz.com\/#organization"},"keywords":["Censura","Fidel Herrera","Javier Duarte","Ley Duarte","Ley Mordaza"],"articleSection":["De Opini\u00f3n"],"inLanguage":"es","potentialAction":[{"@type":"CommentAction","name":"Comment","target":["https:\/\/lospoliticosveracruz.com\/?p=38552#respond"]}]},{"@type":"WebPage","@id":"https:\/\/lospoliticosveracruz.com\/?p=38552","url":"https:\/\/lospoliticosveracruz.com\/?p=38552","name":"Atrevida lesa majestad - Los pol\u00edticos Veracruz","isPartOf":{"@id":"https:\/\/lospoliticosveracruz.com\/#website"},"datePublished":"2017-12-19T05:13:22+00:00","breadcrumb":{"@id":"https:\/\/lospoliticosveracruz.com\/?p=38552#breadcrumb"},"inLanguage":"es","potentialAction":[{"@type":"ReadAction","target":["https:\/\/lospoliticosveracruz.com\/?p=38552"]}]},{"@type":"BreadcrumbList","@id":"https:\/\/lospoliticosveracruz.com\/?p=38552#breadcrumb","itemListElement":[{"@type":"ListItem","position":1,"name":"Portada","item":"https:\/\/lospoliticosveracruz.com\/"},{"@type":"ListItem","position":2,"name":"Atrevida lesa majestad"}]},{"@type":"WebSite","@id":"https:\/\/lospoliticosveracruz.com\/#website","url":"https:\/\/lospoliticosveracruz.com\/","name":"Los pol\u00edticos Veracruz","description":"","publisher":{"@id":"https:\/\/lospoliticosveracruz.com\/#organization"},"potentialAction":[{"@type":"SearchAction","target":{"@type":"EntryPoint","urlTemplate":"https:\/\/lospoliticosveracruz.com\/?s={search_term_string}"},"query-input":{"@type":"PropertyValueSpecification","valueRequired":true,"valueName":"search_term_string"}}],"inLanguage":"es"},{"@type":"Organization","@id":"https:\/\/lospoliticosveracruz.com\/#organization","name":"Los pol\u00edticos Veracruz","url":"https:\/\/lospoliticosveracruz.com\/","logo":{"@type":"ImageObject","inLanguage":"es","@id":"https:\/\/lospoliticosveracruz.com\/#\/schema\/logo\/image\/","url":"https:\/\/lospoliticosveracruz.com\/wp-content\/uploads\/2025\/12\/Logo-Nuevo-LOS-POLITICOS-1.jpg","contentUrl":"https:\/\/lospoliticosveracruz.com\/wp-content\/uploads\/2025\/12\/Logo-Nuevo-LOS-POLITICOS-1.jpg","width":260,"height":70,"caption":"Los pol\u00edticos Veracruz"},"image":{"@id":"https:\/\/lospoliticosveracruz.com\/#\/schema\/logo\/image\/"},"sameAs":["https:\/\/www.facebook.com\/people\/Notimemes-de-los-Polticos\/61565672886568\/","https:\/\/x.com\/LosPoliticosVer"]},{"@type":"Person","@id":"https:\/\/lospoliticosveracruz.com\/#\/schema\/person\/b8702bb0e538456e6efd07080bf2a4a2","name":"Lo viste en Los Pol\u00edticos","image":{"@type":"ImageObject","inLanguage":"es","@id":"https:\/\/secure.gravatar.com\/avatar\/3a8de04a2656d44082be478bd6c086daa447c4651605818287b9532d3d0bd435?s=96&d=mm&r=g","url":"https:\/\/secure.gravatar.com\/avatar\/3a8de04a2656d44082be478bd6c086daa447c4651605818287b9532d3d0bd435?s=96&d=mm&r=g","contentUrl":"https:\/\/secure.gravatar.com\/avatar\/3a8de04a2656d44082be478bd6c086daa447c4651605818287b9532d3d0bd435?s=96&d=mm&r=g","caption":"Lo viste en Los Pol\u00edticos"},"url":"https:\/\/lospoliticosveracruz.com\/?author=2"}]}},"_links":{"self":[{"href":"https:\/\/lospoliticosveracruz.com\/index.php?rest_route=\/wp\/v2\/posts\/38552","targetHints":{"allow":["GET"]}}],"collection":[{"href":"https:\/\/lospoliticosveracruz.com\/index.php?rest_route=\/wp\/v2\/posts"}],"about":[{"href":"https:\/\/lospoliticosveracruz.com\/index.php?rest_route=\/wp\/v2\/types\/post"}],"author":[{"embeddable":true,"href":"https:\/\/lospoliticosveracruz.com\/index.php?rest_route=\/wp\/v2\/users\/2"}],"replies":[{"embeddable":true,"href":"https:\/\/lospoliticosveracruz.com\/index.php?rest_route=%2Fwp%2Fv2%2Fcomments&post=38552"}],"version-history":[{"count":2,"href":"https:\/\/lospoliticosveracruz.com\/index.php?rest_route=\/wp\/v2\/posts\/38552\/revisions"}],"predecessor-version":[{"id":38555,"href":"https:\/\/lospoliticosveracruz.com\/index.php?rest_route=\/wp\/v2\/posts\/38552\/revisions\/38555"}],"wp:attachment":[{"href":"https:\/\/lospoliticosveracruz.com\/index.php?rest_route=%2Fwp%2Fv2%2Fmedia&parent=38552"}],"wp:term":[{"taxonomy":"category","embeddable":true,"href":"https:\/\/lospoliticosveracruz.com\/index.php?rest_route=%2Fwp%2Fv2%2Fcategories&post=38552"},{"taxonomy":"post_tag","embeddable":true,"href":"https:\/\/lospoliticosveracruz.com\/index.php?rest_route=%2Fwp%2Fv2%2Ftags&post=38552"}],"curies":[{"name":"wp","href":"https:\/\/api.w.org\/{rel}","templated":true}]}}