{"id":38683,"date":"2017-12-25T22:55:15","date_gmt":"2017-12-26T04:55:15","guid":{"rendered":"http:\/\/www.lospoliticosveracruz.com.mx\/?p=38683"},"modified":"2017-12-25T21:26:12","modified_gmt":"2017-12-26T03:26:12","slug":"pepe-miguel-o-cuitlahuac","status":"publish","type":"post","link":"https:\/\/lospoliticosveracruz.com\/?p=38683","title":{"rendered":"Pepe, Miguel o Cuitl\u00e1huac"},"content":{"rendered":"<p dir=\"ltr\"><strong>Salvador Mu\u00f1oz<\/strong><\/p>\n<p dir=\"ltr\"><em>Los Pol\u00edticos<\/em><\/p>\n<p>&nbsp;<\/p>\n<p dir=\"ltr\">\u201cEntre Pepe Yunes, Miguel \u00c1ngel Yunes y Cuitl\u00e1huac, \u00bfqui\u00e9n le cuadra para Gobernador?\u201d, fue la pregunta que avent\u00e9 al aire en el Facebook, el pasado 23 de diciembre. El resultado fue demasiado positivo para Pepe Yunes Zorrilla quien obtuvo el mayor n\u00famero de \u201cvotos\u201d o comentarios a favor, seguido de Cuitl\u00e1huac Garc\u00eda Jim\u00e9nez, y en \u00faltimo lugar, incluso superado por el \u201cNinguno\u201d, Miguel \u00c1ngel Yunes M\u00e1rquez.<\/p>\n<p dir=\"ltr\">Por favor, tomen esto como una mera forma de pasar el tiempo en este lunes de recalentado donde lo \u00fanico que se debe recalentar es la comida, no los \u201cismos\u201d.<\/p>\n<p dir=\"ltr\">Para empezar, hay que tomar en cuenta que estamos en un escenario donde todo indica que se repetir\u00e1n como en el 2016, dos Yunes pero con distintos personajes, y un Cuitl\u00e1huac, quien ha de repetir como candidato\u2026 el de Morena s\u00ed es \u201crecalentado\u201d.<\/p>\n<p dir=\"ltr\">En la publicaci\u00f3n del 23 de diciembre, que fue cinco veces compartida, con 78 comentarios al respecto y 25 reacciones, donde hubo 3 emoticons de molestia, 4 de divertido y 18 \u201clike\u201d, Pepe obtuvo 35 comentarios a favor seguido de Cuitl\u00e1huac con 11 y Miguel \u00c1ngel Yunes M\u00e1rquez alcanz\u00f3 s\u00f3lo 6 votos a favor. Siete personas opinaron que \u201cNinguno\u201d les cuadraba para gobernador.<\/p>\n<p dir=\"ltr\">\u00a1Ah! Tambi\u00e9n hubo quien tom\u00f3 en cuenta a Renato Tronco G\u00f3mez as\u00ed como otro coment\u00f3 a H\u00e9ctor Yunes Landa y una m\u00e1s, a Dante Delgado.<\/p>\n<p dir=\"ltr\">Algunas reacciones fueron despectivas para los tres contendientes de mi pregunta como tambi\u00e9n llam\u00f3 la atenci\u00f3n que en lugar de dirigirse por el nombre de Cuitl\u00e1huac, se refirieran m\u00e1s a Morena, al partido, donde incluso hubo quien esto era un proyecto de partido m\u00e1s que de personas o en una de \u00e9sas, hasta lo llamaron \u201cel hijo del profesor Atanasio\u201d.<\/p>\n<p dir=\"ltr\">Si bien todos los comentarios son agradecidos por tomarse la molestia y el tiempo de hacerlos, les dejo el del amigo Romeo Gonz\u00e1lez Medrano quien puso: \u201cYo le voy al que firme ante notario, jure ante Dios y la Constituci\u00f3n que cuenta con la voluntad, la determinaci\u00f3n y la fuerza pol\u00edtica necesaria para encabezar desde el primer d\u00eda y sin vacilaciones la lucha contra la corrupci\u00f3n, la recuperaci\u00f3n de lo robado y las reformas de toda la legislaci\u00f3n, normas y estructuras que hacen posible el uso discrecional del poder por donde se reproducen los corruptos. El que dijo que nada se pod\u00eda hacer sin antes acabar con la corrupci\u00f3n y lo dijo a una semana de haber sido Electo Gobernador de Nuevo Le\u00f3n fue el ex Pri\u00edsta El Bronco. Si despu\u00e9s guard\u00f3 silencio fue porque fracas\u00f3. La lucha contra la corrupci\u00f3n no es de quijotes valientes, inteligentes aunque sean honestos, es de fuerzas pol\u00edticas organizadas y de consensos que recojan el hartazgo. He dicho\u201d.<\/p>\n<p dir=\"ltr\">El de Silvia N\u00fa\u00f1ez no tiene desperdicio porque para ella, ninguno le cuadra, como por ejemplo, cuando alguien cita que Pepe Yunes no est\u00e1 inmiscuido en esc\u00e1ndalos, ella responde: \u201cPues no pero es un palero&#8230; Jam\u00e1s le vi nada como legislador&#8230; jajajajaja aunque al Cui Cui tampoco y pues la monarqu\u00eda me da urticaria&#8230; creo que est\u00e1 ac\u00e9fala la candidatura\u201d.<\/p>\n<p dir=\"ltr\">Aunque si usted cree que esta manera de matar mi tiempo mientras espero el recalentado de la Navidad es un indicativo que puede favorecer a Pepe Yunes Zorrilla o exhibir una nula popularidad de Miguel \u00c1ngel Yunes M\u00e1rquez, le puedo asegurar que est\u00e1 equivocado\u2026 bueno, al menos es lo que yo veo y realmente lo que arroja mi pregunta \u201cEntre Pepe Yunes, Miguel \u00c1ngel Yunes y Cuitl\u00e1huac, \u00bfqui\u00e9n le cuadra para Gobernador?\u201d es que tengo m\u00e1s amigos pri\u00edstas los que siguen mi p\u00e1gina de Facebook que panistas y morenos\u2026 o si usted opina lo contrario, bienvenidos los comentarios.<\/p>\n<p>&nbsp;<\/p>\n<p dir=\"ltr\"><a href=\"mailto:smcainito@gmail.com\" target=\"_blank\" rel=\"noopener noreferrer\">smcainito@gmail.com<\/a><\/p>\n","protected":false},"excerpt":{"rendered":"<p>Salvador Mu\u00f1oz Los Pol\u00edticos &nbsp; \u201cEntre Pepe Yunes, Miguel \u00c1ngel Yunes y Cuitl\u00e1huac, \u00bfqui\u00e9n le cuadra para Gobernador?\u201d, fue la pregunta que avent\u00e9 al aire en el Facebook, el pasado 23 de diciembre. El resultado fue demasiado positivo para Pepe Yunes Zorrilla quien obtuvo el mayor n\u00famero de \u201cvotos\u201d o comentarios a favor, seguido de [&hellip;]<\/p>\n","protected":false},"author":2,"featured_media":0,"comment_status":"open","ping_status":"open","sticky":false,"template":"","format":"standard","meta":{"tdm_status":"","tdm_grid_status":"","footnotes":""},"categories":[70],"tags":[1563,242,662,536,570],"class_list":{"0":"post-38683","1":"post","2":"type-post","3":"status-publish","4":"format-standard","6":"category-de-opinion","7":"tag-cuitlahuac-garcia-jimenez","8":"tag-facebook","9":"tag-gubernatura","10":"tag-miguel-angel-yunes-marquez","11":"tag-pepe-yunes"},"yoast_head":"<!-- This site is optimized with the Yoast SEO plugin v27.4 - https:\/\/yoast.com\/product\/yoast-seo-wordpress\/ -->\n<title>Pepe, Miguel o Cuitl\u00e1huac - Los pol\u00edticos Veracruz<\/title>\n<meta name=\"robots\" content=\"index, follow, max-snippet:-1, max-image-preview:large, max-video-preview:-1\" \/>\n<link rel=\"canonical\" href=\"https:\/\/lospoliticosveracruz.com\/?p=38683\" \/>\n<meta property=\"og:locale\" content=\"es_ES\" \/>\n<meta property=\"og:type\" content=\"article\" \/>\n<meta property=\"og:title\" content=\"Pepe, Miguel o Cuitl\u00e1huac - Los pol\u00edticos Veracruz\" \/>\n<meta property=\"og:description\" content=\"Salvador Mu\u00f1oz Los Pol\u00edticos &nbsp; \u201cEntre Pepe Yunes, Miguel \u00c1ngel Yunes y Cuitl\u00e1huac, \u00bfqui\u00e9n le cuadra para Gobernador?\u201d, fue la pregunta que avent\u00e9 al aire en el Facebook, el pasado 23 de diciembre. El resultado fue demasiado positivo para Pepe Yunes Zorrilla quien obtuvo el mayor n\u00famero de \u201cvotos\u201d o comentarios a favor, seguido de [&hellip;]\" \/>\n<meta property=\"og:url\" content=\"https:\/\/lospoliticosveracruz.com\/?p=38683\" \/>\n<meta property=\"og:site_name\" content=\"Los pol\u00edticos Veracruz\" \/>\n<meta property=\"article:publisher\" content=\"https:\/\/www.facebook.com\/people\/Notimemes-de-los-Polticos\/61565672886568\/\" \/>\n<meta property=\"article:published_time\" content=\"2017-12-26T04:55:15+00:00\" \/>\n<meta property=\"og:image\" content=\"https:\/\/lospoliticosveracruz.com\/wp-content\/uploads\/2016\/07\/Logo-Dor.jpg\" \/>\n\t<meta property=\"og:image:width\" content=\"200\" \/>\n\t<meta property=\"og:image:height\" content=\"200\" \/>\n\t<meta property=\"og:image:type\" content=\"image\/jpeg\" \/>\n<meta name=\"author\" content=\"Lo viste en Los Pol\u00edticos\" \/>\n<meta name=\"twitter:card\" content=\"summary_large_image\" \/>\n<meta name=\"twitter:creator\" content=\"@LosPoliticosVer\" \/>\n<meta name=\"twitter:site\" content=\"@LosPoliticosVer\" \/>\n<meta name=\"twitter:label1\" content=\"Escrito por\" \/>\n\t<meta name=\"twitter:data1\" content=\"Lo viste en Los Pol\u00edticos\" \/>\n\t<meta name=\"twitter:label2\" content=\"Tiempo de lectura\" \/>\n\t<meta name=\"twitter:data2\" content=\"3 minutos\" \/>\n<script type=\"application\/ld+json\" class=\"yoast-schema-graph\">{\"@context\":\"https:\\\/\\\/schema.org\",\"@graph\":[{\"@type\":\"Article\",\"@id\":\"https:\\\/\\\/lospoliticosveracruz.com\\\/?p=38683#article\",\"isPartOf\":{\"@id\":\"https:\\\/\\\/lospoliticosveracruz.com\\\/?p=38683\"},\"author\":{\"name\":\"Lo viste en Los Pol\u00edticos\",\"@id\":\"https:\\\/\\\/lospoliticosveracruz.com\\\/#\\\/schema\\\/person\\\/b8702bb0e538456e6efd07080bf2a4a2\"},\"headline\":\"Pepe, Miguel o Cuitl\u00e1huac\",\"datePublished\":\"2017-12-26T04:55:15+00:00\",\"mainEntityOfPage\":{\"@id\":\"https:\\\/\\\/lospoliticosveracruz.com\\\/?p=38683\"},\"wordCount\":662,\"commentCount\":0,\"publisher\":{\"@id\":\"https:\\\/\\\/lospoliticosveracruz.com\\\/#organization\"},\"keywords\":[\"Cuitl\u00e1huac Garc\u00eda Jim\u00e9nez\",\"facebook\",\"gubernatura\",\"Miguel \u00c1ngel Yunes M\u00e1rquez\",\"Pepe Yunes\"],\"articleSection\":[\"De Opini\u00f3n\"],\"inLanguage\":\"es\",\"potentialAction\":[{\"@type\":\"CommentAction\",\"name\":\"Comment\",\"target\":[\"https:\\\/\\\/lospoliticosveracruz.com\\\/?p=38683#respond\"]}]},{\"@type\":\"WebPage\",\"@id\":\"https:\\\/\\\/lospoliticosveracruz.com\\\/?p=38683\",\"url\":\"https:\\\/\\\/lospoliticosveracruz.com\\\/?p=38683\",\"name\":\"Pepe, Miguel o Cuitl\u00e1huac - Los pol\u00edticos Veracruz\",\"isPartOf\":{\"@id\":\"https:\\\/\\\/lospoliticosveracruz.com\\\/#website\"},\"datePublished\":\"2017-12-26T04:55:15+00:00\",\"breadcrumb\":{\"@id\":\"https:\\\/\\\/lospoliticosveracruz.com\\\/?p=38683#breadcrumb\"},\"inLanguage\":\"es\",\"potentialAction\":[{\"@type\":\"ReadAction\",\"target\":[\"https:\\\/\\\/lospoliticosveracruz.com\\\/?p=38683\"]}]},{\"@type\":\"BreadcrumbList\",\"@id\":\"https:\\\/\\\/lospoliticosveracruz.com\\\/?p=38683#breadcrumb\",\"itemListElement\":[{\"@type\":\"ListItem\",\"position\":1,\"name\":\"Portada\",\"item\":\"https:\\\/\\\/lospoliticosveracruz.com\\\/\"},{\"@type\":\"ListItem\",\"position\":2,\"name\":\"Pepe, Miguel o Cuitl\u00e1huac\"}]},{\"@type\":\"WebSite\",\"@id\":\"https:\\\/\\\/lospoliticosveracruz.com\\\/#website\",\"url\":\"https:\\\/\\\/lospoliticosveracruz.com\\\/\",\"name\":\"Los pol\u00edticos Veracruz\",\"description\":\"\",\"publisher\":{\"@id\":\"https:\\\/\\\/lospoliticosveracruz.com\\\/#organization\"},\"potentialAction\":[{\"@type\":\"SearchAction\",\"target\":{\"@type\":\"EntryPoint\",\"urlTemplate\":\"https:\\\/\\\/lospoliticosveracruz.com\\\/?s={search_term_string}\"},\"query-input\":{\"@type\":\"PropertyValueSpecification\",\"valueRequired\":true,\"valueName\":\"search_term_string\"}}],\"inLanguage\":\"es\"},{\"@type\":\"Organization\",\"@id\":\"https:\\\/\\\/lospoliticosveracruz.com\\\/#organization\",\"name\":\"Los pol\u00edticos Veracruz\",\"url\":\"https:\\\/\\\/lospoliticosveracruz.com\\\/\",\"logo\":{\"@type\":\"ImageObject\",\"inLanguage\":\"es\",\"@id\":\"https:\\\/\\\/lospoliticosveracruz.com\\\/#\\\/schema\\\/logo\\\/image\\\/\",\"url\":\"https:\\\/\\\/lospoliticosveracruz.com\\\/wp-content\\\/uploads\\\/2025\\\/12\\\/Logo-Nuevo-LOS-POLITICOS-1.jpg\",\"contentUrl\":\"https:\\\/\\\/lospoliticosveracruz.com\\\/wp-content\\\/uploads\\\/2025\\\/12\\\/Logo-Nuevo-LOS-POLITICOS-1.jpg\",\"width\":260,\"height\":70,\"caption\":\"Los pol\u00edticos Veracruz\"},\"image\":{\"@id\":\"https:\\\/\\\/lospoliticosveracruz.com\\\/#\\\/schema\\\/logo\\\/image\\\/\"},\"sameAs\":[\"https:\\\/\\\/www.facebook.com\\\/people\\\/Notimemes-de-los-Polticos\\\/61565672886568\\\/\",\"https:\\\/\\\/x.com\\\/LosPoliticosVer\"]},{\"@type\":\"Person\",\"@id\":\"https:\\\/\\\/lospoliticosveracruz.com\\\/#\\\/schema\\\/person\\\/b8702bb0e538456e6efd07080bf2a4a2\",\"name\":\"Lo viste en Los Pol\u00edticos\",\"image\":{\"@type\":\"ImageObject\",\"inLanguage\":\"es\",\"@id\":\"https:\\\/\\\/secure.gravatar.com\\\/avatar\\\/3a8de04a2656d44082be478bd6c086daa447c4651605818287b9532d3d0bd435?s=96&d=mm&r=g\",\"url\":\"https:\\\/\\\/secure.gravatar.com\\\/avatar\\\/3a8de04a2656d44082be478bd6c086daa447c4651605818287b9532d3d0bd435?s=96&d=mm&r=g\",\"contentUrl\":\"https:\\\/\\\/secure.gravatar.com\\\/avatar\\\/3a8de04a2656d44082be478bd6c086daa447c4651605818287b9532d3d0bd435?s=96&d=mm&r=g\",\"caption\":\"Lo viste en Los Pol\u00edticos\"},\"url\":\"https:\\\/\\\/lospoliticosveracruz.com\\\/?author=2\"}]}<\/script>\n<!-- \/ Yoast SEO plugin. -->","yoast_head_json":{"title":"Pepe, Miguel o Cuitl\u00e1huac - Los pol\u00edticos Veracruz","robots":{"index":"index","follow":"follow","max-snippet":"max-snippet:-1","max-image-preview":"max-image-preview:large","max-video-preview":"max-video-preview:-1"},"canonical":"https:\/\/lospoliticosveracruz.com\/?p=38683","og_locale":"es_ES","og_type":"article","og_title":"Pepe, Miguel o Cuitl\u00e1huac - Los pol\u00edticos Veracruz","og_description":"Salvador Mu\u00f1oz Los Pol\u00edticos &nbsp; \u201cEntre Pepe Yunes, Miguel \u00c1ngel Yunes y Cuitl\u00e1huac, \u00bfqui\u00e9n le cuadra para Gobernador?\u201d, fue la pregunta que avent\u00e9 al aire en el Facebook, el pasado 23 de diciembre. El resultado fue demasiado positivo para Pepe Yunes Zorrilla quien obtuvo el mayor n\u00famero de \u201cvotos\u201d o comentarios a favor, seguido de [&hellip;]","og_url":"https:\/\/lospoliticosveracruz.com\/?p=38683","og_site_name":"Los pol\u00edticos Veracruz","article_publisher":"https:\/\/www.facebook.com\/people\/Notimemes-de-los-Polticos\/61565672886568\/","article_published_time":"2017-12-26T04:55:15+00:00","og_image":[{"width":200,"height":200,"url":"https:\/\/lospoliticosveracruz.com\/wp-content\/uploads\/2016\/07\/Logo-Dor.jpg","type":"image\/jpeg"}],"author":"Lo viste en Los Pol\u00edticos","twitter_card":"summary_large_image","twitter_creator":"@LosPoliticosVer","twitter_site":"@LosPoliticosVer","twitter_misc":{"Escrito por":"Lo viste en Los Pol\u00edticos","Tiempo de lectura":"3 minutos"},"schema":{"@context":"https:\/\/schema.org","@graph":[{"@type":"Article","@id":"https:\/\/lospoliticosveracruz.com\/?p=38683#article","isPartOf":{"@id":"https:\/\/lospoliticosveracruz.com\/?p=38683"},"author":{"name":"Lo viste en Los Pol\u00edticos","@id":"https:\/\/lospoliticosveracruz.com\/#\/schema\/person\/b8702bb0e538456e6efd07080bf2a4a2"},"headline":"Pepe, Miguel o Cuitl\u00e1huac","datePublished":"2017-12-26T04:55:15+00:00","mainEntityOfPage":{"@id":"https:\/\/lospoliticosveracruz.com\/?p=38683"},"wordCount":662,"commentCount":0,"publisher":{"@id":"https:\/\/lospoliticosveracruz.com\/#organization"},"keywords":["Cuitl\u00e1huac Garc\u00eda Jim\u00e9nez","facebook","gubernatura","Miguel \u00c1ngel Yunes M\u00e1rquez","Pepe Yunes"],"articleSection":["De Opini\u00f3n"],"inLanguage":"es","potentialAction":[{"@type":"CommentAction","name":"Comment","target":["https:\/\/lospoliticosveracruz.com\/?p=38683#respond"]}]},{"@type":"WebPage","@id":"https:\/\/lospoliticosveracruz.com\/?p=38683","url":"https:\/\/lospoliticosveracruz.com\/?p=38683","name":"Pepe, Miguel o Cuitl\u00e1huac - Los pol\u00edticos Veracruz","isPartOf":{"@id":"https:\/\/lospoliticosveracruz.com\/#website"},"datePublished":"2017-12-26T04:55:15+00:00","breadcrumb":{"@id":"https:\/\/lospoliticosveracruz.com\/?p=38683#breadcrumb"},"inLanguage":"es","potentialAction":[{"@type":"ReadAction","target":["https:\/\/lospoliticosveracruz.com\/?p=38683"]}]},{"@type":"BreadcrumbList","@id":"https:\/\/lospoliticosveracruz.com\/?p=38683#breadcrumb","itemListElement":[{"@type":"ListItem","position":1,"name":"Portada","item":"https:\/\/lospoliticosveracruz.com\/"},{"@type":"ListItem","position":2,"name":"Pepe, Miguel o Cuitl\u00e1huac"}]},{"@type":"WebSite","@id":"https:\/\/lospoliticosveracruz.com\/#website","url":"https:\/\/lospoliticosveracruz.com\/","name":"Los pol\u00edticos Veracruz","description":"","publisher":{"@id":"https:\/\/lospoliticosveracruz.com\/#organization"},"potentialAction":[{"@type":"SearchAction","target":{"@type":"EntryPoint","urlTemplate":"https:\/\/lospoliticosveracruz.com\/?s={search_term_string}"},"query-input":{"@type":"PropertyValueSpecification","valueRequired":true,"valueName":"search_term_string"}}],"inLanguage":"es"},{"@type":"Organization","@id":"https:\/\/lospoliticosveracruz.com\/#organization","name":"Los pol\u00edticos Veracruz","url":"https:\/\/lospoliticosveracruz.com\/","logo":{"@type":"ImageObject","inLanguage":"es","@id":"https:\/\/lospoliticosveracruz.com\/#\/schema\/logo\/image\/","url":"https:\/\/lospoliticosveracruz.com\/wp-content\/uploads\/2025\/12\/Logo-Nuevo-LOS-POLITICOS-1.jpg","contentUrl":"https:\/\/lospoliticosveracruz.com\/wp-content\/uploads\/2025\/12\/Logo-Nuevo-LOS-POLITICOS-1.jpg","width":260,"height":70,"caption":"Los pol\u00edticos Veracruz"},"image":{"@id":"https:\/\/lospoliticosveracruz.com\/#\/schema\/logo\/image\/"},"sameAs":["https:\/\/www.facebook.com\/people\/Notimemes-de-los-Polticos\/61565672886568\/","https:\/\/x.com\/LosPoliticosVer"]},{"@type":"Person","@id":"https:\/\/lospoliticosveracruz.com\/#\/schema\/person\/b8702bb0e538456e6efd07080bf2a4a2","name":"Lo viste en Los Pol\u00edticos","image":{"@type":"ImageObject","inLanguage":"es","@id":"https:\/\/secure.gravatar.com\/avatar\/3a8de04a2656d44082be478bd6c086daa447c4651605818287b9532d3d0bd435?s=96&d=mm&r=g","url":"https:\/\/secure.gravatar.com\/avatar\/3a8de04a2656d44082be478bd6c086daa447c4651605818287b9532d3d0bd435?s=96&d=mm&r=g","contentUrl":"https:\/\/secure.gravatar.com\/avatar\/3a8de04a2656d44082be478bd6c086daa447c4651605818287b9532d3d0bd435?s=96&d=mm&r=g","caption":"Lo viste en Los Pol\u00edticos"},"url":"https:\/\/lospoliticosveracruz.com\/?author=2"}]}},"_links":{"self":[{"href":"https:\/\/lospoliticosveracruz.com\/index.php?rest_route=\/wp\/v2\/posts\/38683","targetHints":{"allow":["GET"]}}],"collection":[{"href":"https:\/\/lospoliticosveracruz.com\/index.php?rest_route=\/wp\/v2\/posts"}],"about":[{"href":"https:\/\/lospoliticosveracruz.com\/index.php?rest_route=\/wp\/v2\/types\/post"}],"author":[{"embeddable":true,"href":"https:\/\/lospoliticosveracruz.com\/index.php?rest_route=\/wp\/v2\/users\/2"}],"replies":[{"embeddable":true,"href":"https:\/\/lospoliticosveracruz.com\/index.php?rest_route=%2Fwp%2Fv2%2Fcomments&post=38683"}],"version-history":[{"count":2,"href":"https:\/\/lospoliticosveracruz.com\/index.php?rest_route=\/wp\/v2\/posts\/38683\/revisions"}],"predecessor-version":[{"id":38685,"href":"https:\/\/lospoliticosveracruz.com\/index.php?rest_route=\/wp\/v2\/posts\/38683\/revisions\/38685"}],"wp:attachment":[{"href":"https:\/\/lospoliticosveracruz.com\/index.php?rest_route=%2Fwp%2Fv2%2Fmedia&parent=38683"}],"wp:term":[{"taxonomy":"category","embeddable":true,"href":"https:\/\/lospoliticosveracruz.com\/index.php?rest_route=%2Fwp%2Fv2%2Fcategories&post=38683"},{"taxonomy":"post_tag","embeddable":true,"href":"https:\/\/lospoliticosveracruz.com\/index.php?rest_route=%2Fwp%2Fv2%2Ftags&post=38683"}],"curies":[{"name":"wp","href":"https:\/\/api.w.org\/{rel}","templated":true}]}}