{"id":38687,"date":"2017-12-25T23:00:51","date_gmt":"2017-12-26T05:00:51","guid":{"rendered":"http:\/\/www.lospoliticosveracruz.com.mx\/?p=38687"},"modified":"2017-12-25T22:25:13","modified_gmt":"2017-12-26T04:25:13","slug":"los-numeros-de-diciembre","status":"publish","type":"post","link":"https:\/\/lospoliticosveracruz.com\/?p=38687","title":{"rendered":"Los n\u00fameros de diciembre"},"content":{"rendered":"<p><strong>Brenda Caballero<\/strong><\/p>\n<p><em>N\u00fameros Rojos<\/em><\/p>\n<p>&nbsp;<\/p>\n<p>&nbsp;<\/p>\n<p>Un vale por cuarenta pesos es lo que me dio una gasolinera la \u00faltima vez que cargu\u00e9 combustible junto con mi ticket. Ten\u00edan raz\u00f3n los que dec\u00edan que con la liberaci\u00f3n de precios de la gasolina, los empresarios gasolineros iban a otorgar diversos obsequios con tal de atraer clientes a sus estaciones de servicios, pues los precios solamente varian por centavos.<\/p>\n<p>Con los precios establecidos por la oferta y la demanda de los mercados, los empresarios deber\u00e1n ser m\u00e1s creativos ya que sin duda los consumidores acudir\u00e1n con quien les otorgue otros beneficios que les beneficien en su econom\u00eda personal.<\/p>\n<p>Es que si de nuestra econom\u00eda se trata, este diciembre se ha visto mermada. En los supermercados, los precios de los productos b\u00e1sicos se han incrementado, como el jitomate que alcanza hasta los treinta pesos, o de los no tan b\u00e1sicos, pero que la mayor\u00eda de la poblaci\u00f3n consume como los yogures para beber, que despu\u00e9s de haber incrementado algunos centavos a trav\u00e9s de los meses durante este 2017, en diciembre su precio aument\u00f3 hasta en un peso. \u00bfAcaso piensan que porque la poblaci\u00f3n recibe aguinaldo, nos pueden subir los precios como quieran?<\/p>\n<p>Sin duda, la poblaci\u00f3n ha dejado de consumir diversos productos, porque ya no le alcanza. En investigadores, he llegado a escuchar que regresaremos al punto donde la poblaci\u00f3n produzca sus propios alimentos para su autoconsumo.<\/p>\n<p>El panorama no parece ser nada alentador para el 2018. Un factor que nos lo muestra ya, es el tipo de cambio del d\u00f3lar que el viernes cerr\u00f3 en veinte pesos, mientras que ayer cerr\u00f3 en 19 pesos con 72 centavos a la venta y en 18.89 a la compra, mientras que en el Aeropuerto de la Ciudad de M\u00e9xico cerr\u00f3 en 19 pesos con 80 centavos. Nuestro peso est\u00e1 viviendo una semana negra despu\u00e9s de que el presidente de los Estados Unidos Donald Trump hiciera el anuncio de la reforma fiscal para el pa\u00eds del norte, por lo que no dude que cerremos el 2017 con un d\u00f3lar mayor a veinte pesos.<\/p>\n<p>Es bastante cr\u00edtico el panorama econ\u00f3mico si recordamos que pagaremos m\u00e1s por productos importados as\u00ed como por medicamentos, refacciones de autom\u00f3viles, electrodom\u00e9sticos y varios alimentos.<\/p>\n<p>Otra de las recomendaciones para 2018 es que no se endeude \u00a1por favor no adquiera cr\u00e9ditos inneccesarios! ya que las tasas de inter\u00e9s aumentaron. En otras palabras, el que le otorguen un cr\u00e9dito le saldr\u00e1 m\u00e1s caro. Esto aplica tambien para las tarjetas de cr\u00e9dito. As\u00ed que antes de endeudarse pi\u00e9nselo tres veces.<\/p>\n<p><strong>\u201c<i>No te pago para criticarme\u201d<\/i><\/strong><\/p>\n<p>Este 25 de diciembre, The New York Times le dio su Navidad al gobierno de Enrique Pe\u00f1a Nieto al publicar en sus p\u00e1ginas un amplio trabajo de Azam Ahmed donde se\u00f1ala que su gobierno usa miles de millones de d\u00f3lares en efectivo para controlar los medios de comunicaci\u00f3n.<\/p>\n<p>Esa historia ya la conociamos por la organizaci\u00f3n Fundar que dio a conocer que Pe\u00f1a duplic\u00f3 el presupuesto 2016 para medios de comunicaci\u00f3n.<\/p>\n<p>\u00bfDe d\u00f3nde se tomaron los recursos? La l\u00f3gica indica que de otros rubros que bien pudieron ser educaci\u00f3n, salud, infraestructura o seguridad.<\/p>\n<p>En Veracruz esa historia es ampliamente conocida, pues durante el gobierno de Javier Duarte se utiliz\u00f3 una pr\u00e1ctica muy similar.<\/p>\n<p>Ahora el Orfis ha presentado una denuncia por un desv\u00edo de recursos de 215 mdp en Comunicaci\u00f3n Social \u00bfQui\u00e9n ser\u00e1 el siguiente en caer?<\/p>\n<p><a href=\"mailto:caballero_brenda@hotmail.com\" target=\"_blank\" rel=\"noopener noreferrer\">caballero_brenda@hotmail.com<\/a><\/p>\n<p>@NumerosRojos_BC<\/p>\n","protected":false},"excerpt":{"rendered":"<p>Brenda Caballero N\u00fameros Rojos &nbsp; &nbsp; Un vale por cuarenta pesos es lo que me dio una gasolinera la \u00faltima vez que cargu\u00e9 combustible junto con mi ticket. Ten\u00edan raz\u00f3n los que dec\u00edan que con la liberaci\u00f3n de precios de la gasolina, los empresarios gasolineros iban a otorgar diversos obsequios con tal de atraer clientes [&hellip;]<\/p>\n","protected":false},"author":2,"featured_media":0,"comment_status":"open","ping_status":"open","sticky":false,"template":"","format":"standard","meta":{"tdm_status":"","tdm_grid_status":"","footnotes":""},"categories":[70],"tags":[3175,2228,281,1351,474,10503],"class_list":{"0":"post-38687","1":"post","2":"type-post","3":"status-publish","4":"format-standard","6":"category-de-opinion","7":"tag-dolar","8":"tag-economia","9":"tag-enrique-pena-nieto","10":"tag-gasolina","11":"tag-the-new-york-times","12":"tag-tipo-de-cambio"},"yoast_head":"<!-- This site is optimized with the Yoast SEO plugin v27.4 - https:\/\/yoast.com\/product\/yoast-seo-wordpress\/ -->\n<title>Los n\u00fameros de diciembre - Los pol\u00edticos Veracruz<\/title>\n<meta name=\"robots\" content=\"index, follow, max-snippet:-1, max-image-preview:large, max-video-preview:-1\" \/>\n<link rel=\"canonical\" href=\"https:\/\/lospoliticosveracruz.com\/?p=38687\" \/>\n<meta property=\"og:locale\" content=\"es_ES\" \/>\n<meta property=\"og:type\" content=\"article\" \/>\n<meta property=\"og:title\" content=\"Los n\u00fameros de diciembre - Los pol\u00edticos Veracruz\" \/>\n<meta property=\"og:description\" content=\"Brenda Caballero N\u00fameros Rojos &nbsp; &nbsp; Un vale por cuarenta pesos es lo que me dio una gasolinera la \u00faltima vez que cargu\u00e9 combustible junto con mi ticket. Ten\u00edan raz\u00f3n los que dec\u00edan que con la liberaci\u00f3n de precios de la gasolina, los empresarios gasolineros iban a otorgar diversos obsequios con tal de atraer clientes [&hellip;]\" \/>\n<meta property=\"og:url\" content=\"https:\/\/lospoliticosveracruz.com\/?p=38687\" \/>\n<meta property=\"og:site_name\" content=\"Los pol\u00edticos Veracruz\" \/>\n<meta property=\"article:publisher\" content=\"https:\/\/www.facebook.com\/people\/Notimemes-de-los-Polticos\/61565672886568\/\" \/>\n<meta property=\"article:published_time\" content=\"2017-12-26T05:00:51+00:00\" \/>\n<meta property=\"og:image\" content=\"https:\/\/lospoliticosveracruz.com\/wp-content\/uploads\/2016\/07\/Logo-Dor.jpg\" \/>\n\t<meta property=\"og:image:width\" content=\"200\" \/>\n\t<meta property=\"og:image:height\" content=\"200\" \/>\n\t<meta property=\"og:image:type\" content=\"image\/jpeg\" \/>\n<meta name=\"author\" content=\"Lo viste en Los Pol\u00edticos\" \/>\n<meta name=\"twitter:card\" content=\"summary_large_image\" \/>\n<meta name=\"twitter:creator\" content=\"@LosPoliticosVer\" \/>\n<meta name=\"twitter:site\" content=\"@LosPoliticosVer\" \/>\n<meta name=\"twitter:label1\" content=\"Escrito por\" \/>\n\t<meta name=\"twitter:data1\" content=\"Lo viste en Los Pol\u00edticos\" \/>\n\t<meta name=\"twitter:label2\" content=\"Tiempo de lectura\" \/>\n\t<meta name=\"twitter:data2\" content=\"3 minutos\" \/>\n<script type=\"application\/ld+json\" class=\"yoast-schema-graph\">{\"@context\":\"https:\\\/\\\/schema.org\",\"@graph\":[{\"@type\":\"Article\",\"@id\":\"https:\\\/\\\/lospoliticosveracruz.com\\\/?p=38687#article\",\"isPartOf\":{\"@id\":\"https:\\\/\\\/lospoliticosveracruz.com\\\/?p=38687\"},\"author\":{\"name\":\"Lo viste en Los Pol\u00edticos\",\"@id\":\"https:\\\/\\\/lospoliticosveracruz.com\\\/#\\\/schema\\\/person\\\/b8702bb0e538456e6efd07080bf2a4a2\"},\"headline\":\"Los n\u00fameros de diciembre\",\"datePublished\":\"2017-12-26T05:00:51+00:00\",\"mainEntityOfPage\":{\"@id\":\"https:\\\/\\\/lospoliticosveracruz.com\\\/?p=38687\"},\"wordCount\":616,\"commentCount\":0,\"publisher\":{\"@id\":\"https:\\\/\\\/lospoliticosveracruz.com\\\/#organization\"},\"keywords\":[\"d\u00f3lar\",\"Econom\u00eda\",\"Enrique Pe\u00f1a Nieto\",\"gasolina\",\"The New York Times\",\"Tipo de cambio\"],\"articleSection\":[\"De Opini\u00f3n\"],\"inLanguage\":\"es\",\"potentialAction\":[{\"@type\":\"CommentAction\",\"name\":\"Comment\",\"target\":[\"https:\\\/\\\/lospoliticosveracruz.com\\\/?p=38687#respond\"]}]},{\"@type\":\"WebPage\",\"@id\":\"https:\\\/\\\/lospoliticosveracruz.com\\\/?p=38687\",\"url\":\"https:\\\/\\\/lospoliticosveracruz.com\\\/?p=38687\",\"name\":\"Los n\u00fameros de diciembre - Los pol\u00edticos Veracruz\",\"isPartOf\":{\"@id\":\"https:\\\/\\\/lospoliticosveracruz.com\\\/#website\"},\"datePublished\":\"2017-12-26T05:00:51+00:00\",\"breadcrumb\":{\"@id\":\"https:\\\/\\\/lospoliticosveracruz.com\\\/?p=38687#breadcrumb\"},\"inLanguage\":\"es\",\"potentialAction\":[{\"@type\":\"ReadAction\",\"target\":[\"https:\\\/\\\/lospoliticosveracruz.com\\\/?p=38687\"]}]},{\"@type\":\"BreadcrumbList\",\"@id\":\"https:\\\/\\\/lospoliticosveracruz.com\\\/?p=38687#breadcrumb\",\"itemListElement\":[{\"@type\":\"ListItem\",\"position\":1,\"name\":\"Portada\",\"item\":\"https:\\\/\\\/lospoliticosveracruz.com\\\/\"},{\"@type\":\"ListItem\",\"position\":2,\"name\":\"Los n\u00fameros de diciembre\"}]},{\"@type\":\"WebSite\",\"@id\":\"https:\\\/\\\/lospoliticosveracruz.com\\\/#website\",\"url\":\"https:\\\/\\\/lospoliticosveracruz.com\\\/\",\"name\":\"Los pol\u00edticos Veracruz\",\"description\":\"\",\"publisher\":{\"@id\":\"https:\\\/\\\/lospoliticosveracruz.com\\\/#organization\"},\"potentialAction\":[{\"@type\":\"SearchAction\",\"target\":{\"@type\":\"EntryPoint\",\"urlTemplate\":\"https:\\\/\\\/lospoliticosveracruz.com\\\/?s={search_term_string}\"},\"query-input\":{\"@type\":\"PropertyValueSpecification\",\"valueRequired\":true,\"valueName\":\"search_term_string\"}}],\"inLanguage\":\"es\"},{\"@type\":\"Organization\",\"@id\":\"https:\\\/\\\/lospoliticosveracruz.com\\\/#organization\",\"name\":\"Los pol\u00edticos Veracruz\",\"url\":\"https:\\\/\\\/lospoliticosveracruz.com\\\/\",\"logo\":{\"@type\":\"ImageObject\",\"inLanguage\":\"es\",\"@id\":\"https:\\\/\\\/lospoliticosveracruz.com\\\/#\\\/schema\\\/logo\\\/image\\\/\",\"url\":\"https:\\\/\\\/lospoliticosveracruz.com\\\/wp-content\\\/uploads\\\/2025\\\/12\\\/Logo-Nuevo-LOS-POLITICOS-1.jpg\",\"contentUrl\":\"https:\\\/\\\/lospoliticosveracruz.com\\\/wp-content\\\/uploads\\\/2025\\\/12\\\/Logo-Nuevo-LOS-POLITICOS-1.jpg\",\"width\":260,\"height\":70,\"caption\":\"Los pol\u00edticos Veracruz\"},\"image\":{\"@id\":\"https:\\\/\\\/lospoliticosveracruz.com\\\/#\\\/schema\\\/logo\\\/image\\\/\"},\"sameAs\":[\"https:\\\/\\\/www.facebook.com\\\/people\\\/Notimemes-de-los-Polticos\\\/61565672886568\\\/\",\"https:\\\/\\\/x.com\\\/LosPoliticosVer\"]},{\"@type\":\"Person\",\"@id\":\"https:\\\/\\\/lospoliticosveracruz.com\\\/#\\\/schema\\\/person\\\/b8702bb0e538456e6efd07080bf2a4a2\",\"name\":\"Lo viste en Los Pol\u00edticos\",\"image\":{\"@type\":\"ImageObject\",\"inLanguage\":\"es\",\"@id\":\"https:\\\/\\\/secure.gravatar.com\\\/avatar\\\/3a8de04a2656d44082be478bd6c086daa447c4651605818287b9532d3d0bd435?s=96&d=mm&r=g\",\"url\":\"https:\\\/\\\/secure.gravatar.com\\\/avatar\\\/3a8de04a2656d44082be478bd6c086daa447c4651605818287b9532d3d0bd435?s=96&d=mm&r=g\",\"contentUrl\":\"https:\\\/\\\/secure.gravatar.com\\\/avatar\\\/3a8de04a2656d44082be478bd6c086daa447c4651605818287b9532d3d0bd435?s=96&d=mm&r=g\",\"caption\":\"Lo viste en Los Pol\u00edticos\"},\"url\":\"https:\\\/\\\/lospoliticosveracruz.com\\\/?author=2\"}]}<\/script>\n<!-- \/ Yoast SEO plugin. -->","yoast_head_json":{"title":"Los n\u00fameros de diciembre - Los pol\u00edticos Veracruz","robots":{"index":"index","follow":"follow","max-snippet":"max-snippet:-1","max-image-preview":"max-image-preview:large","max-video-preview":"max-video-preview:-1"},"canonical":"https:\/\/lospoliticosveracruz.com\/?p=38687","og_locale":"es_ES","og_type":"article","og_title":"Los n\u00fameros de diciembre - Los pol\u00edticos Veracruz","og_description":"Brenda Caballero N\u00fameros Rojos &nbsp; &nbsp; Un vale por cuarenta pesos es lo que me dio una gasolinera la \u00faltima vez que cargu\u00e9 combustible junto con mi ticket. Ten\u00edan raz\u00f3n los que dec\u00edan que con la liberaci\u00f3n de precios de la gasolina, los empresarios gasolineros iban a otorgar diversos obsequios con tal de atraer clientes [&hellip;]","og_url":"https:\/\/lospoliticosveracruz.com\/?p=38687","og_site_name":"Los pol\u00edticos Veracruz","article_publisher":"https:\/\/www.facebook.com\/people\/Notimemes-de-los-Polticos\/61565672886568\/","article_published_time":"2017-12-26T05:00:51+00:00","og_image":[{"width":200,"height":200,"url":"https:\/\/lospoliticosveracruz.com\/wp-content\/uploads\/2016\/07\/Logo-Dor.jpg","type":"image\/jpeg"}],"author":"Lo viste en Los Pol\u00edticos","twitter_card":"summary_large_image","twitter_creator":"@LosPoliticosVer","twitter_site":"@LosPoliticosVer","twitter_misc":{"Escrito por":"Lo viste en Los Pol\u00edticos","Tiempo de lectura":"3 minutos"},"schema":{"@context":"https:\/\/schema.org","@graph":[{"@type":"Article","@id":"https:\/\/lospoliticosveracruz.com\/?p=38687#article","isPartOf":{"@id":"https:\/\/lospoliticosveracruz.com\/?p=38687"},"author":{"name":"Lo viste en Los Pol\u00edticos","@id":"https:\/\/lospoliticosveracruz.com\/#\/schema\/person\/b8702bb0e538456e6efd07080bf2a4a2"},"headline":"Los n\u00fameros de diciembre","datePublished":"2017-12-26T05:00:51+00:00","mainEntityOfPage":{"@id":"https:\/\/lospoliticosveracruz.com\/?p=38687"},"wordCount":616,"commentCount":0,"publisher":{"@id":"https:\/\/lospoliticosveracruz.com\/#organization"},"keywords":["d\u00f3lar","Econom\u00eda","Enrique Pe\u00f1a Nieto","gasolina","The New York Times","Tipo de cambio"],"articleSection":["De Opini\u00f3n"],"inLanguage":"es","potentialAction":[{"@type":"CommentAction","name":"Comment","target":["https:\/\/lospoliticosveracruz.com\/?p=38687#respond"]}]},{"@type":"WebPage","@id":"https:\/\/lospoliticosveracruz.com\/?p=38687","url":"https:\/\/lospoliticosveracruz.com\/?p=38687","name":"Los n\u00fameros de diciembre - Los pol\u00edticos Veracruz","isPartOf":{"@id":"https:\/\/lospoliticosveracruz.com\/#website"},"datePublished":"2017-12-26T05:00:51+00:00","breadcrumb":{"@id":"https:\/\/lospoliticosveracruz.com\/?p=38687#breadcrumb"},"inLanguage":"es","potentialAction":[{"@type":"ReadAction","target":["https:\/\/lospoliticosveracruz.com\/?p=38687"]}]},{"@type":"BreadcrumbList","@id":"https:\/\/lospoliticosveracruz.com\/?p=38687#breadcrumb","itemListElement":[{"@type":"ListItem","position":1,"name":"Portada","item":"https:\/\/lospoliticosveracruz.com\/"},{"@type":"ListItem","position":2,"name":"Los n\u00fameros de diciembre"}]},{"@type":"WebSite","@id":"https:\/\/lospoliticosveracruz.com\/#website","url":"https:\/\/lospoliticosveracruz.com\/","name":"Los pol\u00edticos Veracruz","description":"","publisher":{"@id":"https:\/\/lospoliticosveracruz.com\/#organization"},"potentialAction":[{"@type":"SearchAction","target":{"@type":"EntryPoint","urlTemplate":"https:\/\/lospoliticosveracruz.com\/?s={search_term_string}"},"query-input":{"@type":"PropertyValueSpecification","valueRequired":true,"valueName":"search_term_string"}}],"inLanguage":"es"},{"@type":"Organization","@id":"https:\/\/lospoliticosveracruz.com\/#organization","name":"Los pol\u00edticos Veracruz","url":"https:\/\/lospoliticosveracruz.com\/","logo":{"@type":"ImageObject","inLanguage":"es","@id":"https:\/\/lospoliticosveracruz.com\/#\/schema\/logo\/image\/","url":"https:\/\/lospoliticosveracruz.com\/wp-content\/uploads\/2025\/12\/Logo-Nuevo-LOS-POLITICOS-1.jpg","contentUrl":"https:\/\/lospoliticosveracruz.com\/wp-content\/uploads\/2025\/12\/Logo-Nuevo-LOS-POLITICOS-1.jpg","width":260,"height":70,"caption":"Los pol\u00edticos Veracruz"},"image":{"@id":"https:\/\/lospoliticosveracruz.com\/#\/schema\/logo\/image\/"},"sameAs":["https:\/\/www.facebook.com\/people\/Notimemes-de-los-Polticos\/61565672886568\/","https:\/\/x.com\/LosPoliticosVer"]},{"@type":"Person","@id":"https:\/\/lospoliticosveracruz.com\/#\/schema\/person\/b8702bb0e538456e6efd07080bf2a4a2","name":"Lo viste en Los Pol\u00edticos","image":{"@type":"ImageObject","inLanguage":"es","@id":"https:\/\/secure.gravatar.com\/avatar\/3a8de04a2656d44082be478bd6c086daa447c4651605818287b9532d3d0bd435?s=96&d=mm&r=g","url":"https:\/\/secure.gravatar.com\/avatar\/3a8de04a2656d44082be478bd6c086daa447c4651605818287b9532d3d0bd435?s=96&d=mm&r=g","contentUrl":"https:\/\/secure.gravatar.com\/avatar\/3a8de04a2656d44082be478bd6c086daa447c4651605818287b9532d3d0bd435?s=96&d=mm&r=g","caption":"Lo viste en Los Pol\u00edticos"},"url":"https:\/\/lospoliticosveracruz.com\/?author=2"}]}},"_links":{"self":[{"href":"https:\/\/lospoliticosveracruz.com\/index.php?rest_route=\/wp\/v2\/posts\/38687","targetHints":{"allow":["GET"]}}],"collection":[{"href":"https:\/\/lospoliticosveracruz.com\/index.php?rest_route=\/wp\/v2\/posts"}],"about":[{"href":"https:\/\/lospoliticosveracruz.com\/index.php?rest_route=\/wp\/v2\/types\/post"}],"author":[{"embeddable":true,"href":"https:\/\/lospoliticosveracruz.com\/index.php?rest_route=\/wp\/v2\/users\/2"}],"replies":[{"embeddable":true,"href":"https:\/\/lospoliticosveracruz.com\/index.php?rest_route=%2Fwp%2Fv2%2Fcomments&post=38687"}],"version-history":[{"count":1,"href":"https:\/\/lospoliticosveracruz.com\/index.php?rest_route=\/wp\/v2\/posts\/38687\/revisions"}],"predecessor-version":[{"id":38688,"href":"https:\/\/lospoliticosveracruz.com\/index.php?rest_route=\/wp\/v2\/posts\/38687\/revisions\/38688"}],"wp:attachment":[{"href":"https:\/\/lospoliticosveracruz.com\/index.php?rest_route=%2Fwp%2Fv2%2Fmedia&parent=38687"}],"wp:term":[{"taxonomy":"category","embeddable":true,"href":"https:\/\/lospoliticosveracruz.com\/index.php?rest_route=%2Fwp%2Fv2%2Fcategories&post=38687"},{"taxonomy":"post_tag","embeddable":true,"href":"https:\/\/lospoliticosveracruz.com\/index.php?rest_route=%2Fwp%2Fv2%2Ftags&post=38687"}],"curies":[{"name":"wp","href":"https:\/\/api.w.org\/{rel}","templated":true}]}}