{"id":38691,"date":"2017-12-26T09:29:14","date_gmt":"2017-12-26T15:29:14","guid":{"rendered":"http:\/\/www.lospoliticosveracruz.com.mx\/?p=38691"},"modified":"2017-12-26T09:29:14","modified_gmt":"2017-12-26T15:29:14","slug":"el-caso-de-nemi-dib","status":"publish","type":"post","link":"https:\/\/lospoliticosveracruz.com\/?p=38691","title":{"rendered":"El caso de Nemi Dib"},"content":{"rendered":"<p class=\"x_m_6764844177666626677MsoNoSpacing\"><b>Luis Alberto Romero<\/b><\/p>\n<p class=\"x_m_6764844177666626677MsoNoSpacing\"><em>Hora Cero<\/em><\/p>\n<p class=\"x_m_6764844177666626677MsoNoSpacing\"><b>\u00a0<\/b><b><\/b><\/p>\n<p class=\"x_m_6764844177666626677MsoNoSpacing\">\n<p class=\"x_m_6764844177666626677MsoNoSpacing\">Con la captura del ex secretario de Salud del gobierno de Veracruz y ex director del Sistema Estatal para el Desarrollo Integral de la Familia, Juan Antonio Nemi Dib, registrada el pasado viernes, ya son cinco ex integrantes del gabinete duartista en el penal de Pacho Viejo.<u><\/u><u><\/u><\/p>\n<p class=\"x_m_6764844177666626677MsoNoSpacing\">Antes de Nemi, dicho reclusorio estatal recibi\u00f3 a Gina Dom\u00ednguez (Comunicaci\u00f3n Social), Mauricio Audirac Murillo (Finanzas y Planeaci\u00f3n), Francisco Valencia Garc\u00eda (Infraestructura y Obras P\u00fablicas y CEAV), y Arturo Berm\u00fadez Zurita (Seguridad P\u00fablica).<u><\/u><u><\/u><\/p>\n<p class=\"x_m_6764844177666626677MsoNoSpacing\">A Juan Antonio Nemi le capturaron elementos de la Fiscal\u00eda General del Estado el pasado viernes, en la v\u00edspera de Nochebuena. El tambi\u00e9n ex titular del Ipax fue ubicado en Atlixco, zona central de Puebla, donde fue interceptado y trasladado a la capital de la entidad que gobierna Jos\u00e9 Antonio Gali Fayad; de ah\u00ed fue llevado a Pacho Viejo, donde le vincularon formalmente a proceso.<u><\/u><u><\/u><\/p>\n<p class=\"x_m_6764844177666626677MsoNoSpacing\">Se le acusa por un presunto desv\u00edo de recursos a su paso por la Secretar\u00eda de Salud, una de las dependencias que mayor presupuesto ejercen en el gobierno estatal.<u><\/u><u><\/u><\/p>\n<p class=\"x_m_6764844177666626677MsoNoSpacing\">Para la an\u00e9cdota quedar\u00e1 su breve etapa como pr\u00f3fugo de la justicia y su intento por evitar la captura que finalmente se concret\u00f3 el viernes pasado, tras una persecuci\u00f3n digna de gui\u00f3n cinematogr\u00e1fico.<u><\/u><u><\/u><\/p>\n<p class=\"x_m_6764844177666626677MsoNoSpacing\">Por cierto, en julio de 2017, Nemi Dib denunci\u00f3 una persecuci\u00f3n pol\u00edtica en su contra por parte del gobierno estatal; es decir, por parte de Yunes Linares. Para ese entonces ya se hab\u00eda girado una orden de aprehensi\u00f3n.<u><\/u><u><\/u><\/p>\n<p class=\"x_m_6764844177666626677MsoNoSpacing\">Antes, en septiembre de 2014, luego de una confrontaci\u00f3n con la poderosa Secci\u00f3n 26 del Sindicato de Trabajadores de la Secretar\u00eda de Salud, que deriv\u00f3 en denuncias penales, el hoy hu\u00e9sped de Pacho Viejo renunci\u00f3 a la titularidad de dicha dependencia.<u><\/u><u><\/u><\/p>\n<p class=\"x_m_6764844177666626677MsoNoSpacing\">Durante el sexenio de Javier Duarte, Juan Antonio Nemi coleccion\u00f3 cargos: fue director del DIF, secretario particular del gobernador, secretario de Salud y secretario ejecutivo del Consejo Estatal de Seguridad P\u00fablica.<u><\/u><u><\/u><\/p>\n<p class=\"x_m_6764844177666626677MsoNoSpacing\">Atra\u00eddo por los medios informativos, incursion\u00f3 en la conducci\u00f3n de un programa de revista en la radio y televisi\u00f3n oficial, El Molcajete, y en la empresa period\u00edstica, con el portal de noticias \u201cRadiover\u201d, que termin\u00f3 por cerrar en 2016.<u><\/u><u><\/u><\/p>\n<p class=\"x_m_6764844177666626677MsoNoSpacing\">Pues bien, luego de m\u00e1s de una docena de cargos durante los dos sexenios anteriores, el de Fidel Herrera y el de Javier Duarte, parece que la suerte abandon\u00f3 a Juan Antonio Nemi, quien este viernes fue detenido e internado en Pacho Viejo, penal que ya tiene entre sus reos a casi un tercio del gabinete duartista.<u><\/u><u><\/u><\/p>\n<p class=\"x_m_6764844177666626677MsoNoSpacing\">A reserva de lo que pase en el juicio del ex secretario de Salud, de la inocencia o responsabilidad del detenido, podr\u00edamos decir que la Fiscal\u00eda General del Estado se anot\u00f3 un punto importante con esa captura.<u><\/u><u><\/u><\/p>\n<p class=\"x_m_6764844177666626677MsoNoSpacing\">Otro acierto, ocurri\u00f3 el mismo viernes, cuando las instancias estatales de seguridad y procuraci\u00f3n de justicia lograron liberar al doctor Gerardo Ahued Bardahuil, quien estuvo secuestrado durante unas horas en la capital del estado.<u><\/u><u><\/u><\/p>\n<p class=\"x_m_6764844177666626677MsoNoSpacing\">El m\u00e9dico es hermano del ex alcalde de Xalapa, ex diputado local y federal y precandidato al Senado por el Movimiento de Regeneraci\u00f3n Nacional, Ricardo Ahued.<\/p>\n<p class=\"x_m_6764844177666626677MsoNoSpacing\"><b>Seguridad y violencia, las malas noticias<u><\/u><u><\/u><\/b><\/p>\n<p class=\"x_m_6764844177666626677MsoNoSpacing\">Las malas noticias para el gobierno del Estado, sin embargo, no llegaron de acciones espec\u00edficas en materia de seguridad, como la de Nemi Dib y la de Gerardo Ahued, sino del reporte del Secretariado Ejecutivo del Sistema Nacional de Seguridad P\u00fablica.<u><\/u><u><\/u><\/p>\n<p class=\"x_m_6764844177666626677MsoNoSpacing\">Dicha instancia de la Secretar\u00eda de Gobernaci\u00f3n dio a conocer que en Veracruz se ha registrado, durante los primeros 11 meses del a\u00f1o, una cifra r\u00e9cord en materia delictiva: casi 8 mil 500 robos con violencia; 3 mil 900\u00a0 lesiones dolosas; mil 520 homicidios dolosos; y 161 secuestros.<u><\/u><u><\/u><\/p>\n<p class=\"x_m_6764844177666626677MsoNoSpacing\">Si a esos n\u00fameros agregamos los registrados durante diciembre de 2016, primer mes del gobierno de Miguel \u00c1ngel Yunes, la cifra del homicidio doloso llega a mil 650; y la de secuestro, a 178 v\u00edctimas.<\/p>\n<p class=\"x_m_6764844177666626677MsoNoSpacing\">\n<p class=\"x_m_6764844177666626677MsoNoSpacing\">@luisromero85<\/p>\n","protected":false},"excerpt":{"rendered":"<p>Luis Alberto Romero Hora Cero \u00a0 Con la captura del ex secretario de Salud del gobierno de Veracruz y ex director del Sistema Estatal para el Desarrollo Integral de la Familia, Juan Antonio Nemi Dib, registrada el pasado viernes, ya son cinco ex integrantes del gabinete duartista en el penal de Pacho Viejo. Antes de [&hellip;]<\/p>\n","protected":false},"author":2,"featured_media":0,"comment_status":"open","ping_status":"open","sticky":false,"template":"","format":"standard","meta":{"tdm_status":"","tdm_grid_status":"","footnotes":""},"categories":[70],"tags":[520,10506,410,260,3132],"class_list":{"0":"post-38691","1":"post","2":"type-post","3":"status-publish","4":"format-standard","6":"category-de-opinion","7":"tag-dif","8":"tag-el-molcajete","9":"tag-fidel-herrera-beltran","10":"tag-javier-duarte-de-ochoa","11":"tag-puebla"},"yoast_head":"<!-- This site is optimized with the Yoast SEO plugin v27.4 - https:\/\/yoast.com\/product\/yoast-seo-wordpress\/ -->\n<title>El caso de Nemi Dib - Los pol\u00edticos Veracruz<\/title>\n<meta name=\"robots\" content=\"index, follow, max-snippet:-1, max-image-preview:large, max-video-preview:-1\" \/>\n<link rel=\"canonical\" href=\"https:\/\/lospoliticosveracruz.com\/?p=38691\" \/>\n<meta property=\"og:locale\" content=\"es_ES\" \/>\n<meta property=\"og:type\" content=\"article\" \/>\n<meta property=\"og:title\" content=\"El caso de Nemi Dib - Los pol\u00edticos Veracruz\" \/>\n<meta property=\"og:description\" content=\"Luis Alberto Romero Hora Cero \u00a0 Con la captura del ex secretario de Salud del gobierno de Veracruz y ex director del Sistema Estatal para el Desarrollo Integral de la Familia, Juan Antonio Nemi Dib, registrada el pasado viernes, ya son cinco ex integrantes del gabinete duartista en el penal de Pacho Viejo. Antes de [&hellip;]\" \/>\n<meta property=\"og:url\" content=\"https:\/\/lospoliticosveracruz.com\/?p=38691\" \/>\n<meta property=\"og:site_name\" content=\"Los pol\u00edticos Veracruz\" \/>\n<meta property=\"article:publisher\" content=\"https:\/\/www.facebook.com\/people\/Notimemes-de-los-Polticos\/61565672886568\/\" \/>\n<meta property=\"article:published_time\" content=\"2017-12-26T15:29:14+00:00\" \/>\n<meta property=\"og:image\" content=\"https:\/\/lospoliticosveracruz.com\/wp-content\/uploads\/2016\/07\/Logo-Dor.jpg\" \/>\n\t<meta property=\"og:image:width\" content=\"200\" \/>\n\t<meta property=\"og:image:height\" content=\"200\" \/>\n\t<meta property=\"og:image:type\" content=\"image\/jpeg\" \/>\n<meta name=\"author\" content=\"Lo viste en Los Pol\u00edticos\" \/>\n<meta name=\"twitter:card\" content=\"summary_large_image\" \/>\n<meta name=\"twitter:creator\" content=\"@LosPoliticosVer\" \/>\n<meta name=\"twitter:site\" content=\"@LosPoliticosVer\" \/>\n<meta name=\"twitter:label1\" content=\"Escrito por\" \/>\n\t<meta name=\"twitter:data1\" content=\"Lo viste en Los Pol\u00edticos\" \/>\n\t<meta name=\"twitter:label2\" content=\"Tiempo de lectura\" \/>\n\t<meta name=\"twitter:data2\" content=\"3 minutos\" \/>\n<script type=\"application\/ld+json\" class=\"yoast-schema-graph\">{\"@context\":\"https:\\\/\\\/schema.org\",\"@graph\":[{\"@type\":\"Article\",\"@id\":\"https:\\\/\\\/lospoliticosveracruz.com\\\/?p=38691#article\",\"isPartOf\":{\"@id\":\"https:\\\/\\\/lospoliticosveracruz.com\\\/?p=38691\"},\"author\":{\"name\":\"Lo viste en Los Pol\u00edticos\",\"@id\":\"https:\\\/\\\/lospoliticosveracruz.com\\\/#\\\/schema\\\/person\\\/b8702bb0e538456e6efd07080bf2a4a2\"},\"headline\":\"El caso de Nemi Dib\",\"datePublished\":\"2017-12-26T15:29:14+00:00\",\"mainEntityOfPage\":{\"@id\":\"https:\\\/\\\/lospoliticosveracruz.com\\\/?p=38691\"},\"wordCount\":681,\"commentCount\":0,\"publisher\":{\"@id\":\"https:\\\/\\\/lospoliticosveracruz.com\\\/#organization\"},\"keywords\":[\"DIF\",\"El Molcajete\",\"Fidel Herrera Beltr\u00e1n\",\"Javier Duarte de Ochoa\",\"Puebla\"],\"articleSection\":[\"De Opini\u00f3n\"],\"inLanguage\":\"es\",\"potentialAction\":[{\"@type\":\"CommentAction\",\"name\":\"Comment\",\"target\":[\"https:\\\/\\\/lospoliticosveracruz.com\\\/?p=38691#respond\"]}]},{\"@type\":\"WebPage\",\"@id\":\"https:\\\/\\\/lospoliticosveracruz.com\\\/?p=38691\",\"url\":\"https:\\\/\\\/lospoliticosveracruz.com\\\/?p=38691\",\"name\":\"El caso de Nemi Dib - Los pol\u00edticos Veracruz\",\"isPartOf\":{\"@id\":\"https:\\\/\\\/lospoliticosveracruz.com\\\/#website\"},\"datePublished\":\"2017-12-26T15:29:14+00:00\",\"breadcrumb\":{\"@id\":\"https:\\\/\\\/lospoliticosveracruz.com\\\/?p=38691#breadcrumb\"},\"inLanguage\":\"es\",\"potentialAction\":[{\"@type\":\"ReadAction\",\"target\":[\"https:\\\/\\\/lospoliticosveracruz.com\\\/?p=38691\"]}]},{\"@type\":\"BreadcrumbList\",\"@id\":\"https:\\\/\\\/lospoliticosveracruz.com\\\/?p=38691#breadcrumb\",\"itemListElement\":[{\"@type\":\"ListItem\",\"position\":1,\"name\":\"Portada\",\"item\":\"https:\\\/\\\/lospoliticosveracruz.com\\\/\"},{\"@type\":\"ListItem\",\"position\":2,\"name\":\"El caso de Nemi Dib\"}]},{\"@type\":\"WebSite\",\"@id\":\"https:\\\/\\\/lospoliticosveracruz.com\\\/#website\",\"url\":\"https:\\\/\\\/lospoliticosveracruz.com\\\/\",\"name\":\"Los pol\u00edticos Veracruz\",\"description\":\"\",\"publisher\":{\"@id\":\"https:\\\/\\\/lospoliticosveracruz.com\\\/#organization\"},\"potentialAction\":[{\"@type\":\"SearchAction\",\"target\":{\"@type\":\"EntryPoint\",\"urlTemplate\":\"https:\\\/\\\/lospoliticosveracruz.com\\\/?s={search_term_string}\"},\"query-input\":{\"@type\":\"PropertyValueSpecification\",\"valueRequired\":true,\"valueName\":\"search_term_string\"}}],\"inLanguage\":\"es\"},{\"@type\":\"Organization\",\"@id\":\"https:\\\/\\\/lospoliticosveracruz.com\\\/#organization\",\"name\":\"Los pol\u00edticos Veracruz\",\"url\":\"https:\\\/\\\/lospoliticosveracruz.com\\\/\",\"logo\":{\"@type\":\"ImageObject\",\"inLanguage\":\"es\",\"@id\":\"https:\\\/\\\/lospoliticosveracruz.com\\\/#\\\/schema\\\/logo\\\/image\\\/\",\"url\":\"https:\\\/\\\/lospoliticosveracruz.com\\\/wp-content\\\/uploads\\\/2025\\\/12\\\/Logo-Nuevo-LOS-POLITICOS-1.jpg\",\"contentUrl\":\"https:\\\/\\\/lospoliticosveracruz.com\\\/wp-content\\\/uploads\\\/2025\\\/12\\\/Logo-Nuevo-LOS-POLITICOS-1.jpg\",\"width\":260,\"height\":70,\"caption\":\"Los pol\u00edticos Veracruz\"},\"image\":{\"@id\":\"https:\\\/\\\/lospoliticosveracruz.com\\\/#\\\/schema\\\/logo\\\/image\\\/\"},\"sameAs\":[\"https:\\\/\\\/www.facebook.com\\\/people\\\/Notimemes-de-los-Polticos\\\/61565672886568\\\/\",\"https:\\\/\\\/x.com\\\/LosPoliticosVer\"]},{\"@type\":\"Person\",\"@id\":\"https:\\\/\\\/lospoliticosveracruz.com\\\/#\\\/schema\\\/person\\\/b8702bb0e538456e6efd07080bf2a4a2\",\"name\":\"Lo viste en Los Pol\u00edticos\",\"image\":{\"@type\":\"ImageObject\",\"inLanguage\":\"es\",\"@id\":\"https:\\\/\\\/secure.gravatar.com\\\/avatar\\\/3a8de04a2656d44082be478bd6c086daa447c4651605818287b9532d3d0bd435?s=96&d=mm&r=g\",\"url\":\"https:\\\/\\\/secure.gravatar.com\\\/avatar\\\/3a8de04a2656d44082be478bd6c086daa447c4651605818287b9532d3d0bd435?s=96&d=mm&r=g\",\"contentUrl\":\"https:\\\/\\\/secure.gravatar.com\\\/avatar\\\/3a8de04a2656d44082be478bd6c086daa447c4651605818287b9532d3d0bd435?s=96&d=mm&r=g\",\"caption\":\"Lo viste en Los Pol\u00edticos\"},\"url\":\"https:\\\/\\\/lospoliticosveracruz.com\\\/?author=2\"}]}<\/script>\n<!-- \/ Yoast SEO plugin. -->","yoast_head_json":{"title":"El caso de Nemi Dib - Los pol\u00edticos Veracruz","robots":{"index":"index","follow":"follow","max-snippet":"max-snippet:-1","max-image-preview":"max-image-preview:large","max-video-preview":"max-video-preview:-1"},"canonical":"https:\/\/lospoliticosveracruz.com\/?p=38691","og_locale":"es_ES","og_type":"article","og_title":"El caso de Nemi Dib - Los pol\u00edticos Veracruz","og_description":"Luis Alberto Romero Hora Cero \u00a0 Con la captura del ex secretario de Salud del gobierno de Veracruz y ex director del Sistema Estatal para el Desarrollo Integral de la Familia, Juan Antonio Nemi Dib, registrada el pasado viernes, ya son cinco ex integrantes del gabinete duartista en el penal de Pacho Viejo. Antes de [&hellip;]","og_url":"https:\/\/lospoliticosveracruz.com\/?p=38691","og_site_name":"Los pol\u00edticos Veracruz","article_publisher":"https:\/\/www.facebook.com\/people\/Notimemes-de-los-Polticos\/61565672886568\/","article_published_time":"2017-12-26T15:29:14+00:00","og_image":[{"width":200,"height":200,"url":"https:\/\/lospoliticosveracruz.com\/wp-content\/uploads\/2016\/07\/Logo-Dor.jpg","type":"image\/jpeg"}],"author":"Lo viste en Los Pol\u00edticos","twitter_card":"summary_large_image","twitter_creator":"@LosPoliticosVer","twitter_site":"@LosPoliticosVer","twitter_misc":{"Escrito por":"Lo viste en Los Pol\u00edticos","Tiempo de lectura":"3 minutos"},"schema":{"@context":"https:\/\/schema.org","@graph":[{"@type":"Article","@id":"https:\/\/lospoliticosveracruz.com\/?p=38691#article","isPartOf":{"@id":"https:\/\/lospoliticosveracruz.com\/?p=38691"},"author":{"name":"Lo viste en Los Pol\u00edticos","@id":"https:\/\/lospoliticosveracruz.com\/#\/schema\/person\/b8702bb0e538456e6efd07080bf2a4a2"},"headline":"El caso de Nemi Dib","datePublished":"2017-12-26T15:29:14+00:00","mainEntityOfPage":{"@id":"https:\/\/lospoliticosveracruz.com\/?p=38691"},"wordCount":681,"commentCount":0,"publisher":{"@id":"https:\/\/lospoliticosveracruz.com\/#organization"},"keywords":["DIF","El Molcajete","Fidel Herrera Beltr\u00e1n","Javier Duarte de Ochoa","Puebla"],"articleSection":["De Opini\u00f3n"],"inLanguage":"es","potentialAction":[{"@type":"CommentAction","name":"Comment","target":["https:\/\/lospoliticosveracruz.com\/?p=38691#respond"]}]},{"@type":"WebPage","@id":"https:\/\/lospoliticosveracruz.com\/?p=38691","url":"https:\/\/lospoliticosveracruz.com\/?p=38691","name":"El caso de Nemi Dib - Los pol\u00edticos Veracruz","isPartOf":{"@id":"https:\/\/lospoliticosveracruz.com\/#website"},"datePublished":"2017-12-26T15:29:14+00:00","breadcrumb":{"@id":"https:\/\/lospoliticosveracruz.com\/?p=38691#breadcrumb"},"inLanguage":"es","potentialAction":[{"@type":"ReadAction","target":["https:\/\/lospoliticosveracruz.com\/?p=38691"]}]},{"@type":"BreadcrumbList","@id":"https:\/\/lospoliticosveracruz.com\/?p=38691#breadcrumb","itemListElement":[{"@type":"ListItem","position":1,"name":"Portada","item":"https:\/\/lospoliticosveracruz.com\/"},{"@type":"ListItem","position":2,"name":"El caso de Nemi Dib"}]},{"@type":"WebSite","@id":"https:\/\/lospoliticosveracruz.com\/#website","url":"https:\/\/lospoliticosveracruz.com\/","name":"Los pol\u00edticos Veracruz","description":"","publisher":{"@id":"https:\/\/lospoliticosveracruz.com\/#organization"},"potentialAction":[{"@type":"SearchAction","target":{"@type":"EntryPoint","urlTemplate":"https:\/\/lospoliticosveracruz.com\/?s={search_term_string}"},"query-input":{"@type":"PropertyValueSpecification","valueRequired":true,"valueName":"search_term_string"}}],"inLanguage":"es"},{"@type":"Organization","@id":"https:\/\/lospoliticosveracruz.com\/#organization","name":"Los pol\u00edticos Veracruz","url":"https:\/\/lospoliticosveracruz.com\/","logo":{"@type":"ImageObject","inLanguage":"es","@id":"https:\/\/lospoliticosveracruz.com\/#\/schema\/logo\/image\/","url":"https:\/\/lospoliticosveracruz.com\/wp-content\/uploads\/2025\/12\/Logo-Nuevo-LOS-POLITICOS-1.jpg","contentUrl":"https:\/\/lospoliticosveracruz.com\/wp-content\/uploads\/2025\/12\/Logo-Nuevo-LOS-POLITICOS-1.jpg","width":260,"height":70,"caption":"Los pol\u00edticos Veracruz"},"image":{"@id":"https:\/\/lospoliticosveracruz.com\/#\/schema\/logo\/image\/"},"sameAs":["https:\/\/www.facebook.com\/people\/Notimemes-de-los-Polticos\/61565672886568\/","https:\/\/x.com\/LosPoliticosVer"]},{"@type":"Person","@id":"https:\/\/lospoliticosveracruz.com\/#\/schema\/person\/b8702bb0e538456e6efd07080bf2a4a2","name":"Lo viste en Los Pol\u00edticos","image":{"@type":"ImageObject","inLanguage":"es","@id":"https:\/\/secure.gravatar.com\/avatar\/3a8de04a2656d44082be478bd6c086daa447c4651605818287b9532d3d0bd435?s=96&d=mm&r=g","url":"https:\/\/secure.gravatar.com\/avatar\/3a8de04a2656d44082be478bd6c086daa447c4651605818287b9532d3d0bd435?s=96&d=mm&r=g","contentUrl":"https:\/\/secure.gravatar.com\/avatar\/3a8de04a2656d44082be478bd6c086daa447c4651605818287b9532d3d0bd435?s=96&d=mm&r=g","caption":"Lo viste en Los Pol\u00edticos"},"url":"https:\/\/lospoliticosveracruz.com\/?author=2"}]}},"_links":{"self":[{"href":"https:\/\/lospoliticosveracruz.com\/index.php?rest_route=\/wp\/v2\/posts\/38691","targetHints":{"allow":["GET"]}}],"collection":[{"href":"https:\/\/lospoliticosveracruz.com\/index.php?rest_route=\/wp\/v2\/posts"}],"about":[{"href":"https:\/\/lospoliticosveracruz.com\/index.php?rest_route=\/wp\/v2\/types\/post"}],"author":[{"embeddable":true,"href":"https:\/\/lospoliticosveracruz.com\/index.php?rest_route=\/wp\/v2\/users\/2"}],"replies":[{"embeddable":true,"href":"https:\/\/lospoliticosveracruz.com\/index.php?rest_route=%2Fwp%2Fv2%2Fcomments&post=38691"}],"version-history":[{"count":1,"href":"https:\/\/lospoliticosveracruz.com\/index.php?rest_route=\/wp\/v2\/posts\/38691\/revisions"}],"predecessor-version":[{"id":38692,"href":"https:\/\/lospoliticosveracruz.com\/index.php?rest_route=\/wp\/v2\/posts\/38691\/revisions\/38692"}],"wp:attachment":[{"href":"https:\/\/lospoliticosveracruz.com\/index.php?rest_route=%2Fwp%2Fv2%2Fmedia&parent=38691"}],"wp:term":[{"taxonomy":"category","embeddable":true,"href":"https:\/\/lospoliticosveracruz.com\/index.php?rest_route=%2Fwp%2Fv2%2Fcategories&post=38691"},{"taxonomy":"post_tag","embeddable":true,"href":"https:\/\/lospoliticosveracruz.com\/index.php?rest_route=%2Fwp%2Fv2%2Ftags&post=38691"}],"curies":[{"name":"wp","href":"https:\/\/api.w.org\/{rel}","templated":true}]}}