{"id":38705,"date":"2017-12-26T22:43:29","date_gmt":"2017-12-27T04:43:29","guid":{"rendered":"http:\/\/www.lospoliticosveracruz.com.mx\/?p=38705"},"modified":"2017-12-26T22:51:58","modified_gmt":"2017-12-27T04:51:58","slug":"la-sindica-y-su-esposo","status":"publish","type":"post","link":"https:\/\/lospoliticosveracruz.com\/?p=38705","title":{"rendered":"La \u201cs\u00edndica\u201d y su esposo"},"content":{"rendered":"<p dir=\"ltr\"><strong>Salvador Mu\u00f1oz<\/strong><\/p>\n<p dir=\"ltr\"><em>Los Pol\u00edticos\u00a0<\/em><\/p>\n<p>&nbsp;<\/p>\n<p>&nbsp;<\/p>\n<p dir=\"ltr\">El pasado 21 de este mes que fenece, el Pleno de la LXIV Legislatura de Veracruz aprob\u00f3 los Acuerdos de la Junta de Coordinaci\u00f3n Pol\u00edtica (Jucopo) por los que se nombra a los integrantes de los Concejos Municipales de Camar\u00f3n de Tejeda, Emiliano Zapata y Sayula de Alem\u00e1n, para que funjan en el periodo comprendido del 1 de Enero al 1 de Julio de 2018, lapso en que se llevar\u00e1n a cabo las elecciones extraordinarias.<\/p>\n<p dir=\"ltr\">Entre los personajes que han de fungir en estos concejos municipales, me llama la atenci\u00f3n el caso de la maestra Natalia Guadalupe Callejas Mart\u00ednez, pero no tanto por su gusto de servir al municipio de Emiliano Zapata, plasmado en un mensaje en su facebook, que me permito publicar:<\/p>\n<p dir=\"ltr\">\u201cCon mucho gusto y entusiasmo les comparto que he recibido la constancia en donde me acredita el congreso del estado de Veracruz en formar parte del consejo (sic) municipal de Emiliano Zapata como Sindica \u00fanica (sic) de ese ayuntamiento. Muchas felicidades a todos los que integran el cabildo segura estoy haremos un extraordinario papel, pero sobre todo trabajar por un mejor municipio en beneficio de todos los ciudadanos de Emiliano Zapata.\u201d<\/p>\n<p dir=\"ltr\">Hago una pausa por los Sic que puse y estoy seguro que deben ser errores que el auto-corrector del teclado de su cel o computadora le \u201cdescorrigi\u00f3\u201d&#8230; vamos, creo fervientemente que la maestra Natalia debi\u00f3 poner con C, ese Concejo\u2026<\/p>\n<p dir=\"ltr\">El otro Sic no lo puse tanto porque se le haya pasado el acento a \u201cS\u00edndica\u201d, sino porque tengo entendido que en este caso, los Concejos Municipales, tanto de Emiliano Zapata, Sayula de Alem\u00e1n o Camar\u00f3n de Tejeda, tienen un presidente del Consejo y vocales, y si bien, har\u00e1n funciones de ediles, su nombramiento es el de vocal y si se les quiere llamar de un modo, pues que sea \u201cConcejales\u201d\u2026 bueno, pero igual se le perdona, debi\u00f3 ser la emoci\u00f3n y m\u00e1s cuando ella pretendi\u00f3 en su momento ser candidata a diputada\u2026<\/p>\n<p dir=\"ltr\">\u00bfRecuerda ese episodio de quien en su momento fungiera como Coordinadora general de Prevenci\u00f3n de Adicciones y Conductas Antisociales de la Secretar\u00eda de Educaci\u00f3n de Veracruz?<\/p>\n<p dir=\"ltr\">As\u00ed, sin m\u00e1s ni m\u00e1s, un d\u00eda, la maestra Natalia Callejas bot\u00f3 la chamba y no s\u00f3lo eso, sino que de inmediato, la relacionaron como posible candidata del PAN y total apoyo a la alianza en ese momento \u201cPara rescatar a Veracruz\u201d.<\/p>\n<p dir=\"ltr\">Seguimos haciendo memoria: \u00bfrecuerda cu\u00e1l fue la reacci\u00f3n del Gobernador Javier Duarte de Ochoa? \u00a1Exacto! \u00a1La nombr\u00f3 titular de Espacios Educativos de ipso facto!<\/p>\n<p dir=\"ltr\">Bueno, pero la maestra Callejas no s\u00f3lo es peculiar o recordada por esas an\u00e9cdotas\u2026 tambi\u00e9n por ese \u201cv\u00ednculo\u201d que la emparenta con el extinto Maestro Juan Nicol\u00e1s Callejas Arroyo. Dicen que es su sobrina, aunque en realidad el Profe nunca lo acept\u00f3 pero tampoco lo neg\u00f3.<\/p>\n<p dir=\"ltr\">Pero no s\u00f3lo eso\u2026 la Maestra Natalia Guadalupe est\u00e1 casada con Jorge Miguel Rodr\u00edguez Ram\u00edrez, que para datos m\u00e1s r\u00e1pidos y precisos de relaci\u00f3n, es hijo de Concepci\u00f3n Ram\u00edrez Muro, quien hace varios ayeres fuera pareja sentimental de Reynaldo Escobar P\u00e9rez, hasta que el amor acab\u00f3 en un pleito legal por una propiedad.<\/p>\n<p dir=\"ltr\">Ya ubicado Jorge Miguel Rodr\u00edguez como hijo de Cony Ram\u00edrez, hay que darle cr\u00e9dito al joven, quien fue asesor jur\u00eddico del secretario de Gobierno de Veracruz en 2007\u2026 \u00bfQui\u00e9n era el 2 en ese tiempo? No quiero pensar que en esa fecha haya sido Reynaldo porque parecer\u00eda que si as\u00ed fue, entonces habr\u00eda incurrido en una especie de \u201cnepotismo\u201d&#8230; \u00bfo no?; pero se trata de darle, no quitarle m\u00e9rito al joven Jorge Miguel, quien en 2010 obtuvo la patente de Notario P\u00fablico n\u00famero 6\u2026 de P\u00e1nuco. \u00a1Ha de ser harto dif\u00edcil atender la Notar\u00eda tan lejos de la familia! \u00bfEh? Ah, mire, me dicen que ya no sufre tanto, porque vemos que es el actual director general jur\u00eddico de la secretar\u00eda de Seguridad P\u00fablica, por lo que P\u00e1nuco y la Notar\u00eda pueden esperar, pero la familia no\u2026 total, ya est\u00e1n \u201ccerquitas\u201d&#8230;<\/p>\n<p dir=\"ltr\">Y algo ha de tener el esposo de la maestra Callejas Mart\u00ednez para que hoy est\u00e9 en el Gobierno del Cambio, y no creemos que sea por esa buena relaci\u00f3n que guarda con Fernando Yunes\u2026 se trata, insisto, de darles su m\u00e9rito, tanto a la nueva \u201cS\u00edndica\u201d del Concejo Municipal de Emiliano Zapata como al director jur\u00eddico de T\u00e9llez Mari\u00e9\u2026 \u00a1Felicidades!<\/p>\n<p>&nbsp;<\/p>\n<p dir=\"ltr\"><a href=\"mailto:smcainito@gmail.com\" target=\"_blank\" rel=\"noopener noreferrer\">smcainito@gmail.com<\/a><\/p>\n<p>&nbsp;<\/p>\n","protected":false},"excerpt":{"rendered":"<p>Salvador Mu\u00f1oz Los Pol\u00edticos\u00a0 &nbsp; &nbsp; El pasado 21 de este mes que fenece, el Pleno de la LXIV Legislatura de Veracruz aprob\u00f3 los Acuerdos de la Junta de Coordinaci\u00f3n Pol\u00edtica (Jucopo) por los que se nombra a los integrantes de los Concejos Municipales de Camar\u00f3n de Tejeda, Emiliano Zapata y Sayula de Alem\u00e1n, para [&hellip;]<\/p>\n","protected":false},"author":2,"featured_media":0,"comment_status":"open","ping_status":"open","sticky":false,"template":"","format":"standard","meta":{"tdm_status":"","tdm_grid_status":"","footnotes":""},"categories":[70],"tags":[260,10513,377,10512],"class_list":{"0":"post-38705","1":"post","2":"type-post","3":"status-publish","4":"format-standard","6":"category-de-opinion","7":"tag-javier-duarte-de-ochoa","8":"tag-jorge-miguel-rodriguez-ramirez","9":"tag-juan-nicolas-callejas-arroyo","10":"tag-natalia-guadalupe-callejas-martinez"},"yoast_head":"<!-- This site is optimized with the Yoast SEO plugin v27.4 - https:\/\/yoast.com\/product\/yoast-seo-wordpress\/ -->\n<title>La \u201cs\u00edndica\u201d y su esposo - Los pol\u00edticos Veracruz<\/title>\n<meta name=\"robots\" content=\"index, follow, max-snippet:-1, max-image-preview:large, max-video-preview:-1\" \/>\n<link rel=\"canonical\" href=\"https:\/\/lospoliticosveracruz.com\/?p=38705\" \/>\n<meta property=\"og:locale\" content=\"es_ES\" \/>\n<meta property=\"og:type\" content=\"article\" \/>\n<meta property=\"og:title\" content=\"La \u201cs\u00edndica\u201d y su esposo - Los pol\u00edticos Veracruz\" \/>\n<meta property=\"og:description\" content=\"Salvador Mu\u00f1oz Los Pol\u00edticos\u00a0 &nbsp; &nbsp; El pasado 21 de este mes que fenece, el Pleno de la LXIV Legislatura de Veracruz aprob\u00f3 los Acuerdos de la Junta de Coordinaci\u00f3n Pol\u00edtica (Jucopo) por los que se nombra a los integrantes de los Concejos Municipales de Camar\u00f3n de Tejeda, Emiliano Zapata y Sayula de Alem\u00e1n, para [&hellip;]\" \/>\n<meta property=\"og:url\" content=\"https:\/\/lospoliticosveracruz.com\/?p=38705\" \/>\n<meta property=\"og:site_name\" content=\"Los pol\u00edticos Veracruz\" \/>\n<meta property=\"article:publisher\" content=\"https:\/\/www.facebook.com\/people\/Notimemes-de-los-Polticos\/61565672886568\/\" \/>\n<meta property=\"article:published_time\" content=\"2017-12-27T04:43:29+00:00\" \/>\n<meta property=\"article:modified_time\" content=\"2017-12-27T04:51:58+00:00\" \/>\n<meta property=\"og:image\" content=\"https:\/\/lospoliticosveracruz.com\/wp-content\/uploads\/2016\/07\/Logo-Dor.jpg\" \/>\n\t<meta property=\"og:image:width\" content=\"200\" \/>\n\t<meta property=\"og:image:height\" content=\"200\" \/>\n\t<meta property=\"og:image:type\" content=\"image\/jpeg\" \/>\n<meta name=\"author\" content=\"Lo viste en Los Pol\u00edticos\" \/>\n<meta name=\"twitter:card\" content=\"summary_large_image\" \/>\n<meta name=\"twitter:creator\" content=\"@LosPoliticosVer\" \/>\n<meta name=\"twitter:site\" content=\"@LosPoliticosVer\" \/>\n<meta name=\"twitter:label1\" content=\"Escrito por\" \/>\n\t<meta name=\"twitter:data1\" content=\"Lo viste en Los Pol\u00edticos\" \/>\n\t<meta name=\"twitter:label2\" content=\"Tiempo de lectura\" \/>\n\t<meta name=\"twitter:data2\" content=\"4 minutos\" \/>\n<script type=\"application\/ld+json\" class=\"yoast-schema-graph\">{\"@context\":\"https:\\\/\\\/schema.org\",\"@graph\":[{\"@type\":\"Article\",\"@id\":\"https:\\\/\\\/lospoliticosveracruz.com\\\/?p=38705#article\",\"isPartOf\":{\"@id\":\"https:\\\/\\\/lospoliticosveracruz.com\\\/?p=38705\"},\"author\":{\"name\":\"Lo viste en Los Pol\u00edticos\",\"@id\":\"https:\\\/\\\/lospoliticosveracruz.com\\\/#\\\/schema\\\/person\\\/b8702bb0e538456e6efd07080bf2a4a2\"},\"headline\":\"La \u201cs\u00edndica\u201d y su esposo\",\"datePublished\":\"2017-12-27T04:43:29+00:00\",\"dateModified\":\"2017-12-27T04:51:58+00:00\",\"mainEntityOfPage\":{\"@id\":\"https:\\\/\\\/lospoliticosveracruz.com\\\/?p=38705\"},\"wordCount\":792,\"commentCount\":0,\"publisher\":{\"@id\":\"https:\\\/\\\/lospoliticosveracruz.com\\\/#organization\"},\"keywords\":[\"Javier Duarte de Ochoa\",\"Jorge Miguel Rodr\u00edguez Ram\u00edrez\",\"Juan Nicol\u00e1s Callejas Arroyo\",\"Natalia Guadalupe Callejas Mart\u00ednez\"],\"articleSection\":[\"De Opini\u00f3n\"],\"inLanguage\":\"es\",\"potentialAction\":[{\"@type\":\"CommentAction\",\"name\":\"Comment\",\"target\":[\"https:\\\/\\\/lospoliticosveracruz.com\\\/?p=38705#respond\"]}]},{\"@type\":\"WebPage\",\"@id\":\"https:\\\/\\\/lospoliticosveracruz.com\\\/?p=38705\",\"url\":\"https:\\\/\\\/lospoliticosveracruz.com\\\/?p=38705\",\"name\":\"La \u201cs\u00edndica\u201d y su esposo - Los pol\u00edticos Veracruz\",\"isPartOf\":{\"@id\":\"https:\\\/\\\/lospoliticosveracruz.com\\\/#website\"},\"datePublished\":\"2017-12-27T04:43:29+00:00\",\"dateModified\":\"2017-12-27T04:51:58+00:00\",\"breadcrumb\":{\"@id\":\"https:\\\/\\\/lospoliticosveracruz.com\\\/?p=38705#breadcrumb\"},\"inLanguage\":\"es\",\"potentialAction\":[{\"@type\":\"ReadAction\",\"target\":[\"https:\\\/\\\/lospoliticosveracruz.com\\\/?p=38705\"]}]},{\"@type\":\"BreadcrumbList\",\"@id\":\"https:\\\/\\\/lospoliticosveracruz.com\\\/?p=38705#breadcrumb\",\"itemListElement\":[{\"@type\":\"ListItem\",\"position\":1,\"name\":\"Portada\",\"item\":\"https:\\\/\\\/lospoliticosveracruz.com\\\/\"},{\"@type\":\"ListItem\",\"position\":2,\"name\":\"La \u201cs\u00edndica\u201d y su esposo\"}]},{\"@type\":\"WebSite\",\"@id\":\"https:\\\/\\\/lospoliticosveracruz.com\\\/#website\",\"url\":\"https:\\\/\\\/lospoliticosveracruz.com\\\/\",\"name\":\"Los pol\u00edticos Veracruz\",\"description\":\"\",\"publisher\":{\"@id\":\"https:\\\/\\\/lospoliticosveracruz.com\\\/#organization\"},\"potentialAction\":[{\"@type\":\"SearchAction\",\"target\":{\"@type\":\"EntryPoint\",\"urlTemplate\":\"https:\\\/\\\/lospoliticosveracruz.com\\\/?s={search_term_string}\"},\"query-input\":{\"@type\":\"PropertyValueSpecification\",\"valueRequired\":true,\"valueName\":\"search_term_string\"}}],\"inLanguage\":\"es\"},{\"@type\":\"Organization\",\"@id\":\"https:\\\/\\\/lospoliticosveracruz.com\\\/#organization\",\"name\":\"Los pol\u00edticos Veracruz\",\"url\":\"https:\\\/\\\/lospoliticosveracruz.com\\\/\",\"logo\":{\"@type\":\"ImageObject\",\"inLanguage\":\"es\",\"@id\":\"https:\\\/\\\/lospoliticosveracruz.com\\\/#\\\/schema\\\/logo\\\/image\\\/\",\"url\":\"https:\\\/\\\/lospoliticosveracruz.com\\\/wp-content\\\/uploads\\\/2025\\\/12\\\/Logo-Nuevo-LOS-POLITICOS-1.jpg\",\"contentUrl\":\"https:\\\/\\\/lospoliticosveracruz.com\\\/wp-content\\\/uploads\\\/2025\\\/12\\\/Logo-Nuevo-LOS-POLITICOS-1.jpg\",\"width\":260,\"height\":70,\"caption\":\"Los pol\u00edticos Veracruz\"},\"image\":{\"@id\":\"https:\\\/\\\/lospoliticosveracruz.com\\\/#\\\/schema\\\/logo\\\/image\\\/\"},\"sameAs\":[\"https:\\\/\\\/www.facebook.com\\\/people\\\/Notimemes-de-los-Polticos\\\/61565672886568\\\/\",\"https:\\\/\\\/x.com\\\/LosPoliticosVer\"]},{\"@type\":\"Person\",\"@id\":\"https:\\\/\\\/lospoliticosveracruz.com\\\/#\\\/schema\\\/person\\\/b8702bb0e538456e6efd07080bf2a4a2\",\"name\":\"Lo viste en Los Pol\u00edticos\",\"image\":{\"@type\":\"ImageObject\",\"inLanguage\":\"es\",\"@id\":\"https:\\\/\\\/secure.gravatar.com\\\/avatar\\\/3a8de04a2656d44082be478bd6c086daa447c4651605818287b9532d3d0bd435?s=96&d=mm&r=g\",\"url\":\"https:\\\/\\\/secure.gravatar.com\\\/avatar\\\/3a8de04a2656d44082be478bd6c086daa447c4651605818287b9532d3d0bd435?s=96&d=mm&r=g\",\"contentUrl\":\"https:\\\/\\\/secure.gravatar.com\\\/avatar\\\/3a8de04a2656d44082be478bd6c086daa447c4651605818287b9532d3d0bd435?s=96&d=mm&r=g\",\"caption\":\"Lo viste en Los Pol\u00edticos\"},\"url\":\"https:\\\/\\\/lospoliticosveracruz.com\\\/?author=2\"}]}<\/script>\n<!-- \/ Yoast SEO plugin. -->","yoast_head_json":{"title":"La \u201cs\u00edndica\u201d y su esposo - Los pol\u00edticos Veracruz","robots":{"index":"index","follow":"follow","max-snippet":"max-snippet:-1","max-image-preview":"max-image-preview:large","max-video-preview":"max-video-preview:-1"},"canonical":"https:\/\/lospoliticosveracruz.com\/?p=38705","og_locale":"es_ES","og_type":"article","og_title":"La \u201cs\u00edndica\u201d y su esposo - Los pol\u00edticos Veracruz","og_description":"Salvador Mu\u00f1oz Los Pol\u00edticos\u00a0 &nbsp; &nbsp; El pasado 21 de este mes que fenece, el Pleno de la LXIV Legislatura de Veracruz aprob\u00f3 los Acuerdos de la Junta de Coordinaci\u00f3n Pol\u00edtica (Jucopo) por los que se nombra a los integrantes de los Concejos Municipales de Camar\u00f3n de Tejeda, Emiliano Zapata y Sayula de Alem\u00e1n, para [&hellip;]","og_url":"https:\/\/lospoliticosveracruz.com\/?p=38705","og_site_name":"Los pol\u00edticos Veracruz","article_publisher":"https:\/\/www.facebook.com\/people\/Notimemes-de-los-Polticos\/61565672886568\/","article_published_time":"2017-12-27T04:43:29+00:00","article_modified_time":"2017-12-27T04:51:58+00:00","og_image":[{"width":200,"height":200,"url":"https:\/\/lospoliticosveracruz.com\/wp-content\/uploads\/2016\/07\/Logo-Dor.jpg","type":"image\/jpeg"}],"author":"Lo viste en Los Pol\u00edticos","twitter_card":"summary_large_image","twitter_creator":"@LosPoliticosVer","twitter_site":"@LosPoliticosVer","twitter_misc":{"Escrito por":"Lo viste en Los Pol\u00edticos","Tiempo de lectura":"4 minutos"},"schema":{"@context":"https:\/\/schema.org","@graph":[{"@type":"Article","@id":"https:\/\/lospoliticosveracruz.com\/?p=38705#article","isPartOf":{"@id":"https:\/\/lospoliticosveracruz.com\/?p=38705"},"author":{"name":"Lo viste en Los Pol\u00edticos","@id":"https:\/\/lospoliticosveracruz.com\/#\/schema\/person\/b8702bb0e538456e6efd07080bf2a4a2"},"headline":"La \u201cs\u00edndica\u201d y su esposo","datePublished":"2017-12-27T04:43:29+00:00","dateModified":"2017-12-27T04:51:58+00:00","mainEntityOfPage":{"@id":"https:\/\/lospoliticosveracruz.com\/?p=38705"},"wordCount":792,"commentCount":0,"publisher":{"@id":"https:\/\/lospoliticosveracruz.com\/#organization"},"keywords":["Javier Duarte de Ochoa","Jorge Miguel Rodr\u00edguez Ram\u00edrez","Juan Nicol\u00e1s Callejas Arroyo","Natalia Guadalupe Callejas Mart\u00ednez"],"articleSection":["De Opini\u00f3n"],"inLanguage":"es","potentialAction":[{"@type":"CommentAction","name":"Comment","target":["https:\/\/lospoliticosveracruz.com\/?p=38705#respond"]}]},{"@type":"WebPage","@id":"https:\/\/lospoliticosveracruz.com\/?p=38705","url":"https:\/\/lospoliticosveracruz.com\/?p=38705","name":"La \u201cs\u00edndica\u201d y su esposo - Los pol\u00edticos Veracruz","isPartOf":{"@id":"https:\/\/lospoliticosveracruz.com\/#website"},"datePublished":"2017-12-27T04:43:29+00:00","dateModified":"2017-12-27T04:51:58+00:00","breadcrumb":{"@id":"https:\/\/lospoliticosveracruz.com\/?p=38705#breadcrumb"},"inLanguage":"es","potentialAction":[{"@type":"ReadAction","target":["https:\/\/lospoliticosveracruz.com\/?p=38705"]}]},{"@type":"BreadcrumbList","@id":"https:\/\/lospoliticosveracruz.com\/?p=38705#breadcrumb","itemListElement":[{"@type":"ListItem","position":1,"name":"Portada","item":"https:\/\/lospoliticosveracruz.com\/"},{"@type":"ListItem","position":2,"name":"La \u201cs\u00edndica\u201d y su esposo"}]},{"@type":"WebSite","@id":"https:\/\/lospoliticosveracruz.com\/#website","url":"https:\/\/lospoliticosveracruz.com\/","name":"Los pol\u00edticos Veracruz","description":"","publisher":{"@id":"https:\/\/lospoliticosveracruz.com\/#organization"},"potentialAction":[{"@type":"SearchAction","target":{"@type":"EntryPoint","urlTemplate":"https:\/\/lospoliticosveracruz.com\/?s={search_term_string}"},"query-input":{"@type":"PropertyValueSpecification","valueRequired":true,"valueName":"search_term_string"}}],"inLanguage":"es"},{"@type":"Organization","@id":"https:\/\/lospoliticosveracruz.com\/#organization","name":"Los pol\u00edticos Veracruz","url":"https:\/\/lospoliticosveracruz.com\/","logo":{"@type":"ImageObject","inLanguage":"es","@id":"https:\/\/lospoliticosveracruz.com\/#\/schema\/logo\/image\/","url":"https:\/\/lospoliticosveracruz.com\/wp-content\/uploads\/2025\/12\/Logo-Nuevo-LOS-POLITICOS-1.jpg","contentUrl":"https:\/\/lospoliticosveracruz.com\/wp-content\/uploads\/2025\/12\/Logo-Nuevo-LOS-POLITICOS-1.jpg","width":260,"height":70,"caption":"Los pol\u00edticos Veracruz"},"image":{"@id":"https:\/\/lospoliticosveracruz.com\/#\/schema\/logo\/image\/"},"sameAs":["https:\/\/www.facebook.com\/people\/Notimemes-de-los-Polticos\/61565672886568\/","https:\/\/x.com\/LosPoliticosVer"]},{"@type":"Person","@id":"https:\/\/lospoliticosveracruz.com\/#\/schema\/person\/b8702bb0e538456e6efd07080bf2a4a2","name":"Lo viste en Los Pol\u00edticos","image":{"@type":"ImageObject","inLanguage":"es","@id":"https:\/\/secure.gravatar.com\/avatar\/3a8de04a2656d44082be478bd6c086daa447c4651605818287b9532d3d0bd435?s=96&d=mm&r=g","url":"https:\/\/secure.gravatar.com\/avatar\/3a8de04a2656d44082be478bd6c086daa447c4651605818287b9532d3d0bd435?s=96&d=mm&r=g","contentUrl":"https:\/\/secure.gravatar.com\/avatar\/3a8de04a2656d44082be478bd6c086daa447c4651605818287b9532d3d0bd435?s=96&d=mm&r=g","caption":"Lo viste en Los Pol\u00edticos"},"url":"https:\/\/lospoliticosveracruz.com\/?author=2"}]}},"_links":{"self":[{"href":"https:\/\/lospoliticosveracruz.com\/index.php?rest_route=\/wp\/v2\/posts\/38705","targetHints":{"allow":["GET"]}}],"collection":[{"href":"https:\/\/lospoliticosveracruz.com\/index.php?rest_route=\/wp\/v2\/posts"}],"about":[{"href":"https:\/\/lospoliticosveracruz.com\/index.php?rest_route=\/wp\/v2\/types\/post"}],"author":[{"embeddable":true,"href":"https:\/\/lospoliticosveracruz.com\/index.php?rest_route=\/wp\/v2\/users\/2"}],"replies":[{"embeddable":true,"href":"https:\/\/lospoliticosveracruz.com\/index.php?rest_route=%2Fwp%2Fv2%2Fcomments&post=38705"}],"version-history":[{"count":3,"href":"https:\/\/lospoliticosveracruz.com\/index.php?rest_route=\/wp\/v2\/posts\/38705\/revisions"}],"predecessor-version":[{"id":38708,"href":"https:\/\/lospoliticosveracruz.com\/index.php?rest_route=\/wp\/v2\/posts\/38705\/revisions\/38708"}],"wp:attachment":[{"href":"https:\/\/lospoliticosveracruz.com\/index.php?rest_route=%2Fwp%2Fv2%2Fmedia&parent=38705"}],"wp:term":[{"taxonomy":"category","embeddable":true,"href":"https:\/\/lospoliticosveracruz.com\/index.php?rest_route=%2Fwp%2Fv2%2Fcategories&post=38705"},{"taxonomy":"post_tag","embeddable":true,"href":"https:\/\/lospoliticosveracruz.com\/index.php?rest_route=%2Fwp%2Fv2%2Ftags&post=38705"}],"curies":[{"name":"wp","href":"https:\/\/api.w.org\/{rel}","templated":true}]}}