{"id":38712,"date":"2017-12-27T09:20:19","date_gmt":"2017-12-27T15:20:19","guid":{"rendered":"http:\/\/www.lospoliticosveracruz.com.mx\/?p=38712"},"modified":"2017-12-27T09:20:19","modified_gmt":"2017-12-27T15:20:19","slug":"la-definicion-de-escenarios-rumbo-a-2018","status":"publish","type":"post","link":"https:\/\/lospoliticosveracruz.com\/?p=38712","title":{"rendered":"La definici\u00f3n de escenarios rumbo a 2018"},"content":{"rendered":"<p><strong>Luis Alberto Romero<\/strong><u><\/u><u><\/u><\/p>\n<p class=\"x_m_-5118093996585266127MsoNoSpacing\"><em>Hora Cero<\/em><\/p>\n<p class=\"x_m_-5118093996585266127MsoNoSpacing\"><u><\/u>\u00a0<u><\/u><\/p>\n<p class=\"x_m_-5118093996585266127MsoNoSpacing\">Definido el panorama pol\u00edtico electoral de cara a la elecci\u00f3n de 2018, cuando en Veracruz no s\u00f3lo se votar\u00e1 por presidente de la Rep\u00fablica, senadores y diputados federales, como en el resto del pa\u00eds, sino que tambi\u00e9n se renovar\u00e1 gubernatura y Congreso del Estado, los pron\u00f3sticos no son muy alentadores para el Partido Revolucionario Institucional, a pesar de que a la contienda env\u00eda a quien es considerado por muchos como el mejor cuadro del tricolor, Jos\u00e9 Francisco Yunes Zorrilla.<u><\/u><u><\/u><\/p>\n<p class=\"x_m_-5118093996585266127MsoNoSpacing\">En la boleta electoral del domingo primero de julio tendremos en Veracruz, por segunda ocasi\u00f3n consecutiva, a dos Yunes: uno, Miguel \u00c1ngel Yunes M\u00e1rquez, todav\u00eda presidente municipal de Boca del R\u00edo, se registr\u00f3 ya como precandidato a gobernador por el Partido Acci\u00f3n Nacional, que va en alianza con los partidos de la Revoluci\u00f3n Democr\u00e1tica y Movimiento Ciudadano; el otro, ex alcalde de Perote, ex diputado local y federal y actual senador por Veracruz, ya est\u00e1 confirmado.<u><\/u><u><\/u><\/p>\n<p class=\"x_m_-5118093996585266127MsoNoSpacing\">H\u00e9ctor Yunes Landa, el otro precandidato del PRI a la gubernatura de Veracruz, tambi\u00e9n senador, se quedar\u00eda en el camino en esa carrera interna priista; de hecho, a trav\u00e9s de sus redes sociales, el de Soledad de Doblado confirm\u00f3 dicha postulaci\u00f3n: \u201c@Pepe_Yunes ser\u00e1 un buen candidato y un mejor Gobernador, como Veracruz lo necesita. Vamos juntos por Veracruz y por M\u00e9xico. Nuestro proyecto sigue!\u201d, de tal manera que descarta un escenario de confrontaci\u00f3n; al contrario, Yunes Landa se sumar\u00e1 a la campa\u00f1a del candidato Yunes Zorrilla.<u><\/u><u><\/u><\/p>\n<p class=\"x_m_-5118093996585266127MsoNoSpacing\">El tuit citado fue eliminado de la cuenta de H\u00e9ctor Yunes; sin embargo, fuentes cercanas al ex candidato priista a la gubernatura confirmaron su autenticidad, con lo que se despeja toda duda: Yunes Landa declina en su aspiraci\u00f3n por repetir como abanderado, con lo que el camino queda despejado para el perote\u00f1o.<u><\/u><u><\/u><\/p>\n<p class=\"x_m_-5118093996585266127MsoNoSpacing\">Ni en el PAN ni en el PRI cab\u00eda la posibilidad de una sorpresa en la designaci\u00f3n del candidato a gobernador.\u00a0\u00a0Finalmente,\u00a0los dos Yunes, M\u00e1rquez y Zorrilla, ser\u00e1n candidatos y se enfrentar\u00e1n al diputado federal por el distrito de Xalapa, Cuitl\u00e1huac Garc\u00eda Jim\u00e9nez, quien por muchos es considerado como el candidato a vencer, b\u00e1sicamente por dos factores: apenas hace un a\u00f1o contendi\u00f3 por el mismo cargo, realizando un papel decoroso, de tal manera que su nombre ya est\u00e1 posicionado; por otro lado, m\u00e1s importante a\u00fan, la marca y la figura de Morena y de Andr\u00e9s Manuel L\u00f3pez Obrador impulsar\u00e1n la campa\u00f1a de Cuitl\u00e1huac en Veracruz.<u><\/u><u><\/u><\/p>\n<p class=\"x_m_-5118093996585266127MsoNoSpacing\">Analistas del entorno pol\u00edtico veracruzano coinciden en charlas de caf\u00e9 en que el de Morena ser\u00eda el candidato a vencer, aunque reconocen que la estructura de Acci\u00f3n Nacional y la operaci\u00f3n pol\u00edtica desde Palacio de Gobierno jugar\u00e1n un papel determinante para consolidar las aspiraciones del alcalde de Boca del R\u00edo.<u><\/u><u><\/u><\/p>\n<p class=\"x_m_-5118093996585266127MsoNoSpacing\">En dicho escenario, han circulado versiones en el sentido de que el virtual candidato del PRI al gobierno de la entidad, Pepe Yunes, arrancar\u00eda tercero en esa contienda electoral; aunque tampoco se descarta una remontada, ello depender\u00eda del rumbo de la elecci\u00f3n presidencial y de la suma de los grupos priistas veracruzanos en torno a la figura del senador.<u><\/u><u><\/u><\/p>\n<p class=\"x_m_-5118093996585266127MsoNoSpacing\">Por lo pronto, con la declinaci\u00f3n de H\u00e9ctor Yunes, el escenario con relaci\u00f3n a la sucesi\u00f3n veracruzana queda perfectamente aclararado, con los \u00fanicos tres candidatos que aparecer\u00e1n en la boleta.<u><\/u><u><\/u><\/p>\n<p class=\"x_m_-5118093996585266127MsoNoSpacing\">En Veracruz no habr\u00e1 candidaturas independientes, como ocurri\u00f3 en 2016; lo que s\u00ed habr\u00e1 es una contienda muy cerrada, de pron\u00f3stico reservado, por suceder a Miguel \u00c1ngel Yunes Linares.<\/p>\n<p class=\"x_m_-5118093996585266127MsoNoSpacing\">@luisromero85<\/p>\n","protected":false},"excerpt":{"rendered":"<p>Luis Alberto Romero Hora Cero \u00a0 Definido el panorama pol\u00edtico electoral de cara a la elecci\u00f3n de 2018, cuando en Veracruz no s\u00f3lo se votar\u00e1 por presidente de la Rep\u00fablica, senadores y diputados federales, como en el resto del pa\u00eds, sino que tambi\u00e9n se renovar\u00e1 gubernatura y Congreso del Estado, los pron\u00f3sticos no son muy [&hellip;]<\/p>\n","protected":false},"author":2,"featured_media":0,"comment_status":"open","ping_status":"open","sticky":false,"template":"","format":"standard","meta":{"tdm_status":"","tdm_grid_status":"","footnotes":""},"categories":[70],"tags":[1563,2863,119,1846,536,251],"class_list":{"0":"post-38712","1":"post","2":"type-post","3":"status-publish","4":"format-standard","6":"category-de-opinion","7":"tag-cuitlahuac-garcia-jimenez","8":"tag-elecciones-2018","9":"tag-hector-yunes","10":"tag-jose-francisco-yunes-zorrilla","11":"tag-miguel-angel-yunes-marquez","12":"tag-pri"},"yoast_head":"<!-- This site is optimized with the Yoast SEO plugin v27.4 - https:\/\/yoast.com\/product\/yoast-seo-wordpress\/ -->\n<title>La definici\u00f3n de escenarios rumbo a 2018 - Los pol\u00edticos Veracruz<\/title>\n<meta name=\"robots\" content=\"index, follow, max-snippet:-1, max-image-preview:large, max-video-preview:-1\" \/>\n<link rel=\"canonical\" href=\"https:\/\/lospoliticosveracruz.com\/?p=38712\" \/>\n<meta property=\"og:locale\" content=\"es_ES\" \/>\n<meta property=\"og:type\" content=\"article\" \/>\n<meta property=\"og:title\" content=\"La definici\u00f3n de escenarios rumbo a 2018 - Los pol\u00edticos Veracruz\" \/>\n<meta property=\"og:description\" content=\"Luis Alberto Romero Hora Cero \u00a0 Definido el panorama pol\u00edtico electoral de cara a la elecci\u00f3n de 2018, cuando en Veracruz no s\u00f3lo se votar\u00e1 por presidente de la Rep\u00fablica, senadores y diputados federales, como en el resto del pa\u00eds, sino que tambi\u00e9n se renovar\u00e1 gubernatura y Congreso del Estado, los pron\u00f3sticos no son muy [&hellip;]\" \/>\n<meta property=\"og:url\" content=\"https:\/\/lospoliticosveracruz.com\/?p=38712\" \/>\n<meta property=\"og:site_name\" content=\"Los pol\u00edticos Veracruz\" \/>\n<meta property=\"article:publisher\" content=\"https:\/\/www.facebook.com\/people\/Notimemes-de-los-Polticos\/61565672886568\/\" \/>\n<meta property=\"article:published_time\" content=\"2017-12-27T15:20:19+00:00\" \/>\n<meta property=\"og:image\" content=\"https:\/\/lospoliticosveracruz.com\/wp-content\/uploads\/2016\/07\/Logo-Dor.jpg\" \/>\n\t<meta property=\"og:image:width\" content=\"200\" \/>\n\t<meta property=\"og:image:height\" content=\"200\" \/>\n\t<meta property=\"og:image:type\" content=\"image\/jpeg\" \/>\n<meta name=\"author\" content=\"Lo viste en Los Pol\u00edticos\" \/>\n<meta name=\"twitter:card\" content=\"summary_large_image\" \/>\n<meta name=\"twitter:creator\" content=\"@LosPoliticosVer\" \/>\n<meta name=\"twitter:site\" content=\"@LosPoliticosVer\" \/>\n<meta name=\"twitter:label1\" content=\"Escrito por\" \/>\n\t<meta name=\"twitter:data1\" content=\"Lo viste en Los Pol\u00edticos\" \/>\n\t<meta name=\"twitter:label2\" content=\"Tiempo de lectura\" \/>\n\t<meta name=\"twitter:data2\" content=\"3 minutos\" \/>\n<script type=\"application\/ld+json\" class=\"yoast-schema-graph\">{\"@context\":\"https:\\\/\\\/schema.org\",\"@graph\":[{\"@type\":\"Article\",\"@id\":\"https:\\\/\\\/lospoliticosveracruz.com\\\/?p=38712#article\",\"isPartOf\":{\"@id\":\"https:\\\/\\\/lospoliticosveracruz.com\\\/?p=38712\"},\"author\":{\"name\":\"Lo viste en Los Pol\u00edticos\",\"@id\":\"https:\\\/\\\/lospoliticosveracruz.com\\\/#\\\/schema\\\/person\\\/b8702bb0e538456e6efd07080bf2a4a2\"},\"headline\":\"La definici\u00f3n de escenarios rumbo a 2018\",\"datePublished\":\"2017-12-27T15:20:19+00:00\",\"mainEntityOfPage\":{\"@id\":\"https:\\\/\\\/lospoliticosveracruz.com\\\/?p=38712\"},\"wordCount\":638,\"commentCount\":0,\"publisher\":{\"@id\":\"https:\\\/\\\/lospoliticosveracruz.com\\\/#organization\"},\"keywords\":[\"Cuitl\u00e1huac Garc\u00eda Jim\u00e9nez\",\"elecciones 2018\",\"H\u00e9ctor Yunes\",\"Jos\u00e9 Francisco Yunes Zorrilla\",\"Miguel \u00c1ngel Yunes M\u00e1rquez\",\"PRI\"],\"articleSection\":[\"De Opini\u00f3n\"],\"inLanguage\":\"es\",\"potentialAction\":[{\"@type\":\"CommentAction\",\"name\":\"Comment\",\"target\":[\"https:\\\/\\\/lospoliticosveracruz.com\\\/?p=38712#respond\"]}]},{\"@type\":\"WebPage\",\"@id\":\"https:\\\/\\\/lospoliticosveracruz.com\\\/?p=38712\",\"url\":\"https:\\\/\\\/lospoliticosveracruz.com\\\/?p=38712\",\"name\":\"La definici\u00f3n de escenarios rumbo a 2018 - Los pol\u00edticos Veracruz\",\"isPartOf\":{\"@id\":\"https:\\\/\\\/lospoliticosveracruz.com\\\/#website\"},\"datePublished\":\"2017-12-27T15:20:19+00:00\",\"breadcrumb\":{\"@id\":\"https:\\\/\\\/lospoliticosveracruz.com\\\/?p=38712#breadcrumb\"},\"inLanguage\":\"es\",\"potentialAction\":[{\"@type\":\"ReadAction\",\"target\":[\"https:\\\/\\\/lospoliticosveracruz.com\\\/?p=38712\"]}]},{\"@type\":\"BreadcrumbList\",\"@id\":\"https:\\\/\\\/lospoliticosveracruz.com\\\/?p=38712#breadcrumb\",\"itemListElement\":[{\"@type\":\"ListItem\",\"position\":1,\"name\":\"Portada\",\"item\":\"https:\\\/\\\/lospoliticosveracruz.com\\\/\"},{\"@type\":\"ListItem\",\"position\":2,\"name\":\"La definici\u00f3n de escenarios rumbo a 2018\"}]},{\"@type\":\"WebSite\",\"@id\":\"https:\\\/\\\/lospoliticosveracruz.com\\\/#website\",\"url\":\"https:\\\/\\\/lospoliticosveracruz.com\\\/\",\"name\":\"Los pol\u00edticos Veracruz\",\"description\":\"\",\"publisher\":{\"@id\":\"https:\\\/\\\/lospoliticosveracruz.com\\\/#organization\"},\"potentialAction\":[{\"@type\":\"SearchAction\",\"target\":{\"@type\":\"EntryPoint\",\"urlTemplate\":\"https:\\\/\\\/lospoliticosveracruz.com\\\/?s={search_term_string}\"},\"query-input\":{\"@type\":\"PropertyValueSpecification\",\"valueRequired\":true,\"valueName\":\"search_term_string\"}}],\"inLanguage\":\"es\"},{\"@type\":\"Organization\",\"@id\":\"https:\\\/\\\/lospoliticosveracruz.com\\\/#organization\",\"name\":\"Los pol\u00edticos Veracruz\",\"url\":\"https:\\\/\\\/lospoliticosveracruz.com\\\/\",\"logo\":{\"@type\":\"ImageObject\",\"inLanguage\":\"es\",\"@id\":\"https:\\\/\\\/lospoliticosveracruz.com\\\/#\\\/schema\\\/logo\\\/image\\\/\",\"url\":\"https:\\\/\\\/lospoliticosveracruz.com\\\/wp-content\\\/uploads\\\/2025\\\/12\\\/Logo-Nuevo-LOS-POLITICOS-1.jpg\",\"contentUrl\":\"https:\\\/\\\/lospoliticosveracruz.com\\\/wp-content\\\/uploads\\\/2025\\\/12\\\/Logo-Nuevo-LOS-POLITICOS-1.jpg\",\"width\":260,\"height\":70,\"caption\":\"Los pol\u00edticos Veracruz\"},\"image\":{\"@id\":\"https:\\\/\\\/lospoliticosveracruz.com\\\/#\\\/schema\\\/logo\\\/image\\\/\"},\"sameAs\":[\"https:\\\/\\\/www.facebook.com\\\/people\\\/Notimemes-de-los-Polticos\\\/61565672886568\\\/\",\"https:\\\/\\\/x.com\\\/LosPoliticosVer\"]},{\"@type\":\"Person\",\"@id\":\"https:\\\/\\\/lospoliticosveracruz.com\\\/#\\\/schema\\\/person\\\/b8702bb0e538456e6efd07080bf2a4a2\",\"name\":\"Lo viste en Los Pol\u00edticos\",\"image\":{\"@type\":\"ImageObject\",\"inLanguage\":\"es\",\"@id\":\"https:\\\/\\\/secure.gravatar.com\\\/avatar\\\/3a8de04a2656d44082be478bd6c086daa447c4651605818287b9532d3d0bd435?s=96&d=mm&r=g\",\"url\":\"https:\\\/\\\/secure.gravatar.com\\\/avatar\\\/3a8de04a2656d44082be478bd6c086daa447c4651605818287b9532d3d0bd435?s=96&d=mm&r=g\",\"contentUrl\":\"https:\\\/\\\/secure.gravatar.com\\\/avatar\\\/3a8de04a2656d44082be478bd6c086daa447c4651605818287b9532d3d0bd435?s=96&d=mm&r=g\",\"caption\":\"Lo viste en Los Pol\u00edticos\"},\"url\":\"https:\\\/\\\/lospoliticosveracruz.com\\\/?author=2\"}]}<\/script>\n<!-- \/ Yoast SEO plugin. -->","yoast_head_json":{"title":"La definici\u00f3n de escenarios rumbo a 2018 - Los pol\u00edticos Veracruz","robots":{"index":"index","follow":"follow","max-snippet":"max-snippet:-1","max-image-preview":"max-image-preview:large","max-video-preview":"max-video-preview:-1"},"canonical":"https:\/\/lospoliticosveracruz.com\/?p=38712","og_locale":"es_ES","og_type":"article","og_title":"La definici\u00f3n de escenarios rumbo a 2018 - Los pol\u00edticos Veracruz","og_description":"Luis Alberto Romero Hora Cero \u00a0 Definido el panorama pol\u00edtico electoral de cara a la elecci\u00f3n de 2018, cuando en Veracruz no s\u00f3lo se votar\u00e1 por presidente de la Rep\u00fablica, senadores y diputados federales, como en el resto del pa\u00eds, sino que tambi\u00e9n se renovar\u00e1 gubernatura y Congreso del Estado, los pron\u00f3sticos no son muy [&hellip;]","og_url":"https:\/\/lospoliticosveracruz.com\/?p=38712","og_site_name":"Los pol\u00edticos Veracruz","article_publisher":"https:\/\/www.facebook.com\/people\/Notimemes-de-los-Polticos\/61565672886568\/","article_published_time":"2017-12-27T15:20:19+00:00","og_image":[{"width":200,"height":200,"url":"https:\/\/lospoliticosveracruz.com\/wp-content\/uploads\/2016\/07\/Logo-Dor.jpg","type":"image\/jpeg"}],"author":"Lo viste en Los Pol\u00edticos","twitter_card":"summary_large_image","twitter_creator":"@LosPoliticosVer","twitter_site":"@LosPoliticosVer","twitter_misc":{"Escrito por":"Lo viste en Los Pol\u00edticos","Tiempo de lectura":"3 minutos"},"schema":{"@context":"https:\/\/schema.org","@graph":[{"@type":"Article","@id":"https:\/\/lospoliticosveracruz.com\/?p=38712#article","isPartOf":{"@id":"https:\/\/lospoliticosveracruz.com\/?p=38712"},"author":{"name":"Lo viste en Los Pol\u00edticos","@id":"https:\/\/lospoliticosveracruz.com\/#\/schema\/person\/b8702bb0e538456e6efd07080bf2a4a2"},"headline":"La definici\u00f3n de escenarios rumbo a 2018","datePublished":"2017-12-27T15:20:19+00:00","mainEntityOfPage":{"@id":"https:\/\/lospoliticosveracruz.com\/?p=38712"},"wordCount":638,"commentCount":0,"publisher":{"@id":"https:\/\/lospoliticosveracruz.com\/#organization"},"keywords":["Cuitl\u00e1huac Garc\u00eda Jim\u00e9nez","elecciones 2018","H\u00e9ctor Yunes","Jos\u00e9 Francisco Yunes Zorrilla","Miguel \u00c1ngel Yunes M\u00e1rquez","PRI"],"articleSection":["De Opini\u00f3n"],"inLanguage":"es","potentialAction":[{"@type":"CommentAction","name":"Comment","target":["https:\/\/lospoliticosveracruz.com\/?p=38712#respond"]}]},{"@type":"WebPage","@id":"https:\/\/lospoliticosveracruz.com\/?p=38712","url":"https:\/\/lospoliticosveracruz.com\/?p=38712","name":"La definici\u00f3n de escenarios rumbo a 2018 - Los pol\u00edticos Veracruz","isPartOf":{"@id":"https:\/\/lospoliticosveracruz.com\/#website"},"datePublished":"2017-12-27T15:20:19+00:00","breadcrumb":{"@id":"https:\/\/lospoliticosveracruz.com\/?p=38712#breadcrumb"},"inLanguage":"es","potentialAction":[{"@type":"ReadAction","target":["https:\/\/lospoliticosveracruz.com\/?p=38712"]}]},{"@type":"BreadcrumbList","@id":"https:\/\/lospoliticosveracruz.com\/?p=38712#breadcrumb","itemListElement":[{"@type":"ListItem","position":1,"name":"Portada","item":"https:\/\/lospoliticosveracruz.com\/"},{"@type":"ListItem","position":2,"name":"La definici\u00f3n de escenarios rumbo a 2018"}]},{"@type":"WebSite","@id":"https:\/\/lospoliticosveracruz.com\/#website","url":"https:\/\/lospoliticosveracruz.com\/","name":"Los pol\u00edticos Veracruz","description":"","publisher":{"@id":"https:\/\/lospoliticosveracruz.com\/#organization"},"potentialAction":[{"@type":"SearchAction","target":{"@type":"EntryPoint","urlTemplate":"https:\/\/lospoliticosveracruz.com\/?s={search_term_string}"},"query-input":{"@type":"PropertyValueSpecification","valueRequired":true,"valueName":"search_term_string"}}],"inLanguage":"es"},{"@type":"Organization","@id":"https:\/\/lospoliticosveracruz.com\/#organization","name":"Los pol\u00edticos Veracruz","url":"https:\/\/lospoliticosveracruz.com\/","logo":{"@type":"ImageObject","inLanguage":"es","@id":"https:\/\/lospoliticosveracruz.com\/#\/schema\/logo\/image\/","url":"https:\/\/lospoliticosveracruz.com\/wp-content\/uploads\/2025\/12\/Logo-Nuevo-LOS-POLITICOS-1.jpg","contentUrl":"https:\/\/lospoliticosveracruz.com\/wp-content\/uploads\/2025\/12\/Logo-Nuevo-LOS-POLITICOS-1.jpg","width":260,"height":70,"caption":"Los pol\u00edticos Veracruz"},"image":{"@id":"https:\/\/lospoliticosveracruz.com\/#\/schema\/logo\/image\/"},"sameAs":["https:\/\/www.facebook.com\/people\/Notimemes-de-los-Polticos\/61565672886568\/","https:\/\/x.com\/LosPoliticosVer"]},{"@type":"Person","@id":"https:\/\/lospoliticosveracruz.com\/#\/schema\/person\/b8702bb0e538456e6efd07080bf2a4a2","name":"Lo viste en Los Pol\u00edticos","image":{"@type":"ImageObject","inLanguage":"es","@id":"https:\/\/secure.gravatar.com\/avatar\/3a8de04a2656d44082be478bd6c086daa447c4651605818287b9532d3d0bd435?s=96&d=mm&r=g","url":"https:\/\/secure.gravatar.com\/avatar\/3a8de04a2656d44082be478bd6c086daa447c4651605818287b9532d3d0bd435?s=96&d=mm&r=g","contentUrl":"https:\/\/secure.gravatar.com\/avatar\/3a8de04a2656d44082be478bd6c086daa447c4651605818287b9532d3d0bd435?s=96&d=mm&r=g","caption":"Lo viste en Los Pol\u00edticos"},"url":"https:\/\/lospoliticosveracruz.com\/?author=2"}]}},"_links":{"self":[{"href":"https:\/\/lospoliticosveracruz.com\/index.php?rest_route=\/wp\/v2\/posts\/38712","targetHints":{"allow":["GET"]}}],"collection":[{"href":"https:\/\/lospoliticosveracruz.com\/index.php?rest_route=\/wp\/v2\/posts"}],"about":[{"href":"https:\/\/lospoliticosveracruz.com\/index.php?rest_route=\/wp\/v2\/types\/post"}],"author":[{"embeddable":true,"href":"https:\/\/lospoliticosveracruz.com\/index.php?rest_route=\/wp\/v2\/users\/2"}],"replies":[{"embeddable":true,"href":"https:\/\/lospoliticosveracruz.com\/index.php?rest_route=%2Fwp%2Fv2%2Fcomments&post=38712"}],"version-history":[{"count":2,"href":"https:\/\/lospoliticosveracruz.com\/index.php?rest_route=\/wp\/v2\/posts\/38712\/revisions"}],"predecessor-version":[{"id":38716,"href":"https:\/\/lospoliticosveracruz.com\/index.php?rest_route=\/wp\/v2\/posts\/38712\/revisions\/38716"}],"wp:attachment":[{"href":"https:\/\/lospoliticosveracruz.com\/index.php?rest_route=%2Fwp%2Fv2%2Fmedia&parent=38712"}],"wp:term":[{"taxonomy":"category","embeddable":true,"href":"https:\/\/lospoliticosveracruz.com\/index.php?rest_route=%2Fwp%2Fv2%2Fcategories&post=38712"},{"taxonomy":"post_tag","embeddable":true,"href":"https:\/\/lospoliticosveracruz.com\/index.php?rest_route=%2Fwp%2Fv2%2Ftags&post=38712"}],"curies":[{"name":"wp","href":"https:\/\/api.w.org\/{rel}","templated":true}]}}