{"id":38753,"date":"2017-12-27T22:35:58","date_gmt":"2017-12-28T04:35:58","guid":{"rendered":"http:\/\/www.lospoliticosveracruz.com.mx\/?p=38753"},"modified":"2017-12-27T22:35:58","modified_gmt":"2017-12-28T04:35:58","slug":"de-encuestas-presidenciales","status":"publish","type":"post","link":"https:\/\/lospoliticosveracruz.com\/?p=38753","title":{"rendered":"De encuestas presidenciales"},"content":{"rendered":"<div>\n<p class=\"x_m_-1887328514971550890gmail-MsoNormal\"><b><\/b><b><\/b><b>Brenda Caballero<\/b><\/p>\n<p class=\"x_m_-1887328514971550890gmail-MsoNormal\"><em>N\u00fameros Rojos<\/em><\/p>\n<p class=\"x_m_-1887328514971550890gmail-MsoNormal\">\n<p class=\"x_m_-1887328514971550890gmail-MsoNormal\">\n<p class=\"x_m_-1887328514971550890gmail-MsoNormal\">\u00a1Nos invaden los spots! Y lo primero que viene a mi mente es \u00a1Cu\u00e1nto dinero se gastan estos condenados en convencer a la ciudadan\u00eda que son la mejor opci\u00f3n! Y lo siguiente que mi mente registra es: Entonces\u2026la Presidencia de la Rep\u00fablica debe ser un buen negocio, porque no me diga que lo hacen por el bienestar de los mexicanos. No cabe duda que el poder es canijo.<\/p>\n<p class=\"x_m_-1887328514971550890gmail-MsoNormal\">Hasta mi whatsapp llega la Segunda Encuesta Preelectoral Defoe-Spin correspondiente al mes de diciembre de 2017, que parte de un proyecto de investigaci\u00f3n sobre las campa\u00f1as electorales de 2018 en M\u00e9xico. En el estudio aplicaron mil 191 entrevistas a nivel nacional en viviendas seleccionadas en salto sistem\u00e1tico de tres, de acuerdo a las secciones reportadas por el Instituto Nacional Electoral.<\/p>\n<p class=\"x_m_-1887328514971550890gmail-MsoNormal\">Uno de los aspectos considerados fue la identificaci\u00f3n partidista y los encuestadores les preguntaron independientemente de por qui\u00e9n haya votado \u201c\u00bfpor cu\u00e1l partido pol\u00edtico simpatiza usted m\u00e1s?\u201d. Un 23% se inclin\u00f3 por Morena; en segundo lugar, el PAN con un 21%; y en tercero, el PRI, con un 17%; de all\u00ed, el PRD (7%), Nueva Alianza (4%), Movimiento Ciudadano (3%), Partido Verde (2%), PT (1%) y Encuentro Social (1%).<\/p>\n<p class=\"x_m_-1887328514971550890gmail-MsoNormal\">Llama la atenci\u00f3n que el 14% de los encuestados afirm\u00f3 que no se identifica con ninguno, cantidad realmente significativa si vemos que el PRI tiene un 17%. Ahora que si sumamos a los que no contestaron que son un 6%, empatan al mism\u00edsimo primer lugar que ocupa Morena. Esto pudiera tener la lectura que la sociedad ya no quiere partidos pol\u00edticos o que est\u00e1 harta de ellos.<\/p>\n<p class=\"x_m_-1887328514971550890gmail-MsoNormal\">Pero si de rechazo se trata, el PRI ocupa el primer lugar con un 39%, seguido de Morena con un 12 por ciento. Esto no es nada bueno para el tricolor, pues de entrada, como partido, tiene perdida la elecci\u00f3n ya que se les pregunt\u00f3 a los entrevistados: \u201c\u00bfPor cu\u00e1l partido usted nunca votar\u00eda para elegir presidente de la Rep\u00fablica?\u201d<\/p>\n<p class=\"x_m_-1887328514971550890gmail-MsoNormal\">La siguiente pregunta: \u201cSi hoy fuera la elecci\u00f3n para elegir Presidente de la Rep\u00fablica \u00bfPor cu\u00e1l partido votar\u00eda usted?\u201d Los partidos que encabezaron la respuesta fueron: PAN (23%), Morena (22%) y PRI (16%).<\/p>\n<p class=\"x_m_-1887328514971550890gmail-MsoNormal\">Esto nos dice que la contienda estar\u00e1 muy cerrada y que por ello nos bombardean de spots por todos lados, hasta en las redes sociales. Aqu\u00ed me llama la atenci\u00f3n que un 10% no sabe por qui\u00e9n votar; es decir, los indecisos ser\u00e1n los que \u201cdecidir\u00e1n\u201d la elecci\u00f3n presidencial.<\/p>\n<p class=\"x_m_-1887328514971550890gmail-MsoNormal\">Ahora que si de alianzas partidistas se trata, all\u00ed cambia la cosa, pues el 29% se inclina por la alianza de Morena, PT y Encuentro Social, mientras que el segundo lugar recae en la conformada por los partidos PAN, PRD y Movimiento Ciudadano (21%). En el tercer lugar recae el PRI, Verde y Nueva Alianza con un 19%.<\/p>\n<p class=\"x_m_-1887328514971550890gmail-MsoNormal\">Con respecto a los diputados federales no hay cambio significativo en los porcentajes, ya que se mantiene en primer lugar Morena (22%), seguido de PAN (19%) y PRI (16%) e indecisos (12%).<\/p>\n<p class=\"x_m_-1887328514971550890gmail-MsoNormal\">Con respecto a los candidatos presidenciales independientes, la balanza se inclina hacia Margarita Zavala con un 11%. Los dem\u00e1s candidatos manejan un 5% o menos, pero el 38% no votar\u00e1 por un independiente, lo que significa que los ciudadanos no tienen en mente votar por esta figura, aunque est\u00e9 El Bronco en la candidatura y haya arrasado en su estado. En este sondeo tuvo s\u00f3lo un 4% de las respuestas.<\/p>\n<p class=\"x_m_-1887328514971550890gmail-MsoNormal\">Ahora que el m\u00e1s conocido sigue siendo Andr\u00e9s Manuel L\u00f3pez Obrador con un 56% de las respuestas, seguido de Ricardo Anaya (26%), Margarita Zavala (18%) y Jos\u00e9 Antonio Meade, con 16%. \u00bfAhora entiende el spot de Meade?<\/p>\n<p class=\"x_m_-1887328514971550890gmail-MsoNormal\">Al hablar de opiniones de personajes, AMLO es el que tiene una mejor opini\u00f3n con 49%, seguido de Meade con 37%; lo chistoso de este apartado es que Pedro Kumamoto, un posible candidato independiente para el Senado y no para la Presidencia, le gan\u00f3 en opini\u00f3n positiva con un 62% a AMLO.<\/p>\n<p class=\"x_m_-1887328514971550890gmail-MsoNormal\">Con respecto a las opiniones de las instituciones, el mejor puntaje fue para la Marina con un 46%, mientras que el peor posicionado fue el Presidente Enrique Pe\u00f1a Nieto con 27%, aparte de que un 49% lo desaprueba.<\/p>\n<p class=\"x_m_-1887328514971550890gmail-MsoNormal\">La percepci\u00f3n de la situaci\u00f3n del pa\u00eds tambi\u00e9n fue evaluada. El 70% considera que M\u00e9xico va por el camino equivocado. Tan s\u00f3lo el 13% considera que va por el correcto.<\/p>\n<p class=\"x_m_-1887328514971550890gmail-MsoNormal\">Y mientras escribo esto, vuelvo a escuchar un par de spots. Los indecisos son muchos. Creo que ahora entiendo los bombazos por todos lados.<\/p>\n<p class=\"x_m_-1887328514971550890gmail-MsoNormal\">\n<p class=\"x_m_-1887328514971550890gmail-MsoNormal\"><a href=\"mailto:caballero_brenda@hotmail.com\" target=\"_blank\" rel=\"noopener noreferrer\">caballero_brenda@hotmail.com<\/a><\/p>\n<p class=\"x_m_-1887328514971550890gmail-MsoNormal\"><span class=\"x_m_-1887328514971550890gmail-MsoHyperlink\">@NumerosRojos_BC<\/span><\/p>\n<\/div>\n<p>&nbsp;<\/p>\n","protected":false},"excerpt":{"rendered":"<p>Brenda Caballero N\u00fameros Rojos \u00a1Nos invaden los spots! Y lo primero que viene a mi mente es \u00a1Cu\u00e1nto dinero se gastan estos condenados en convencer a la ciudadan\u00eda que son la mejor opci\u00f3n! Y lo siguiente que mi mente registra es: Entonces\u2026la Presidencia de la Rep\u00fablica debe ser un buen negocio, porque no me diga [&hellip;]<\/p>\n","protected":false},"author":2,"featured_media":0,"comment_status":"open","ping_status":"open","sticky":false,"template":"","format":"standard","meta":{"tdm_status":"","tdm_grid_status":"","footnotes":""},"categories":[70],"tags":[2863,10527],"class_list":{"0":"post-38753","1":"post","2":"type-post","3":"status-publish","4":"format-standard","6":"category-de-opinion","7":"tag-elecciones-2018","8":"tag-segunda-encuesta-preelectoral-defoe-spin"},"yoast_head":"<!-- This site is optimized with the Yoast SEO plugin v27.4 - https:\/\/yoast.com\/product\/yoast-seo-wordpress\/ -->\n<title>De encuestas presidenciales - Los pol\u00edticos Veracruz<\/title>\n<meta name=\"robots\" content=\"index, follow, max-snippet:-1, max-image-preview:large, max-video-preview:-1\" \/>\n<link rel=\"canonical\" href=\"https:\/\/lospoliticosveracruz.com\/?p=38753\" \/>\n<meta property=\"og:locale\" content=\"es_ES\" \/>\n<meta property=\"og:type\" content=\"article\" \/>\n<meta property=\"og:title\" content=\"De encuestas presidenciales - Los pol\u00edticos Veracruz\" \/>\n<meta property=\"og:description\" content=\"Brenda Caballero N\u00fameros Rojos \u00a1Nos invaden los spots! Y lo primero que viene a mi mente es \u00a1Cu\u00e1nto dinero se gastan estos condenados en convencer a la ciudadan\u00eda que son la mejor opci\u00f3n! Y lo siguiente que mi mente registra es: Entonces\u2026la Presidencia de la Rep\u00fablica debe ser un buen negocio, porque no me diga [&hellip;]\" \/>\n<meta property=\"og:url\" content=\"https:\/\/lospoliticosveracruz.com\/?p=38753\" \/>\n<meta property=\"og:site_name\" content=\"Los pol\u00edticos Veracruz\" \/>\n<meta property=\"article:publisher\" content=\"https:\/\/www.facebook.com\/people\/Notimemes-de-los-Polticos\/61565672886568\/\" \/>\n<meta property=\"article:published_time\" content=\"2017-12-28T04:35:58+00:00\" \/>\n<meta property=\"og:image\" content=\"https:\/\/lospoliticosveracruz.com\/wp-content\/uploads\/2016\/07\/Logo-Dor.jpg\" \/>\n\t<meta property=\"og:image:width\" content=\"200\" \/>\n\t<meta property=\"og:image:height\" content=\"200\" \/>\n\t<meta property=\"og:image:type\" content=\"image\/jpeg\" \/>\n<meta name=\"author\" content=\"Lo viste en Los Pol\u00edticos\" \/>\n<meta name=\"twitter:card\" content=\"summary_large_image\" \/>\n<meta name=\"twitter:creator\" content=\"@LosPoliticosVer\" \/>\n<meta name=\"twitter:site\" content=\"@LosPoliticosVer\" \/>\n<meta name=\"twitter:label1\" content=\"Escrito por\" \/>\n\t<meta name=\"twitter:data1\" content=\"Lo viste en Los Pol\u00edticos\" \/>\n\t<meta name=\"twitter:label2\" content=\"Tiempo de lectura\" \/>\n\t<meta name=\"twitter:data2\" content=\"4 minutos\" \/>\n<script type=\"application\/ld+json\" class=\"yoast-schema-graph\">{\"@context\":\"https:\\\/\\\/schema.org\",\"@graph\":[{\"@type\":\"Article\",\"@id\":\"https:\\\/\\\/lospoliticosveracruz.com\\\/?p=38753#article\",\"isPartOf\":{\"@id\":\"https:\\\/\\\/lospoliticosveracruz.com\\\/?p=38753\"},\"author\":{\"name\":\"Lo viste en Los Pol\u00edticos\",\"@id\":\"https:\\\/\\\/lospoliticosveracruz.com\\\/#\\\/schema\\\/person\\\/b8702bb0e538456e6efd07080bf2a4a2\"},\"headline\":\"De encuestas presidenciales\",\"datePublished\":\"2017-12-28T04:35:58+00:00\",\"mainEntityOfPage\":{\"@id\":\"https:\\\/\\\/lospoliticosveracruz.com\\\/?p=38753\"},\"wordCount\":762,\"commentCount\":0,\"publisher\":{\"@id\":\"https:\\\/\\\/lospoliticosveracruz.com\\\/#organization\"},\"keywords\":[\"elecciones 2018\",\"Segunda Encuesta Preelectoral Defoe-Spin\"],\"articleSection\":[\"De Opini\u00f3n\"],\"inLanguage\":\"es\",\"potentialAction\":[{\"@type\":\"CommentAction\",\"name\":\"Comment\",\"target\":[\"https:\\\/\\\/lospoliticosveracruz.com\\\/?p=38753#respond\"]}]},{\"@type\":\"WebPage\",\"@id\":\"https:\\\/\\\/lospoliticosveracruz.com\\\/?p=38753\",\"url\":\"https:\\\/\\\/lospoliticosveracruz.com\\\/?p=38753\",\"name\":\"De encuestas presidenciales - Los pol\u00edticos Veracruz\",\"isPartOf\":{\"@id\":\"https:\\\/\\\/lospoliticosveracruz.com\\\/#website\"},\"datePublished\":\"2017-12-28T04:35:58+00:00\",\"breadcrumb\":{\"@id\":\"https:\\\/\\\/lospoliticosveracruz.com\\\/?p=38753#breadcrumb\"},\"inLanguage\":\"es\",\"potentialAction\":[{\"@type\":\"ReadAction\",\"target\":[\"https:\\\/\\\/lospoliticosveracruz.com\\\/?p=38753\"]}]},{\"@type\":\"BreadcrumbList\",\"@id\":\"https:\\\/\\\/lospoliticosveracruz.com\\\/?p=38753#breadcrumb\",\"itemListElement\":[{\"@type\":\"ListItem\",\"position\":1,\"name\":\"Portada\",\"item\":\"https:\\\/\\\/lospoliticosveracruz.com\\\/\"},{\"@type\":\"ListItem\",\"position\":2,\"name\":\"De encuestas presidenciales\"}]},{\"@type\":\"WebSite\",\"@id\":\"https:\\\/\\\/lospoliticosveracruz.com\\\/#website\",\"url\":\"https:\\\/\\\/lospoliticosveracruz.com\\\/\",\"name\":\"Los pol\u00edticos Veracruz\",\"description\":\"\",\"publisher\":{\"@id\":\"https:\\\/\\\/lospoliticosveracruz.com\\\/#organization\"},\"potentialAction\":[{\"@type\":\"SearchAction\",\"target\":{\"@type\":\"EntryPoint\",\"urlTemplate\":\"https:\\\/\\\/lospoliticosveracruz.com\\\/?s={search_term_string}\"},\"query-input\":{\"@type\":\"PropertyValueSpecification\",\"valueRequired\":true,\"valueName\":\"search_term_string\"}}],\"inLanguage\":\"es\"},{\"@type\":\"Organization\",\"@id\":\"https:\\\/\\\/lospoliticosveracruz.com\\\/#organization\",\"name\":\"Los pol\u00edticos Veracruz\",\"url\":\"https:\\\/\\\/lospoliticosveracruz.com\\\/\",\"logo\":{\"@type\":\"ImageObject\",\"inLanguage\":\"es\",\"@id\":\"https:\\\/\\\/lospoliticosveracruz.com\\\/#\\\/schema\\\/logo\\\/image\\\/\",\"url\":\"https:\\\/\\\/lospoliticosveracruz.com\\\/wp-content\\\/uploads\\\/2025\\\/12\\\/Logo-Nuevo-LOS-POLITICOS-1.jpg\",\"contentUrl\":\"https:\\\/\\\/lospoliticosveracruz.com\\\/wp-content\\\/uploads\\\/2025\\\/12\\\/Logo-Nuevo-LOS-POLITICOS-1.jpg\",\"width\":260,\"height\":70,\"caption\":\"Los pol\u00edticos Veracruz\"},\"image\":{\"@id\":\"https:\\\/\\\/lospoliticosveracruz.com\\\/#\\\/schema\\\/logo\\\/image\\\/\"},\"sameAs\":[\"https:\\\/\\\/www.facebook.com\\\/people\\\/Notimemes-de-los-Polticos\\\/61565672886568\\\/\",\"https:\\\/\\\/x.com\\\/LosPoliticosVer\"]},{\"@type\":\"Person\",\"@id\":\"https:\\\/\\\/lospoliticosveracruz.com\\\/#\\\/schema\\\/person\\\/b8702bb0e538456e6efd07080bf2a4a2\",\"name\":\"Lo viste en Los Pol\u00edticos\",\"image\":{\"@type\":\"ImageObject\",\"inLanguage\":\"es\",\"@id\":\"https:\\\/\\\/secure.gravatar.com\\\/avatar\\\/3a8de04a2656d44082be478bd6c086daa447c4651605818287b9532d3d0bd435?s=96&d=mm&r=g\",\"url\":\"https:\\\/\\\/secure.gravatar.com\\\/avatar\\\/3a8de04a2656d44082be478bd6c086daa447c4651605818287b9532d3d0bd435?s=96&d=mm&r=g\",\"contentUrl\":\"https:\\\/\\\/secure.gravatar.com\\\/avatar\\\/3a8de04a2656d44082be478bd6c086daa447c4651605818287b9532d3d0bd435?s=96&d=mm&r=g\",\"caption\":\"Lo viste en Los Pol\u00edticos\"},\"url\":\"https:\\\/\\\/lospoliticosveracruz.com\\\/?author=2\"}]}<\/script>\n<!-- \/ Yoast SEO plugin. -->","yoast_head_json":{"title":"De encuestas presidenciales - Los pol\u00edticos Veracruz","robots":{"index":"index","follow":"follow","max-snippet":"max-snippet:-1","max-image-preview":"max-image-preview:large","max-video-preview":"max-video-preview:-1"},"canonical":"https:\/\/lospoliticosveracruz.com\/?p=38753","og_locale":"es_ES","og_type":"article","og_title":"De encuestas presidenciales - Los pol\u00edticos Veracruz","og_description":"Brenda Caballero N\u00fameros Rojos \u00a1Nos invaden los spots! Y lo primero que viene a mi mente es \u00a1Cu\u00e1nto dinero se gastan estos condenados en convencer a la ciudadan\u00eda que son la mejor opci\u00f3n! Y lo siguiente que mi mente registra es: Entonces\u2026la Presidencia de la Rep\u00fablica debe ser un buen negocio, porque no me diga [&hellip;]","og_url":"https:\/\/lospoliticosveracruz.com\/?p=38753","og_site_name":"Los pol\u00edticos Veracruz","article_publisher":"https:\/\/www.facebook.com\/people\/Notimemes-de-los-Polticos\/61565672886568\/","article_published_time":"2017-12-28T04:35:58+00:00","og_image":[{"width":200,"height":200,"url":"https:\/\/lospoliticosveracruz.com\/wp-content\/uploads\/2016\/07\/Logo-Dor.jpg","type":"image\/jpeg"}],"author":"Lo viste en Los Pol\u00edticos","twitter_card":"summary_large_image","twitter_creator":"@LosPoliticosVer","twitter_site":"@LosPoliticosVer","twitter_misc":{"Escrito por":"Lo viste en Los Pol\u00edticos","Tiempo de lectura":"4 minutos"},"schema":{"@context":"https:\/\/schema.org","@graph":[{"@type":"Article","@id":"https:\/\/lospoliticosveracruz.com\/?p=38753#article","isPartOf":{"@id":"https:\/\/lospoliticosveracruz.com\/?p=38753"},"author":{"name":"Lo viste en Los Pol\u00edticos","@id":"https:\/\/lospoliticosveracruz.com\/#\/schema\/person\/b8702bb0e538456e6efd07080bf2a4a2"},"headline":"De encuestas presidenciales","datePublished":"2017-12-28T04:35:58+00:00","mainEntityOfPage":{"@id":"https:\/\/lospoliticosveracruz.com\/?p=38753"},"wordCount":762,"commentCount":0,"publisher":{"@id":"https:\/\/lospoliticosveracruz.com\/#organization"},"keywords":["elecciones 2018","Segunda Encuesta Preelectoral Defoe-Spin"],"articleSection":["De Opini\u00f3n"],"inLanguage":"es","potentialAction":[{"@type":"CommentAction","name":"Comment","target":["https:\/\/lospoliticosveracruz.com\/?p=38753#respond"]}]},{"@type":"WebPage","@id":"https:\/\/lospoliticosveracruz.com\/?p=38753","url":"https:\/\/lospoliticosveracruz.com\/?p=38753","name":"De encuestas presidenciales - Los pol\u00edticos Veracruz","isPartOf":{"@id":"https:\/\/lospoliticosveracruz.com\/#website"},"datePublished":"2017-12-28T04:35:58+00:00","breadcrumb":{"@id":"https:\/\/lospoliticosveracruz.com\/?p=38753#breadcrumb"},"inLanguage":"es","potentialAction":[{"@type":"ReadAction","target":["https:\/\/lospoliticosveracruz.com\/?p=38753"]}]},{"@type":"BreadcrumbList","@id":"https:\/\/lospoliticosveracruz.com\/?p=38753#breadcrumb","itemListElement":[{"@type":"ListItem","position":1,"name":"Portada","item":"https:\/\/lospoliticosveracruz.com\/"},{"@type":"ListItem","position":2,"name":"De encuestas presidenciales"}]},{"@type":"WebSite","@id":"https:\/\/lospoliticosveracruz.com\/#website","url":"https:\/\/lospoliticosveracruz.com\/","name":"Los pol\u00edticos Veracruz","description":"","publisher":{"@id":"https:\/\/lospoliticosveracruz.com\/#organization"},"potentialAction":[{"@type":"SearchAction","target":{"@type":"EntryPoint","urlTemplate":"https:\/\/lospoliticosveracruz.com\/?s={search_term_string}"},"query-input":{"@type":"PropertyValueSpecification","valueRequired":true,"valueName":"search_term_string"}}],"inLanguage":"es"},{"@type":"Organization","@id":"https:\/\/lospoliticosveracruz.com\/#organization","name":"Los pol\u00edticos Veracruz","url":"https:\/\/lospoliticosveracruz.com\/","logo":{"@type":"ImageObject","inLanguage":"es","@id":"https:\/\/lospoliticosveracruz.com\/#\/schema\/logo\/image\/","url":"https:\/\/lospoliticosveracruz.com\/wp-content\/uploads\/2025\/12\/Logo-Nuevo-LOS-POLITICOS-1.jpg","contentUrl":"https:\/\/lospoliticosveracruz.com\/wp-content\/uploads\/2025\/12\/Logo-Nuevo-LOS-POLITICOS-1.jpg","width":260,"height":70,"caption":"Los pol\u00edticos Veracruz"},"image":{"@id":"https:\/\/lospoliticosveracruz.com\/#\/schema\/logo\/image\/"},"sameAs":["https:\/\/www.facebook.com\/people\/Notimemes-de-los-Polticos\/61565672886568\/","https:\/\/x.com\/LosPoliticosVer"]},{"@type":"Person","@id":"https:\/\/lospoliticosveracruz.com\/#\/schema\/person\/b8702bb0e538456e6efd07080bf2a4a2","name":"Lo viste en Los Pol\u00edticos","image":{"@type":"ImageObject","inLanguage":"es","@id":"https:\/\/secure.gravatar.com\/avatar\/3a8de04a2656d44082be478bd6c086daa447c4651605818287b9532d3d0bd435?s=96&d=mm&r=g","url":"https:\/\/secure.gravatar.com\/avatar\/3a8de04a2656d44082be478bd6c086daa447c4651605818287b9532d3d0bd435?s=96&d=mm&r=g","contentUrl":"https:\/\/secure.gravatar.com\/avatar\/3a8de04a2656d44082be478bd6c086daa447c4651605818287b9532d3d0bd435?s=96&d=mm&r=g","caption":"Lo viste en Los Pol\u00edticos"},"url":"https:\/\/lospoliticosveracruz.com\/?author=2"}]}},"_links":{"self":[{"href":"https:\/\/lospoliticosveracruz.com\/index.php?rest_route=\/wp\/v2\/posts\/38753","targetHints":{"allow":["GET"]}}],"collection":[{"href":"https:\/\/lospoliticosveracruz.com\/index.php?rest_route=\/wp\/v2\/posts"}],"about":[{"href":"https:\/\/lospoliticosveracruz.com\/index.php?rest_route=\/wp\/v2\/types\/post"}],"author":[{"embeddable":true,"href":"https:\/\/lospoliticosveracruz.com\/index.php?rest_route=\/wp\/v2\/users\/2"}],"replies":[{"embeddable":true,"href":"https:\/\/lospoliticosveracruz.com\/index.php?rest_route=%2Fwp%2Fv2%2Fcomments&post=38753"}],"version-history":[{"count":1,"href":"https:\/\/lospoliticosveracruz.com\/index.php?rest_route=\/wp\/v2\/posts\/38753\/revisions"}],"predecessor-version":[{"id":38754,"href":"https:\/\/lospoliticosveracruz.com\/index.php?rest_route=\/wp\/v2\/posts\/38753\/revisions\/38754"}],"wp:attachment":[{"href":"https:\/\/lospoliticosveracruz.com\/index.php?rest_route=%2Fwp%2Fv2%2Fmedia&parent=38753"}],"wp:term":[{"taxonomy":"category","embeddable":true,"href":"https:\/\/lospoliticosveracruz.com\/index.php?rest_route=%2Fwp%2Fv2%2Fcategories&post=38753"},{"taxonomy":"post_tag","embeddable":true,"href":"https:\/\/lospoliticosveracruz.com\/index.php?rest_route=%2Fwp%2Fv2%2Ftags&post=38753"}],"curies":[{"name":"wp","href":"https:\/\/api.w.org\/{rel}","templated":true}]}}