{"id":38755,"date":"2017-12-27T22:52:25","date_gmt":"2017-12-28T04:52:25","guid":{"rendered":"http:\/\/www.lospoliticosveracruz.com.mx\/?p=38755"},"modified":"2017-12-27T22:52:25","modified_gmt":"2017-12-28T04:52:25","slug":"el-candidato-a-modo","status":"publish","type":"post","link":"https:\/\/lospoliticosveracruz.com\/?p=38755","title":{"rendered":"El candidato a modo"},"content":{"rendered":"<p dir=\"ltr\"><strong>Salvador Mu\u00f1oz<\/strong><\/p>\n<p dir=\"ltr\"><em>Los Pol\u00edticos<\/em><\/p>\n<p dir=\"ltr\">\n<p>&nbsp;<\/p>\n<p dir=\"ltr\">Hay que ser sinceros, si hay quienes saben celebrar, m\u00e1s que los panistas y morenos, son los pri\u00edstas.<\/p>\n<p dir=\"ltr\">\u00a1Vaya que echaron cuete! No era para menos, si hubiera que calificarlo de un modo u otro, podemos decir que el PRI escogi\u00f3 en Pepe Yunes al mejor de sus hombres para confrontar lo que se viene; su mejor carta; su mejor arma; la mejor cara\u2026 un \u201cduchado\u201d de virtudes (es que lo ba\u00f1an de pureza casi al igual que a su tocayo Pepe To\u00f1o Meade) que en la percepci\u00f3n externa al partido, \u00a1ni parece pri\u00edsta! Algo as\u00ed como un Ricardo Ahued cuando compet\u00eda por el tricolor.<\/p>\n<p dir=\"ltr\">Es seguro que el pri\u00edsmo jarocho haya festejado con m\u00e1s enjundia la candidatura de Pepe Yunes que la misma navidad en familia\u2026<\/p>\n<p dir=\"ltr\">Pepe Yunes no s\u00f3lo es el mejor elemento que puede tener el PRI, tambi\u00e9n es un buen pol\u00edtico que lleva esta actividad a una escala a la que dif\u00edcilmente un alto porcentaje, tanto de pol\u00edticos como de sociedad, no est\u00e1 acostumbrado, por lo que su mayor virtud puede ser su peor defecto.<\/p>\n<p dir=\"ltr\">II<\/p>\n<p dir=\"ltr\">En el 2006, cuando Dante Delgado fue candidato a Senador, se recuerda que sus spots en la radio dec\u00edan algo m\u00e1s o menos as\u00ed, si la memoria no nos falla: \u201cCuando Dante Delgado Rannauro fue Gobernador, hizo el Acuario de Veracruz, el World Trade Center (antes Expover) y el Congreso del Estado\u2026 como Senador, seguir\u00e1 trabajando por los Veracruzanos\u2026\u201d, algo as\u00ed, m\u00e1s o menos.<\/p>\n<p dir=\"ltr\">Por su parte, Juan Bueno Torio, quien la buscaba por el PAN, el spot iba con una cantaleta as\u00ed, palabras m\u00e1s, palabras menos: \u201cJuan Bueno Torio fue director de Pemex Refinaci\u00f3n, logr\u00f3 mejorar sustancialmente la productividad y como consecuencia la situaci\u00f3n financiera de la subsidiaria; como Senador, seguir\u00e1 trabajando por Veracruz y M\u00e9xico\u2026\u201d, algo as\u00ed, m\u00e1s o menos.<\/p>\n<p dir=\"ltr\">Pepe Yunes ten\u00eda un mensaje menos pol\u00edtico, como de acercamiento con la gente: \u201cHola veracruzanos, soy Pepe Yunes Zorrilla, quiero ser tu Senador, si t\u00fa quieres\u201d&#8230; algo as\u00ed, m\u00e1s o menos.<\/p>\n<p dir=\"ltr\">Cuando le preguntaban por Dante o Juan Bueno, \u00e9l se dirig\u00eda hacia ellos como \u201cdistinguidos pol\u00edticos\u201d&#8230;<\/p>\n<p dir=\"ltr\">Por supuesto, muchas cosas se combinaron en aquella elecci\u00f3n que le dio al PAN por primera vez el triunfo sobre el PRI con respecto al Senado, pero dicen que una de ellas, muy aparte de esa forma de ver la pol\u00edtica de Pepe, fue algo que mucho le critican al senador con licencia hasta hoy en la actualidad: su staff de creativos.<\/p>\n<p dir=\"ltr\">III<\/p>\n<p dir=\"ltr\">Pero no s\u00f3lo el pri\u00edsmo celebr\u00f3 el ungimiento de Pepe Yunes como candidato a la Gubernatura\u2026 los malosos dicen que muchos columnistas lo festejaron tambi\u00e9n cual si hubiera sido su propio hijo quien fuera el designado\u2026 pero tambi\u00e9n lo celebr\u00f3 el panismo.<\/p>\n<p dir=\"ltr\">Bueno, hasta el momento, en el PAN, hay una especie como de un \u201csuspiro de alivio\u201d el saber que Miguel \u00c1ngel \u201cChiquiyunior\u201d Yunes M\u00e1rquez no tendr\u00e1 como contrincante a H\u00e9ctor Yunes Landa, el hoy ya segunda mejor carta del PRI, pero uno de los m\u00e1s broncudos del partido. El PAN ya no se ha de preocupar de las estrategias propias del Bronx Pol\u00edtico que practica el T\u00edo de Chiquiyunior, y vaya que lo sabe Miguel \u00c1ngel, porque tiene escuela en casa.<\/p>\n<p dir=\"ltr\">La apuesta entonces del PAN, es que ha de encontrarse con un candidato del PRI a modo, que va a apostar a las ideas, a las propuestas, a los proyectos, lo que le permitir\u00e1 quiz\u00e1s un boxeo de sombra para estar m\u00e1s atento a los \u201cvolados\u201d que de seguro ha de lanzar un Cuitl\u00e1huac Garc\u00eda, de discurso m\u00e1s agresivo, m\u00e1s directo, m\u00e1s personal, porque a quien ha de criticar, ser\u00e1 al Gobernador, y est\u00e1 visto que en los Yunes, duele m\u00e1s el cuero que la camisa\u2026<\/p>\n<p dir=\"ltr\">Bueno, al menos \u00e9sa es la percepci\u00f3n que se tiene en funci\u00f3n de la historia y de la forma de hacer pol\u00edtica de cada quien\u2026 falta ver qu\u00e9 diga Pepe Yunes, si deja ese estilo de \u201ct\u00e9cnico\u201d que se concentra en el pol\u00edtico que aspira a servir o deja de ser un buen candidato o el candidato a modo para pasar a ser el pol\u00edtico con ganas o hambre de poder que se dej\u00f3 ver ese seis de septiembre de este a\u00f1o, cuando en reuni\u00f3n con la asociaci\u00f3n civil Veracruzanas L\u00edderes de Opini\u00f3n, se le fue con todo a los nueve meses de gobierno de Yunes Linares y sac\u00f3 a relucir el uso de \u201cla Licuadora\u201d&#8230;<\/p>\n<p>&nbsp;<\/p>\n<p dir=\"ltr\"><a href=\"mailto:smcainito@gmail.com\" target=\"_blank\" rel=\"noopener noreferrer\">smcainito@gmail.com<\/a><\/p>\n","protected":false},"excerpt":{"rendered":"<p>Salvador Mu\u00f1oz Los Pol\u00edticos &nbsp; Hay que ser sinceros, si hay quienes saben celebrar, m\u00e1s que los panistas y morenos, son los pri\u00edstas. \u00a1Vaya que echaron cuete! No era para menos, si hubiera que calificarlo de un modo u otro, podemos decir que el PRI escogi\u00f3 en Pepe Yunes al mejor de sus hombres para [&hellip;]<\/p>\n","protected":false},"author":2,"featured_media":0,"comment_status":"open","ping_status":"open","sticky":false,"template":"","format":"standard","meta":{"tdm_status":"","tdm_grid_status":"","footnotes":""},"categories":[70],"tags":[2219,348,1305,536,266,570,251],"class_list":{"0":"post-38755","1":"post","2":"type-post","3":"status-publish","4":"format-standard","6":"category-de-opinion","7":"tag-dante-delgado","8":"tag-hector-yunes-landa","9":"tag-juan-bueno-torio","10":"tag-miguel-angel-yunes-marquez","11":"tag-pan","12":"tag-pepe-yunes","13":"tag-pri"},"yoast_head":"<!-- This site is optimized with the Yoast SEO plugin v27.4 - https:\/\/yoast.com\/product\/yoast-seo-wordpress\/ -->\n<title>El candidato a modo - Los pol\u00edticos Veracruz<\/title>\n<meta name=\"robots\" content=\"index, follow, max-snippet:-1, max-image-preview:large, max-video-preview:-1\" \/>\n<link rel=\"canonical\" href=\"https:\/\/lospoliticosveracruz.com\/?p=38755\" \/>\n<meta property=\"og:locale\" content=\"es_ES\" \/>\n<meta property=\"og:type\" content=\"article\" \/>\n<meta property=\"og:title\" content=\"El candidato a modo - Los pol\u00edticos Veracruz\" \/>\n<meta property=\"og:description\" content=\"Salvador Mu\u00f1oz Los Pol\u00edticos &nbsp; Hay que ser sinceros, si hay quienes saben celebrar, m\u00e1s que los panistas y morenos, son los pri\u00edstas. \u00a1Vaya que echaron cuete! No era para menos, si hubiera que calificarlo de un modo u otro, podemos decir que el PRI escogi\u00f3 en Pepe Yunes al mejor de sus hombres para [&hellip;]\" \/>\n<meta property=\"og:url\" content=\"https:\/\/lospoliticosveracruz.com\/?p=38755\" \/>\n<meta property=\"og:site_name\" content=\"Los pol\u00edticos Veracruz\" \/>\n<meta property=\"article:publisher\" content=\"https:\/\/www.facebook.com\/people\/Notimemes-de-los-Polticos\/61565672886568\/\" \/>\n<meta property=\"article:published_time\" content=\"2017-12-28T04:52:25+00:00\" \/>\n<meta property=\"og:image\" content=\"https:\/\/lospoliticosveracruz.com\/wp-content\/uploads\/2016\/07\/Logo-Dor.jpg\" \/>\n\t<meta property=\"og:image:width\" content=\"200\" \/>\n\t<meta property=\"og:image:height\" content=\"200\" \/>\n\t<meta property=\"og:image:type\" content=\"image\/jpeg\" \/>\n<meta name=\"author\" content=\"Lo viste en Los Pol\u00edticos\" \/>\n<meta name=\"twitter:card\" content=\"summary_large_image\" \/>\n<meta name=\"twitter:creator\" content=\"@LosPoliticosVer\" \/>\n<meta name=\"twitter:site\" content=\"@LosPoliticosVer\" \/>\n<meta name=\"twitter:label1\" content=\"Escrito por\" \/>\n\t<meta name=\"twitter:data1\" content=\"Lo viste en Los Pol\u00edticos\" \/>\n\t<meta name=\"twitter:label2\" content=\"Tiempo de lectura\" \/>\n\t<meta name=\"twitter:data2\" content=\"4 minutos\" \/>\n<script type=\"application\/ld+json\" class=\"yoast-schema-graph\">{\"@context\":\"https:\\\/\\\/schema.org\",\"@graph\":[{\"@type\":\"Article\",\"@id\":\"https:\\\/\\\/lospoliticosveracruz.com\\\/?p=38755#article\",\"isPartOf\":{\"@id\":\"https:\\\/\\\/lospoliticosveracruz.com\\\/?p=38755\"},\"author\":{\"name\":\"Lo viste en Los Pol\u00edticos\",\"@id\":\"https:\\\/\\\/lospoliticosveracruz.com\\\/#\\\/schema\\\/person\\\/b8702bb0e538456e6efd07080bf2a4a2\"},\"headline\":\"El candidato a modo\",\"datePublished\":\"2017-12-28T04:52:25+00:00\",\"mainEntityOfPage\":{\"@id\":\"https:\\\/\\\/lospoliticosveracruz.com\\\/?p=38755\"},\"wordCount\":808,\"commentCount\":0,\"publisher\":{\"@id\":\"https:\\\/\\\/lospoliticosveracruz.com\\\/#organization\"},\"keywords\":[\"Dante Delgado\",\"H\u00e9ctor Yunes Landa\",\"Juan Bueno Torio\",\"Miguel \u00c1ngel Yunes M\u00e1rquez\",\"PAN\",\"Pepe Yunes\",\"PRI\"],\"articleSection\":[\"De Opini\u00f3n\"],\"inLanguage\":\"es\",\"potentialAction\":[{\"@type\":\"CommentAction\",\"name\":\"Comment\",\"target\":[\"https:\\\/\\\/lospoliticosveracruz.com\\\/?p=38755#respond\"]}]},{\"@type\":\"WebPage\",\"@id\":\"https:\\\/\\\/lospoliticosveracruz.com\\\/?p=38755\",\"url\":\"https:\\\/\\\/lospoliticosveracruz.com\\\/?p=38755\",\"name\":\"El candidato a modo - Los pol\u00edticos Veracruz\",\"isPartOf\":{\"@id\":\"https:\\\/\\\/lospoliticosveracruz.com\\\/#website\"},\"datePublished\":\"2017-12-28T04:52:25+00:00\",\"breadcrumb\":{\"@id\":\"https:\\\/\\\/lospoliticosveracruz.com\\\/?p=38755#breadcrumb\"},\"inLanguage\":\"es\",\"potentialAction\":[{\"@type\":\"ReadAction\",\"target\":[\"https:\\\/\\\/lospoliticosveracruz.com\\\/?p=38755\"]}]},{\"@type\":\"BreadcrumbList\",\"@id\":\"https:\\\/\\\/lospoliticosveracruz.com\\\/?p=38755#breadcrumb\",\"itemListElement\":[{\"@type\":\"ListItem\",\"position\":1,\"name\":\"Portada\",\"item\":\"https:\\\/\\\/lospoliticosveracruz.com\\\/\"},{\"@type\":\"ListItem\",\"position\":2,\"name\":\"El candidato a modo\"}]},{\"@type\":\"WebSite\",\"@id\":\"https:\\\/\\\/lospoliticosveracruz.com\\\/#website\",\"url\":\"https:\\\/\\\/lospoliticosveracruz.com\\\/\",\"name\":\"Los pol\u00edticos Veracruz\",\"description\":\"\",\"publisher\":{\"@id\":\"https:\\\/\\\/lospoliticosveracruz.com\\\/#organization\"},\"potentialAction\":[{\"@type\":\"SearchAction\",\"target\":{\"@type\":\"EntryPoint\",\"urlTemplate\":\"https:\\\/\\\/lospoliticosveracruz.com\\\/?s={search_term_string}\"},\"query-input\":{\"@type\":\"PropertyValueSpecification\",\"valueRequired\":true,\"valueName\":\"search_term_string\"}}],\"inLanguage\":\"es\"},{\"@type\":\"Organization\",\"@id\":\"https:\\\/\\\/lospoliticosveracruz.com\\\/#organization\",\"name\":\"Los pol\u00edticos Veracruz\",\"url\":\"https:\\\/\\\/lospoliticosveracruz.com\\\/\",\"logo\":{\"@type\":\"ImageObject\",\"inLanguage\":\"es\",\"@id\":\"https:\\\/\\\/lospoliticosveracruz.com\\\/#\\\/schema\\\/logo\\\/image\\\/\",\"url\":\"https:\\\/\\\/lospoliticosveracruz.com\\\/wp-content\\\/uploads\\\/2025\\\/12\\\/Logo-Nuevo-LOS-POLITICOS-1.jpg\",\"contentUrl\":\"https:\\\/\\\/lospoliticosveracruz.com\\\/wp-content\\\/uploads\\\/2025\\\/12\\\/Logo-Nuevo-LOS-POLITICOS-1.jpg\",\"width\":260,\"height\":70,\"caption\":\"Los pol\u00edticos Veracruz\"},\"image\":{\"@id\":\"https:\\\/\\\/lospoliticosveracruz.com\\\/#\\\/schema\\\/logo\\\/image\\\/\"},\"sameAs\":[\"https:\\\/\\\/www.facebook.com\\\/people\\\/Notimemes-de-los-Polticos\\\/61565672886568\\\/\",\"https:\\\/\\\/x.com\\\/LosPoliticosVer\"]},{\"@type\":\"Person\",\"@id\":\"https:\\\/\\\/lospoliticosveracruz.com\\\/#\\\/schema\\\/person\\\/b8702bb0e538456e6efd07080bf2a4a2\",\"name\":\"Lo viste en Los Pol\u00edticos\",\"image\":{\"@type\":\"ImageObject\",\"inLanguage\":\"es\",\"@id\":\"https:\\\/\\\/secure.gravatar.com\\\/avatar\\\/3a8de04a2656d44082be478bd6c086daa447c4651605818287b9532d3d0bd435?s=96&d=mm&r=g\",\"url\":\"https:\\\/\\\/secure.gravatar.com\\\/avatar\\\/3a8de04a2656d44082be478bd6c086daa447c4651605818287b9532d3d0bd435?s=96&d=mm&r=g\",\"contentUrl\":\"https:\\\/\\\/secure.gravatar.com\\\/avatar\\\/3a8de04a2656d44082be478bd6c086daa447c4651605818287b9532d3d0bd435?s=96&d=mm&r=g\",\"caption\":\"Lo viste en Los Pol\u00edticos\"},\"url\":\"https:\\\/\\\/lospoliticosveracruz.com\\\/?author=2\"}]}<\/script>\n<!-- \/ Yoast SEO plugin. -->","yoast_head_json":{"title":"El candidato a modo - Los pol\u00edticos Veracruz","robots":{"index":"index","follow":"follow","max-snippet":"max-snippet:-1","max-image-preview":"max-image-preview:large","max-video-preview":"max-video-preview:-1"},"canonical":"https:\/\/lospoliticosveracruz.com\/?p=38755","og_locale":"es_ES","og_type":"article","og_title":"El candidato a modo - Los pol\u00edticos Veracruz","og_description":"Salvador Mu\u00f1oz Los Pol\u00edticos &nbsp; Hay que ser sinceros, si hay quienes saben celebrar, m\u00e1s que los panistas y morenos, son los pri\u00edstas. \u00a1Vaya que echaron cuete! No era para menos, si hubiera que calificarlo de un modo u otro, podemos decir que el PRI escogi\u00f3 en Pepe Yunes al mejor de sus hombres para [&hellip;]","og_url":"https:\/\/lospoliticosveracruz.com\/?p=38755","og_site_name":"Los pol\u00edticos Veracruz","article_publisher":"https:\/\/www.facebook.com\/people\/Notimemes-de-los-Polticos\/61565672886568\/","article_published_time":"2017-12-28T04:52:25+00:00","og_image":[{"width":200,"height":200,"url":"https:\/\/lospoliticosveracruz.com\/wp-content\/uploads\/2016\/07\/Logo-Dor.jpg","type":"image\/jpeg"}],"author":"Lo viste en Los Pol\u00edticos","twitter_card":"summary_large_image","twitter_creator":"@LosPoliticosVer","twitter_site":"@LosPoliticosVer","twitter_misc":{"Escrito por":"Lo viste en Los Pol\u00edticos","Tiempo de lectura":"4 minutos"},"schema":{"@context":"https:\/\/schema.org","@graph":[{"@type":"Article","@id":"https:\/\/lospoliticosveracruz.com\/?p=38755#article","isPartOf":{"@id":"https:\/\/lospoliticosveracruz.com\/?p=38755"},"author":{"name":"Lo viste en Los Pol\u00edticos","@id":"https:\/\/lospoliticosveracruz.com\/#\/schema\/person\/b8702bb0e538456e6efd07080bf2a4a2"},"headline":"El candidato a modo","datePublished":"2017-12-28T04:52:25+00:00","mainEntityOfPage":{"@id":"https:\/\/lospoliticosveracruz.com\/?p=38755"},"wordCount":808,"commentCount":0,"publisher":{"@id":"https:\/\/lospoliticosveracruz.com\/#organization"},"keywords":["Dante Delgado","H\u00e9ctor Yunes Landa","Juan Bueno Torio","Miguel \u00c1ngel Yunes M\u00e1rquez","PAN","Pepe Yunes","PRI"],"articleSection":["De Opini\u00f3n"],"inLanguage":"es","potentialAction":[{"@type":"CommentAction","name":"Comment","target":["https:\/\/lospoliticosveracruz.com\/?p=38755#respond"]}]},{"@type":"WebPage","@id":"https:\/\/lospoliticosveracruz.com\/?p=38755","url":"https:\/\/lospoliticosveracruz.com\/?p=38755","name":"El candidato a modo - Los pol\u00edticos Veracruz","isPartOf":{"@id":"https:\/\/lospoliticosveracruz.com\/#website"},"datePublished":"2017-12-28T04:52:25+00:00","breadcrumb":{"@id":"https:\/\/lospoliticosveracruz.com\/?p=38755#breadcrumb"},"inLanguage":"es","potentialAction":[{"@type":"ReadAction","target":["https:\/\/lospoliticosveracruz.com\/?p=38755"]}]},{"@type":"BreadcrumbList","@id":"https:\/\/lospoliticosveracruz.com\/?p=38755#breadcrumb","itemListElement":[{"@type":"ListItem","position":1,"name":"Portada","item":"https:\/\/lospoliticosveracruz.com\/"},{"@type":"ListItem","position":2,"name":"El candidato a modo"}]},{"@type":"WebSite","@id":"https:\/\/lospoliticosveracruz.com\/#website","url":"https:\/\/lospoliticosveracruz.com\/","name":"Los pol\u00edticos Veracruz","description":"","publisher":{"@id":"https:\/\/lospoliticosveracruz.com\/#organization"},"potentialAction":[{"@type":"SearchAction","target":{"@type":"EntryPoint","urlTemplate":"https:\/\/lospoliticosveracruz.com\/?s={search_term_string}"},"query-input":{"@type":"PropertyValueSpecification","valueRequired":true,"valueName":"search_term_string"}}],"inLanguage":"es"},{"@type":"Organization","@id":"https:\/\/lospoliticosveracruz.com\/#organization","name":"Los pol\u00edticos Veracruz","url":"https:\/\/lospoliticosveracruz.com\/","logo":{"@type":"ImageObject","inLanguage":"es","@id":"https:\/\/lospoliticosveracruz.com\/#\/schema\/logo\/image\/","url":"https:\/\/lospoliticosveracruz.com\/wp-content\/uploads\/2025\/12\/Logo-Nuevo-LOS-POLITICOS-1.jpg","contentUrl":"https:\/\/lospoliticosveracruz.com\/wp-content\/uploads\/2025\/12\/Logo-Nuevo-LOS-POLITICOS-1.jpg","width":260,"height":70,"caption":"Los pol\u00edticos Veracruz"},"image":{"@id":"https:\/\/lospoliticosveracruz.com\/#\/schema\/logo\/image\/"},"sameAs":["https:\/\/www.facebook.com\/people\/Notimemes-de-los-Polticos\/61565672886568\/","https:\/\/x.com\/LosPoliticosVer"]},{"@type":"Person","@id":"https:\/\/lospoliticosveracruz.com\/#\/schema\/person\/b8702bb0e538456e6efd07080bf2a4a2","name":"Lo viste en Los Pol\u00edticos","image":{"@type":"ImageObject","inLanguage":"es","@id":"https:\/\/secure.gravatar.com\/avatar\/3a8de04a2656d44082be478bd6c086daa447c4651605818287b9532d3d0bd435?s=96&d=mm&r=g","url":"https:\/\/secure.gravatar.com\/avatar\/3a8de04a2656d44082be478bd6c086daa447c4651605818287b9532d3d0bd435?s=96&d=mm&r=g","contentUrl":"https:\/\/secure.gravatar.com\/avatar\/3a8de04a2656d44082be478bd6c086daa447c4651605818287b9532d3d0bd435?s=96&d=mm&r=g","caption":"Lo viste en Los Pol\u00edticos"},"url":"https:\/\/lospoliticosveracruz.com\/?author=2"}]}},"_links":{"self":[{"href":"https:\/\/lospoliticosveracruz.com\/index.php?rest_route=\/wp\/v2\/posts\/38755","targetHints":{"allow":["GET"]}}],"collection":[{"href":"https:\/\/lospoliticosveracruz.com\/index.php?rest_route=\/wp\/v2\/posts"}],"about":[{"href":"https:\/\/lospoliticosveracruz.com\/index.php?rest_route=\/wp\/v2\/types\/post"}],"author":[{"embeddable":true,"href":"https:\/\/lospoliticosveracruz.com\/index.php?rest_route=\/wp\/v2\/users\/2"}],"replies":[{"embeddable":true,"href":"https:\/\/lospoliticosveracruz.com\/index.php?rest_route=%2Fwp%2Fv2%2Fcomments&post=38755"}],"version-history":[{"count":1,"href":"https:\/\/lospoliticosveracruz.com\/index.php?rest_route=\/wp\/v2\/posts\/38755\/revisions"}],"predecessor-version":[{"id":38756,"href":"https:\/\/lospoliticosveracruz.com\/index.php?rest_route=\/wp\/v2\/posts\/38755\/revisions\/38756"}],"wp:attachment":[{"href":"https:\/\/lospoliticosveracruz.com\/index.php?rest_route=%2Fwp%2Fv2%2Fmedia&parent=38755"}],"wp:term":[{"taxonomy":"category","embeddable":true,"href":"https:\/\/lospoliticosveracruz.com\/index.php?rest_route=%2Fwp%2Fv2%2Fcategories&post=38755"},{"taxonomy":"post_tag","embeddable":true,"href":"https:\/\/lospoliticosveracruz.com\/index.php?rest_route=%2Fwp%2Fv2%2Ftags&post=38755"}],"curies":[{"name":"wp","href":"https:\/\/api.w.org\/{rel}","templated":true}]}}