{"id":38828,"date":"2018-01-02T17:10:08","date_gmt":"2018-01-02T23:10:08","guid":{"rendered":"http:\/\/www.lospoliticosveracruz.com.mx\/?p=38828"},"modified":"2018-01-02T17:10:08","modified_gmt":"2018-01-02T23:10:08","slug":"29-mil-creditos-a-derechohabientes-del-issste","status":"publish","type":"post","link":"https:\/\/lospoliticosveracruz.com\/?p=38828","title":{"rendered":"29 mil cr\u00e9ditos a derechohabientes del Issste"},"content":{"rendered":"<p>La delegada del ISSSTE en Veracruz, El\u00edzabeth Morales Garc\u00eda, resalt\u00f3 que a trav\u00e9s de la Subdelegaci\u00f3n de Prestaciones Econ\u00f3micas del Instituto, se otorgaron un total de 29 mil 945 pr\u00e9stamos a derechohabientes en el Estado, con un valor aproximado superior a los mil millones de pesos, tanto a trabajadores en activo, jubilados y pensionados, durante este 2017.<\/p>\n<p>\u201cTanto nuestros jubilados y pensionados y trabajadores se han visto beneficiados con los diferentes pr\u00e9stamos que otorga el Instituto para apoyarlos en su econom\u00eda familiar, incluidos los m\u00e1s de 2 mil pr\u00e9stamos por contingencia que llegaron a Veracruz, gracias a gestiones de nuestro Director General, Jos\u00e9 Reyes Baeza y por instrucciones del Presidente de la Rep\u00fablica, Enrique Pe\u00f1a Nieto y los cuales se entregaron a los derechohabientes damnificados tanto por fen\u00f3menos naturales como por los recientes sismos que se registraron en nuestro pa\u00eds\u201d, a\u00f1adi\u00f3.<\/p>\n<p>Morales Garc\u00eda se\u00f1al\u00f3 que existen diferentes modalidades de estos cr\u00e9ditos personales, como ordinarios, Extraordinarios, por Contingencias, para Autom\u00f3viles y Personales, que forman parte de las 21 prestaciones a la que tienen derecho los afiliados al ISSSTE. Los Ordinarios, que van de 17 mil hasta los 31 mil 200 pesos y los extraordinarios pueden recibir hasta 144 mil pesos, de acuerdo al sueldo.<\/p>\n<p>\u201cEstamos para escuchar y atender a cada uno de nuestros derechohabientes y aunque existen muchos retos, damos pasos importantes con el prop\u00f3sito de mejorar el acceso a la seguridad social para los veracruzanos\u201d, se\u00f1al\u00f3.<\/p>\n<p>En cuanto a las Estancias de Bienestar y Desarrollo Infantil que tiene el ISSSTE en Veracruz, la funcionaria federal, coment\u00f3 que cuentan dos EBDI\u00b4S propias en Xalapa y en el Puerto de Veracruz, pero adem\u00e1s tienen cinco subrogadas: en Orizaba, C\u00f3rdoba y Boca del R\u00edo, adem\u00e1s de Xalapa y Veracruz, las cuales atienden un total 915 ni\u00f1os y ni\u00f1as de 60 d\u00edas de nacidos hasta los seis a\u00f1os de edad.<\/p>\n<p>La funcionaria federal mencion\u00f3 que durante todo el a\u00f1o, en el \u00e1mbito cultural y deportivo, se realizaron diferentes talleres de fomento al desarrollo y acercamiento a las artes, as\u00ed como actividades deportivas y de baile, para derechohabientes, trabajadores, jubilados y pensionados, donde se obtuvieron resultados favorables.<\/p>\n<p>\u201cEl ISSSTE no s\u00f3lo son servicios m\u00e9dicos, tambi\u00e9n nos centramos en atender a los ni\u00f1os con los mejores cuidados en las Estancias Infantiles, ofrecemos una atenci\u00f3n de calidad y calidez; al mismo tiempo impulsamos actividades culturales y deportivas entre nuestros trabajadores, derechohabientes, jubilados y pensionados para que sientan activos y lleven un estilo de vida saludable que los haga sentirse sanos y motivados en su d\u00eda a d\u00eda\u201d.<\/p>\n<p>Entregar pr\u00e9stamos a derechohabientes, jubilados y pensionados, as\u00ed como ofrecer el servicio de Estancias Infantiles para hijos de trabajadores y desarrollar actividades culturales y deportivas, forma parte de las 21 prestaciones que otorga el Instituto que dirige el director general, Jos\u00e9 Reyes Baeza Terrazas y que trabaja de manera coordinada con el Presidente de la Rep\u00fablica, Enrique Pe\u00f1a Nieto.<\/p>\n","protected":false},"excerpt":{"rendered":"<p>La delegada del ISSSTE en Veracruz, El\u00edzabeth Morales Garc\u00eda, resalt\u00f3 que a trav\u00e9s de la Subdelegaci\u00f3n de Prestaciones Econ\u00f3micas del Instituto, se otorgaron un total de 29 mil 945 pr\u00e9stamos a derechohabientes en el Estado, con un valor aproximado superior a los mil millones de pesos, tanto a trabajadores en activo, jubilados y pensionados, durante [&hellip;]<\/p>\n","protected":false},"author":2,"featured_media":0,"comment_status":"open","ping_status":"open","sticky":false,"template":"","format":"standard","meta":{"tdm_status":"","tdm_grid_status":"","footnotes":""},"categories":[1],"tags":[6969,405,895,10270],"class_list":{"0":"post-38828","1":"post","2":"type-post","3":"status-publish","4":"format-standard","6":"category-sin-categoria","7":"tag-creditos","8":"tag-elizabeth-morales-garcia","9":"tag-issste","10":"tag-jose-reyes-baeza"},"yoast_head":"<!-- This site is optimized with the Yoast SEO plugin v27.4 - https:\/\/yoast.com\/product\/yoast-seo-wordpress\/ -->\n<title>29 mil cr\u00e9ditos a derechohabientes del Issste - Los pol\u00edticos Veracruz<\/title>\n<meta name=\"robots\" content=\"index, follow, max-snippet:-1, max-image-preview:large, max-video-preview:-1\" \/>\n<link rel=\"canonical\" href=\"https:\/\/lospoliticosveracruz.com\/?p=38828\" \/>\n<meta property=\"og:locale\" content=\"es_ES\" \/>\n<meta property=\"og:type\" content=\"article\" \/>\n<meta property=\"og:title\" content=\"29 mil cr\u00e9ditos a derechohabientes del Issste - Los pol\u00edticos Veracruz\" \/>\n<meta property=\"og:description\" content=\"La delegada del ISSSTE en Veracruz, El\u00edzabeth Morales Garc\u00eda, resalt\u00f3 que a trav\u00e9s de la Subdelegaci\u00f3n de Prestaciones Econ\u00f3micas del Instituto, se otorgaron un total de 29 mil 945 pr\u00e9stamos a derechohabientes en el Estado, con un valor aproximado superior a los mil millones de pesos, tanto a trabajadores en activo, jubilados y pensionados, durante [&hellip;]\" \/>\n<meta property=\"og:url\" content=\"https:\/\/lospoliticosveracruz.com\/?p=38828\" \/>\n<meta property=\"og:site_name\" content=\"Los pol\u00edticos Veracruz\" \/>\n<meta property=\"article:publisher\" content=\"https:\/\/www.facebook.com\/people\/Notimemes-de-los-Polticos\/61565672886568\/\" \/>\n<meta property=\"article:published_time\" content=\"2018-01-02T23:10:08+00:00\" \/>\n<meta property=\"og:image\" content=\"https:\/\/lospoliticosveracruz.com\/wp-content\/uploads\/2016\/07\/Logo-Dor.jpg\" \/>\n\t<meta property=\"og:image:width\" content=\"200\" \/>\n\t<meta property=\"og:image:height\" content=\"200\" \/>\n\t<meta property=\"og:image:type\" content=\"image\/jpeg\" \/>\n<meta name=\"author\" content=\"Lo viste en Los Pol\u00edticos\" \/>\n<meta name=\"twitter:card\" content=\"summary_large_image\" \/>\n<meta name=\"twitter:creator\" content=\"@LosPoliticosVer\" \/>\n<meta name=\"twitter:site\" content=\"@LosPoliticosVer\" \/>\n<meta name=\"twitter:label1\" content=\"Escrito por\" \/>\n\t<meta name=\"twitter:data1\" content=\"Lo viste en Los Pol\u00edticos\" \/>\n\t<meta name=\"twitter:label2\" content=\"Tiempo de lectura\" \/>\n\t<meta name=\"twitter:data2\" content=\"3 minutos\" \/>\n<script type=\"application\/ld+json\" class=\"yoast-schema-graph\">{\"@context\":\"https:\\\/\\\/schema.org\",\"@graph\":[{\"@type\":\"Article\",\"@id\":\"https:\\\/\\\/lospoliticosveracruz.com\\\/?p=38828#article\",\"isPartOf\":{\"@id\":\"https:\\\/\\\/lospoliticosveracruz.com\\\/?p=38828\"},\"author\":{\"name\":\"Lo viste en Los Pol\u00edticos\",\"@id\":\"https:\\\/\\\/lospoliticosveracruz.com\\\/#\\\/schema\\\/person\\\/b8702bb0e538456e6efd07080bf2a4a2\"},\"headline\":\"29 mil cr\u00e9ditos a derechohabientes del Issste\",\"datePublished\":\"2018-01-02T23:10:08+00:00\",\"mainEntityOfPage\":{\"@id\":\"https:\\\/\\\/lospoliticosveracruz.com\\\/?p=38828\"},\"wordCount\":516,\"commentCount\":0,\"publisher\":{\"@id\":\"https:\\\/\\\/lospoliticosveracruz.com\\\/#organization\"},\"keywords\":[\"cr\u00e9ditos\",\"Elizabeth Morales Garc\u00eda\",\"Issste\",\"Jos\u00e9 Reyes Baeza\"],\"inLanguage\":\"es\",\"potentialAction\":[{\"@type\":\"CommentAction\",\"name\":\"Comment\",\"target\":[\"https:\\\/\\\/lospoliticosveracruz.com\\\/?p=38828#respond\"]}]},{\"@type\":\"WebPage\",\"@id\":\"https:\\\/\\\/lospoliticosveracruz.com\\\/?p=38828\",\"url\":\"https:\\\/\\\/lospoliticosveracruz.com\\\/?p=38828\",\"name\":\"29 mil cr\u00e9ditos a derechohabientes del Issste - Los pol\u00edticos Veracruz\",\"isPartOf\":{\"@id\":\"https:\\\/\\\/lospoliticosveracruz.com\\\/#website\"},\"datePublished\":\"2018-01-02T23:10:08+00:00\",\"breadcrumb\":{\"@id\":\"https:\\\/\\\/lospoliticosveracruz.com\\\/?p=38828#breadcrumb\"},\"inLanguage\":\"es\",\"potentialAction\":[{\"@type\":\"ReadAction\",\"target\":[\"https:\\\/\\\/lospoliticosveracruz.com\\\/?p=38828\"]}]},{\"@type\":\"BreadcrumbList\",\"@id\":\"https:\\\/\\\/lospoliticosveracruz.com\\\/?p=38828#breadcrumb\",\"itemListElement\":[{\"@type\":\"ListItem\",\"position\":1,\"name\":\"Portada\",\"item\":\"https:\\\/\\\/lospoliticosveracruz.com\\\/\"},{\"@type\":\"ListItem\",\"position\":2,\"name\":\"29 mil cr\u00e9ditos a derechohabientes del Issste\"}]},{\"@type\":\"WebSite\",\"@id\":\"https:\\\/\\\/lospoliticosveracruz.com\\\/#website\",\"url\":\"https:\\\/\\\/lospoliticosveracruz.com\\\/\",\"name\":\"Los pol\u00edticos Veracruz\",\"description\":\"\",\"publisher\":{\"@id\":\"https:\\\/\\\/lospoliticosveracruz.com\\\/#organization\"},\"potentialAction\":[{\"@type\":\"SearchAction\",\"target\":{\"@type\":\"EntryPoint\",\"urlTemplate\":\"https:\\\/\\\/lospoliticosveracruz.com\\\/?s={search_term_string}\"},\"query-input\":{\"@type\":\"PropertyValueSpecification\",\"valueRequired\":true,\"valueName\":\"search_term_string\"}}],\"inLanguage\":\"es\"},{\"@type\":\"Organization\",\"@id\":\"https:\\\/\\\/lospoliticosveracruz.com\\\/#organization\",\"name\":\"Los pol\u00edticos Veracruz\",\"url\":\"https:\\\/\\\/lospoliticosveracruz.com\\\/\",\"logo\":{\"@type\":\"ImageObject\",\"inLanguage\":\"es\",\"@id\":\"https:\\\/\\\/lospoliticosveracruz.com\\\/#\\\/schema\\\/logo\\\/image\\\/\",\"url\":\"https:\\\/\\\/lospoliticosveracruz.com\\\/wp-content\\\/uploads\\\/2025\\\/12\\\/Logo-Nuevo-LOS-POLITICOS-1.jpg\",\"contentUrl\":\"https:\\\/\\\/lospoliticosveracruz.com\\\/wp-content\\\/uploads\\\/2025\\\/12\\\/Logo-Nuevo-LOS-POLITICOS-1.jpg\",\"width\":260,\"height\":70,\"caption\":\"Los pol\u00edticos Veracruz\"},\"image\":{\"@id\":\"https:\\\/\\\/lospoliticosveracruz.com\\\/#\\\/schema\\\/logo\\\/image\\\/\"},\"sameAs\":[\"https:\\\/\\\/www.facebook.com\\\/people\\\/Notimemes-de-los-Polticos\\\/61565672886568\\\/\",\"https:\\\/\\\/x.com\\\/LosPoliticosVer\"]},{\"@type\":\"Person\",\"@id\":\"https:\\\/\\\/lospoliticosveracruz.com\\\/#\\\/schema\\\/person\\\/b8702bb0e538456e6efd07080bf2a4a2\",\"name\":\"Lo viste en Los Pol\u00edticos\",\"image\":{\"@type\":\"ImageObject\",\"inLanguage\":\"es\",\"@id\":\"https:\\\/\\\/secure.gravatar.com\\\/avatar\\\/3a8de04a2656d44082be478bd6c086daa447c4651605818287b9532d3d0bd435?s=96&d=mm&r=g\",\"url\":\"https:\\\/\\\/secure.gravatar.com\\\/avatar\\\/3a8de04a2656d44082be478bd6c086daa447c4651605818287b9532d3d0bd435?s=96&d=mm&r=g\",\"contentUrl\":\"https:\\\/\\\/secure.gravatar.com\\\/avatar\\\/3a8de04a2656d44082be478bd6c086daa447c4651605818287b9532d3d0bd435?s=96&d=mm&r=g\",\"caption\":\"Lo viste en Los Pol\u00edticos\"},\"url\":\"https:\\\/\\\/lospoliticosveracruz.com\\\/?author=2\"}]}<\/script>\n<!-- \/ Yoast SEO plugin. -->","yoast_head_json":{"title":"29 mil cr\u00e9ditos a derechohabientes del Issste - Los pol\u00edticos Veracruz","robots":{"index":"index","follow":"follow","max-snippet":"max-snippet:-1","max-image-preview":"max-image-preview:large","max-video-preview":"max-video-preview:-1"},"canonical":"https:\/\/lospoliticosveracruz.com\/?p=38828","og_locale":"es_ES","og_type":"article","og_title":"29 mil cr\u00e9ditos a derechohabientes del Issste - Los pol\u00edticos Veracruz","og_description":"La delegada del ISSSTE en Veracruz, El\u00edzabeth Morales Garc\u00eda, resalt\u00f3 que a trav\u00e9s de la Subdelegaci\u00f3n de Prestaciones Econ\u00f3micas del Instituto, se otorgaron un total de 29 mil 945 pr\u00e9stamos a derechohabientes en el Estado, con un valor aproximado superior a los mil millones de pesos, tanto a trabajadores en activo, jubilados y pensionados, durante [&hellip;]","og_url":"https:\/\/lospoliticosveracruz.com\/?p=38828","og_site_name":"Los pol\u00edticos Veracruz","article_publisher":"https:\/\/www.facebook.com\/people\/Notimemes-de-los-Polticos\/61565672886568\/","article_published_time":"2018-01-02T23:10:08+00:00","og_image":[{"width":200,"height":200,"url":"https:\/\/lospoliticosveracruz.com\/wp-content\/uploads\/2016\/07\/Logo-Dor.jpg","type":"image\/jpeg"}],"author":"Lo viste en Los Pol\u00edticos","twitter_card":"summary_large_image","twitter_creator":"@LosPoliticosVer","twitter_site":"@LosPoliticosVer","twitter_misc":{"Escrito por":"Lo viste en Los Pol\u00edticos","Tiempo de lectura":"3 minutos"},"schema":{"@context":"https:\/\/schema.org","@graph":[{"@type":"Article","@id":"https:\/\/lospoliticosveracruz.com\/?p=38828#article","isPartOf":{"@id":"https:\/\/lospoliticosveracruz.com\/?p=38828"},"author":{"name":"Lo viste en Los Pol\u00edticos","@id":"https:\/\/lospoliticosveracruz.com\/#\/schema\/person\/b8702bb0e538456e6efd07080bf2a4a2"},"headline":"29 mil cr\u00e9ditos a derechohabientes del Issste","datePublished":"2018-01-02T23:10:08+00:00","mainEntityOfPage":{"@id":"https:\/\/lospoliticosveracruz.com\/?p=38828"},"wordCount":516,"commentCount":0,"publisher":{"@id":"https:\/\/lospoliticosveracruz.com\/#organization"},"keywords":["cr\u00e9ditos","Elizabeth Morales Garc\u00eda","Issste","Jos\u00e9 Reyes Baeza"],"inLanguage":"es","potentialAction":[{"@type":"CommentAction","name":"Comment","target":["https:\/\/lospoliticosveracruz.com\/?p=38828#respond"]}]},{"@type":"WebPage","@id":"https:\/\/lospoliticosveracruz.com\/?p=38828","url":"https:\/\/lospoliticosveracruz.com\/?p=38828","name":"29 mil cr\u00e9ditos a derechohabientes del Issste - Los pol\u00edticos Veracruz","isPartOf":{"@id":"https:\/\/lospoliticosveracruz.com\/#website"},"datePublished":"2018-01-02T23:10:08+00:00","breadcrumb":{"@id":"https:\/\/lospoliticosveracruz.com\/?p=38828#breadcrumb"},"inLanguage":"es","potentialAction":[{"@type":"ReadAction","target":["https:\/\/lospoliticosveracruz.com\/?p=38828"]}]},{"@type":"BreadcrumbList","@id":"https:\/\/lospoliticosveracruz.com\/?p=38828#breadcrumb","itemListElement":[{"@type":"ListItem","position":1,"name":"Portada","item":"https:\/\/lospoliticosveracruz.com\/"},{"@type":"ListItem","position":2,"name":"29 mil cr\u00e9ditos a derechohabientes del Issste"}]},{"@type":"WebSite","@id":"https:\/\/lospoliticosveracruz.com\/#website","url":"https:\/\/lospoliticosveracruz.com\/","name":"Los pol\u00edticos Veracruz","description":"","publisher":{"@id":"https:\/\/lospoliticosveracruz.com\/#organization"},"potentialAction":[{"@type":"SearchAction","target":{"@type":"EntryPoint","urlTemplate":"https:\/\/lospoliticosveracruz.com\/?s={search_term_string}"},"query-input":{"@type":"PropertyValueSpecification","valueRequired":true,"valueName":"search_term_string"}}],"inLanguage":"es"},{"@type":"Organization","@id":"https:\/\/lospoliticosveracruz.com\/#organization","name":"Los pol\u00edticos Veracruz","url":"https:\/\/lospoliticosveracruz.com\/","logo":{"@type":"ImageObject","inLanguage":"es","@id":"https:\/\/lospoliticosveracruz.com\/#\/schema\/logo\/image\/","url":"https:\/\/lospoliticosveracruz.com\/wp-content\/uploads\/2025\/12\/Logo-Nuevo-LOS-POLITICOS-1.jpg","contentUrl":"https:\/\/lospoliticosveracruz.com\/wp-content\/uploads\/2025\/12\/Logo-Nuevo-LOS-POLITICOS-1.jpg","width":260,"height":70,"caption":"Los pol\u00edticos Veracruz"},"image":{"@id":"https:\/\/lospoliticosveracruz.com\/#\/schema\/logo\/image\/"},"sameAs":["https:\/\/www.facebook.com\/people\/Notimemes-de-los-Polticos\/61565672886568\/","https:\/\/x.com\/LosPoliticosVer"]},{"@type":"Person","@id":"https:\/\/lospoliticosveracruz.com\/#\/schema\/person\/b8702bb0e538456e6efd07080bf2a4a2","name":"Lo viste en Los Pol\u00edticos","image":{"@type":"ImageObject","inLanguage":"es","@id":"https:\/\/secure.gravatar.com\/avatar\/3a8de04a2656d44082be478bd6c086daa447c4651605818287b9532d3d0bd435?s=96&d=mm&r=g","url":"https:\/\/secure.gravatar.com\/avatar\/3a8de04a2656d44082be478bd6c086daa447c4651605818287b9532d3d0bd435?s=96&d=mm&r=g","contentUrl":"https:\/\/secure.gravatar.com\/avatar\/3a8de04a2656d44082be478bd6c086daa447c4651605818287b9532d3d0bd435?s=96&d=mm&r=g","caption":"Lo viste en Los Pol\u00edticos"},"url":"https:\/\/lospoliticosveracruz.com\/?author=2"}]}},"_links":{"self":[{"href":"https:\/\/lospoliticosveracruz.com\/index.php?rest_route=\/wp\/v2\/posts\/38828","targetHints":{"allow":["GET"]}}],"collection":[{"href":"https:\/\/lospoliticosveracruz.com\/index.php?rest_route=\/wp\/v2\/posts"}],"about":[{"href":"https:\/\/lospoliticosveracruz.com\/index.php?rest_route=\/wp\/v2\/types\/post"}],"author":[{"embeddable":true,"href":"https:\/\/lospoliticosveracruz.com\/index.php?rest_route=\/wp\/v2\/users\/2"}],"replies":[{"embeddable":true,"href":"https:\/\/lospoliticosveracruz.com\/index.php?rest_route=%2Fwp%2Fv2%2Fcomments&post=38828"}],"version-history":[{"count":1,"href":"https:\/\/lospoliticosveracruz.com\/index.php?rest_route=\/wp\/v2\/posts\/38828\/revisions"}],"predecessor-version":[{"id":38829,"href":"https:\/\/lospoliticosveracruz.com\/index.php?rest_route=\/wp\/v2\/posts\/38828\/revisions\/38829"}],"wp:attachment":[{"href":"https:\/\/lospoliticosveracruz.com\/index.php?rest_route=%2Fwp%2Fv2%2Fmedia&parent=38828"}],"wp:term":[{"taxonomy":"category","embeddable":true,"href":"https:\/\/lospoliticosveracruz.com\/index.php?rest_route=%2Fwp%2Fv2%2Fcategories&post=38828"},{"taxonomy":"post_tag","embeddable":true,"href":"https:\/\/lospoliticosveracruz.com\/index.php?rest_route=%2Fwp%2Fv2%2Ftags&post=38828"}],"curies":[{"name":"wp","href":"https:\/\/api.w.org\/{rel}","templated":true}]}}