{"id":38971,"date":"2018-01-08T22:35:38","date_gmt":"2018-01-09T04:35:38","guid":{"rendered":"http:\/\/www.lospoliticosveracruz.com.mx\/?p=38971"},"modified":"2018-01-08T22:35:38","modified_gmt":"2018-01-09T04:35:38","slug":"hipolito-apenas-empieza","status":"publish","type":"post","link":"https:\/\/lospoliticosveracruz.com\/?p=38971","title":{"rendered":"Hip\u00f3lito&#8230; apenas empieza"},"content":{"rendered":"<p><strong>Salvador Mu\u00f1oz<\/strong><\/p>\n<p><em>Los Pol\u00edticos<\/em><\/p>\n<p>&nbsp;<\/p>\n<p>Llego con el abuelo a Palacio Municipal&#8230; la encomienda es que le resellen una tarjeta y despu\u00e9s de ello, pague el predial. Apenas estamos a la entrada del inmueble, un joven nos aborda y pregunta el tr\u00e1mite a realizar. Se lo explico. Nos manda a la siguiente entrada donde all\u00ed, una se\u00f1orita, del mismo modo que el anterior, amablemente, nos interroga. Nos indica a d\u00f3nde pasar y de inmediato, una se\u00f1ora nos atiende y extiende una papeleta con el n\u00famero 111 tras preguntar el tr\u00e1mite a realizar. Posterior a ello, me pide las credenciales del abuelo: IFE, Inapam y la que tiene que resellar, mientras que dos sillas colocan para el anciano y para m\u00ed.<\/p>\n<p>Se nos acerca en esos momentos un se\u00f1or en silla de ruedas, nos saluda y tras cuestionar el tr\u00e1mite, nos pide que aguardemos a su compa\u00f1era. Le digo que padezco de \u201ctramitofobia\u201d, y le explico a mi manera que sufro cada vez que tengo que enfrentarme a un papeleo, que va desde el banco, ayuntamiento, fila del cine, etc\u00e9tera. Imaginen que tengo que repasar varias veces lo que tengo que decir de corridito, porque si no, me atoro. Me conforta diciendo que a mucha gente le sucede lo mismo.<\/p>\n<p>Regresa su compa\u00f1era, y toda angustiada, me dice que tengo que formar. Le pido a don Agust\u00edn que me espere sentado y no se mueva de all\u00ed&#8230; sus 90ytantos a\u00f1os me preocupan. El se\u00f1or de silla de ruedas, don Sergio Ben\u00edtez, pregunta a su compa\u00f1era algo as\u00ed como \u201cqui\u00e9n dice eso\u201d; con una mirada dirigida a un punto le responde. Entonces don Sergio me pide que aguarde mientras toma los documentos y se desplaza h\u00e1bilmente por los pasillos de la primera planta de Palacio Municipal. Cuando regresa, me pide que lo acompa\u00f1e a una caja y se despide. El tr\u00e1mite ya est\u00e1 hecho. S\u00f3lo tengo que pagar. Tras hacerlo, le digo a don Agust\u00edn que ya est\u00e1 el pago del predial y le explico que tiene que estar abusado para octubre o noviembre para recoger su otra credencial&#8230; El abuelo nada m\u00e1s me dice: \u201c\u00bfYaaa? \u00bfTan r\u00e1pido?\u201d<\/p>\n<p>Es evidente que mi \u201ctramitofobia\u201d disminuye cuando me encuentro tanto af\u00e1n de servicio y atenci\u00f3n, por supuesto, entiendo que no era para m\u00ed, sino para el abuelo, pero sale uno al menos contento. Podemos decir que los empleados del Ayuntamiento no quieren dejar en mal al nuevo jefe&#8230;<\/p>\n<p>Por otro lado, me preguntan c\u00f3mo veo al Ayuntamiento que preside Hip\u00f3lito Rodr\u00edguez Herrero. Respondo que es muy temprano para ello. En lo particular, a principios de este mes, hab\u00eda una sola cosa que me preocupaba: que pasara el carro de basura al contenedor del m\u00f3dulo donde vivo&#8230; pas\u00f3 un jueves o un viernes de la semana pasada, no recuerdo exactamente, pero no llegamos a los extremos de ver \u201catascado\u201d el contenedor. Hasta pudiera decir que de entrada, Hip\u00f3lito pas\u00f3 su primera prueba de fuego&#8230; el del servicio de Limpia P\u00fablica.<\/p>\n<p>\u00bfDel despido de empleados? \u00a1Imaginen! Tengo un familiar al que de plano mandaron a \u201cdescansar\u201d hasta este martes, d\u00eda en que le dir\u00edan si se quedaba o no. Platiqu\u00e9 con \u00e9l y le dije que era empleado de confianza y en cualquier momento podr\u00edan prescindir de \u00e9l. Pens\u00e9 que lo iba a razonar igual que yo, pero despu\u00e9s volvimos a hablar y me dijo que iba a ver que si no se quedaba, luchar\u00eda por su finiquito. No es el \u00fanico caso&#8230; tengo muchos amigos que viven en estos momentos en el limbo, pues no saben qu\u00e9 va a pasar con ellos&#8230; les digo que esperen la quincena, y entonces sabr\u00e1n si pasaron al para\u00edso&#8230; o al infierno.<\/p>\n<p>Hay quienes atribuyen a la S\u00edndica Ivonne Cisneros Luj\u00e1n un peso que es m\u00e1s que un contrapeso en la administraci\u00f3n que preside Hip\u00f3lito Rodr\u00edguez Herrero, al grado de que por ah\u00ed la bromean con el t\u00edtulo de \u201cLa Se\u00f1ora Presidenta\u201d. De acuerdo a lo que comentan, la S\u00edndica tiene en varias \u00e1reas, personas de su confianza en aras de mantener un control total de los movimientos del Ayuntamiento, tanto, que hasta en Comunicaci\u00f3n Social dicen que meti\u00f3 cu\u00f1a&#8230; ah\u00ed no lo creo por dos razones: Guillermo Manzano sabe hacer su trabajo y por su temperamento, dif\u00edcilmente creo que aceptar\u00eda \u201cuna sombra\u201d&#8230; pero esto es parte del show, de la grilla, de los dimes y diretes, como el que me contaron de que Hip\u00f3lito Rodr\u00edguez busca mayor presupuesto del que est\u00e1 programado, pues seg\u00fan dicen los enterados, tiene esta semana a\u00fan para solicitarlo, bajo el supuesto de que las cosas no est\u00e1n tan en N\u00fameros Negros como lo presumi\u00f3 la pasada administraci\u00f3n, pero esto apenas empieza, y por ello, me quedo con la atenci\u00f3n que dio al abuelo y a m\u00ed el personal que se encarga del cobro del predial&#8230;<\/p>\n<p>smcainito@gmail.com<\/p>\n","protected":false},"excerpt":{"rendered":"<p>Salvador Mu\u00f1oz Los Pol\u00edticos &nbsp; Llego con el abuelo a Palacio Municipal&#8230; la encomienda es que le resellen una tarjeta y despu\u00e9s de ello, pague el predial. Apenas estamos a la entrada del inmueble, un joven nos aborda y pregunta el tr\u00e1mite a realizar. Se lo explico. Nos manda a la siguiente entrada donde all\u00ed, [&hellip;]<\/p>\n","protected":false},"author":2,"featured_media":0,"comment_status":"open","ping_status":"open","sticky":false,"template":"","format":"standard","meta":{"tdm_status":"","tdm_grid_status":"","footnotes":""},"categories":[70],"tags":[7620,3531,4390,10637],"class_list":{"0":"post-38971","1":"post","2":"type-post","3":"status-publish","4":"format-standard","6":"category-de-opinion","7":"tag-hipolito-rodriguez-herrero","8":"tag-inapam","9":"tag-predial","10":"tag-tramites"},"yoast_head":"<!-- This site is optimized with the Yoast SEO plugin v27.4 - https:\/\/yoast.com\/product\/yoast-seo-wordpress\/ -->\n<title>Hip\u00f3lito... apenas empieza - Los pol\u00edticos Veracruz<\/title>\n<meta name=\"robots\" content=\"index, follow, max-snippet:-1, max-image-preview:large, max-video-preview:-1\" \/>\n<link rel=\"canonical\" href=\"https:\/\/lospoliticosveracruz.com\/?p=38971\" \/>\n<meta property=\"og:locale\" content=\"es_ES\" \/>\n<meta property=\"og:type\" content=\"article\" \/>\n<meta property=\"og:title\" content=\"Hip\u00f3lito... apenas empieza - Los pol\u00edticos Veracruz\" \/>\n<meta property=\"og:description\" content=\"Salvador Mu\u00f1oz Los Pol\u00edticos &nbsp; Llego con el abuelo a Palacio Municipal&#8230; la encomienda es que le resellen una tarjeta y despu\u00e9s de ello, pague el predial. Apenas estamos a la entrada del inmueble, un joven nos aborda y pregunta el tr\u00e1mite a realizar. Se lo explico. Nos manda a la siguiente entrada donde all\u00ed, [&hellip;]\" \/>\n<meta property=\"og:url\" content=\"https:\/\/lospoliticosveracruz.com\/?p=38971\" \/>\n<meta property=\"og:site_name\" content=\"Los pol\u00edticos Veracruz\" \/>\n<meta property=\"article:publisher\" content=\"https:\/\/www.facebook.com\/people\/Notimemes-de-los-Polticos\/61565672886568\/\" \/>\n<meta property=\"article:published_time\" content=\"2018-01-09T04:35:38+00:00\" \/>\n<meta property=\"og:image\" content=\"https:\/\/lospoliticosveracruz.com\/wp-content\/uploads\/2016\/07\/Logo-Dor.jpg\" \/>\n\t<meta property=\"og:image:width\" content=\"200\" \/>\n\t<meta property=\"og:image:height\" content=\"200\" \/>\n\t<meta property=\"og:image:type\" content=\"image\/jpeg\" \/>\n<meta name=\"author\" content=\"Lo viste en Los Pol\u00edticos\" \/>\n<meta name=\"twitter:card\" content=\"summary_large_image\" \/>\n<meta name=\"twitter:creator\" content=\"@LosPoliticosVer\" \/>\n<meta name=\"twitter:site\" content=\"@LosPoliticosVer\" \/>\n<meta name=\"twitter:label1\" content=\"Escrito por\" \/>\n\t<meta name=\"twitter:data1\" content=\"Lo viste en Los Pol\u00edticos\" \/>\n\t<meta name=\"twitter:label2\" content=\"Tiempo de lectura\" \/>\n\t<meta name=\"twitter:data2\" content=\"4 minutos\" \/>\n<script type=\"application\/ld+json\" class=\"yoast-schema-graph\">{\"@context\":\"https:\\\/\\\/schema.org\",\"@graph\":[{\"@type\":\"Article\",\"@id\":\"https:\\\/\\\/lospoliticosveracruz.com\\\/?p=38971#article\",\"isPartOf\":{\"@id\":\"https:\\\/\\\/lospoliticosveracruz.com\\\/?p=38971\"},\"author\":{\"name\":\"Lo viste en Los Pol\u00edticos\",\"@id\":\"https:\\\/\\\/lospoliticosveracruz.com\\\/#\\\/schema\\\/person\\\/b8702bb0e538456e6efd07080bf2a4a2\"},\"headline\":\"Hip\u00f3lito&#8230; apenas empieza\",\"datePublished\":\"2018-01-09T04:35:38+00:00\",\"mainEntityOfPage\":{\"@id\":\"https:\\\/\\\/lospoliticosveracruz.com\\\/?p=38971\"},\"wordCount\":872,\"commentCount\":0,\"publisher\":{\"@id\":\"https:\\\/\\\/lospoliticosveracruz.com\\\/#organization\"},\"keywords\":[\"Hip\u00f3lito Rodr\u00edguez Herrero\",\"Inapam\",\"predial\",\"Tr\u00e1mites\"],\"articleSection\":[\"De Opini\u00f3n\"],\"inLanguage\":\"es\",\"potentialAction\":[{\"@type\":\"CommentAction\",\"name\":\"Comment\",\"target\":[\"https:\\\/\\\/lospoliticosveracruz.com\\\/?p=38971#respond\"]}]},{\"@type\":\"WebPage\",\"@id\":\"https:\\\/\\\/lospoliticosveracruz.com\\\/?p=38971\",\"url\":\"https:\\\/\\\/lospoliticosveracruz.com\\\/?p=38971\",\"name\":\"Hip\u00f3lito... apenas empieza - Los pol\u00edticos Veracruz\",\"isPartOf\":{\"@id\":\"https:\\\/\\\/lospoliticosveracruz.com\\\/#website\"},\"datePublished\":\"2018-01-09T04:35:38+00:00\",\"breadcrumb\":{\"@id\":\"https:\\\/\\\/lospoliticosveracruz.com\\\/?p=38971#breadcrumb\"},\"inLanguage\":\"es\",\"potentialAction\":[{\"@type\":\"ReadAction\",\"target\":[\"https:\\\/\\\/lospoliticosveracruz.com\\\/?p=38971\"]}]},{\"@type\":\"BreadcrumbList\",\"@id\":\"https:\\\/\\\/lospoliticosveracruz.com\\\/?p=38971#breadcrumb\",\"itemListElement\":[{\"@type\":\"ListItem\",\"position\":1,\"name\":\"Portada\",\"item\":\"https:\\\/\\\/lospoliticosveracruz.com\\\/\"},{\"@type\":\"ListItem\",\"position\":2,\"name\":\"Hip\u00f3lito&#8230; apenas empieza\"}]},{\"@type\":\"WebSite\",\"@id\":\"https:\\\/\\\/lospoliticosveracruz.com\\\/#website\",\"url\":\"https:\\\/\\\/lospoliticosveracruz.com\\\/\",\"name\":\"Los pol\u00edticos Veracruz\",\"description\":\"\",\"publisher\":{\"@id\":\"https:\\\/\\\/lospoliticosveracruz.com\\\/#organization\"},\"potentialAction\":[{\"@type\":\"SearchAction\",\"target\":{\"@type\":\"EntryPoint\",\"urlTemplate\":\"https:\\\/\\\/lospoliticosveracruz.com\\\/?s={search_term_string}\"},\"query-input\":{\"@type\":\"PropertyValueSpecification\",\"valueRequired\":true,\"valueName\":\"search_term_string\"}}],\"inLanguage\":\"es\"},{\"@type\":\"Organization\",\"@id\":\"https:\\\/\\\/lospoliticosveracruz.com\\\/#organization\",\"name\":\"Los pol\u00edticos Veracruz\",\"url\":\"https:\\\/\\\/lospoliticosveracruz.com\\\/\",\"logo\":{\"@type\":\"ImageObject\",\"inLanguage\":\"es\",\"@id\":\"https:\\\/\\\/lospoliticosveracruz.com\\\/#\\\/schema\\\/logo\\\/image\\\/\",\"url\":\"https:\\\/\\\/lospoliticosveracruz.com\\\/wp-content\\\/uploads\\\/2025\\\/12\\\/Logo-Nuevo-LOS-POLITICOS-1.jpg\",\"contentUrl\":\"https:\\\/\\\/lospoliticosveracruz.com\\\/wp-content\\\/uploads\\\/2025\\\/12\\\/Logo-Nuevo-LOS-POLITICOS-1.jpg\",\"width\":260,\"height\":70,\"caption\":\"Los pol\u00edticos Veracruz\"},\"image\":{\"@id\":\"https:\\\/\\\/lospoliticosveracruz.com\\\/#\\\/schema\\\/logo\\\/image\\\/\"},\"sameAs\":[\"https:\\\/\\\/www.facebook.com\\\/people\\\/Notimemes-de-los-Polticos\\\/61565672886568\\\/\",\"https:\\\/\\\/x.com\\\/LosPoliticosVer\"]},{\"@type\":\"Person\",\"@id\":\"https:\\\/\\\/lospoliticosveracruz.com\\\/#\\\/schema\\\/person\\\/b8702bb0e538456e6efd07080bf2a4a2\",\"name\":\"Lo viste en Los Pol\u00edticos\",\"image\":{\"@type\":\"ImageObject\",\"inLanguage\":\"es\",\"@id\":\"https:\\\/\\\/secure.gravatar.com\\\/avatar\\\/3a8de04a2656d44082be478bd6c086daa447c4651605818287b9532d3d0bd435?s=96&d=mm&r=g\",\"url\":\"https:\\\/\\\/secure.gravatar.com\\\/avatar\\\/3a8de04a2656d44082be478bd6c086daa447c4651605818287b9532d3d0bd435?s=96&d=mm&r=g\",\"contentUrl\":\"https:\\\/\\\/secure.gravatar.com\\\/avatar\\\/3a8de04a2656d44082be478bd6c086daa447c4651605818287b9532d3d0bd435?s=96&d=mm&r=g\",\"caption\":\"Lo viste en Los Pol\u00edticos\"},\"url\":\"https:\\\/\\\/lospoliticosveracruz.com\\\/?author=2\"}]}<\/script>\n<!-- \/ Yoast SEO plugin. -->","yoast_head_json":{"title":"Hip\u00f3lito... apenas empieza - Los pol\u00edticos Veracruz","robots":{"index":"index","follow":"follow","max-snippet":"max-snippet:-1","max-image-preview":"max-image-preview:large","max-video-preview":"max-video-preview:-1"},"canonical":"https:\/\/lospoliticosveracruz.com\/?p=38971","og_locale":"es_ES","og_type":"article","og_title":"Hip\u00f3lito... apenas empieza - Los pol\u00edticos Veracruz","og_description":"Salvador Mu\u00f1oz Los Pol\u00edticos &nbsp; Llego con el abuelo a Palacio Municipal&#8230; la encomienda es que le resellen una tarjeta y despu\u00e9s de ello, pague el predial. Apenas estamos a la entrada del inmueble, un joven nos aborda y pregunta el tr\u00e1mite a realizar. Se lo explico. Nos manda a la siguiente entrada donde all\u00ed, [&hellip;]","og_url":"https:\/\/lospoliticosveracruz.com\/?p=38971","og_site_name":"Los pol\u00edticos Veracruz","article_publisher":"https:\/\/www.facebook.com\/people\/Notimemes-de-los-Polticos\/61565672886568\/","article_published_time":"2018-01-09T04:35:38+00:00","og_image":[{"width":200,"height":200,"url":"https:\/\/lospoliticosveracruz.com\/wp-content\/uploads\/2016\/07\/Logo-Dor.jpg","type":"image\/jpeg"}],"author":"Lo viste en Los Pol\u00edticos","twitter_card":"summary_large_image","twitter_creator":"@LosPoliticosVer","twitter_site":"@LosPoliticosVer","twitter_misc":{"Escrito por":"Lo viste en Los Pol\u00edticos","Tiempo de lectura":"4 minutos"},"schema":{"@context":"https:\/\/schema.org","@graph":[{"@type":"Article","@id":"https:\/\/lospoliticosveracruz.com\/?p=38971#article","isPartOf":{"@id":"https:\/\/lospoliticosveracruz.com\/?p=38971"},"author":{"name":"Lo viste en Los Pol\u00edticos","@id":"https:\/\/lospoliticosveracruz.com\/#\/schema\/person\/b8702bb0e538456e6efd07080bf2a4a2"},"headline":"Hip\u00f3lito&#8230; apenas empieza","datePublished":"2018-01-09T04:35:38+00:00","mainEntityOfPage":{"@id":"https:\/\/lospoliticosveracruz.com\/?p=38971"},"wordCount":872,"commentCount":0,"publisher":{"@id":"https:\/\/lospoliticosveracruz.com\/#organization"},"keywords":["Hip\u00f3lito Rodr\u00edguez Herrero","Inapam","predial","Tr\u00e1mites"],"articleSection":["De Opini\u00f3n"],"inLanguage":"es","potentialAction":[{"@type":"CommentAction","name":"Comment","target":["https:\/\/lospoliticosveracruz.com\/?p=38971#respond"]}]},{"@type":"WebPage","@id":"https:\/\/lospoliticosveracruz.com\/?p=38971","url":"https:\/\/lospoliticosveracruz.com\/?p=38971","name":"Hip\u00f3lito... apenas empieza - Los pol\u00edticos Veracruz","isPartOf":{"@id":"https:\/\/lospoliticosveracruz.com\/#website"},"datePublished":"2018-01-09T04:35:38+00:00","breadcrumb":{"@id":"https:\/\/lospoliticosveracruz.com\/?p=38971#breadcrumb"},"inLanguage":"es","potentialAction":[{"@type":"ReadAction","target":["https:\/\/lospoliticosveracruz.com\/?p=38971"]}]},{"@type":"BreadcrumbList","@id":"https:\/\/lospoliticosveracruz.com\/?p=38971#breadcrumb","itemListElement":[{"@type":"ListItem","position":1,"name":"Portada","item":"https:\/\/lospoliticosveracruz.com\/"},{"@type":"ListItem","position":2,"name":"Hip\u00f3lito&#8230; apenas empieza"}]},{"@type":"WebSite","@id":"https:\/\/lospoliticosveracruz.com\/#website","url":"https:\/\/lospoliticosveracruz.com\/","name":"Los pol\u00edticos Veracruz","description":"","publisher":{"@id":"https:\/\/lospoliticosveracruz.com\/#organization"},"potentialAction":[{"@type":"SearchAction","target":{"@type":"EntryPoint","urlTemplate":"https:\/\/lospoliticosveracruz.com\/?s={search_term_string}"},"query-input":{"@type":"PropertyValueSpecification","valueRequired":true,"valueName":"search_term_string"}}],"inLanguage":"es"},{"@type":"Organization","@id":"https:\/\/lospoliticosveracruz.com\/#organization","name":"Los pol\u00edticos Veracruz","url":"https:\/\/lospoliticosveracruz.com\/","logo":{"@type":"ImageObject","inLanguage":"es","@id":"https:\/\/lospoliticosveracruz.com\/#\/schema\/logo\/image\/","url":"https:\/\/lospoliticosveracruz.com\/wp-content\/uploads\/2025\/12\/Logo-Nuevo-LOS-POLITICOS-1.jpg","contentUrl":"https:\/\/lospoliticosveracruz.com\/wp-content\/uploads\/2025\/12\/Logo-Nuevo-LOS-POLITICOS-1.jpg","width":260,"height":70,"caption":"Los pol\u00edticos Veracruz"},"image":{"@id":"https:\/\/lospoliticosveracruz.com\/#\/schema\/logo\/image\/"},"sameAs":["https:\/\/www.facebook.com\/people\/Notimemes-de-los-Polticos\/61565672886568\/","https:\/\/x.com\/LosPoliticosVer"]},{"@type":"Person","@id":"https:\/\/lospoliticosveracruz.com\/#\/schema\/person\/b8702bb0e538456e6efd07080bf2a4a2","name":"Lo viste en Los Pol\u00edticos","image":{"@type":"ImageObject","inLanguage":"es","@id":"https:\/\/secure.gravatar.com\/avatar\/3a8de04a2656d44082be478bd6c086daa447c4651605818287b9532d3d0bd435?s=96&d=mm&r=g","url":"https:\/\/secure.gravatar.com\/avatar\/3a8de04a2656d44082be478bd6c086daa447c4651605818287b9532d3d0bd435?s=96&d=mm&r=g","contentUrl":"https:\/\/secure.gravatar.com\/avatar\/3a8de04a2656d44082be478bd6c086daa447c4651605818287b9532d3d0bd435?s=96&d=mm&r=g","caption":"Lo viste en Los Pol\u00edticos"},"url":"https:\/\/lospoliticosveracruz.com\/?author=2"}]}},"_links":{"self":[{"href":"https:\/\/lospoliticosveracruz.com\/index.php?rest_route=\/wp\/v2\/posts\/38971","targetHints":{"allow":["GET"]}}],"collection":[{"href":"https:\/\/lospoliticosveracruz.com\/index.php?rest_route=\/wp\/v2\/posts"}],"about":[{"href":"https:\/\/lospoliticosveracruz.com\/index.php?rest_route=\/wp\/v2\/types\/post"}],"author":[{"embeddable":true,"href":"https:\/\/lospoliticosveracruz.com\/index.php?rest_route=\/wp\/v2\/users\/2"}],"replies":[{"embeddable":true,"href":"https:\/\/lospoliticosveracruz.com\/index.php?rest_route=%2Fwp%2Fv2%2Fcomments&post=38971"}],"version-history":[{"count":1,"href":"https:\/\/lospoliticosveracruz.com\/index.php?rest_route=\/wp\/v2\/posts\/38971\/revisions"}],"predecessor-version":[{"id":38972,"href":"https:\/\/lospoliticosveracruz.com\/index.php?rest_route=\/wp\/v2\/posts\/38971\/revisions\/38972"}],"wp:attachment":[{"href":"https:\/\/lospoliticosveracruz.com\/index.php?rest_route=%2Fwp%2Fv2%2Fmedia&parent=38971"}],"wp:term":[{"taxonomy":"category","embeddable":true,"href":"https:\/\/lospoliticosveracruz.com\/index.php?rest_route=%2Fwp%2Fv2%2Fcategories&post=38971"},{"taxonomy":"post_tag","embeddable":true,"href":"https:\/\/lospoliticosveracruz.com\/index.php?rest_route=%2Fwp%2Fv2%2Ftags&post=38971"}],"curies":[{"name":"wp","href":"https:\/\/api.w.org\/{rel}","templated":true}]}}