{"id":38997,"date":"2018-01-09T10:00:57","date_gmt":"2018-01-09T16:00:57","guid":{"rendered":"http:\/\/www.lospoliticosveracruz.com.mx\/?p=38997"},"modified":"2018-01-09T10:00:57","modified_gmt":"2018-01-09T16:00:57","slug":"pepe-yunes-y-el-dano-de-duarte-al-pri","status":"publish","type":"post","link":"https:\/\/lospoliticosveracruz.com\/?p=38997","title":{"rendered":"Pepe Yunes y el da\u00f1o de Duarte al PRI"},"content":{"rendered":"<p class=\"x_m_853082667517091642MsoNoSpacing\"><strong>Luis Alberto Romero<\/strong><u><\/u><u><\/u><\/p>\n<p class=\"x_m_853082667517091642MsoNoSpacing\"><em>Hora Cero<\/em><\/p>\n<p class=\"x_m_853082667517091642MsoNoSpacing\"><b>\u00a0<\/b><\/p>\n<p class=\"x_m_853082667517091642MsoNoSpacing\"><b><\/b><u><\/u>\u00a0<u><\/u><\/p>\n<p class=\"x_m_853082667517091642MsoNoSpacing\">El 15 de abril de 2017, el ex gobernador de Veracruz, Javier Duarte de Ochoa, fue detenido en Guatemala. Hab\u00edan pasado casi seis meses desde que el 12 de octubre de 2016 solicit\u00f3 licencia emprendi\u00f3 la huida a bordo de un helic\u00f3ptero presuntamente facilitado por el gobierno interno encabezado por Flavino R\u00edos.<u><\/u><u><\/u><\/p>\n<p class=\"x_m_853082667517091642MsoNoSpacing\">Diez meses antes de su captura, en las elecciones del 5 de junio de 2016, Javier Duarte se convirti\u00f3 en uno de los factores que determinaron la derrota de su partido en las elecciones para gobernador del Estado.<u><\/u><u><\/u><\/p>\n<p class=\"x_m_853082667517091642MsoNoSpacing\">Se le acab\u00f3 la suerte en ese proceso electoral; y los veracruzanos le pasarron la factura por una p\u00e9sima administraci\u00f3n. Hay que recordar que durante su etapa en el gobierno estatal se dispararon los \u00edndices delictivos; la deuda asfixi\u00f3 a las dependencias estatales, al grado de que no hubo obra ni inversi\u00f3n p\u00fablica; el desaseo administrativo fue evidente; y por si fuera poco, a los ayuntamientos no les llegaron a tiempo las participaciones federales (retenidas en la Secretar\u00eda de Finanzas); y a miles de bur\u00f3cratas y pensionados les retrasaron sus pagos.<u><\/u><u><\/u><\/p>\n<p class=\"x_m_853082667517091642MsoNoSpacing\">Fue el caos provocado por el saqueo de los recursos p\u00fablicos, que caus\u00f3 una enorme irritaci\u00f3n entre los veracruzanos. Ello fue determinante para que los ciudadanos, al acudir a las urnas, buscaran una opci\u00f3n diferente a la que representaba el candidato del partido de Duarte, que fue el senador H\u00e9ctor Yunes Landa.<u><\/u><u><\/u><\/p>\n<p class=\"x_m_853082667517091642MsoNoSpacing\">Entre un amplio sector de la opini\u00f3n p\u00fablica perme\u00f3 la idea de que el factor Duarte fue determinante en la derrota del PRI en ese proceso electoral.<u><\/u><u><\/u><\/p>\n<p class=\"x_m_853082667517091642MsoNoSpacing\">Hoy, con los discursos pronunciados durante la visita del precandidato presidencial priista, Jos\u00e9 Antonio Meade, al puerto de Veracruz, queda claro que el tricolor busca un deslinde contundente del ex gobernador de la entidad, a fin de evitar que esa historia se repita.<u><\/u><u><\/u><\/p>\n<p class=\"x_m_853082667517091642MsoNoSpacing\">La intenci\u00f3n priista es impedir que se siga vinculando a Duarte con el Revolucionario Institucional y sus candidatos.<u><\/u><u><\/u><\/p>\n<p class=\"x_m_853082667517091642MsoNoSpacing\">El aspirante del PRI a la Presidencia se\u00f1al\u00f3 que a los priistas \u201cnos duele profundamente que Javier Duarte nos haya traicionado con la corrupci\u00f3n; nos duele que Javier Duarte haya lastimado nuestro prestigio; nos duele porque no nos define, no nos describe\u201d.<u><\/u><u><\/u><\/p>\n<p class=\"x_m_853082667517091642MsoNoSpacing\">Habr\u00eda que comentar que el hoy precandidato priista a gobernador, Jos\u00e9 Francisco Yunes, ha dicho en reiteradas ocasiones que nada tiene que ver con el ex ejecutivo, hoy preso en el Reclusorio Norte.<u><\/u><u><\/u><\/p>\n<p class=\"x_m_853082667517091642MsoNoSpacing\">Al iniciar octubre de 2015, si bien Yunes Zorrilla declar\u00f3 que no exist\u00edan condiciones para remover a Duarte ni para pensar en su renuncia al cargo, tambi\u00e9n se refiri\u00f3 a la distancia que le separaba del entonces ejecutivo en funciones:\u00a0\u201cHay de mi parte una desvinculaci\u00f3n total sin necesidad de caer en la estridencia\u201d, dijo el hoy senador con licencia.<u><\/u><u><\/u><\/p>\n<p class=\"x_m_853082667517091642MsoNoSpacing\">Entre la clase pol\u00edtica veracruzana se sabe que si un pol\u00edtico priista no era af\u00edn al ex gobernador, ese es Yunes Zorrilla, quien nunca mostr\u00f3 cercan\u00eda ni identificaci\u00f3n alguna con Duarte.<u><\/u><u><\/u><\/p>\n<p class=\"x_m_853082667517091642MsoNoSpacing\">El problema para el precandidato es que ante la opini\u00f3n p\u00fablica de Veracruz, sigue la percepci\u00f3n de que el ex ejecutivo estatal, del PRI, es el responsable de la crisis financiera, del saqueo y de la delincuencia desatada en el estado. Contra eso tendr\u00e1n que luchar los priistas, si no quieren ubicarse en una desfavorable posici\u00f3n en el arranque de la contienda.<u><\/u><u><\/u><\/p>\n<p class=\"x_m_853082667517091642MsoNoSpacing\">A dos a\u00f1os de su salida del gobierno del estado; y a nueve meses de su captura, el factor Duarte sigue como un pesado lastre para el PRI.<u><\/u><u><\/u><\/p>\n<p class=\"x_m_853082667517091642MsoNoSpacing\"><u><\/u>\u00a0<u><\/u><\/p>\n<p class=\"x_m_853082667517091642MsoNoSpacing\"><u><\/u>\u00a0<u><\/u><\/p>\n<p class=\"x_m_853082667517091642MsoNoSpacing\"><b>Reaparece Corintia Cruz<u><\/u><u><\/u><\/b><\/p>\n<p class=\"x_m_853082667517091642MsoNoSpacing\">Corintia Cruz Oreg\u00f3n, ex candidata a la diputaci\u00f3n local por Xalapa, uno de los cuadros del priismo m\u00e1s afines y m\u00e1s cercanos al ex gobernador Javier Duarte, reapareci\u00f3 este domingo en un evento p\u00fablico. Acudi\u00f3 al acto de Pepe Yunes y aprovech\u00f3 para posar en una selfie con Jos\u00e9 Antonio Meade.<u><\/u><u><\/u><\/p>\n<p class=\"x_m_853082667517091642MsoNoSpacing\">La foto circul\u00f3 en redes sociales y no falt\u00f3 quien dijera que con esas ayudas, el PRI no necesita adversarios. @luisromero85<\/p>\n","protected":false},"excerpt":{"rendered":"<p>Luis Alberto Romero Hora Cero \u00a0 \u00a0 El 15 de abril de 2017, el ex gobernador de Veracruz, Javier Duarte de Ochoa, fue detenido en Guatemala. Hab\u00edan pasado casi seis meses desde que el 12 de octubre de 2016 solicit\u00f3 licencia emprendi\u00f3 la huida a bordo de un helic\u00f3ptero presuntamente facilitado por el gobierno interno [&hellip;]<\/p>\n","protected":false},"author":2,"featured_media":0,"comment_status":"open","ping_status":"open","sticky":false,"template":"","format":"standard","meta":{"tdm_status":"","tdm_grid_status":"","footnotes":""},"categories":[70],"tags":[162,3433,570],"class_list":{"0":"post-38997","1":"post","2":"type-post","3":"status-publish","4":"format-standard","6":"category-de-opinion","7":"tag-javier-duarte","8":"tag-jose-antonio-meade","9":"tag-pepe-yunes"},"yoast_head":"<!-- This site is optimized with the Yoast SEO plugin v27.4 - https:\/\/yoast.com\/product\/yoast-seo-wordpress\/ -->\n<title>Pepe Yunes y el da\u00f1o de Duarte al PRI - Los pol\u00edticos Veracruz<\/title>\n<meta name=\"robots\" content=\"index, follow, max-snippet:-1, max-image-preview:large, max-video-preview:-1\" \/>\n<link rel=\"canonical\" href=\"https:\/\/lospoliticosveracruz.com\/?p=38997\" \/>\n<meta property=\"og:locale\" content=\"es_ES\" \/>\n<meta property=\"og:type\" content=\"article\" \/>\n<meta property=\"og:title\" content=\"Pepe Yunes y el da\u00f1o de Duarte al PRI - Los pol\u00edticos Veracruz\" \/>\n<meta property=\"og:description\" content=\"Luis Alberto Romero Hora Cero \u00a0 \u00a0 El 15 de abril de 2017, el ex gobernador de Veracruz, Javier Duarte de Ochoa, fue detenido en Guatemala. Hab\u00edan pasado casi seis meses desde que el 12 de octubre de 2016 solicit\u00f3 licencia emprendi\u00f3 la huida a bordo de un helic\u00f3ptero presuntamente facilitado por el gobierno interno [&hellip;]\" \/>\n<meta property=\"og:url\" content=\"https:\/\/lospoliticosveracruz.com\/?p=38997\" \/>\n<meta property=\"og:site_name\" content=\"Los pol\u00edticos Veracruz\" \/>\n<meta property=\"article:publisher\" content=\"https:\/\/www.facebook.com\/people\/Notimemes-de-los-Polticos\/61565672886568\/\" \/>\n<meta property=\"article:published_time\" content=\"2018-01-09T16:00:57+00:00\" \/>\n<meta property=\"og:image\" content=\"https:\/\/lospoliticosveracruz.com\/wp-content\/uploads\/2016\/07\/Logo-Dor.jpg\" \/>\n\t<meta property=\"og:image:width\" content=\"200\" \/>\n\t<meta property=\"og:image:height\" content=\"200\" \/>\n\t<meta property=\"og:image:type\" content=\"image\/jpeg\" \/>\n<meta name=\"author\" content=\"Lo viste en Los Pol\u00edticos\" \/>\n<meta name=\"twitter:card\" content=\"summary_large_image\" \/>\n<meta name=\"twitter:creator\" content=\"@LosPoliticosVer\" \/>\n<meta name=\"twitter:site\" content=\"@LosPoliticosVer\" \/>\n<meta name=\"twitter:label1\" content=\"Escrito por\" \/>\n\t<meta name=\"twitter:data1\" content=\"Lo viste en Los Pol\u00edticos\" \/>\n\t<meta name=\"twitter:label2\" content=\"Tiempo de lectura\" \/>\n\t<meta name=\"twitter:data2\" content=\"3 minutos\" \/>\n<script type=\"application\/ld+json\" class=\"yoast-schema-graph\">{\"@context\":\"https:\\\/\\\/schema.org\",\"@graph\":[{\"@type\":\"Article\",\"@id\":\"https:\\\/\\\/lospoliticosveracruz.com\\\/?p=38997#article\",\"isPartOf\":{\"@id\":\"https:\\\/\\\/lospoliticosveracruz.com\\\/?p=38997\"},\"author\":{\"name\":\"Lo viste en Los Pol\u00edticos\",\"@id\":\"https:\\\/\\\/lospoliticosveracruz.com\\\/#\\\/schema\\\/person\\\/b8702bb0e538456e6efd07080bf2a4a2\"},\"headline\":\"Pepe Yunes y el da\u00f1o de Duarte al PRI\",\"datePublished\":\"2018-01-09T16:00:57+00:00\",\"mainEntityOfPage\":{\"@id\":\"https:\\\/\\\/lospoliticosveracruz.com\\\/?p=38997\"},\"wordCount\":698,\"commentCount\":0,\"publisher\":{\"@id\":\"https:\\\/\\\/lospoliticosveracruz.com\\\/#organization\"},\"keywords\":[\"Javier Duarte\",\"Jos\u00e9 Antonio Meade\",\"Pepe Yunes\"],\"articleSection\":[\"De Opini\u00f3n\"],\"inLanguage\":\"es\",\"potentialAction\":[{\"@type\":\"CommentAction\",\"name\":\"Comment\",\"target\":[\"https:\\\/\\\/lospoliticosveracruz.com\\\/?p=38997#respond\"]}]},{\"@type\":\"WebPage\",\"@id\":\"https:\\\/\\\/lospoliticosveracruz.com\\\/?p=38997\",\"url\":\"https:\\\/\\\/lospoliticosveracruz.com\\\/?p=38997\",\"name\":\"Pepe Yunes y el da\u00f1o de Duarte al PRI - Los pol\u00edticos Veracruz\",\"isPartOf\":{\"@id\":\"https:\\\/\\\/lospoliticosveracruz.com\\\/#website\"},\"datePublished\":\"2018-01-09T16:00:57+00:00\",\"breadcrumb\":{\"@id\":\"https:\\\/\\\/lospoliticosveracruz.com\\\/?p=38997#breadcrumb\"},\"inLanguage\":\"es\",\"potentialAction\":[{\"@type\":\"ReadAction\",\"target\":[\"https:\\\/\\\/lospoliticosveracruz.com\\\/?p=38997\"]}]},{\"@type\":\"BreadcrumbList\",\"@id\":\"https:\\\/\\\/lospoliticosveracruz.com\\\/?p=38997#breadcrumb\",\"itemListElement\":[{\"@type\":\"ListItem\",\"position\":1,\"name\":\"Portada\",\"item\":\"https:\\\/\\\/lospoliticosveracruz.com\\\/\"},{\"@type\":\"ListItem\",\"position\":2,\"name\":\"Pepe Yunes y el da\u00f1o de Duarte al PRI\"}]},{\"@type\":\"WebSite\",\"@id\":\"https:\\\/\\\/lospoliticosveracruz.com\\\/#website\",\"url\":\"https:\\\/\\\/lospoliticosveracruz.com\\\/\",\"name\":\"Los pol\u00edticos Veracruz\",\"description\":\"\",\"publisher\":{\"@id\":\"https:\\\/\\\/lospoliticosveracruz.com\\\/#organization\"},\"potentialAction\":[{\"@type\":\"SearchAction\",\"target\":{\"@type\":\"EntryPoint\",\"urlTemplate\":\"https:\\\/\\\/lospoliticosveracruz.com\\\/?s={search_term_string}\"},\"query-input\":{\"@type\":\"PropertyValueSpecification\",\"valueRequired\":true,\"valueName\":\"search_term_string\"}}],\"inLanguage\":\"es\"},{\"@type\":\"Organization\",\"@id\":\"https:\\\/\\\/lospoliticosveracruz.com\\\/#organization\",\"name\":\"Los pol\u00edticos Veracruz\",\"url\":\"https:\\\/\\\/lospoliticosveracruz.com\\\/\",\"logo\":{\"@type\":\"ImageObject\",\"inLanguage\":\"es\",\"@id\":\"https:\\\/\\\/lospoliticosveracruz.com\\\/#\\\/schema\\\/logo\\\/image\\\/\",\"url\":\"https:\\\/\\\/lospoliticosveracruz.com\\\/wp-content\\\/uploads\\\/2025\\\/12\\\/Logo-Nuevo-LOS-POLITICOS-1.jpg\",\"contentUrl\":\"https:\\\/\\\/lospoliticosveracruz.com\\\/wp-content\\\/uploads\\\/2025\\\/12\\\/Logo-Nuevo-LOS-POLITICOS-1.jpg\",\"width\":260,\"height\":70,\"caption\":\"Los pol\u00edticos Veracruz\"},\"image\":{\"@id\":\"https:\\\/\\\/lospoliticosveracruz.com\\\/#\\\/schema\\\/logo\\\/image\\\/\"},\"sameAs\":[\"https:\\\/\\\/www.facebook.com\\\/people\\\/Notimemes-de-los-Polticos\\\/61565672886568\\\/\",\"https:\\\/\\\/x.com\\\/LosPoliticosVer\"]},{\"@type\":\"Person\",\"@id\":\"https:\\\/\\\/lospoliticosveracruz.com\\\/#\\\/schema\\\/person\\\/b8702bb0e538456e6efd07080bf2a4a2\",\"name\":\"Lo viste en Los Pol\u00edticos\",\"image\":{\"@type\":\"ImageObject\",\"inLanguage\":\"es\",\"@id\":\"https:\\\/\\\/secure.gravatar.com\\\/avatar\\\/3a8de04a2656d44082be478bd6c086daa447c4651605818287b9532d3d0bd435?s=96&d=mm&r=g\",\"url\":\"https:\\\/\\\/secure.gravatar.com\\\/avatar\\\/3a8de04a2656d44082be478bd6c086daa447c4651605818287b9532d3d0bd435?s=96&d=mm&r=g\",\"contentUrl\":\"https:\\\/\\\/secure.gravatar.com\\\/avatar\\\/3a8de04a2656d44082be478bd6c086daa447c4651605818287b9532d3d0bd435?s=96&d=mm&r=g\",\"caption\":\"Lo viste en Los Pol\u00edticos\"},\"url\":\"https:\\\/\\\/lospoliticosveracruz.com\\\/?author=2\"}]}<\/script>\n<!-- \/ Yoast SEO plugin. -->","yoast_head_json":{"title":"Pepe Yunes y el da\u00f1o de Duarte al PRI - Los pol\u00edticos Veracruz","robots":{"index":"index","follow":"follow","max-snippet":"max-snippet:-1","max-image-preview":"max-image-preview:large","max-video-preview":"max-video-preview:-1"},"canonical":"https:\/\/lospoliticosveracruz.com\/?p=38997","og_locale":"es_ES","og_type":"article","og_title":"Pepe Yunes y el da\u00f1o de Duarte al PRI - Los pol\u00edticos Veracruz","og_description":"Luis Alberto Romero Hora Cero \u00a0 \u00a0 El 15 de abril de 2017, el ex gobernador de Veracruz, Javier Duarte de Ochoa, fue detenido en Guatemala. Hab\u00edan pasado casi seis meses desde que el 12 de octubre de 2016 solicit\u00f3 licencia emprendi\u00f3 la huida a bordo de un helic\u00f3ptero presuntamente facilitado por el gobierno interno [&hellip;]","og_url":"https:\/\/lospoliticosveracruz.com\/?p=38997","og_site_name":"Los pol\u00edticos Veracruz","article_publisher":"https:\/\/www.facebook.com\/people\/Notimemes-de-los-Polticos\/61565672886568\/","article_published_time":"2018-01-09T16:00:57+00:00","og_image":[{"width":200,"height":200,"url":"https:\/\/lospoliticosveracruz.com\/wp-content\/uploads\/2016\/07\/Logo-Dor.jpg","type":"image\/jpeg"}],"author":"Lo viste en Los Pol\u00edticos","twitter_card":"summary_large_image","twitter_creator":"@LosPoliticosVer","twitter_site":"@LosPoliticosVer","twitter_misc":{"Escrito por":"Lo viste en Los Pol\u00edticos","Tiempo de lectura":"3 minutos"},"schema":{"@context":"https:\/\/schema.org","@graph":[{"@type":"Article","@id":"https:\/\/lospoliticosveracruz.com\/?p=38997#article","isPartOf":{"@id":"https:\/\/lospoliticosveracruz.com\/?p=38997"},"author":{"name":"Lo viste en Los Pol\u00edticos","@id":"https:\/\/lospoliticosveracruz.com\/#\/schema\/person\/b8702bb0e538456e6efd07080bf2a4a2"},"headline":"Pepe Yunes y el da\u00f1o de Duarte al PRI","datePublished":"2018-01-09T16:00:57+00:00","mainEntityOfPage":{"@id":"https:\/\/lospoliticosveracruz.com\/?p=38997"},"wordCount":698,"commentCount":0,"publisher":{"@id":"https:\/\/lospoliticosveracruz.com\/#organization"},"keywords":["Javier Duarte","Jos\u00e9 Antonio Meade","Pepe Yunes"],"articleSection":["De Opini\u00f3n"],"inLanguage":"es","potentialAction":[{"@type":"CommentAction","name":"Comment","target":["https:\/\/lospoliticosveracruz.com\/?p=38997#respond"]}]},{"@type":"WebPage","@id":"https:\/\/lospoliticosveracruz.com\/?p=38997","url":"https:\/\/lospoliticosveracruz.com\/?p=38997","name":"Pepe Yunes y el da\u00f1o de Duarte al PRI - Los pol\u00edticos Veracruz","isPartOf":{"@id":"https:\/\/lospoliticosveracruz.com\/#website"},"datePublished":"2018-01-09T16:00:57+00:00","breadcrumb":{"@id":"https:\/\/lospoliticosveracruz.com\/?p=38997#breadcrumb"},"inLanguage":"es","potentialAction":[{"@type":"ReadAction","target":["https:\/\/lospoliticosveracruz.com\/?p=38997"]}]},{"@type":"BreadcrumbList","@id":"https:\/\/lospoliticosveracruz.com\/?p=38997#breadcrumb","itemListElement":[{"@type":"ListItem","position":1,"name":"Portada","item":"https:\/\/lospoliticosveracruz.com\/"},{"@type":"ListItem","position":2,"name":"Pepe Yunes y el da\u00f1o de Duarte al PRI"}]},{"@type":"WebSite","@id":"https:\/\/lospoliticosveracruz.com\/#website","url":"https:\/\/lospoliticosveracruz.com\/","name":"Los pol\u00edticos Veracruz","description":"","publisher":{"@id":"https:\/\/lospoliticosveracruz.com\/#organization"},"potentialAction":[{"@type":"SearchAction","target":{"@type":"EntryPoint","urlTemplate":"https:\/\/lospoliticosveracruz.com\/?s={search_term_string}"},"query-input":{"@type":"PropertyValueSpecification","valueRequired":true,"valueName":"search_term_string"}}],"inLanguage":"es"},{"@type":"Organization","@id":"https:\/\/lospoliticosveracruz.com\/#organization","name":"Los pol\u00edticos Veracruz","url":"https:\/\/lospoliticosveracruz.com\/","logo":{"@type":"ImageObject","inLanguage":"es","@id":"https:\/\/lospoliticosveracruz.com\/#\/schema\/logo\/image\/","url":"https:\/\/lospoliticosveracruz.com\/wp-content\/uploads\/2025\/12\/Logo-Nuevo-LOS-POLITICOS-1.jpg","contentUrl":"https:\/\/lospoliticosveracruz.com\/wp-content\/uploads\/2025\/12\/Logo-Nuevo-LOS-POLITICOS-1.jpg","width":260,"height":70,"caption":"Los pol\u00edticos Veracruz"},"image":{"@id":"https:\/\/lospoliticosveracruz.com\/#\/schema\/logo\/image\/"},"sameAs":["https:\/\/www.facebook.com\/people\/Notimemes-de-los-Polticos\/61565672886568\/","https:\/\/x.com\/LosPoliticosVer"]},{"@type":"Person","@id":"https:\/\/lospoliticosveracruz.com\/#\/schema\/person\/b8702bb0e538456e6efd07080bf2a4a2","name":"Lo viste en Los Pol\u00edticos","image":{"@type":"ImageObject","inLanguage":"es","@id":"https:\/\/secure.gravatar.com\/avatar\/3a8de04a2656d44082be478bd6c086daa447c4651605818287b9532d3d0bd435?s=96&d=mm&r=g","url":"https:\/\/secure.gravatar.com\/avatar\/3a8de04a2656d44082be478bd6c086daa447c4651605818287b9532d3d0bd435?s=96&d=mm&r=g","contentUrl":"https:\/\/secure.gravatar.com\/avatar\/3a8de04a2656d44082be478bd6c086daa447c4651605818287b9532d3d0bd435?s=96&d=mm&r=g","caption":"Lo viste en Los Pol\u00edticos"},"url":"https:\/\/lospoliticosveracruz.com\/?author=2"}]}},"_links":{"self":[{"href":"https:\/\/lospoliticosveracruz.com\/index.php?rest_route=\/wp\/v2\/posts\/38997","targetHints":{"allow":["GET"]}}],"collection":[{"href":"https:\/\/lospoliticosveracruz.com\/index.php?rest_route=\/wp\/v2\/posts"}],"about":[{"href":"https:\/\/lospoliticosveracruz.com\/index.php?rest_route=\/wp\/v2\/types\/post"}],"author":[{"embeddable":true,"href":"https:\/\/lospoliticosveracruz.com\/index.php?rest_route=\/wp\/v2\/users\/2"}],"replies":[{"embeddable":true,"href":"https:\/\/lospoliticosveracruz.com\/index.php?rest_route=%2Fwp%2Fv2%2Fcomments&post=38997"}],"version-history":[{"count":1,"href":"https:\/\/lospoliticosveracruz.com\/index.php?rest_route=\/wp\/v2\/posts\/38997\/revisions"}],"predecessor-version":[{"id":38998,"href":"https:\/\/lospoliticosveracruz.com\/index.php?rest_route=\/wp\/v2\/posts\/38997\/revisions\/38998"}],"wp:attachment":[{"href":"https:\/\/lospoliticosveracruz.com\/index.php?rest_route=%2Fwp%2Fv2%2Fmedia&parent=38997"}],"wp:term":[{"taxonomy":"category","embeddable":true,"href":"https:\/\/lospoliticosveracruz.com\/index.php?rest_route=%2Fwp%2Fv2%2Fcategories&post=38997"},{"taxonomy":"post_tag","embeddable":true,"href":"https:\/\/lospoliticosveracruz.com\/index.php?rest_route=%2Fwp%2Fv2%2Ftags&post=38997"}],"curies":[{"name":"wp","href":"https:\/\/api.w.org\/{rel}","templated":true}]}}