{"id":39010,"date":"2018-01-09T22:41:48","date_gmt":"2018-01-10T04:41:48","guid":{"rendered":"http:\/\/www.lospoliticosveracruz.com.mx\/?p=39010"},"modified":"2018-01-09T22:41:48","modified_gmt":"2018-01-10T04:41:48","slug":"mas-de-134-obras-carreteras","status":"publish","type":"post","link":"https:\/\/lospoliticosveracruz.com\/?p=39010","title":{"rendered":"\u00bfM\u00e1s de 134 obras carreteras?"},"content":{"rendered":"<p dir=\"ltr\"><strong>Salvador Mu\u00f1oz<\/strong><\/p>\n<p dir=\"ltr\"><em>Los Pol\u00edticos<\/em><\/p>\n<p>&nbsp;<\/p>\n<p>&nbsp;<\/p>\n<p dir=\"ltr\">La cifra parece incre\u00edble: \u00bf134 obras carreteras para este 2018 a lo largo y ancho del estado? Si ya el n\u00famero nos parece demasiado, el reto ya no s\u00f3lo es realizarlas, sino incluso calcular concluirlas antes de finales de mayo o junio, y no, no se crea que se pretenda que tales obras tengan un impacto previo a las elecciones, lo cito en funci\u00f3n de que posterior a ese lapso que cito, se desatan los aguaceros, las lluvias, y hace imposible el avance de cualquier obra de este tipo\u2026 pongamos un ejemplo: all\u00e1 en la avenida de Encanto, a una cuadra o dos del Congreso local, hay una obra municipal que se qued\u00f3 inconclusa\u2026 la iniciaron a mediados de noviembre y ah\u00ed sigue, sin tener para cu\u00e1ndo.<\/p>\n<p dir=\"ltr\">* La flota de los diputados se agrupa en un sector del patio central de Palacio de Gobierno mientras que los alcaldes de diversas zonas del estado andan de la Ceca a la Meca buscando su lugar\u2026 los encargados de ubicarlos pasan las de Ca\u00edn porque de repente, del orden establecido pas\u00f3 al caos establecido y de plano empezaron a mover los personificadores para sentar lo m\u00e1s pronto a los ediles.<\/p>\n<p dir=\"ltr\">* Atr\u00e1s de m\u00ed, un tipo, al parecer de seguridad, le da \u201cmala espina\u201d el personal de Cometra que est\u00e1 justo a la entrada del Palacio, por las armas que cargan y la cara de pocos amigos que tienen.<\/p>\n<p dir=\"ltr\">* Reporteras llaman a Juan Manuel de Unanue para que les d\u00e9 un avance del Programa de Carreteras y de Infraestructura Urbana para el 2018\u2026 \u201cTiene celulitis\u201d, le bromean porque no deja el celular mientras avanza hacia ellas. Al saber el sentido de la entrevista, se las niega porque guarda las formas\u2026 primero, lo tiene que anunciar el Gobernador. Se retira bromeando.<\/p>\n<p dir=\"ltr\">* Son casi cinco mil millones de pesos la inversi\u00f3n en dos a\u00f1os y me sigue pareciendo incre\u00edble, lo que me deja un amargo sabor de boca: no tengo el comparativo con la administraci\u00f3n anterior o con la de Fidel Herrera, pero s\u00ed tengo presente esas carreteras inconclusas o puentes que no llevaban a ning\u00fan lado.<\/p>\n<p dir=\"ltr\">* Hablar de los tramos carreteros me ayudar\u00eda a acabar mi obligada cuartilla para el lector, pero citar\u00e9 las que me llaman mi atenci\u00f3n, por ejemplo, la reconstrucci\u00f3n de la carretera Banderilla-Misantla, 43 kil\u00f3metros, con una inversi\u00f3n de 114 millones de pesos, lo que una vez realizada permitir\u00e1 cubrir el trayecto en menos de una hora. Entonces, estimada Eleaney Sesma, ya no tendr\u00e9 pretexto \u00a1para ir a visitarte!<\/p>\n<p dir=\"ltr\">* La que m\u00e1s aplausos se llev\u00f3 estoy seguro, fue la de Xalapa-Coatepec, que seg\u00fan la Mujer, \u201co sease\u201d mi esposa, ya qued\u00f3 y a pesar de que hubo por all\u00ed quejas de que estaba \u201cresbalosa\u201d, es seguro que quienes lo dijeron, no saben manejar como Brenda Caballero\u2026 por cierto, ahora que ya est\u00e1 la carretera lista, qued\u00f3 de invitarme a desayunar y se est\u00e1 haciendo guaje. Ah, adem\u00e1s, este tramo, anunci\u00f3 el Gobernador, contar\u00e1 con arcos de seguridad y c\u00e1maras de vigilancia\u2026 \u00a1prometo saludar al pasar!<\/p>\n<p dir=\"ltr\">* Tiene a\u00f1os que no voy a Papantla y era por su carretera y lo pesado que se me hac\u00eda el trayecto\u2026 el Gobernador me asegura que de tres horas que se hace a la tierra de la vainilla, con la nueva autopista \u00a1se har\u00e1 en dos horas!<\/p>\n<p dir=\"ltr\">* Por supuesto, el Gobernador hizo un reconocimiento a la cooperaci\u00f3n de alcaldes, al trabajo de gestor\u00eda de diputados federales (quien se llev\u00f3 el chocholazo fue Julio Salda\u00f1a) as\u00ed como del Gobierno federal, tan as\u00ed, que ah\u00ed estaba presente el delegado de la SCT, Ricardo Ortiz Estrada, a quien agradeci\u00f3 el apoyo.<\/p>\n<p dir=\"ltr\">* Otra de las obras que llam\u00f3 mi atenci\u00f3n es la reparaci\u00f3n, conservaci\u00f3n, manita de gato o como quiera llamarle, de Catemaco a Monte P\u00edo\u2026 as\u00ed como la construcci\u00f3n con concreto hidr\u00e1ulico de El Ramal a El Salto de Eyipantla, en San Andr\u00e9s Tuxtla, que no recuerdo si lo digo el Gobernador o el alcalde Tavo P\u00e9rez, que partiendo de la cabecera municipal, se llegar\u00e1 en unos quince minutos o menos\u2026<\/p>\n<p dir=\"ltr\">* Quien de plano se llev\u00f3 la ma\u00f1ana entre los alcaldes que pasaron a agradecer las obras hechas y las que se han de hacer, fue el alcalde de Tezonapa, Luis Arturo S\u00e1nchez, que no s\u00e9 si agradeci\u00f3 o reclam\u00f3 que con la reconstrucci\u00f3n del camino Laguna Chica-Limonestitla, dejar\u00eda de vender refacciones, que es su negocio en ese municipio. Adem\u00e1s, pidi\u00f3 al diputado federal Julio Salda\u00f1a que se pusiera abusado para hacer flexible el ramo 033, de acuerdo a las necesidades del municipio, y acab\u00f3 evocando con un \u00e1guila, al Veracruz que pronto ha de alzar el vuelo\u2026 nom\u00e1s le falt\u00f3 cantar \u201cMovimiento Naranja \/ el futuro est\u00e1 en tus manos\u2026 nanananana nanana\u201d porque es del Movimiento Ciudadano.<br class=\"x_gmail-kix-line-break\" \/> * Y la ausencia que m\u00e1s se not\u00f3, fue la del titular de Turismo, Leopoldo Dom\u00ednguez Armengual, porque si bien es cierto, todo lo aqu\u00ed anunciado tiene que ver con el Programa de Carreteras y de Infraestructura Urbana para el 2018, despu\u00e9s de haber escuchado lo que se ha hecho en el 2017 y se pretende en el 2018, \u00a1pues se antoja viajar!<\/p>\n<p>&nbsp;<\/p>\n<p dir=\"ltr\">PD Hasta el momento, un solo ciudadano se ha inscrito para buscar el cargo de Fiscal Anticorrupci\u00f3n\u2026 \u00bfd\u00f3nde est\u00e1n los acad\u00e9micos? \u00bfd\u00f3nde est\u00e1n los ciudadanos? Pero de eso, creo que hablaremos ma\u00f1ana&#8230;<\/p>\n","protected":false},"excerpt":{"rendered":"<p>Salvador Mu\u00f1oz Los Pol\u00edticos &nbsp; &nbsp; La cifra parece incre\u00edble: \u00bf134 obras carreteras para este 2018 a lo largo y ancho del estado? Si ya el n\u00famero nos parece demasiado, el reto ya no s\u00f3lo es realizarlas, sino incluso calcular concluirlas antes de finales de mayo o junio, y no, no se crea que se [&hellip;]<\/p>\n","protected":false},"author":2,"featured_media":0,"comment_status":"open","ping_status":"open","sticky":false,"template":"","format":"standard","meta":{"tdm_status":"","tdm_grid_status":"","footnotes":""},"categories":[70],"tags":[10640,6732,428,10639],"class_list":{"0":"post-39010","1":"post","2":"type-post","3":"status-publish","4":"format-standard","6":"category-de-opinion","7":"tag-cometra","8":"tag-juan-manuel-de-unanue","9":"tag-miguel-angel-yunes-linares","10":"tag-obras-carreteras"},"yoast_head":"<!-- This site is optimized with the Yoast SEO plugin v27.4 - https:\/\/yoast.com\/product\/yoast-seo-wordpress\/ -->\n<title>\u00bfM\u00e1s de 134 obras carreteras? - Los pol\u00edticos Veracruz<\/title>\n<meta name=\"robots\" content=\"index, follow, max-snippet:-1, max-image-preview:large, max-video-preview:-1\" \/>\n<link rel=\"canonical\" href=\"https:\/\/lospoliticosveracruz.com\/?p=39010\" \/>\n<meta property=\"og:locale\" content=\"es_ES\" \/>\n<meta property=\"og:type\" content=\"article\" \/>\n<meta property=\"og:title\" content=\"\u00bfM\u00e1s de 134 obras carreteras? - Los pol\u00edticos Veracruz\" \/>\n<meta property=\"og:description\" content=\"Salvador Mu\u00f1oz Los Pol\u00edticos &nbsp; &nbsp; La cifra parece incre\u00edble: \u00bf134 obras carreteras para este 2018 a lo largo y ancho del estado? Si ya el n\u00famero nos parece demasiado, el reto ya no s\u00f3lo es realizarlas, sino incluso calcular concluirlas antes de finales de mayo o junio, y no, no se crea que se [&hellip;]\" \/>\n<meta property=\"og:url\" content=\"https:\/\/lospoliticosveracruz.com\/?p=39010\" \/>\n<meta property=\"og:site_name\" content=\"Los pol\u00edticos Veracruz\" \/>\n<meta property=\"article:publisher\" content=\"https:\/\/www.facebook.com\/people\/Notimemes-de-los-Polticos\/61565672886568\/\" \/>\n<meta property=\"article:published_time\" content=\"2018-01-10T04:41:48+00:00\" \/>\n<meta property=\"og:image\" content=\"https:\/\/lospoliticosveracruz.com\/wp-content\/uploads\/2016\/07\/Logo-Dor.jpg\" \/>\n\t<meta property=\"og:image:width\" content=\"200\" \/>\n\t<meta property=\"og:image:height\" content=\"200\" \/>\n\t<meta property=\"og:image:type\" content=\"image\/jpeg\" \/>\n<meta name=\"author\" content=\"Lo viste en Los Pol\u00edticos\" \/>\n<meta name=\"twitter:card\" content=\"summary_large_image\" \/>\n<meta name=\"twitter:creator\" content=\"@LosPoliticosVer\" \/>\n<meta name=\"twitter:site\" content=\"@LosPoliticosVer\" \/>\n<meta name=\"twitter:label1\" content=\"Escrito por\" \/>\n\t<meta name=\"twitter:data1\" content=\"Lo viste en Los Pol\u00edticos\" \/>\n\t<meta name=\"twitter:label2\" content=\"Tiempo de lectura\" \/>\n\t<meta name=\"twitter:data2\" content=\"5 minutos\" \/>\n<script type=\"application\/ld+json\" class=\"yoast-schema-graph\">{\"@context\":\"https:\\\/\\\/schema.org\",\"@graph\":[{\"@type\":\"Article\",\"@id\":\"https:\\\/\\\/lospoliticosveracruz.com\\\/?p=39010#article\",\"isPartOf\":{\"@id\":\"https:\\\/\\\/lospoliticosveracruz.com\\\/?p=39010\"},\"author\":{\"name\":\"Lo viste en Los Pol\u00edticos\",\"@id\":\"https:\\\/\\\/lospoliticosveracruz.com\\\/#\\\/schema\\\/person\\\/b8702bb0e538456e6efd07080bf2a4a2\"},\"headline\":\"\u00bfM\u00e1s de 134 obras carreteras?\",\"datePublished\":\"2018-01-10T04:41:48+00:00\",\"mainEntityOfPage\":{\"@id\":\"https:\\\/\\\/lospoliticosveracruz.com\\\/?p=39010\"},\"wordCount\":939,\"commentCount\":0,\"publisher\":{\"@id\":\"https:\\\/\\\/lospoliticosveracruz.com\\\/#organization\"},\"keywords\":[\"Cometra\",\"Juan Manuel de Unanue\",\"Miguel Angel Yunes Linares\",\"Obras carreteras\"],\"articleSection\":[\"De Opini\u00f3n\"],\"inLanguage\":\"es\",\"potentialAction\":[{\"@type\":\"CommentAction\",\"name\":\"Comment\",\"target\":[\"https:\\\/\\\/lospoliticosveracruz.com\\\/?p=39010#respond\"]}]},{\"@type\":\"WebPage\",\"@id\":\"https:\\\/\\\/lospoliticosveracruz.com\\\/?p=39010\",\"url\":\"https:\\\/\\\/lospoliticosveracruz.com\\\/?p=39010\",\"name\":\"\u00bfM\u00e1s de 134 obras carreteras? - Los pol\u00edticos Veracruz\",\"isPartOf\":{\"@id\":\"https:\\\/\\\/lospoliticosveracruz.com\\\/#website\"},\"datePublished\":\"2018-01-10T04:41:48+00:00\",\"breadcrumb\":{\"@id\":\"https:\\\/\\\/lospoliticosveracruz.com\\\/?p=39010#breadcrumb\"},\"inLanguage\":\"es\",\"potentialAction\":[{\"@type\":\"ReadAction\",\"target\":[\"https:\\\/\\\/lospoliticosveracruz.com\\\/?p=39010\"]}]},{\"@type\":\"BreadcrumbList\",\"@id\":\"https:\\\/\\\/lospoliticosveracruz.com\\\/?p=39010#breadcrumb\",\"itemListElement\":[{\"@type\":\"ListItem\",\"position\":1,\"name\":\"Portada\",\"item\":\"https:\\\/\\\/lospoliticosveracruz.com\\\/\"},{\"@type\":\"ListItem\",\"position\":2,\"name\":\"\u00bfM\u00e1s de 134 obras carreteras?\"}]},{\"@type\":\"WebSite\",\"@id\":\"https:\\\/\\\/lospoliticosveracruz.com\\\/#website\",\"url\":\"https:\\\/\\\/lospoliticosveracruz.com\\\/\",\"name\":\"Los pol\u00edticos Veracruz\",\"description\":\"\",\"publisher\":{\"@id\":\"https:\\\/\\\/lospoliticosveracruz.com\\\/#organization\"},\"potentialAction\":[{\"@type\":\"SearchAction\",\"target\":{\"@type\":\"EntryPoint\",\"urlTemplate\":\"https:\\\/\\\/lospoliticosveracruz.com\\\/?s={search_term_string}\"},\"query-input\":{\"@type\":\"PropertyValueSpecification\",\"valueRequired\":true,\"valueName\":\"search_term_string\"}}],\"inLanguage\":\"es\"},{\"@type\":\"Organization\",\"@id\":\"https:\\\/\\\/lospoliticosveracruz.com\\\/#organization\",\"name\":\"Los pol\u00edticos Veracruz\",\"url\":\"https:\\\/\\\/lospoliticosveracruz.com\\\/\",\"logo\":{\"@type\":\"ImageObject\",\"inLanguage\":\"es\",\"@id\":\"https:\\\/\\\/lospoliticosveracruz.com\\\/#\\\/schema\\\/logo\\\/image\\\/\",\"url\":\"https:\\\/\\\/lospoliticosveracruz.com\\\/wp-content\\\/uploads\\\/2025\\\/12\\\/Logo-Nuevo-LOS-POLITICOS-1.jpg\",\"contentUrl\":\"https:\\\/\\\/lospoliticosveracruz.com\\\/wp-content\\\/uploads\\\/2025\\\/12\\\/Logo-Nuevo-LOS-POLITICOS-1.jpg\",\"width\":260,\"height\":70,\"caption\":\"Los pol\u00edticos Veracruz\"},\"image\":{\"@id\":\"https:\\\/\\\/lospoliticosveracruz.com\\\/#\\\/schema\\\/logo\\\/image\\\/\"},\"sameAs\":[\"https:\\\/\\\/www.facebook.com\\\/people\\\/Notimemes-de-los-Polticos\\\/61565672886568\\\/\",\"https:\\\/\\\/x.com\\\/LosPoliticosVer\"]},{\"@type\":\"Person\",\"@id\":\"https:\\\/\\\/lospoliticosveracruz.com\\\/#\\\/schema\\\/person\\\/b8702bb0e538456e6efd07080bf2a4a2\",\"name\":\"Lo viste en Los Pol\u00edticos\",\"image\":{\"@type\":\"ImageObject\",\"inLanguage\":\"es\",\"@id\":\"https:\\\/\\\/secure.gravatar.com\\\/avatar\\\/3a8de04a2656d44082be478bd6c086daa447c4651605818287b9532d3d0bd435?s=96&d=mm&r=g\",\"url\":\"https:\\\/\\\/secure.gravatar.com\\\/avatar\\\/3a8de04a2656d44082be478bd6c086daa447c4651605818287b9532d3d0bd435?s=96&d=mm&r=g\",\"contentUrl\":\"https:\\\/\\\/secure.gravatar.com\\\/avatar\\\/3a8de04a2656d44082be478bd6c086daa447c4651605818287b9532d3d0bd435?s=96&d=mm&r=g\",\"caption\":\"Lo viste en Los Pol\u00edticos\"},\"url\":\"https:\\\/\\\/lospoliticosveracruz.com\\\/?author=2\"}]}<\/script>\n<!-- \/ Yoast SEO plugin. -->","yoast_head_json":{"title":"\u00bfM\u00e1s de 134 obras carreteras? - Los pol\u00edticos Veracruz","robots":{"index":"index","follow":"follow","max-snippet":"max-snippet:-1","max-image-preview":"max-image-preview:large","max-video-preview":"max-video-preview:-1"},"canonical":"https:\/\/lospoliticosveracruz.com\/?p=39010","og_locale":"es_ES","og_type":"article","og_title":"\u00bfM\u00e1s de 134 obras carreteras? - Los pol\u00edticos Veracruz","og_description":"Salvador Mu\u00f1oz Los Pol\u00edticos &nbsp; &nbsp; La cifra parece incre\u00edble: \u00bf134 obras carreteras para este 2018 a lo largo y ancho del estado? Si ya el n\u00famero nos parece demasiado, el reto ya no s\u00f3lo es realizarlas, sino incluso calcular concluirlas antes de finales de mayo o junio, y no, no se crea que se [&hellip;]","og_url":"https:\/\/lospoliticosveracruz.com\/?p=39010","og_site_name":"Los pol\u00edticos Veracruz","article_publisher":"https:\/\/www.facebook.com\/people\/Notimemes-de-los-Polticos\/61565672886568\/","article_published_time":"2018-01-10T04:41:48+00:00","og_image":[{"width":200,"height":200,"url":"https:\/\/lospoliticosveracruz.com\/wp-content\/uploads\/2016\/07\/Logo-Dor.jpg","type":"image\/jpeg"}],"author":"Lo viste en Los Pol\u00edticos","twitter_card":"summary_large_image","twitter_creator":"@LosPoliticosVer","twitter_site":"@LosPoliticosVer","twitter_misc":{"Escrito por":"Lo viste en Los Pol\u00edticos","Tiempo de lectura":"5 minutos"},"schema":{"@context":"https:\/\/schema.org","@graph":[{"@type":"Article","@id":"https:\/\/lospoliticosveracruz.com\/?p=39010#article","isPartOf":{"@id":"https:\/\/lospoliticosveracruz.com\/?p=39010"},"author":{"name":"Lo viste en Los Pol\u00edticos","@id":"https:\/\/lospoliticosveracruz.com\/#\/schema\/person\/b8702bb0e538456e6efd07080bf2a4a2"},"headline":"\u00bfM\u00e1s de 134 obras carreteras?","datePublished":"2018-01-10T04:41:48+00:00","mainEntityOfPage":{"@id":"https:\/\/lospoliticosveracruz.com\/?p=39010"},"wordCount":939,"commentCount":0,"publisher":{"@id":"https:\/\/lospoliticosveracruz.com\/#organization"},"keywords":["Cometra","Juan Manuel de Unanue","Miguel Angel Yunes Linares","Obras carreteras"],"articleSection":["De Opini\u00f3n"],"inLanguage":"es","potentialAction":[{"@type":"CommentAction","name":"Comment","target":["https:\/\/lospoliticosveracruz.com\/?p=39010#respond"]}]},{"@type":"WebPage","@id":"https:\/\/lospoliticosveracruz.com\/?p=39010","url":"https:\/\/lospoliticosveracruz.com\/?p=39010","name":"\u00bfM\u00e1s de 134 obras carreteras? - Los pol\u00edticos Veracruz","isPartOf":{"@id":"https:\/\/lospoliticosveracruz.com\/#website"},"datePublished":"2018-01-10T04:41:48+00:00","breadcrumb":{"@id":"https:\/\/lospoliticosveracruz.com\/?p=39010#breadcrumb"},"inLanguage":"es","potentialAction":[{"@type":"ReadAction","target":["https:\/\/lospoliticosveracruz.com\/?p=39010"]}]},{"@type":"BreadcrumbList","@id":"https:\/\/lospoliticosveracruz.com\/?p=39010#breadcrumb","itemListElement":[{"@type":"ListItem","position":1,"name":"Portada","item":"https:\/\/lospoliticosveracruz.com\/"},{"@type":"ListItem","position":2,"name":"\u00bfM\u00e1s de 134 obras carreteras?"}]},{"@type":"WebSite","@id":"https:\/\/lospoliticosveracruz.com\/#website","url":"https:\/\/lospoliticosveracruz.com\/","name":"Los pol\u00edticos Veracruz","description":"","publisher":{"@id":"https:\/\/lospoliticosveracruz.com\/#organization"},"potentialAction":[{"@type":"SearchAction","target":{"@type":"EntryPoint","urlTemplate":"https:\/\/lospoliticosveracruz.com\/?s={search_term_string}"},"query-input":{"@type":"PropertyValueSpecification","valueRequired":true,"valueName":"search_term_string"}}],"inLanguage":"es"},{"@type":"Organization","@id":"https:\/\/lospoliticosveracruz.com\/#organization","name":"Los pol\u00edticos Veracruz","url":"https:\/\/lospoliticosveracruz.com\/","logo":{"@type":"ImageObject","inLanguage":"es","@id":"https:\/\/lospoliticosveracruz.com\/#\/schema\/logo\/image\/","url":"https:\/\/lospoliticosveracruz.com\/wp-content\/uploads\/2025\/12\/Logo-Nuevo-LOS-POLITICOS-1.jpg","contentUrl":"https:\/\/lospoliticosveracruz.com\/wp-content\/uploads\/2025\/12\/Logo-Nuevo-LOS-POLITICOS-1.jpg","width":260,"height":70,"caption":"Los pol\u00edticos Veracruz"},"image":{"@id":"https:\/\/lospoliticosveracruz.com\/#\/schema\/logo\/image\/"},"sameAs":["https:\/\/www.facebook.com\/people\/Notimemes-de-los-Polticos\/61565672886568\/","https:\/\/x.com\/LosPoliticosVer"]},{"@type":"Person","@id":"https:\/\/lospoliticosveracruz.com\/#\/schema\/person\/b8702bb0e538456e6efd07080bf2a4a2","name":"Lo viste en Los Pol\u00edticos","image":{"@type":"ImageObject","inLanguage":"es","@id":"https:\/\/secure.gravatar.com\/avatar\/3a8de04a2656d44082be478bd6c086daa447c4651605818287b9532d3d0bd435?s=96&d=mm&r=g","url":"https:\/\/secure.gravatar.com\/avatar\/3a8de04a2656d44082be478bd6c086daa447c4651605818287b9532d3d0bd435?s=96&d=mm&r=g","contentUrl":"https:\/\/secure.gravatar.com\/avatar\/3a8de04a2656d44082be478bd6c086daa447c4651605818287b9532d3d0bd435?s=96&d=mm&r=g","caption":"Lo viste en Los Pol\u00edticos"},"url":"https:\/\/lospoliticosveracruz.com\/?author=2"}]}},"_links":{"self":[{"href":"https:\/\/lospoliticosveracruz.com\/index.php?rest_route=\/wp\/v2\/posts\/39010","targetHints":{"allow":["GET"]}}],"collection":[{"href":"https:\/\/lospoliticosveracruz.com\/index.php?rest_route=\/wp\/v2\/posts"}],"about":[{"href":"https:\/\/lospoliticosveracruz.com\/index.php?rest_route=\/wp\/v2\/types\/post"}],"author":[{"embeddable":true,"href":"https:\/\/lospoliticosveracruz.com\/index.php?rest_route=\/wp\/v2\/users\/2"}],"replies":[{"embeddable":true,"href":"https:\/\/lospoliticosveracruz.com\/index.php?rest_route=%2Fwp%2Fv2%2Fcomments&post=39010"}],"version-history":[{"count":2,"href":"https:\/\/lospoliticosveracruz.com\/index.php?rest_route=\/wp\/v2\/posts\/39010\/revisions"}],"predecessor-version":[{"id":39012,"href":"https:\/\/lospoliticosveracruz.com\/index.php?rest_route=\/wp\/v2\/posts\/39010\/revisions\/39012"}],"wp:attachment":[{"href":"https:\/\/lospoliticosveracruz.com\/index.php?rest_route=%2Fwp%2Fv2%2Fmedia&parent=39010"}],"wp:term":[{"taxonomy":"category","embeddable":true,"href":"https:\/\/lospoliticosveracruz.com\/index.php?rest_route=%2Fwp%2Fv2%2Fcategories&post=39010"},{"taxonomy":"post_tag","embeddable":true,"href":"https:\/\/lospoliticosveracruz.com\/index.php?rest_route=%2Fwp%2Fv2%2Ftags&post=39010"}],"curies":[{"name":"wp","href":"https:\/\/api.w.org\/{rel}","templated":true}]}}