{"id":39138,"date":"2018-01-15T22:45:52","date_gmt":"2018-01-16T04:45:52","guid":{"rendered":"http:\/\/www.lospoliticosveracruz.com.mx\/?p=39138"},"modified":"2018-01-15T22:45:52","modified_gmt":"2018-01-16T04:45:52","slug":"americo-cruz-azul-o-el-pri","status":"publish","type":"post","link":"https:\/\/lospoliticosveracruz.com\/?p=39138","title":{"rendered":"Am\u00e9rico: Cruz Azul o el PRI"},"content":{"rendered":"<p><strong>Salvador Mu\u00f1oz<\/strong><\/p>\n<p><em>Los Pol\u00edticos<\/em><\/p>\n<p>&nbsp;<\/p>\n<p>El arribo de Am\u00e9rico Z\u00fa\u00f1iga a la cabecera del PRI estatal no s\u00f3lo estaba cantado, sino que ahora se est\u00e1 en espera de que ello permita al partido dejar a un lado la tibieza en su papel de oposici\u00f3n y perme\u00e9 de tal car\u00e1cter, a las dem\u00e1s entidades que visten de tricolor en sus diversas instancias donde representan a un determinado sector de la sociedad.<\/p>\n<p>Cuando se dice que el PRI asuma el papel de oposici\u00f3n, uno no pretende que el partido salga al balc\u00f3n a despotricar porque s\u00ed en contra del Sistema en el poder, sino que esgrime argumentos y tesis, as\u00ed como propuestas. Al menos en ese plano, Am\u00e9rico ya marc\u00f3 la pauta: no montarse en la violencia en aras de jalar votos, pero s\u00ed se\u00f1alar la necesidad de estrategias contra la inseguridad que se reflejen en el sosiego y tranquilidad de una sociedad que en su mayor\u00eda, apuesta por la paz incluso, hasta pol\u00edtica.<\/p>\n<p>Cuando se espera que ese car\u00e1cter que exhibe Am\u00e9rico impregne al resto de los investidos en los colores del PRI, uno quisiera ver entonces que los diputados locales, tanto del partido como del Verde, no esperen la tribuna para hablar en el desierto, sino que se vuelvan activos y que desde sus distritos, marquen agenda, generen informaci\u00f3n (que no nota) y adem\u00e1s de criticar, propongan respuestas y hacer gestor\u00eda, que permita al ciudadano dejar s\u00f3lo ser quien viva, resienta, sufra un problema, para que pase a ser parte activa de la soluci\u00f3n.<\/p>\n<p>Similar papel debieran hacer los diputados federales, \u00e9sos mismos que envalentonados en la figura de su entonces Jefe Pol\u00edtico, arremet\u00edan contra el entonces candidato, el entonces Gobernador electo, pero callaron ante el actual mandatario estatal.<\/p>\n<p>No se ven, no se escuchan, no hacen ruido en lo que se refiere al papel de oposici\u00f3n que debieran estar haciendo aprovechando la m\u00e1xima tribuna que les da el estar en San L\u00e1zaro&#8230; pero de esos 18 que presum\u00edan ser el Jarocho Power, todos han hecho mutis. Ser\u00eda injusto no decir que hay quienes al menos se esmeran en labores de gestor\u00eda y de los que al menos uno tiene conocimiento, se podr\u00eda citar a Jorge Carvallo, Noem\u00ed Guzm\u00e1n, Adolfo Mota y Miguel \u00c1ngel Sedas Castro.<\/p>\n<p>En lo que se refiere al Senado, el silencio de H\u00e9ctor se entiende&#8230; ten\u00eda que bajarle el tono a sus observaciones contra su propio primo y adem\u00e1s, a su actividad en las redes como tambi\u00e9n en su labor de gestor\u00eda. De no hacerlo, se podr\u00eda correr el riesgo de que destaque m\u00e1s que su candidato a la Gubernatura.<\/p>\n<p>Am\u00e9rico viene a significar para el PRI un tanque de ox\u00edgeno puro, y en especial para aquella militancia que se prende a los colores con pasi\u00f3n, misma que a veces no se percibe reflejada en sus l\u00edderes.<\/p>\n<p>Podemos decir que Am\u00e9rico inicia la dirigencia con el pie derecho donde fue bien acogido por la militancia, tanto aquella calificada como \u201clos mismos de siempre\u201d, como \u201cla de a pie\u201d, sin olvidar a la generaci\u00f3n perdida entre el fidelato y el duartismo y sepultada por el actuar de los ni\u00f1os fieles.<\/p>\n<p>Lo curioso de Am\u00e9rico, es que sale de Presidente (municipal) para entrar como Presidente (de partido)&#8230; claro, sus circunstancias son extraordinarias, aunque no s\u00e9 si peores o en igualdad de condiciones que las de Renato Alarc\u00f3n Guevara, pero su dirigencia est\u00e1 caracterizada por un caso sin igual: el PRI lleva al candidato catalogado como \u201cel m\u00e1s honesto\u201d, no s\u00f3lo dentro del tricolor, sino por encima de sus contendientes Miguel \u00c1ngel Yunes M\u00e1rquez y Cuitl\u00e1huac Garc\u00eda y sin embargo, la posibilidad de un triunfo se antoja m\u00e1s a un milagro, que a un viso de democracia\u2026 todav\u00eda peor, hay quienes apuestan a que es m\u00e1s f\u00e1cil que esta temporada sea m\u00e1s f\u00e1cil que Cruz Azul sea campe\u00f3n, que el PRI gane en Veracruz. \u00bfUsted qu\u00e9 apuesta?<\/p>\n<p>smcainito@gmail.com<\/p>\n<p>&nbsp;<\/p>\n","protected":false},"excerpt":{"rendered":"<p>Salvador Mu\u00f1oz Los Pol\u00edticos &nbsp; El arribo de Am\u00e9rico Z\u00fa\u00f1iga a la cabecera del PRI estatal no s\u00f3lo estaba cantado, sino que ahora se est\u00e1 en espera de que ello permita al partido dejar a un lado la tibieza en su papel de oposici\u00f3n y perme\u00e9 de tal car\u00e1cter, a las dem\u00e1s entidades que visten [&hellip;]<\/p>\n","protected":false},"author":2,"featured_media":0,"comment_status":"open","ping_status":"open","sticky":false,"template":"","format":"standard","meta":{"tdm_status":"","tdm_grid_status":"","footnotes":""},"categories":[70],"tags":[483,348,1111,1238,1072,251],"class_list":{"0":"post-39138","1":"post","2":"type-post","3":"status-publish","4":"format-standard","6":"category-de-opinion","7":"tag-americo-zuniga","8":"tag-hector-yunes-landa","9":"tag-jorge-carvallo","10":"tag-miguel-angel-sedas-castro","11":"tag-noemi-guzman","12":"tag-pri"},"yoast_head":"<!-- This site is optimized with the Yoast SEO plugin v27.4 - https:\/\/yoast.com\/product\/yoast-seo-wordpress\/ -->\n<title>Am\u00e9rico: Cruz Azul o el PRI - Los pol\u00edticos Veracruz<\/title>\n<meta name=\"robots\" content=\"index, follow, max-snippet:-1, max-image-preview:large, max-video-preview:-1\" \/>\n<link rel=\"canonical\" href=\"https:\/\/lospoliticosveracruz.com\/?p=39138\" \/>\n<meta property=\"og:locale\" content=\"es_ES\" \/>\n<meta property=\"og:type\" content=\"article\" \/>\n<meta property=\"og:title\" content=\"Am\u00e9rico: Cruz Azul o el PRI - Los pol\u00edticos Veracruz\" \/>\n<meta property=\"og:description\" content=\"Salvador Mu\u00f1oz Los Pol\u00edticos &nbsp; El arribo de Am\u00e9rico Z\u00fa\u00f1iga a la cabecera del PRI estatal no s\u00f3lo estaba cantado, sino que ahora se est\u00e1 en espera de que ello permita al partido dejar a un lado la tibieza en su papel de oposici\u00f3n y perme\u00e9 de tal car\u00e1cter, a las dem\u00e1s entidades que visten [&hellip;]\" \/>\n<meta property=\"og:url\" content=\"https:\/\/lospoliticosveracruz.com\/?p=39138\" \/>\n<meta property=\"og:site_name\" content=\"Los pol\u00edticos Veracruz\" \/>\n<meta property=\"article:publisher\" content=\"https:\/\/www.facebook.com\/people\/Notimemes-de-los-Polticos\/61565672886568\/\" \/>\n<meta property=\"article:published_time\" content=\"2018-01-16T04:45:52+00:00\" \/>\n<meta property=\"og:image\" content=\"https:\/\/lospoliticosveracruz.com\/wp-content\/uploads\/2016\/07\/Logo-Dor.jpg\" \/>\n\t<meta property=\"og:image:width\" content=\"200\" \/>\n\t<meta property=\"og:image:height\" content=\"200\" \/>\n\t<meta property=\"og:image:type\" content=\"image\/jpeg\" \/>\n<meta name=\"author\" content=\"Lo viste en Los Pol\u00edticos\" \/>\n<meta name=\"twitter:card\" content=\"summary_large_image\" \/>\n<meta name=\"twitter:creator\" content=\"@LosPoliticosVer\" \/>\n<meta name=\"twitter:site\" content=\"@LosPoliticosVer\" \/>\n<meta name=\"twitter:label1\" content=\"Escrito por\" \/>\n\t<meta name=\"twitter:data1\" content=\"Lo viste en Los Pol\u00edticos\" \/>\n\t<meta name=\"twitter:label2\" content=\"Tiempo de lectura\" \/>\n\t<meta name=\"twitter:data2\" content=\"4 minutos\" \/>\n<script type=\"application\/ld+json\" class=\"yoast-schema-graph\">{\"@context\":\"https:\\\/\\\/schema.org\",\"@graph\":[{\"@type\":\"Article\",\"@id\":\"https:\\\/\\\/lospoliticosveracruz.com\\\/?p=39138#article\",\"isPartOf\":{\"@id\":\"https:\\\/\\\/lospoliticosveracruz.com\\\/?p=39138\"},\"author\":{\"name\":\"Lo viste en Los Pol\u00edticos\",\"@id\":\"https:\\\/\\\/lospoliticosveracruz.com\\\/#\\\/schema\\\/person\\\/b8702bb0e538456e6efd07080bf2a4a2\"},\"headline\":\"Am\u00e9rico: Cruz Azul o el PRI\",\"datePublished\":\"2018-01-16T04:45:52+00:00\",\"mainEntityOfPage\":{\"@id\":\"https:\\\/\\\/lospoliticosveracruz.com\\\/?p=39138\"},\"wordCount\":717,\"commentCount\":0,\"publisher\":{\"@id\":\"https:\\\/\\\/lospoliticosveracruz.com\\\/#organization\"},\"keywords\":[\"Am\u00e9rico Z\u00fa\u00f1iga\",\"H\u00e9ctor Yunes Landa\",\"Jorge Carvallo\",\"Miguel \u00c1ngel Sedas Castro\",\"Noem\u00ed Guzm\u00e1n\",\"PRI\"],\"articleSection\":[\"De Opini\u00f3n\"],\"inLanguage\":\"es\",\"potentialAction\":[{\"@type\":\"CommentAction\",\"name\":\"Comment\",\"target\":[\"https:\\\/\\\/lospoliticosveracruz.com\\\/?p=39138#respond\"]}]},{\"@type\":\"WebPage\",\"@id\":\"https:\\\/\\\/lospoliticosveracruz.com\\\/?p=39138\",\"url\":\"https:\\\/\\\/lospoliticosveracruz.com\\\/?p=39138\",\"name\":\"Am\u00e9rico: Cruz Azul o el PRI - Los pol\u00edticos Veracruz\",\"isPartOf\":{\"@id\":\"https:\\\/\\\/lospoliticosveracruz.com\\\/#website\"},\"datePublished\":\"2018-01-16T04:45:52+00:00\",\"breadcrumb\":{\"@id\":\"https:\\\/\\\/lospoliticosveracruz.com\\\/?p=39138#breadcrumb\"},\"inLanguage\":\"es\",\"potentialAction\":[{\"@type\":\"ReadAction\",\"target\":[\"https:\\\/\\\/lospoliticosveracruz.com\\\/?p=39138\"]}]},{\"@type\":\"BreadcrumbList\",\"@id\":\"https:\\\/\\\/lospoliticosveracruz.com\\\/?p=39138#breadcrumb\",\"itemListElement\":[{\"@type\":\"ListItem\",\"position\":1,\"name\":\"Portada\",\"item\":\"https:\\\/\\\/lospoliticosveracruz.com\\\/\"},{\"@type\":\"ListItem\",\"position\":2,\"name\":\"Am\u00e9rico: Cruz Azul o el PRI\"}]},{\"@type\":\"WebSite\",\"@id\":\"https:\\\/\\\/lospoliticosveracruz.com\\\/#website\",\"url\":\"https:\\\/\\\/lospoliticosveracruz.com\\\/\",\"name\":\"Los pol\u00edticos Veracruz\",\"description\":\"\",\"publisher\":{\"@id\":\"https:\\\/\\\/lospoliticosveracruz.com\\\/#organization\"},\"potentialAction\":[{\"@type\":\"SearchAction\",\"target\":{\"@type\":\"EntryPoint\",\"urlTemplate\":\"https:\\\/\\\/lospoliticosveracruz.com\\\/?s={search_term_string}\"},\"query-input\":{\"@type\":\"PropertyValueSpecification\",\"valueRequired\":true,\"valueName\":\"search_term_string\"}}],\"inLanguage\":\"es\"},{\"@type\":\"Organization\",\"@id\":\"https:\\\/\\\/lospoliticosveracruz.com\\\/#organization\",\"name\":\"Los pol\u00edticos Veracruz\",\"url\":\"https:\\\/\\\/lospoliticosveracruz.com\\\/\",\"logo\":{\"@type\":\"ImageObject\",\"inLanguage\":\"es\",\"@id\":\"https:\\\/\\\/lospoliticosveracruz.com\\\/#\\\/schema\\\/logo\\\/image\\\/\",\"url\":\"https:\\\/\\\/lospoliticosveracruz.com\\\/wp-content\\\/uploads\\\/2025\\\/12\\\/Logo-Nuevo-LOS-POLITICOS-1.jpg\",\"contentUrl\":\"https:\\\/\\\/lospoliticosveracruz.com\\\/wp-content\\\/uploads\\\/2025\\\/12\\\/Logo-Nuevo-LOS-POLITICOS-1.jpg\",\"width\":260,\"height\":70,\"caption\":\"Los pol\u00edticos Veracruz\"},\"image\":{\"@id\":\"https:\\\/\\\/lospoliticosveracruz.com\\\/#\\\/schema\\\/logo\\\/image\\\/\"},\"sameAs\":[\"https:\\\/\\\/www.facebook.com\\\/people\\\/Notimemes-de-los-Polticos\\\/61565672886568\\\/\",\"https:\\\/\\\/x.com\\\/LosPoliticosVer\"]},{\"@type\":\"Person\",\"@id\":\"https:\\\/\\\/lospoliticosveracruz.com\\\/#\\\/schema\\\/person\\\/b8702bb0e538456e6efd07080bf2a4a2\",\"name\":\"Lo viste en Los Pol\u00edticos\",\"image\":{\"@type\":\"ImageObject\",\"inLanguage\":\"es\",\"@id\":\"https:\\\/\\\/secure.gravatar.com\\\/avatar\\\/3a8de04a2656d44082be478bd6c086daa447c4651605818287b9532d3d0bd435?s=96&d=mm&r=g\",\"url\":\"https:\\\/\\\/secure.gravatar.com\\\/avatar\\\/3a8de04a2656d44082be478bd6c086daa447c4651605818287b9532d3d0bd435?s=96&d=mm&r=g\",\"contentUrl\":\"https:\\\/\\\/secure.gravatar.com\\\/avatar\\\/3a8de04a2656d44082be478bd6c086daa447c4651605818287b9532d3d0bd435?s=96&d=mm&r=g\",\"caption\":\"Lo viste en Los Pol\u00edticos\"},\"url\":\"https:\\\/\\\/lospoliticosveracruz.com\\\/?author=2\"}]}<\/script>\n<!-- \/ Yoast SEO plugin. -->","yoast_head_json":{"title":"Am\u00e9rico: Cruz Azul o el PRI - Los pol\u00edticos Veracruz","robots":{"index":"index","follow":"follow","max-snippet":"max-snippet:-1","max-image-preview":"max-image-preview:large","max-video-preview":"max-video-preview:-1"},"canonical":"https:\/\/lospoliticosveracruz.com\/?p=39138","og_locale":"es_ES","og_type":"article","og_title":"Am\u00e9rico: Cruz Azul o el PRI - Los pol\u00edticos Veracruz","og_description":"Salvador Mu\u00f1oz Los Pol\u00edticos &nbsp; El arribo de Am\u00e9rico Z\u00fa\u00f1iga a la cabecera del PRI estatal no s\u00f3lo estaba cantado, sino que ahora se est\u00e1 en espera de que ello permita al partido dejar a un lado la tibieza en su papel de oposici\u00f3n y perme\u00e9 de tal car\u00e1cter, a las dem\u00e1s entidades que visten [&hellip;]","og_url":"https:\/\/lospoliticosveracruz.com\/?p=39138","og_site_name":"Los pol\u00edticos Veracruz","article_publisher":"https:\/\/www.facebook.com\/people\/Notimemes-de-los-Polticos\/61565672886568\/","article_published_time":"2018-01-16T04:45:52+00:00","og_image":[{"width":200,"height":200,"url":"https:\/\/lospoliticosveracruz.com\/wp-content\/uploads\/2016\/07\/Logo-Dor.jpg","type":"image\/jpeg"}],"author":"Lo viste en Los Pol\u00edticos","twitter_card":"summary_large_image","twitter_creator":"@LosPoliticosVer","twitter_site":"@LosPoliticosVer","twitter_misc":{"Escrito por":"Lo viste en Los Pol\u00edticos","Tiempo de lectura":"4 minutos"},"schema":{"@context":"https:\/\/schema.org","@graph":[{"@type":"Article","@id":"https:\/\/lospoliticosveracruz.com\/?p=39138#article","isPartOf":{"@id":"https:\/\/lospoliticosveracruz.com\/?p=39138"},"author":{"name":"Lo viste en Los Pol\u00edticos","@id":"https:\/\/lospoliticosveracruz.com\/#\/schema\/person\/b8702bb0e538456e6efd07080bf2a4a2"},"headline":"Am\u00e9rico: Cruz Azul o el PRI","datePublished":"2018-01-16T04:45:52+00:00","mainEntityOfPage":{"@id":"https:\/\/lospoliticosveracruz.com\/?p=39138"},"wordCount":717,"commentCount":0,"publisher":{"@id":"https:\/\/lospoliticosveracruz.com\/#organization"},"keywords":["Am\u00e9rico Z\u00fa\u00f1iga","H\u00e9ctor Yunes Landa","Jorge Carvallo","Miguel \u00c1ngel Sedas Castro","Noem\u00ed Guzm\u00e1n","PRI"],"articleSection":["De Opini\u00f3n"],"inLanguage":"es","potentialAction":[{"@type":"CommentAction","name":"Comment","target":["https:\/\/lospoliticosveracruz.com\/?p=39138#respond"]}]},{"@type":"WebPage","@id":"https:\/\/lospoliticosveracruz.com\/?p=39138","url":"https:\/\/lospoliticosveracruz.com\/?p=39138","name":"Am\u00e9rico: Cruz Azul o el PRI - Los pol\u00edticos Veracruz","isPartOf":{"@id":"https:\/\/lospoliticosveracruz.com\/#website"},"datePublished":"2018-01-16T04:45:52+00:00","breadcrumb":{"@id":"https:\/\/lospoliticosveracruz.com\/?p=39138#breadcrumb"},"inLanguage":"es","potentialAction":[{"@type":"ReadAction","target":["https:\/\/lospoliticosveracruz.com\/?p=39138"]}]},{"@type":"BreadcrumbList","@id":"https:\/\/lospoliticosveracruz.com\/?p=39138#breadcrumb","itemListElement":[{"@type":"ListItem","position":1,"name":"Portada","item":"https:\/\/lospoliticosveracruz.com\/"},{"@type":"ListItem","position":2,"name":"Am\u00e9rico: Cruz Azul o el PRI"}]},{"@type":"WebSite","@id":"https:\/\/lospoliticosveracruz.com\/#website","url":"https:\/\/lospoliticosveracruz.com\/","name":"Los pol\u00edticos Veracruz","description":"","publisher":{"@id":"https:\/\/lospoliticosveracruz.com\/#organization"},"potentialAction":[{"@type":"SearchAction","target":{"@type":"EntryPoint","urlTemplate":"https:\/\/lospoliticosveracruz.com\/?s={search_term_string}"},"query-input":{"@type":"PropertyValueSpecification","valueRequired":true,"valueName":"search_term_string"}}],"inLanguage":"es"},{"@type":"Organization","@id":"https:\/\/lospoliticosveracruz.com\/#organization","name":"Los pol\u00edticos Veracruz","url":"https:\/\/lospoliticosveracruz.com\/","logo":{"@type":"ImageObject","inLanguage":"es","@id":"https:\/\/lospoliticosveracruz.com\/#\/schema\/logo\/image\/","url":"https:\/\/lospoliticosveracruz.com\/wp-content\/uploads\/2025\/12\/Logo-Nuevo-LOS-POLITICOS-1.jpg","contentUrl":"https:\/\/lospoliticosveracruz.com\/wp-content\/uploads\/2025\/12\/Logo-Nuevo-LOS-POLITICOS-1.jpg","width":260,"height":70,"caption":"Los pol\u00edticos Veracruz"},"image":{"@id":"https:\/\/lospoliticosveracruz.com\/#\/schema\/logo\/image\/"},"sameAs":["https:\/\/www.facebook.com\/people\/Notimemes-de-los-Polticos\/61565672886568\/","https:\/\/x.com\/LosPoliticosVer"]},{"@type":"Person","@id":"https:\/\/lospoliticosveracruz.com\/#\/schema\/person\/b8702bb0e538456e6efd07080bf2a4a2","name":"Lo viste en Los Pol\u00edticos","image":{"@type":"ImageObject","inLanguage":"es","@id":"https:\/\/secure.gravatar.com\/avatar\/3a8de04a2656d44082be478bd6c086daa447c4651605818287b9532d3d0bd435?s=96&d=mm&r=g","url":"https:\/\/secure.gravatar.com\/avatar\/3a8de04a2656d44082be478bd6c086daa447c4651605818287b9532d3d0bd435?s=96&d=mm&r=g","contentUrl":"https:\/\/secure.gravatar.com\/avatar\/3a8de04a2656d44082be478bd6c086daa447c4651605818287b9532d3d0bd435?s=96&d=mm&r=g","caption":"Lo viste en Los Pol\u00edticos"},"url":"https:\/\/lospoliticosveracruz.com\/?author=2"}]}},"_links":{"self":[{"href":"https:\/\/lospoliticosveracruz.com\/index.php?rest_route=\/wp\/v2\/posts\/39138","targetHints":{"allow":["GET"]}}],"collection":[{"href":"https:\/\/lospoliticosveracruz.com\/index.php?rest_route=\/wp\/v2\/posts"}],"about":[{"href":"https:\/\/lospoliticosveracruz.com\/index.php?rest_route=\/wp\/v2\/types\/post"}],"author":[{"embeddable":true,"href":"https:\/\/lospoliticosveracruz.com\/index.php?rest_route=\/wp\/v2\/users\/2"}],"replies":[{"embeddable":true,"href":"https:\/\/lospoliticosveracruz.com\/index.php?rest_route=%2Fwp%2Fv2%2Fcomments&post=39138"}],"version-history":[{"count":1,"href":"https:\/\/lospoliticosveracruz.com\/index.php?rest_route=\/wp\/v2\/posts\/39138\/revisions"}],"predecessor-version":[{"id":39139,"href":"https:\/\/lospoliticosveracruz.com\/index.php?rest_route=\/wp\/v2\/posts\/39138\/revisions\/39139"}],"wp:attachment":[{"href":"https:\/\/lospoliticosveracruz.com\/index.php?rest_route=%2Fwp%2Fv2%2Fmedia&parent=39138"}],"wp:term":[{"taxonomy":"category","embeddable":true,"href":"https:\/\/lospoliticosveracruz.com\/index.php?rest_route=%2Fwp%2Fv2%2Fcategories&post=39138"},{"taxonomy":"post_tag","embeddable":true,"href":"https:\/\/lospoliticosveracruz.com\/index.php?rest_route=%2Fwp%2Fv2%2Ftags&post=39138"}],"curies":[{"name":"wp","href":"https:\/\/api.w.org\/{rel}","templated":true}]}}