{"id":39222,"date":"2018-01-19T10:52:50","date_gmt":"2018-01-19T16:52:50","guid":{"rendered":"http:\/\/www.lospoliticosveracruz.com.mx\/?p=39222"},"modified":"2018-01-19T10:52:50","modified_gmt":"2018-01-19T16:52:50","slug":"incertidumbre-por-designacion-de-candidatos-a-diputados","status":"publish","type":"post","link":"https:\/\/lospoliticosveracruz.com\/?p=39222","title":{"rendered":"Incertidumbre por designaci\u00f3n de candidatos a Diputados"},"content":{"rendered":"<p class=\"x_MsoNormal\" style=\"text-align: left;\" align=\"center\"><b><\/b><b>Oscar Coria Reyes<u><\/u><\/b><\/p>\n<p class=\"x_MsoNormal\" style=\"text-align: left;\" align=\"center\"><em>En Contraparte<\/em><\/p>\n<p class=\"x_MsoNormal\" align=\"center\">\n<p class=\"x_MsoNormal\" style=\"text-align: left;\" align=\"center\"><b><\/b><u><\/u>\u00a0<u><\/u><\/p>\n<p class=\"x_MsoNormal\">Aun cuando ya est\u00e1n definidos los que ser\u00e1n los virtuales candidatos a Gobernador por los diferentes partidos y alianzas; hay un tema que preocupa y ocupa a los diversos simpatizantes y militantes de los partidos, en especial a aquellos que aspiran a ser los abanderados a las diputaciones federales y locales, en virtud de que a la fecha no hay \u201chumo blanco\u201d en cuanto quienes ser\u00e1n los ungidos.<\/p>\n<p class=\"x_MsoNormal\">En el caso del Partido Revolucionario Institucional, este mi\u00e9rcoles 17 de enero ya hizo p\u00fablica su convocatoria para la selecci\u00f3n de sus candidatos a Diputados Federales, estableciendo como fecha para su registro el 27 de enero, con la salvedad de cumplir previamente con una serie de requisitos ante la Comisi\u00f3n Nacional de Procesos Internos, de igual forma se se\u00f1ala como fecha l\u00edmite para definir las Candidaturas el 16 de febrero.<\/p>\n<p class=\"x_MsoNormal\">Mientras que el Partido Acci\u00f3n Nacional, hizo p\u00fablica su \u201cinvitaci\u00f3n\u201d a todos aquellos que aspiren a participar en el proceso de selecci\u00f3n el pasado 10 de enero, se\u00f1alando como fecha de inicio para recepci\u00f3n de las solicitudes de registro el 11 de enero y hasta la fecha del termino de las precampa\u00f1as el 11 de febrero, se\u00f1alando que una vez recibida la informaci\u00f3n correspondiente, la Comisi\u00f3n Organizadora Electoral Nacional, en un periodo no mayor a 48 horas, declarar\u00e1 la procedencia o improcedencia del registro presentado, y publicar\u00e1 los resultados en los estrados f\u00edsicos y electr\u00f3nicos del Comit\u00e9 Ejecutivo Nacional y del Comit\u00e9 Directivo Estatal.<\/p>\n<p class=\"x_MsoNormal\">Acci\u00f3n Nacional establece en su \u201cinvitaci\u00f3n\u201d que se regir\u00e1 en base a sus lineamientos internos, para la selecci\u00f3n de sus candidatos, entre los que sabemos esta la designaci\u00f3n directa.<u><\/u><u><\/u><\/p>\n<p class=\"x_MsoNormal\"><u><\/u>\u00a0<u><\/u><\/p>\n<p class=\"x_MsoNormal\">Mientras que, en la convocatoria emitida por Morena desde noviembre del a\u00f1o pasado, los procedimientos no son del todo claros, destacando que se pueden reservar distritos para \u201cexternos\u201d, en donde no habr\u00e1 votaci\u00f3n para elegir propuestas de aspirantes a Diputados.<u><\/u><u><\/u><\/p>\n<p class=\"x_MsoNormal\"><u><\/u>\u00a0<u><\/u><\/p>\n<p class=\"x_MsoNormal\">Situaci\u00f3n que ha generado cierto escozor entre sus \u201cprotagonistas\u201d (as\u00ed se definen ellos), puesto que no les dan oportunidad alguna de participar en busca de una candidatura, dejando de lado los procesos democr\u00e1ticos.<u><\/u><u><\/u><\/p>\n<p class=\"x_MsoNormal\"><u><\/u>\u00a0<u><\/u><\/p>\n<p class=\"x_MsoNormal\">Ya una vez definidas las candidaturas para Diputados federales, los partidos y alianzas, tendr\u00e1n del 11 al 29 de marzo para realizar el correspondiente registro de sus candidatos.<u><\/u><u><\/u><\/p>\n<p class=\"x_MsoNormal\"><u><\/u>\u00a0<u><\/u><\/p>\n<p class=\"x_MsoNormal\">Mientras que, en el proceso local, el \u00fanico con convocatoria definida (ya que usa la misma que la federal) es Morena, mientras que el PRI y PAN est\u00e1n definiendo sus procesos internos, tomando en cuenta que los partidos ligados a las respectivas coaliciones, como el PRD, PVEM, Movimiento Ciudadano, PES y PT; suponemos estar\u00edan tomando los mismos esquemas que quienes encabezan las coaliciones.<u><\/u><u><\/u><\/p>\n<p class=\"x_MsoNormal\"><u><\/u>\u00a0<u><\/u><\/p>\n<p class=\"x_MsoNormal\">Ante lo anterior hay que dejar en claro que el \u00f3rgano electoral responsable, establece que como fecha l\u00edmite para registrar a sus candidatos a Diputados Locales, seg\u00fan acuerdo OPLEV-CG243-2017, ser\u00eda el 14 de abril, por lo cual a\u00fan hay mucha tela de donde cortar hasta esa fecha.<\/p>\n<p class=\"x_MsoNormal\">Es por ello que, al no estar claro quien o quienes encabezaran las formulas en cada uno de los distritos, que se genera un gran descontrol de manera interna, ya que la militancia y simpatizantes de los partidos, se sienten como \u201cno tomados en cuenta\u201d, ya que no se les permite participar de manera directa en la selecci\u00f3n de sus candidatos, lo cual se ha visto reflejado en campa\u00f1as anteriores, con la poca participaci\u00f3n de los simpatizantes o con la emigraci\u00f3n hacia otros partidos, y, lo m\u00e1s importante, ya una vez terminado el proceso electoral, con una escasa votaci\u00f3n a su favor por no sentirse identificados con quien los representa.<u><\/u><u><\/u><\/p>\n<p class=\"x_MsoNormal\"><u><\/u>\u00a0<u><\/u><\/p>\n<p class=\"x_MsoNormal\">Comentarios, cr\u00edticas y\/o sugerencias:\u00a0<a href=\"mailto:oscar_coria4@hotmail.com\" target=\"_blank\" rel=\"noopener noreferrer\">oscar_coria4@hotmail.com<\/a><u><\/u><u><\/u><\/p>\n<p class=\"x_MsoNormal\"><u><\/u><\/p>\n","protected":false},"excerpt":{"rendered":"<p>Oscar Coria Reyes En Contraparte \u00a0 Aun cuando ya est\u00e1n definidos los que ser\u00e1n los virtuales candidatos a Gobernador por los diferentes partidos y alianzas; hay un tema que preocupa y ocupa a los diversos simpatizantes y militantes de los partidos, en especial a aquellos que aspiran a ser los abanderados a las diputaciones federales [&hellip;]<\/p>\n","protected":false},"author":2,"featured_media":0,"comment_status":"open","ping_status":"open","sticky":false,"template":"","format":"standard","meta":{"tdm_status":"","tdm_grid_status":"","footnotes":""},"categories":[70],"tags":[84,266,251],"class_list":{"0":"post-39222","1":"post","2":"type-post","3":"status-publish","4":"format-standard","6":"category-de-opinion","7":"tag-diputados","8":"tag-pan","9":"tag-pri"},"yoast_head":"<!-- This site is optimized with the Yoast SEO plugin v27.4 - https:\/\/yoast.com\/product\/yoast-seo-wordpress\/ -->\n<title>Incertidumbre por designaci\u00f3n de candidatos a Diputados - Los pol\u00edticos Veracruz<\/title>\n<meta name=\"robots\" content=\"index, follow, max-snippet:-1, max-image-preview:large, max-video-preview:-1\" \/>\n<link rel=\"canonical\" href=\"https:\/\/lospoliticosveracruz.com\/?p=39222\" \/>\n<meta property=\"og:locale\" content=\"es_ES\" \/>\n<meta property=\"og:type\" content=\"article\" \/>\n<meta property=\"og:title\" content=\"Incertidumbre por designaci\u00f3n de candidatos a Diputados - Los pol\u00edticos Veracruz\" \/>\n<meta property=\"og:description\" content=\"Oscar Coria Reyes En Contraparte \u00a0 Aun cuando ya est\u00e1n definidos los que ser\u00e1n los virtuales candidatos a Gobernador por los diferentes partidos y alianzas; hay un tema que preocupa y ocupa a los diversos simpatizantes y militantes de los partidos, en especial a aquellos que aspiran a ser los abanderados a las diputaciones federales [&hellip;]\" \/>\n<meta property=\"og:url\" content=\"https:\/\/lospoliticosveracruz.com\/?p=39222\" \/>\n<meta property=\"og:site_name\" content=\"Los pol\u00edticos Veracruz\" \/>\n<meta property=\"article:publisher\" content=\"https:\/\/www.facebook.com\/people\/Notimemes-de-los-Polticos\/61565672886568\/\" \/>\n<meta property=\"article:published_time\" content=\"2018-01-19T16:52:50+00:00\" \/>\n<meta property=\"og:image\" content=\"https:\/\/lospoliticosveracruz.com\/wp-content\/uploads\/2016\/07\/Logo-Dor.jpg\" \/>\n\t<meta property=\"og:image:width\" content=\"200\" \/>\n\t<meta property=\"og:image:height\" content=\"200\" \/>\n\t<meta property=\"og:image:type\" content=\"image\/jpeg\" \/>\n<meta name=\"author\" content=\"Lo viste en Los Pol\u00edticos\" \/>\n<meta name=\"twitter:card\" content=\"summary_large_image\" \/>\n<meta name=\"twitter:creator\" content=\"@LosPoliticosVer\" \/>\n<meta name=\"twitter:site\" content=\"@LosPoliticosVer\" \/>\n<meta name=\"twitter:label1\" content=\"Escrito por\" \/>\n\t<meta name=\"twitter:data1\" content=\"Lo viste en Los Pol\u00edticos\" \/>\n\t<meta name=\"twitter:label2\" content=\"Tiempo de lectura\" \/>\n\t<meta name=\"twitter:data2\" content=\"3 minutos\" \/>\n<script type=\"application\/ld+json\" class=\"yoast-schema-graph\">{\"@context\":\"https:\\\/\\\/schema.org\",\"@graph\":[{\"@type\":\"Article\",\"@id\":\"https:\\\/\\\/lospoliticosveracruz.com\\\/?p=39222#article\",\"isPartOf\":{\"@id\":\"https:\\\/\\\/lospoliticosveracruz.com\\\/?p=39222\"},\"author\":{\"name\":\"Lo viste en Los Pol\u00edticos\",\"@id\":\"https:\\\/\\\/lospoliticosveracruz.com\\\/#\\\/schema\\\/person\\\/b8702bb0e538456e6efd07080bf2a4a2\"},\"headline\":\"Incertidumbre por designaci\u00f3n de candidatos a Diputados\",\"datePublished\":\"2018-01-19T16:52:50+00:00\",\"mainEntityOfPage\":{\"@id\":\"https:\\\/\\\/lospoliticosveracruz.com\\\/?p=39222\"},\"wordCount\":648,\"commentCount\":0,\"publisher\":{\"@id\":\"https:\\\/\\\/lospoliticosveracruz.com\\\/#organization\"},\"keywords\":[\"Diputados\",\"PAN\",\"PRI\"],\"articleSection\":[\"De Opini\u00f3n\"],\"inLanguage\":\"es\",\"potentialAction\":[{\"@type\":\"CommentAction\",\"name\":\"Comment\",\"target\":[\"https:\\\/\\\/lospoliticosveracruz.com\\\/?p=39222#respond\"]}]},{\"@type\":\"WebPage\",\"@id\":\"https:\\\/\\\/lospoliticosveracruz.com\\\/?p=39222\",\"url\":\"https:\\\/\\\/lospoliticosveracruz.com\\\/?p=39222\",\"name\":\"Incertidumbre por designaci\u00f3n de candidatos a Diputados - Los pol\u00edticos Veracruz\",\"isPartOf\":{\"@id\":\"https:\\\/\\\/lospoliticosveracruz.com\\\/#website\"},\"datePublished\":\"2018-01-19T16:52:50+00:00\",\"breadcrumb\":{\"@id\":\"https:\\\/\\\/lospoliticosveracruz.com\\\/?p=39222#breadcrumb\"},\"inLanguage\":\"es\",\"potentialAction\":[{\"@type\":\"ReadAction\",\"target\":[\"https:\\\/\\\/lospoliticosveracruz.com\\\/?p=39222\"]}]},{\"@type\":\"BreadcrumbList\",\"@id\":\"https:\\\/\\\/lospoliticosveracruz.com\\\/?p=39222#breadcrumb\",\"itemListElement\":[{\"@type\":\"ListItem\",\"position\":1,\"name\":\"Portada\",\"item\":\"https:\\\/\\\/lospoliticosveracruz.com\\\/\"},{\"@type\":\"ListItem\",\"position\":2,\"name\":\"Incertidumbre por designaci\u00f3n de candidatos a Diputados\"}]},{\"@type\":\"WebSite\",\"@id\":\"https:\\\/\\\/lospoliticosveracruz.com\\\/#website\",\"url\":\"https:\\\/\\\/lospoliticosveracruz.com\\\/\",\"name\":\"Los pol\u00edticos Veracruz\",\"description\":\"\",\"publisher\":{\"@id\":\"https:\\\/\\\/lospoliticosveracruz.com\\\/#organization\"},\"potentialAction\":[{\"@type\":\"SearchAction\",\"target\":{\"@type\":\"EntryPoint\",\"urlTemplate\":\"https:\\\/\\\/lospoliticosveracruz.com\\\/?s={search_term_string}\"},\"query-input\":{\"@type\":\"PropertyValueSpecification\",\"valueRequired\":true,\"valueName\":\"search_term_string\"}}],\"inLanguage\":\"es\"},{\"@type\":\"Organization\",\"@id\":\"https:\\\/\\\/lospoliticosveracruz.com\\\/#organization\",\"name\":\"Los pol\u00edticos Veracruz\",\"url\":\"https:\\\/\\\/lospoliticosveracruz.com\\\/\",\"logo\":{\"@type\":\"ImageObject\",\"inLanguage\":\"es\",\"@id\":\"https:\\\/\\\/lospoliticosveracruz.com\\\/#\\\/schema\\\/logo\\\/image\\\/\",\"url\":\"https:\\\/\\\/lospoliticosveracruz.com\\\/wp-content\\\/uploads\\\/2025\\\/12\\\/Logo-Nuevo-LOS-POLITICOS-1.jpg\",\"contentUrl\":\"https:\\\/\\\/lospoliticosveracruz.com\\\/wp-content\\\/uploads\\\/2025\\\/12\\\/Logo-Nuevo-LOS-POLITICOS-1.jpg\",\"width\":260,\"height\":70,\"caption\":\"Los pol\u00edticos Veracruz\"},\"image\":{\"@id\":\"https:\\\/\\\/lospoliticosveracruz.com\\\/#\\\/schema\\\/logo\\\/image\\\/\"},\"sameAs\":[\"https:\\\/\\\/www.facebook.com\\\/people\\\/Notimemes-de-los-Polticos\\\/61565672886568\\\/\",\"https:\\\/\\\/x.com\\\/LosPoliticosVer\"]},{\"@type\":\"Person\",\"@id\":\"https:\\\/\\\/lospoliticosveracruz.com\\\/#\\\/schema\\\/person\\\/b8702bb0e538456e6efd07080bf2a4a2\",\"name\":\"Lo viste en Los Pol\u00edticos\",\"image\":{\"@type\":\"ImageObject\",\"inLanguage\":\"es\",\"@id\":\"https:\\\/\\\/secure.gravatar.com\\\/avatar\\\/3a8de04a2656d44082be478bd6c086daa447c4651605818287b9532d3d0bd435?s=96&d=mm&r=g\",\"url\":\"https:\\\/\\\/secure.gravatar.com\\\/avatar\\\/3a8de04a2656d44082be478bd6c086daa447c4651605818287b9532d3d0bd435?s=96&d=mm&r=g\",\"contentUrl\":\"https:\\\/\\\/secure.gravatar.com\\\/avatar\\\/3a8de04a2656d44082be478bd6c086daa447c4651605818287b9532d3d0bd435?s=96&d=mm&r=g\",\"caption\":\"Lo viste en Los Pol\u00edticos\"},\"url\":\"https:\\\/\\\/lospoliticosveracruz.com\\\/?author=2\"}]}<\/script>\n<!-- \/ Yoast SEO plugin. -->","yoast_head_json":{"title":"Incertidumbre por designaci\u00f3n de candidatos a Diputados - Los pol\u00edticos Veracruz","robots":{"index":"index","follow":"follow","max-snippet":"max-snippet:-1","max-image-preview":"max-image-preview:large","max-video-preview":"max-video-preview:-1"},"canonical":"https:\/\/lospoliticosveracruz.com\/?p=39222","og_locale":"es_ES","og_type":"article","og_title":"Incertidumbre por designaci\u00f3n de candidatos a Diputados - Los pol\u00edticos Veracruz","og_description":"Oscar Coria Reyes En Contraparte \u00a0 Aun cuando ya est\u00e1n definidos los que ser\u00e1n los virtuales candidatos a Gobernador por los diferentes partidos y alianzas; hay un tema que preocupa y ocupa a los diversos simpatizantes y militantes de los partidos, en especial a aquellos que aspiran a ser los abanderados a las diputaciones federales [&hellip;]","og_url":"https:\/\/lospoliticosveracruz.com\/?p=39222","og_site_name":"Los pol\u00edticos Veracruz","article_publisher":"https:\/\/www.facebook.com\/people\/Notimemes-de-los-Polticos\/61565672886568\/","article_published_time":"2018-01-19T16:52:50+00:00","og_image":[{"width":200,"height":200,"url":"https:\/\/lospoliticosveracruz.com\/wp-content\/uploads\/2016\/07\/Logo-Dor.jpg","type":"image\/jpeg"}],"author":"Lo viste en Los Pol\u00edticos","twitter_card":"summary_large_image","twitter_creator":"@LosPoliticosVer","twitter_site":"@LosPoliticosVer","twitter_misc":{"Escrito por":"Lo viste en Los Pol\u00edticos","Tiempo de lectura":"3 minutos"},"schema":{"@context":"https:\/\/schema.org","@graph":[{"@type":"Article","@id":"https:\/\/lospoliticosveracruz.com\/?p=39222#article","isPartOf":{"@id":"https:\/\/lospoliticosveracruz.com\/?p=39222"},"author":{"name":"Lo viste en Los Pol\u00edticos","@id":"https:\/\/lospoliticosveracruz.com\/#\/schema\/person\/b8702bb0e538456e6efd07080bf2a4a2"},"headline":"Incertidumbre por designaci\u00f3n de candidatos a Diputados","datePublished":"2018-01-19T16:52:50+00:00","mainEntityOfPage":{"@id":"https:\/\/lospoliticosveracruz.com\/?p=39222"},"wordCount":648,"commentCount":0,"publisher":{"@id":"https:\/\/lospoliticosveracruz.com\/#organization"},"keywords":["Diputados","PAN","PRI"],"articleSection":["De Opini\u00f3n"],"inLanguage":"es","potentialAction":[{"@type":"CommentAction","name":"Comment","target":["https:\/\/lospoliticosveracruz.com\/?p=39222#respond"]}]},{"@type":"WebPage","@id":"https:\/\/lospoliticosveracruz.com\/?p=39222","url":"https:\/\/lospoliticosveracruz.com\/?p=39222","name":"Incertidumbre por designaci\u00f3n de candidatos a Diputados - Los pol\u00edticos Veracruz","isPartOf":{"@id":"https:\/\/lospoliticosveracruz.com\/#website"},"datePublished":"2018-01-19T16:52:50+00:00","breadcrumb":{"@id":"https:\/\/lospoliticosveracruz.com\/?p=39222#breadcrumb"},"inLanguage":"es","potentialAction":[{"@type":"ReadAction","target":["https:\/\/lospoliticosveracruz.com\/?p=39222"]}]},{"@type":"BreadcrumbList","@id":"https:\/\/lospoliticosveracruz.com\/?p=39222#breadcrumb","itemListElement":[{"@type":"ListItem","position":1,"name":"Portada","item":"https:\/\/lospoliticosveracruz.com\/"},{"@type":"ListItem","position":2,"name":"Incertidumbre por designaci\u00f3n de candidatos a Diputados"}]},{"@type":"WebSite","@id":"https:\/\/lospoliticosveracruz.com\/#website","url":"https:\/\/lospoliticosveracruz.com\/","name":"Los pol\u00edticos Veracruz","description":"","publisher":{"@id":"https:\/\/lospoliticosveracruz.com\/#organization"},"potentialAction":[{"@type":"SearchAction","target":{"@type":"EntryPoint","urlTemplate":"https:\/\/lospoliticosveracruz.com\/?s={search_term_string}"},"query-input":{"@type":"PropertyValueSpecification","valueRequired":true,"valueName":"search_term_string"}}],"inLanguage":"es"},{"@type":"Organization","@id":"https:\/\/lospoliticosveracruz.com\/#organization","name":"Los pol\u00edticos Veracruz","url":"https:\/\/lospoliticosveracruz.com\/","logo":{"@type":"ImageObject","inLanguage":"es","@id":"https:\/\/lospoliticosveracruz.com\/#\/schema\/logo\/image\/","url":"https:\/\/lospoliticosveracruz.com\/wp-content\/uploads\/2025\/12\/Logo-Nuevo-LOS-POLITICOS-1.jpg","contentUrl":"https:\/\/lospoliticosveracruz.com\/wp-content\/uploads\/2025\/12\/Logo-Nuevo-LOS-POLITICOS-1.jpg","width":260,"height":70,"caption":"Los pol\u00edticos Veracruz"},"image":{"@id":"https:\/\/lospoliticosveracruz.com\/#\/schema\/logo\/image\/"},"sameAs":["https:\/\/www.facebook.com\/people\/Notimemes-de-los-Polticos\/61565672886568\/","https:\/\/x.com\/LosPoliticosVer"]},{"@type":"Person","@id":"https:\/\/lospoliticosveracruz.com\/#\/schema\/person\/b8702bb0e538456e6efd07080bf2a4a2","name":"Lo viste en Los Pol\u00edticos","image":{"@type":"ImageObject","inLanguage":"es","@id":"https:\/\/secure.gravatar.com\/avatar\/3a8de04a2656d44082be478bd6c086daa447c4651605818287b9532d3d0bd435?s=96&d=mm&r=g","url":"https:\/\/secure.gravatar.com\/avatar\/3a8de04a2656d44082be478bd6c086daa447c4651605818287b9532d3d0bd435?s=96&d=mm&r=g","contentUrl":"https:\/\/secure.gravatar.com\/avatar\/3a8de04a2656d44082be478bd6c086daa447c4651605818287b9532d3d0bd435?s=96&d=mm&r=g","caption":"Lo viste en Los Pol\u00edticos"},"url":"https:\/\/lospoliticosveracruz.com\/?author=2"}]}},"_links":{"self":[{"href":"https:\/\/lospoliticosveracruz.com\/index.php?rest_route=\/wp\/v2\/posts\/39222","targetHints":{"allow":["GET"]}}],"collection":[{"href":"https:\/\/lospoliticosveracruz.com\/index.php?rest_route=\/wp\/v2\/posts"}],"about":[{"href":"https:\/\/lospoliticosveracruz.com\/index.php?rest_route=\/wp\/v2\/types\/post"}],"author":[{"embeddable":true,"href":"https:\/\/lospoliticosveracruz.com\/index.php?rest_route=\/wp\/v2\/users\/2"}],"replies":[{"embeddable":true,"href":"https:\/\/lospoliticosveracruz.com\/index.php?rest_route=%2Fwp%2Fv2%2Fcomments&post=39222"}],"version-history":[{"count":1,"href":"https:\/\/lospoliticosveracruz.com\/index.php?rest_route=\/wp\/v2\/posts\/39222\/revisions"}],"predecessor-version":[{"id":39223,"href":"https:\/\/lospoliticosveracruz.com\/index.php?rest_route=\/wp\/v2\/posts\/39222\/revisions\/39223"}],"wp:attachment":[{"href":"https:\/\/lospoliticosveracruz.com\/index.php?rest_route=%2Fwp%2Fv2%2Fmedia&parent=39222"}],"wp:term":[{"taxonomy":"category","embeddable":true,"href":"https:\/\/lospoliticosveracruz.com\/index.php?rest_route=%2Fwp%2Fv2%2Fcategories&post=39222"},{"taxonomy":"post_tag","embeddable":true,"href":"https:\/\/lospoliticosveracruz.com\/index.php?rest_route=%2Fwp%2Fv2%2Ftags&post=39222"}],"curies":[{"name":"wp","href":"https:\/\/api.w.org\/{rel}","templated":true}]}}