{"id":39398,"date":"2018-01-26T09:00:03","date_gmt":"2018-01-26T15:00:03","guid":{"rendered":"http:\/\/www.lospoliticosveracruz.com.mx\/?p=39398"},"modified":"2018-01-25T20:55:51","modified_gmt":"2018-01-26T02:55:51","slug":"quienes-seran-arde-la-lucha","status":"publish","type":"post","link":"https:\/\/lospoliticosveracruz.com\/?p=39398","title":{"rendered":"\u00bfQui\u00e9nes ser\u00e1n?, \u00a1arde la lucha!"},"content":{"rendered":"<p><strong>Gustavo Cadena<\/strong><\/p>\n<p><em>Al Estilo Mathey<\/em><\/p>\n<p>&nbsp;<\/p>\n<p>Buen d\u00eda, apreciado lector:<br \/>\nPese a que ma\u00f1ana s\u00e1bado vence el periodo de registro de las y los aspirantes a candidatos a las diputaciones federales y a la senadur\u00eda por el PRI, y porque el reloj avanza de manera lenta, pero inexorable, todav\u00eda a estas alturas del partido y a lo largo\u00a0del viernes, qui\u00e9n lo dijera, las nominaciones, como las legendarias luchas de El Santo, El Cavernario, Blue Demon y el Bulldog, est\u00e1n que arden.<br \/>\nQuienes llegaron a pensar que nadie quer\u00eda participar por el tricolor debieran tener el don de la ubicuidad para estar en cada uno de esos sitios donde desde ayer, intensamente y a lo largo de las 24 horas se discut\u00eda y se debat\u00eda sobre la conveniencia de a\u00a0qui\u00e9n aceptar para que abandere al PRI en la re\u00f1ida competencia electoral vigente.<br \/>\nAlgunos incluso esta semana mencionaron que ya estaban seguros Sonia S\u00e1nchez y Juan Manuel Diez Francos, si lo publicaron as\u00ed, tendr\u00e1n informaci\u00f3n confiable, pero lo cierto es que la tarde de ayer en las diversas sedes partidistas los protagonistas se com\u00edan\u00a0las u\u00f1as de nervios y no se dude que todav\u00eda seguir\u00e1n las negociaciones a lo largo de este d\u00eda, hasta que falte un minuto para las doce campanadas y surja la luz, en ciertos campamentos.<br \/>\n\u00ab\u00a1Qu\u00e9 s\u00ed!, \u00a1que no!, \u00a1que c\u00f3mo chingaos que no!\u00bb, a prop\u00f3sito de prospectos realmente competitivos por este partido, la experiencia ense\u00f1a que aun vale la pena seguir muy de cerca los casos de las delegadas del gobierno federal y veracruzanas por supuesto que\u00a0han tenido un gran desempe\u00f1o en la atenci\u00f3n a la poblaci\u00f3n en sus respectivas tareas, Anil\u00fa Ingram, de Sedesol y El\u00edzabeth Morales, del ISSSTE.<br \/>\nAyer todo era rumores en ambas dependencias porque las dos estuvieron trabajando, cumpliendo con su deber; lo que no les impide como es normal, que siguieran suspirando por la continuaci\u00f3n de su trayectoria en las tareas pol\u00edticas.<br \/>\nPor lo pronto, nadie dude que este s\u00e1bado, Elizabeth acudir\u00e1 a las oficinas del partido al que ha servido bien y solicitar\u00e1 su registro; por supuesto que debi\u00f3 enterarse antes de los requisitos para presentarse en el Comit\u00e9 Directivo Estatal en tiempo y forma.<br \/>\nPor lo que ha mostrado a lo largo de su trayectoria, est\u00e1 visto que de entre las mujeres mencionadas, Elizabeth cuenta con las suficientes tablas y experiencia para derrotar en las urnas a quienes ya dan por ganadas ambas curules en la C\u00e1mara Alta, los integrantes\u00a0de Morena y el PAN.<br \/>\nDec\u00eda tambi\u00e9n que siendo de las aspirantes que tienen trayectoria y posibilidad de triunfo, y ante la dura competencia con otras mujeres con calidad, es posible que en las negociaciones decidan cuidarla y perfilarla hacia un espacio plurinominal y apoyar desdeesa trinchera al abanderado a la gubernatura.<br \/>\nLa xalape\u00f1a ha sido valiente y siempre se la ha rifado por su partido, ha ido convencida a cada una de las encomiendas que le han dado, a\u00fan pese al dif\u00edcil escenario estatal y nacional.<br \/>\nSe sabe que aunque no es parte de su tarea institucional, recibe todos los d\u00edas a decenas de personas que le piden apoyos o alguna gesti\u00f3n social, labor que cumple con decisi\u00f3n, con lo que sigue abonando al priismo.<br \/>\nFinalmente ya ma\u00f1ana se ver\u00e1 con claridad cu\u00e1l de todas las damas Sonia, Pinete, Anil\u00fa y Elizabeth aglutinan consensos entre los que deciden y como dicen por ah\u00ed chance y a todas les toque, unas por la senadur\u00eda y otras por las diputaciones.<br \/>\nY claro, de los otros mencionados como Edmundo y Juan Manuel, que tienen calidad para competir y ser aceptados y, claro, los que se acumulen, (ac\u00e1 entre nos, si son los que se han filtrado para los dem\u00e1s distritos, habr\u00e1 que creer que los mandar\u00e1n a perder).<br \/>\nTenga el lector un fin de semana de paz y armon\u00eda, si no es aspirante a candidato.<br \/>\ngustavocadenamathey@hotmail.com<\/p>\n","protected":false},"excerpt":{"rendered":"<p>Gustavo Cadena Al Estilo Mathey &nbsp; Buen d\u00eda, apreciado lector: Pese a que ma\u00f1ana s\u00e1bado vence el periodo de registro de las y los aspirantes a candidatos a las diputaciones federales y a la senadur\u00eda por el PRI, y porque el reloj avanza de manera lenta, pero inexorable, todav\u00eda a estas alturas del partido y [&hellip;]<\/p>\n","protected":false},"author":2,"featured_media":0,"comment_status":"open","ping_status":"open","sticky":false,"template":"","format":"standard","meta":{"tdm_status":"","tdm_grid_status":"","footnotes":""},"categories":[70],"tags":[133,1640,2757,5023],"class_list":{"0":"post-39398","1":"post","2":"type-post","3":"status-publish","4":"format-standard","6":"category-de-opinion","7":"tag-elizabeth-morales","8":"tag-juan-manuel-diez-francos","9":"tag-maria-del-carmen-pinete-vargas","10":"tag-sonia-sanchez"},"yoast_head":"<!-- This site is optimized with the Yoast SEO plugin v27.4 - https:\/\/yoast.com\/product\/yoast-seo-wordpress\/ -->\n<title>\u00bfQui\u00e9nes ser\u00e1n?, \u00a1arde la lucha! - Los pol\u00edticos Veracruz<\/title>\n<meta name=\"robots\" content=\"index, follow, max-snippet:-1, max-image-preview:large, max-video-preview:-1\" \/>\n<link rel=\"canonical\" href=\"https:\/\/lospoliticosveracruz.com\/?p=39398\" \/>\n<meta property=\"og:locale\" content=\"es_ES\" \/>\n<meta property=\"og:type\" content=\"article\" \/>\n<meta property=\"og:title\" content=\"\u00bfQui\u00e9nes ser\u00e1n?, \u00a1arde la lucha! - Los pol\u00edticos Veracruz\" \/>\n<meta property=\"og:description\" content=\"Gustavo Cadena Al Estilo Mathey &nbsp; Buen d\u00eda, apreciado lector: Pese a que ma\u00f1ana s\u00e1bado vence el periodo de registro de las y los aspirantes a candidatos a las diputaciones federales y a la senadur\u00eda por el PRI, y porque el reloj avanza de manera lenta, pero inexorable, todav\u00eda a estas alturas del partido y [&hellip;]\" \/>\n<meta property=\"og:url\" content=\"https:\/\/lospoliticosveracruz.com\/?p=39398\" \/>\n<meta property=\"og:site_name\" content=\"Los pol\u00edticos Veracruz\" \/>\n<meta property=\"article:publisher\" content=\"https:\/\/www.facebook.com\/people\/Notimemes-de-los-Polticos\/61565672886568\/\" \/>\n<meta property=\"article:published_time\" content=\"2018-01-26T15:00:03+00:00\" \/>\n<meta property=\"og:image\" content=\"https:\/\/lospoliticosveracruz.com\/wp-content\/uploads\/2016\/07\/Logo-Dor.jpg\" \/>\n\t<meta property=\"og:image:width\" content=\"200\" \/>\n\t<meta property=\"og:image:height\" content=\"200\" \/>\n\t<meta property=\"og:image:type\" content=\"image\/jpeg\" \/>\n<meta name=\"author\" content=\"Lo viste en Los Pol\u00edticos\" \/>\n<meta name=\"twitter:card\" content=\"summary_large_image\" \/>\n<meta name=\"twitter:creator\" content=\"@LosPoliticosVer\" \/>\n<meta name=\"twitter:site\" content=\"@LosPoliticosVer\" \/>\n<meta name=\"twitter:label1\" content=\"Escrito por\" \/>\n\t<meta name=\"twitter:data1\" content=\"Lo viste en Los Pol\u00edticos\" \/>\n\t<meta name=\"twitter:label2\" content=\"Tiempo de lectura\" \/>\n\t<meta name=\"twitter:data2\" content=\"3 minutos\" \/>\n<script type=\"application\/ld+json\" class=\"yoast-schema-graph\">{\"@context\":\"https:\\\/\\\/schema.org\",\"@graph\":[{\"@type\":\"Article\",\"@id\":\"https:\\\/\\\/lospoliticosveracruz.com\\\/?p=39398#article\",\"isPartOf\":{\"@id\":\"https:\\\/\\\/lospoliticosveracruz.com\\\/?p=39398\"},\"author\":{\"name\":\"Lo viste en Los Pol\u00edticos\",\"@id\":\"https:\\\/\\\/lospoliticosveracruz.com\\\/#\\\/schema\\\/person\\\/b8702bb0e538456e6efd07080bf2a4a2\"},\"headline\":\"\u00bfQui\u00e9nes ser\u00e1n?, \u00a1arde la lucha!\",\"datePublished\":\"2018-01-26T15:00:03+00:00\",\"mainEntityOfPage\":{\"@id\":\"https:\\\/\\\/lospoliticosveracruz.com\\\/?p=39398\"},\"wordCount\":700,\"commentCount\":0,\"publisher\":{\"@id\":\"https:\\\/\\\/lospoliticosveracruz.com\\\/#organization\"},\"keywords\":[\"Elizabeth Morales\",\"Juan Manuel Diez Francos\",\"Mar\u00eda del Carmen Pinete Vargas\",\"Sonia S\u00e1nchez\"],\"articleSection\":[\"De Opini\u00f3n\"],\"inLanguage\":\"es\",\"potentialAction\":[{\"@type\":\"CommentAction\",\"name\":\"Comment\",\"target\":[\"https:\\\/\\\/lospoliticosveracruz.com\\\/?p=39398#respond\"]}]},{\"@type\":\"WebPage\",\"@id\":\"https:\\\/\\\/lospoliticosveracruz.com\\\/?p=39398\",\"url\":\"https:\\\/\\\/lospoliticosveracruz.com\\\/?p=39398\",\"name\":\"\u00bfQui\u00e9nes ser\u00e1n?, \u00a1arde la lucha! - Los pol\u00edticos Veracruz\",\"isPartOf\":{\"@id\":\"https:\\\/\\\/lospoliticosveracruz.com\\\/#website\"},\"datePublished\":\"2018-01-26T15:00:03+00:00\",\"breadcrumb\":{\"@id\":\"https:\\\/\\\/lospoliticosveracruz.com\\\/?p=39398#breadcrumb\"},\"inLanguage\":\"es\",\"potentialAction\":[{\"@type\":\"ReadAction\",\"target\":[\"https:\\\/\\\/lospoliticosveracruz.com\\\/?p=39398\"]}]},{\"@type\":\"BreadcrumbList\",\"@id\":\"https:\\\/\\\/lospoliticosveracruz.com\\\/?p=39398#breadcrumb\",\"itemListElement\":[{\"@type\":\"ListItem\",\"position\":1,\"name\":\"Portada\",\"item\":\"https:\\\/\\\/lospoliticosveracruz.com\\\/\"},{\"@type\":\"ListItem\",\"position\":2,\"name\":\"\u00bfQui\u00e9nes ser\u00e1n?, \u00a1arde la lucha!\"}]},{\"@type\":\"WebSite\",\"@id\":\"https:\\\/\\\/lospoliticosveracruz.com\\\/#website\",\"url\":\"https:\\\/\\\/lospoliticosveracruz.com\\\/\",\"name\":\"Los pol\u00edticos Veracruz\",\"description\":\"\",\"publisher\":{\"@id\":\"https:\\\/\\\/lospoliticosveracruz.com\\\/#organization\"},\"potentialAction\":[{\"@type\":\"SearchAction\",\"target\":{\"@type\":\"EntryPoint\",\"urlTemplate\":\"https:\\\/\\\/lospoliticosveracruz.com\\\/?s={search_term_string}\"},\"query-input\":{\"@type\":\"PropertyValueSpecification\",\"valueRequired\":true,\"valueName\":\"search_term_string\"}}],\"inLanguage\":\"es\"},{\"@type\":\"Organization\",\"@id\":\"https:\\\/\\\/lospoliticosveracruz.com\\\/#organization\",\"name\":\"Los pol\u00edticos Veracruz\",\"url\":\"https:\\\/\\\/lospoliticosveracruz.com\\\/\",\"logo\":{\"@type\":\"ImageObject\",\"inLanguage\":\"es\",\"@id\":\"https:\\\/\\\/lospoliticosveracruz.com\\\/#\\\/schema\\\/logo\\\/image\\\/\",\"url\":\"https:\\\/\\\/lospoliticosveracruz.com\\\/wp-content\\\/uploads\\\/2025\\\/12\\\/Logo-Nuevo-LOS-POLITICOS-1.jpg\",\"contentUrl\":\"https:\\\/\\\/lospoliticosveracruz.com\\\/wp-content\\\/uploads\\\/2025\\\/12\\\/Logo-Nuevo-LOS-POLITICOS-1.jpg\",\"width\":260,\"height\":70,\"caption\":\"Los pol\u00edticos Veracruz\"},\"image\":{\"@id\":\"https:\\\/\\\/lospoliticosveracruz.com\\\/#\\\/schema\\\/logo\\\/image\\\/\"},\"sameAs\":[\"https:\\\/\\\/www.facebook.com\\\/people\\\/Notimemes-de-los-Polticos\\\/61565672886568\\\/\",\"https:\\\/\\\/x.com\\\/LosPoliticosVer\"]},{\"@type\":\"Person\",\"@id\":\"https:\\\/\\\/lospoliticosveracruz.com\\\/#\\\/schema\\\/person\\\/b8702bb0e538456e6efd07080bf2a4a2\",\"name\":\"Lo viste en Los Pol\u00edticos\",\"image\":{\"@type\":\"ImageObject\",\"inLanguage\":\"es\",\"@id\":\"https:\\\/\\\/secure.gravatar.com\\\/avatar\\\/3a8de04a2656d44082be478bd6c086daa447c4651605818287b9532d3d0bd435?s=96&d=mm&r=g\",\"url\":\"https:\\\/\\\/secure.gravatar.com\\\/avatar\\\/3a8de04a2656d44082be478bd6c086daa447c4651605818287b9532d3d0bd435?s=96&d=mm&r=g\",\"contentUrl\":\"https:\\\/\\\/secure.gravatar.com\\\/avatar\\\/3a8de04a2656d44082be478bd6c086daa447c4651605818287b9532d3d0bd435?s=96&d=mm&r=g\",\"caption\":\"Lo viste en Los Pol\u00edticos\"},\"url\":\"https:\\\/\\\/lospoliticosveracruz.com\\\/?author=2\"}]}<\/script>\n<!-- \/ Yoast SEO plugin. -->","yoast_head_json":{"title":"\u00bfQui\u00e9nes ser\u00e1n?, \u00a1arde la lucha! - Los pol\u00edticos Veracruz","robots":{"index":"index","follow":"follow","max-snippet":"max-snippet:-1","max-image-preview":"max-image-preview:large","max-video-preview":"max-video-preview:-1"},"canonical":"https:\/\/lospoliticosveracruz.com\/?p=39398","og_locale":"es_ES","og_type":"article","og_title":"\u00bfQui\u00e9nes ser\u00e1n?, \u00a1arde la lucha! - Los pol\u00edticos Veracruz","og_description":"Gustavo Cadena Al Estilo Mathey &nbsp; Buen d\u00eda, apreciado lector: Pese a que ma\u00f1ana s\u00e1bado vence el periodo de registro de las y los aspirantes a candidatos a las diputaciones federales y a la senadur\u00eda por el PRI, y porque el reloj avanza de manera lenta, pero inexorable, todav\u00eda a estas alturas del partido y [&hellip;]","og_url":"https:\/\/lospoliticosveracruz.com\/?p=39398","og_site_name":"Los pol\u00edticos Veracruz","article_publisher":"https:\/\/www.facebook.com\/people\/Notimemes-de-los-Polticos\/61565672886568\/","article_published_time":"2018-01-26T15:00:03+00:00","og_image":[{"width":200,"height":200,"url":"https:\/\/lospoliticosveracruz.com\/wp-content\/uploads\/2016\/07\/Logo-Dor.jpg","type":"image\/jpeg"}],"author":"Lo viste en Los Pol\u00edticos","twitter_card":"summary_large_image","twitter_creator":"@LosPoliticosVer","twitter_site":"@LosPoliticosVer","twitter_misc":{"Escrito por":"Lo viste en Los Pol\u00edticos","Tiempo de lectura":"3 minutos"},"schema":{"@context":"https:\/\/schema.org","@graph":[{"@type":"Article","@id":"https:\/\/lospoliticosveracruz.com\/?p=39398#article","isPartOf":{"@id":"https:\/\/lospoliticosveracruz.com\/?p=39398"},"author":{"name":"Lo viste en Los Pol\u00edticos","@id":"https:\/\/lospoliticosveracruz.com\/#\/schema\/person\/b8702bb0e538456e6efd07080bf2a4a2"},"headline":"\u00bfQui\u00e9nes ser\u00e1n?, \u00a1arde la lucha!","datePublished":"2018-01-26T15:00:03+00:00","mainEntityOfPage":{"@id":"https:\/\/lospoliticosveracruz.com\/?p=39398"},"wordCount":700,"commentCount":0,"publisher":{"@id":"https:\/\/lospoliticosveracruz.com\/#organization"},"keywords":["Elizabeth Morales","Juan Manuel Diez Francos","Mar\u00eda del Carmen Pinete Vargas","Sonia S\u00e1nchez"],"articleSection":["De Opini\u00f3n"],"inLanguage":"es","potentialAction":[{"@type":"CommentAction","name":"Comment","target":["https:\/\/lospoliticosveracruz.com\/?p=39398#respond"]}]},{"@type":"WebPage","@id":"https:\/\/lospoliticosveracruz.com\/?p=39398","url":"https:\/\/lospoliticosveracruz.com\/?p=39398","name":"\u00bfQui\u00e9nes ser\u00e1n?, \u00a1arde la lucha! - Los pol\u00edticos Veracruz","isPartOf":{"@id":"https:\/\/lospoliticosveracruz.com\/#website"},"datePublished":"2018-01-26T15:00:03+00:00","breadcrumb":{"@id":"https:\/\/lospoliticosveracruz.com\/?p=39398#breadcrumb"},"inLanguage":"es","potentialAction":[{"@type":"ReadAction","target":["https:\/\/lospoliticosveracruz.com\/?p=39398"]}]},{"@type":"BreadcrumbList","@id":"https:\/\/lospoliticosveracruz.com\/?p=39398#breadcrumb","itemListElement":[{"@type":"ListItem","position":1,"name":"Portada","item":"https:\/\/lospoliticosveracruz.com\/"},{"@type":"ListItem","position":2,"name":"\u00bfQui\u00e9nes ser\u00e1n?, \u00a1arde la lucha!"}]},{"@type":"WebSite","@id":"https:\/\/lospoliticosveracruz.com\/#website","url":"https:\/\/lospoliticosveracruz.com\/","name":"Los pol\u00edticos Veracruz","description":"","publisher":{"@id":"https:\/\/lospoliticosveracruz.com\/#organization"},"potentialAction":[{"@type":"SearchAction","target":{"@type":"EntryPoint","urlTemplate":"https:\/\/lospoliticosveracruz.com\/?s={search_term_string}"},"query-input":{"@type":"PropertyValueSpecification","valueRequired":true,"valueName":"search_term_string"}}],"inLanguage":"es"},{"@type":"Organization","@id":"https:\/\/lospoliticosveracruz.com\/#organization","name":"Los pol\u00edticos Veracruz","url":"https:\/\/lospoliticosveracruz.com\/","logo":{"@type":"ImageObject","inLanguage":"es","@id":"https:\/\/lospoliticosveracruz.com\/#\/schema\/logo\/image\/","url":"https:\/\/lospoliticosveracruz.com\/wp-content\/uploads\/2025\/12\/Logo-Nuevo-LOS-POLITICOS-1.jpg","contentUrl":"https:\/\/lospoliticosveracruz.com\/wp-content\/uploads\/2025\/12\/Logo-Nuevo-LOS-POLITICOS-1.jpg","width":260,"height":70,"caption":"Los pol\u00edticos Veracruz"},"image":{"@id":"https:\/\/lospoliticosveracruz.com\/#\/schema\/logo\/image\/"},"sameAs":["https:\/\/www.facebook.com\/people\/Notimemes-de-los-Polticos\/61565672886568\/","https:\/\/x.com\/LosPoliticosVer"]},{"@type":"Person","@id":"https:\/\/lospoliticosveracruz.com\/#\/schema\/person\/b8702bb0e538456e6efd07080bf2a4a2","name":"Lo viste en Los Pol\u00edticos","image":{"@type":"ImageObject","inLanguage":"es","@id":"https:\/\/secure.gravatar.com\/avatar\/3a8de04a2656d44082be478bd6c086daa447c4651605818287b9532d3d0bd435?s=96&d=mm&r=g","url":"https:\/\/secure.gravatar.com\/avatar\/3a8de04a2656d44082be478bd6c086daa447c4651605818287b9532d3d0bd435?s=96&d=mm&r=g","contentUrl":"https:\/\/secure.gravatar.com\/avatar\/3a8de04a2656d44082be478bd6c086daa447c4651605818287b9532d3d0bd435?s=96&d=mm&r=g","caption":"Lo viste en Los Pol\u00edticos"},"url":"https:\/\/lospoliticosveracruz.com\/?author=2"}]}},"_links":{"self":[{"href":"https:\/\/lospoliticosveracruz.com\/index.php?rest_route=\/wp\/v2\/posts\/39398","targetHints":{"allow":["GET"]}}],"collection":[{"href":"https:\/\/lospoliticosveracruz.com\/index.php?rest_route=\/wp\/v2\/posts"}],"about":[{"href":"https:\/\/lospoliticosveracruz.com\/index.php?rest_route=\/wp\/v2\/types\/post"}],"author":[{"embeddable":true,"href":"https:\/\/lospoliticosveracruz.com\/index.php?rest_route=\/wp\/v2\/users\/2"}],"replies":[{"embeddable":true,"href":"https:\/\/lospoliticosveracruz.com\/index.php?rest_route=%2Fwp%2Fv2%2Fcomments&post=39398"}],"version-history":[{"count":1,"href":"https:\/\/lospoliticosveracruz.com\/index.php?rest_route=\/wp\/v2\/posts\/39398\/revisions"}],"predecessor-version":[{"id":39399,"href":"https:\/\/lospoliticosveracruz.com\/index.php?rest_route=\/wp\/v2\/posts\/39398\/revisions\/39399"}],"wp:attachment":[{"href":"https:\/\/lospoliticosveracruz.com\/index.php?rest_route=%2Fwp%2Fv2%2Fmedia&parent=39398"}],"wp:term":[{"taxonomy":"category","embeddable":true,"href":"https:\/\/lospoliticosveracruz.com\/index.php?rest_route=%2Fwp%2Fv2%2Fcategories&post=39398"},{"taxonomy":"post_tag","embeddable":true,"href":"https:\/\/lospoliticosveracruz.com\/index.php?rest_route=%2Fwp%2Fv2%2Ftags&post=39398"}],"curies":[{"name":"wp","href":"https:\/\/api.w.org\/{rel}","templated":true}]}}