{"id":39406,"date":"2018-01-26T10:41:13","date_gmt":"2018-01-26T16:41:13","guid":{"rendered":"http:\/\/www.lospoliticosveracruz.com.mx\/?p=39406"},"modified":"2018-01-26T10:41:13","modified_gmt":"2018-01-26T16:41:13","slug":"abundio-morales-opcion-para-coatepec","status":"publish","type":"post","link":"https:\/\/lospoliticosveracruz.com\/?p=39406","title":{"rendered":"Abundio Morales, opci\u00f3n para Coatepec"},"content":{"rendered":"<p class=\"x_m_-5607539587036331861MsoNoSpacing\"><b>Luis Alberto Romero<\/b><\/p>\n<p class=\"x_m_-5607539587036331861MsoNoSpacing\"><em>Hora Cero<\/em><\/p>\n<p class=\"x_m_-5607539587036331861MsoNoSpacing\">Han pasado dos a\u00f1os con cuatro meses desde que la Fiscal\u00eda General del Estado solicit\u00f3 ante la Legislatura local el desafuero del hoy ex alcalde de Ayahualulco, Abundio Morales Rosas.<\/p>\n<p class=\"x_m_-5607539587036331861MsoNoSpacing\">El entonces fiscal Luis \u00c1ngel Bravo Contreras se present\u00f3 al Congreso del Estado el 18 de septiembre de 2015, para iniciar el juicio de procedencia contra el presidente municipal.<u><\/u><u><\/u><\/p>\n<p class=\"x_m_-5607539587036331861MsoNoSpacing\">Se habl\u00f3 en su momento de una persecuci\u00f3n orquestada por el gobierno encabezado por Javier Duarte contra Morales Rosas y otros tres ediles veracruzanos.<u><\/u><u><\/u><\/p>\n<p class=\"x_m_-5607539587036331861MsoNoSpacing\">La Legislatura, sin embargo, no dictamin\u00f3 el desafuero y Abundio Morales sigui\u00f3 al frente de ese ayuntamiento, que se ubica en la zona monta\u00f1osa central del estado.<u><\/u><u><\/u><\/p>\n<p class=\"x_m_-5607539587036331861MsoNoSpacing\">No debi\u00f3 desempe\u00f1ar el hoy ex alcalde un mal papel, dado que su hermano, Filiberto Morales Rosas, gan\u00f3 la contienda de 2017 sin mayores problemas, con casi el 40 por ciento de la votaci\u00f3n total.<u><\/u><u><\/u><\/p>\n<p class=\"x_m_-5607539587036331861MsoNoSpacing\">El tema de Abundio Morales resurge hoy a prop\u00f3sito de la selecci\u00f3n de aspirantes a las diputaciones locales.<u><\/u><u><\/u><\/p>\n<p class=\"x_m_-5607539587036331861MsoNoSpacing\">El PRI, partido en el que milita el ex alcalde de Ayahualulco, enfrenta problemas en esa zona para encontrar a su candidato; y una de las muy pocas historias de \u00e9xito electoral del tricolor en el reciente proceso se registr\u00f3 precisamente en el mencionado municipio.<u><\/u><u><\/u><\/p>\n<p class=\"x_m_-5607539587036331861MsoNoSpacing\">El distrito 12 est\u00e1 integrado por diez municipios: Coatepec, la cabecera distrital, Xico, Cosautl\u00e1n, Ixhuac\u00e1n de los Reyes, Teocelo, Acajete, Rafael Lucio, Ayahualulco, Tlalnelhuayocan y Banderilla; y a excepci\u00f3n de estos dos \u00faltimos, en el resto del distrito es conocido el ex edil.<u><\/u><u><\/u><\/p>\n<p class=\"x_m_-5607539587036331861MsoNoSpacing\">Incluso, la organizaci\u00f3n pol\u00edtica que ha cobijado a Morales Rosas, Antorcha Campesina, tiene una fuerte presencia en colonias en Coatepec, Xico, Ixhuac\u00e1n y Acajete.<u><\/u><u><\/u><\/p>\n<p class=\"x_m_-5607539587036331861MsoNoSpacing\">El ex alcalde de Ayahualulco podr\u00eda convertirse en la pr\u00f3xima posici\u00f3n de Antorcha en la Legislatura del Estado, dada la importancia y la presencia en la entidad de la organizaci\u00f3n que encabeza Samuel Aguirre Ochoa.<u><\/u><u><\/u><\/p>\n<p class=\"x_m_-5607539587036331861MsoNoSpacing\">El movimiento antorchista es un hist\u00f3rico aliado del Partido Revolucionario Institucional, aunque ya se encuentra en v\u00edas de formar su propio partido.<u><\/u><u><\/u><\/p>\n<p class=\"x_m_-5607539587036331861MsoNoSpacing\">En el \u00e1mbito estatal, Antorcha tiene una indiscutible fuerza,\u00a0 misma que ha representado espacios tanto en ayuntamientos como en la Legislatura local; actualmente, por ejemplo, cuenta con la diputada plurinominal Janeth Garc\u00eda Cruz, quien busca repetir al registrarse como precandidata del PRI por el distrito XIX, con cabecera en C\u00f3rdoba.<u><\/u><u><\/u><\/p>\n<p class=\"x_m_-5607539587036331861MsoNoSpacing\">Antes que la actual presidenta de la Comisi\u00f3n de Juventud y Deporte en la Legislatura del Estado, ocup\u00f3 una curul Minerva Salcedo Baca, quien presidi\u00f3 la Comisi\u00f3n de Educaci\u00f3n y Cultura en la LXIV.<u><\/u><u><\/u><\/p>\n<p class=\"x_m_-5607539587036331861MsoNoSpacing\">Pues bien, con lo que tiene en Ayahualulco y en el resto de distrito 12, y con el respaldo de Antorcha Campesina, Abundio Morales Rosas podr\u00eda convertirse en una opci\u00f3n para el PRI y su candidato a gobernador, Jos\u00e9 Francisco Yunes, en una demarcaci\u00f3n sumamente complicada.<u><\/u><u><\/u><\/p>\n<p class=\"x_m_-5607539587036331861MsoNoSpacing\"><u><\/u>\u00a0<u><\/u><\/p>\n<p class=\"x_m_-5607539587036331861MsoNoSpacing\"><u><\/u>\u00a0<u><\/u><\/p>\n<p class=\"x_m_-5607539587036331861MsoNoSpacing\"><b>La venta de inmuebles<u><\/u><u><\/u><\/b><\/p>\n<p class=\"x_m_-5607539587036331861MsoNoSpacing\">A pesar de la crisis inmobiliaria, llama la atenci\u00f3n que los due\u00f1os del Colombe Hotel Boutique quieran deshacerse de este valios\u00edsimo y elegante espacio en una de las zonas m\u00e1s hermosas de la capital, enfrente del hist\u00f3rico Estadio Heriberto Jara Corona y en el coraz\u00f3n de la zona universitaria.<u><\/u><u><\/u><\/p>\n<p class=\"x_m_-5607539587036331861MsoNoSpacing\">Tambi\u00e9n llama la atenci\u00f3n que la familia coatepecana-xalape\u00f1a, Torres, de la empresa de apicultura Zahory, quiere hacer lo mismo.<u><\/u><u><\/u><\/p>\n<p class=\"x_m_-5607539587036331861MsoNoSpacing\">No duden que en una de esas, nos enteremos que el coatepecano Roberto P\u00e9rez Mart\u00ednez ya remat\u00f3 gasolineras y avi\u00f3n.<u><\/u><u><\/u><\/p>\n<p class=\"x_m_-5607539587036331861MsoNoSpacing\">La crisis est\u00e1 dura, pero m\u00e1s duro, si los tiempos de acuerdos pol\u00edticos se acaban. @luisromero85<\/p>\n","protected":false},"excerpt":{"rendered":"<p>Luis Alberto Romero Hora Cero Han pasado dos a\u00f1os con cuatro meses desde que la Fiscal\u00eda General del Estado solicit\u00f3 ante la Legislatura local el desafuero del hoy ex alcalde de Ayahualulco, Abundio Morales Rosas. El entonces fiscal Luis \u00c1ngel Bravo Contreras se present\u00f3 al Congreso del Estado el 18 de septiembre de 2015, para [&hellip;]<\/p>\n","protected":false},"author":2,"featured_media":0,"comment_status":"open","ping_status":"open","sticky":false,"template":"","format":"standard","meta":{"tdm_status":"","tdm_grid_status":"","footnotes":""},"categories":[70],"tags":[3485,496],"class_list":{"0":"post-39406","1":"post","2":"type-post","3":"status-publish","4":"format-standard","6":"category-de-opinion","7":"tag-ayahualulco","8":"tag-luis-angel-bravo-contreras"},"yoast_head":"<!-- This site is optimized with the Yoast SEO plugin v27.4 - https:\/\/yoast.com\/product\/yoast-seo-wordpress\/ -->\n<title>Abundio Morales, opci\u00f3n para Coatepec - Los pol\u00edticos Veracruz<\/title>\n<meta name=\"robots\" content=\"index, follow, max-snippet:-1, max-image-preview:large, max-video-preview:-1\" \/>\n<link rel=\"canonical\" href=\"https:\/\/lospoliticosveracruz.com\/?p=39406\" \/>\n<meta property=\"og:locale\" content=\"es_ES\" \/>\n<meta property=\"og:type\" content=\"article\" \/>\n<meta property=\"og:title\" content=\"Abundio Morales, opci\u00f3n para Coatepec - Los pol\u00edticos Veracruz\" \/>\n<meta property=\"og:description\" content=\"Luis Alberto Romero Hora Cero Han pasado dos a\u00f1os con cuatro meses desde que la Fiscal\u00eda General del Estado solicit\u00f3 ante la Legislatura local el desafuero del hoy ex alcalde de Ayahualulco, Abundio Morales Rosas. El entonces fiscal Luis \u00c1ngel Bravo Contreras se present\u00f3 al Congreso del Estado el 18 de septiembre de 2015, para [&hellip;]\" \/>\n<meta property=\"og:url\" content=\"https:\/\/lospoliticosveracruz.com\/?p=39406\" \/>\n<meta property=\"og:site_name\" content=\"Los pol\u00edticos Veracruz\" \/>\n<meta property=\"article:publisher\" content=\"https:\/\/www.facebook.com\/people\/Notimemes-de-los-Polticos\/61565672886568\/\" \/>\n<meta property=\"article:published_time\" content=\"2018-01-26T16:41:13+00:00\" \/>\n<meta property=\"og:image\" content=\"https:\/\/lospoliticosveracruz.com\/wp-content\/uploads\/2016\/07\/Logo-Dor.jpg\" \/>\n\t<meta property=\"og:image:width\" content=\"200\" \/>\n\t<meta property=\"og:image:height\" content=\"200\" \/>\n\t<meta property=\"og:image:type\" content=\"image\/jpeg\" \/>\n<meta name=\"author\" content=\"Lo viste en Los Pol\u00edticos\" \/>\n<meta name=\"twitter:card\" content=\"summary_large_image\" \/>\n<meta name=\"twitter:creator\" content=\"@LosPoliticosVer\" \/>\n<meta name=\"twitter:site\" content=\"@LosPoliticosVer\" \/>\n<meta name=\"twitter:label1\" content=\"Escrito por\" \/>\n\t<meta name=\"twitter:data1\" content=\"Lo viste en Los Pol\u00edticos\" \/>\n\t<meta name=\"twitter:label2\" content=\"Tiempo de lectura\" \/>\n\t<meta name=\"twitter:data2\" content=\"3 minutos\" \/>\n<script type=\"application\/ld+json\" class=\"yoast-schema-graph\">{\"@context\":\"https:\\\/\\\/schema.org\",\"@graph\":[{\"@type\":\"Article\",\"@id\":\"https:\\\/\\\/lospoliticosveracruz.com\\\/?p=39406#article\",\"isPartOf\":{\"@id\":\"https:\\\/\\\/lospoliticosveracruz.com\\\/?p=39406\"},\"author\":{\"name\":\"Lo viste en Los Pol\u00edticos\",\"@id\":\"https:\\\/\\\/lospoliticosveracruz.com\\\/#\\\/schema\\\/person\\\/b8702bb0e538456e6efd07080bf2a4a2\"},\"headline\":\"Abundio Morales, opci\u00f3n para Coatepec\",\"datePublished\":\"2018-01-26T16:41:13+00:00\",\"mainEntityOfPage\":{\"@id\":\"https:\\\/\\\/lospoliticosveracruz.com\\\/?p=39406\"},\"wordCount\":617,\"commentCount\":0,\"publisher\":{\"@id\":\"https:\\\/\\\/lospoliticosveracruz.com\\\/#organization\"},\"keywords\":[\"Ayahualulco\",\"Luis Angel Bravo Contreras\"],\"articleSection\":[\"De Opini\u00f3n\"],\"inLanguage\":\"es\",\"potentialAction\":[{\"@type\":\"CommentAction\",\"name\":\"Comment\",\"target\":[\"https:\\\/\\\/lospoliticosveracruz.com\\\/?p=39406#respond\"]}]},{\"@type\":\"WebPage\",\"@id\":\"https:\\\/\\\/lospoliticosveracruz.com\\\/?p=39406\",\"url\":\"https:\\\/\\\/lospoliticosveracruz.com\\\/?p=39406\",\"name\":\"Abundio Morales, opci\u00f3n para Coatepec - Los pol\u00edticos Veracruz\",\"isPartOf\":{\"@id\":\"https:\\\/\\\/lospoliticosveracruz.com\\\/#website\"},\"datePublished\":\"2018-01-26T16:41:13+00:00\",\"breadcrumb\":{\"@id\":\"https:\\\/\\\/lospoliticosveracruz.com\\\/?p=39406#breadcrumb\"},\"inLanguage\":\"es\",\"potentialAction\":[{\"@type\":\"ReadAction\",\"target\":[\"https:\\\/\\\/lospoliticosveracruz.com\\\/?p=39406\"]}]},{\"@type\":\"BreadcrumbList\",\"@id\":\"https:\\\/\\\/lospoliticosveracruz.com\\\/?p=39406#breadcrumb\",\"itemListElement\":[{\"@type\":\"ListItem\",\"position\":1,\"name\":\"Portada\",\"item\":\"https:\\\/\\\/lospoliticosveracruz.com\\\/\"},{\"@type\":\"ListItem\",\"position\":2,\"name\":\"Abundio Morales, opci\u00f3n para Coatepec\"}]},{\"@type\":\"WebSite\",\"@id\":\"https:\\\/\\\/lospoliticosveracruz.com\\\/#website\",\"url\":\"https:\\\/\\\/lospoliticosveracruz.com\\\/\",\"name\":\"Los pol\u00edticos Veracruz\",\"description\":\"\",\"publisher\":{\"@id\":\"https:\\\/\\\/lospoliticosveracruz.com\\\/#organization\"},\"potentialAction\":[{\"@type\":\"SearchAction\",\"target\":{\"@type\":\"EntryPoint\",\"urlTemplate\":\"https:\\\/\\\/lospoliticosveracruz.com\\\/?s={search_term_string}\"},\"query-input\":{\"@type\":\"PropertyValueSpecification\",\"valueRequired\":true,\"valueName\":\"search_term_string\"}}],\"inLanguage\":\"es\"},{\"@type\":\"Organization\",\"@id\":\"https:\\\/\\\/lospoliticosveracruz.com\\\/#organization\",\"name\":\"Los pol\u00edticos Veracruz\",\"url\":\"https:\\\/\\\/lospoliticosveracruz.com\\\/\",\"logo\":{\"@type\":\"ImageObject\",\"inLanguage\":\"es\",\"@id\":\"https:\\\/\\\/lospoliticosveracruz.com\\\/#\\\/schema\\\/logo\\\/image\\\/\",\"url\":\"https:\\\/\\\/lospoliticosveracruz.com\\\/wp-content\\\/uploads\\\/2025\\\/12\\\/Logo-Nuevo-LOS-POLITICOS-1.jpg\",\"contentUrl\":\"https:\\\/\\\/lospoliticosveracruz.com\\\/wp-content\\\/uploads\\\/2025\\\/12\\\/Logo-Nuevo-LOS-POLITICOS-1.jpg\",\"width\":260,\"height\":70,\"caption\":\"Los pol\u00edticos Veracruz\"},\"image\":{\"@id\":\"https:\\\/\\\/lospoliticosveracruz.com\\\/#\\\/schema\\\/logo\\\/image\\\/\"},\"sameAs\":[\"https:\\\/\\\/www.facebook.com\\\/people\\\/Notimemes-de-los-Polticos\\\/61565672886568\\\/\",\"https:\\\/\\\/x.com\\\/LosPoliticosVer\"]},{\"@type\":\"Person\",\"@id\":\"https:\\\/\\\/lospoliticosveracruz.com\\\/#\\\/schema\\\/person\\\/b8702bb0e538456e6efd07080bf2a4a2\",\"name\":\"Lo viste en Los Pol\u00edticos\",\"image\":{\"@type\":\"ImageObject\",\"inLanguage\":\"es\",\"@id\":\"https:\\\/\\\/secure.gravatar.com\\\/avatar\\\/3a8de04a2656d44082be478bd6c086daa447c4651605818287b9532d3d0bd435?s=96&d=mm&r=g\",\"url\":\"https:\\\/\\\/secure.gravatar.com\\\/avatar\\\/3a8de04a2656d44082be478bd6c086daa447c4651605818287b9532d3d0bd435?s=96&d=mm&r=g\",\"contentUrl\":\"https:\\\/\\\/secure.gravatar.com\\\/avatar\\\/3a8de04a2656d44082be478bd6c086daa447c4651605818287b9532d3d0bd435?s=96&d=mm&r=g\",\"caption\":\"Lo viste en Los Pol\u00edticos\"},\"url\":\"https:\\\/\\\/lospoliticosveracruz.com\\\/?author=2\"}]}<\/script>\n<!-- \/ Yoast SEO plugin. -->","yoast_head_json":{"title":"Abundio Morales, opci\u00f3n para Coatepec - Los pol\u00edticos Veracruz","robots":{"index":"index","follow":"follow","max-snippet":"max-snippet:-1","max-image-preview":"max-image-preview:large","max-video-preview":"max-video-preview:-1"},"canonical":"https:\/\/lospoliticosveracruz.com\/?p=39406","og_locale":"es_ES","og_type":"article","og_title":"Abundio Morales, opci\u00f3n para Coatepec - Los pol\u00edticos Veracruz","og_description":"Luis Alberto Romero Hora Cero Han pasado dos a\u00f1os con cuatro meses desde que la Fiscal\u00eda General del Estado solicit\u00f3 ante la Legislatura local el desafuero del hoy ex alcalde de Ayahualulco, Abundio Morales Rosas. El entonces fiscal Luis \u00c1ngel Bravo Contreras se present\u00f3 al Congreso del Estado el 18 de septiembre de 2015, para [&hellip;]","og_url":"https:\/\/lospoliticosveracruz.com\/?p=39406","og_site_name":"Los pol\u00edticos Veracruz","article_publisher":"https:\/\/www.facebook.com\/people\/Notimemes-de-los-Polticos\/61565672886568\/","article_published_time":"2018-01-26T16:41:13+00:00","og_image":[{"width":200,"height":200,"url":"https:\/\/lospoliticosveracruz.com\/wp-content\/uploads\/2016\/07\/Logo-Dor.jpg","type":"image\/jpeg"}],"author":"Lo viste en Los Pol\u00edticos","twitter_card":"summary_large_image","twitter_creator":"@LosPoliticosVer","twitter_site":"@LosPoliticosVer","twitter_misc":{"Escrito por":"Lo viste en Los Pol\u00edticos","Tiempo de lectura":"3 minutos"},"schema":{"@context":"https:\/\/schema.org","@graph":[{"@type":"Article","@id":"https:\/\/lospoliticosveracruz.com\/?p=39406#article","isPartOf":{"@id":"https:\/\/lospoliticosveracruz.com\/?p=39406"},"author":{"name":"Lo viste en Los Pol\u00edticos","@id":"https:\/\/lospoliticosveracruz.com\/#\/schema\/person\/b8702bb0e538456e6efd07080bf2a4a2"},"headline":"Abundio Morales, opci\u00f3n para Coatepec","datePublished":"2018-01-26T16:41:13+00:00","mainEntityOfPage":{"@id":"https:\/\/lospoliticosveracruz.com\/?p=39406"},"wordCount":617,"commentCount":0,"publisher":{"@id":"https:\/\/lospoliticosveracruz.com\/#organization"},"keywords":["Ayahualulco","Luis Angel Bravo Contreras"],"articleSection":["De Opini\u00f3n"],"inLanguage":"es","potentialAction":[{"@type":"CommentAction","name":"Comment","target":["https:\/\/lospoliticosveracruz.com\/?p=39406#respond"]}]},{"@type":"WebPage","@id":"https:\/\/lospoliticosveracruz.com\/?p=39406","url":"https:\/\/lospoliticosveracruz.com\/?p=39406","name":"Abundio Morales, opci\u00f3n para Coatepec - Los pol\u00edticos Veracruz","isPartOf":{"@id":"https:\/\/lospoliticosveracruz.com\/#website"},"datePublished":"2018-01-26T16:41:13+00:00","breadcrumb":{"@id":"https:\/\/lospoliticosveracruz.com\/?p=39406#breadcrumb"},"inLanguage":"es","potentialAction":[{"@type":"ReadAction","target":["https:\/\/lospoliticosveracruz.com\/?p=39406"]}]},{"@type":"BreadcrumbList","@id":"https:\/\/lospoliticosveracruz.com\/?p=39406#breadcrumb","itemListElement":[{"@type":"ListItem","position":1,"name":"Portada","item":"https:\/\/lospoliticosveracruz.com\/"},{"@type":"ListItem","position":2,"name":"Abundio Morales, opci\u00f3n para Coatepec"}]},{"@type":"WebSite","@id":"https:\/\/lospoliticosveracruz.com\/#website","url":"https:\/\/lospoliticosveracruz.com\/","name":"Los pol\u00edticos Veracruz","description":"","publisher":{"@id":"https:\/\/lospoliticosveracruz.com\/#organization"},"potentialAction":[{"@type":"SearchAction","target":{"@type":"EntryPoint","urlTemplate":"https:\/\/lospoliticosveracruz.com\/?s={search_term_string}"},"query-input":{"@type":"PropertyValueSpecification","valueRequired":true,"valueName":"search_term_string"}}],"inLanguage":"es"},{"@type":"Organization","@id":"https:\/\/lospoliticosveracruz.com\/#organization","name":"Los pol\u00edticos Veracruz","url":"https:\/\/lospoliticosveracruz.com\/","logo":{"@type":"ImageObject","inLanguage":"es","@id":"https:\/\/lospoliticosveracruz.com\/#\/schema\/logo\/image\/","url":"https:\/\/lospoliticosveracruz.com\/wp-content\/uploads\/2025\/12\/Logo-Nuevo-LOS-POLITICOS-1.jpg","contentUrl":"https:\/\/lospoliticosveracruz.com\/wp-content\/uploads\/2025\/12\/Logo-Nuevo-LOS-POLITICOS-1.jpg","width":260,"height":70,"caption":"Los pol\u00edticos Veracruz"},"image":{"@id":"https:\/\/lospoliticosveracruz.com\/#\/schema\/logo\/image\/"},"sameAs":["https:\/\/www.facebook.com\/people\/Notimemes-de-los-Polticos\/61565672886568\/","https:\/\/x.com\/LosPoliticosVer"]},{"@type":"Person","@id":"https:\/\/lospoliticosveracruz.com\/#\/schema\/person\/b8702bb0e538456e6efd07080bf2a4a2","name":"Lo viste en Los Pol\u00edticos","image":{"@type":"ImageObject","inLanguage":"es","@id":"https:\/\/secure.gravatar.com\/avatar\/3a8de04a2656d44082be478bd6c086daa447c4651605818287b9532d3d0bd435?s=96&d=mm&r=g","url":"https:\/\/secure.gravatar.com\/avatar\/3a8de04a2656d44082be478bd6c086daa447c4651605818287b9532d3d0bd435?s=96&d=mm&r=g","contentUrl":"https:\/\/secure.gravatar.com\/avatar\/3a8de04a2656d44082be478bd6c086daa447c4651605818287b9532d3d0bd435?s=96&d=mm&r=g","caption":"Lo viste en Los Pol\u00edticos"},"url":"https:\/\/lospoliticosveracruz.com\/?author=2"}]}},"_links":{"self":[{"href":"https:\/\/lospoliticosveracruz.com\/index.php?rest_route=\/wp\/v2\/posts\/39406","targetHints":{"allow":["GET"]}}],"collection":[{"href":"https:\/\/lospoliticosveracruz.com\/index.php?rest_route=\/wp\/v2\/posts"}],"about":[{"href":"https:\/\/lospoliticosveracruz.com\/index.php?rest_route=\/wp\/v2\/types\/post"}],"author":[{"embeddable":true,"href":"https:\/\/lospoliticosveracruz.com\/index.php?rest_route=\/wp\/v2\/users\/2"}],"replies":[{"embeddable":true,"href":"https:\/\/lospoliticosveracruz.com\/index.php?rest_route=%2Fwp%2Fv2%2Fcomments&post=39406"}],"version-history":[{"count":2,"href":"https:\/\/lospoliticosveracruz.com\/index.php?rest_route=\/wp\/v2\/posts\/39406\/revisions"}],"predecessor-version":[{"id":39410,"href":"https:\/\/lospoliticosveracruz.com\/index.php?rest_route=\/wp\/v2\/posts\/39406\/revisions\/39410"}],"wp:attachment":[{"href":"https:\/\/lospoliticosveracruz.com\/index.php?rest_route=%2Fwp%2Fv2%2Fmedia&parent=39406"}],"wp:term":[{"taxonomy":"category","embeddable":true,"href":"https:\/\/lospoliticosveracruz.com\/index.php?rest_route=%2Fwp%2Fv2%2Fcategories&post=39406"},{"taxonomy":"post_tag","embeddable":true,"href":"https:\/\/lospoliticosveracruz.com\/index.php?rest_route=%2Fwp%2Fv2%2Ftags&post=39406"}],"curies":[{"name":"wp","href":"https:\/\/api.w.org\/{rel}","templated":true}]}}