{"id":39414,"date":"2018-01-26T11:30:44","date_gmt":"2018-01-26T17:30:44","guid":{"rendered":"http:\/\/www.lospoliticosveracruz.com.mx\/?p=39414"},"modified":"2018-01-26T11:30:44","modified_gmt":"2018-01-26T17:30:44","slug":"corrompen-el-sistema-anticorrupcion","status":"publish","type":"post","link":"https:\/\/lospoliticosveracruz.com\/?p=39414","title":{"rendered":"Corrompen el sistema anticorrupci\u00f3n"},"content":{"rendered":"<p><strong>Naldy Rodr\u00edguez<\/strong><\/p>\n<p><em>Transparencia 3.0<\/em><\/p>\n<p>&nbsp;<\/p>\n<p>&nbsp;<\/p>\n<p>El sistema anticorrupci\u00f3n naci\u00f3 podrido en Veracruz, de una malsana alianza entre PAN y PRI, y de las imposiciones de los tres poderes: Ejecutivo, Legislativo y Judicial. As\u00ed de simple.<\/p>\n<p>Lo triste es que este sistema se orquest\u00f3 desde las asociaciones civiles, con el empuje e insistencia de los ciudadanos y ante administraciones desastrosas y corruptas como la de Javier Duarte en Veracruz y Roberto Borge en Quintana Roo, a nuestros pol\u00edticos no les qued\u00f3 m\u00e1s remedio que implementarlo.<\/p>\n<p>En Veracruz ya tenemos magistrados anticorrupci\u00f3n (no dedicar\u00e9 m\u00e1s l\u00edneas a estos personajes impuestos) y ahora el Congreso del Estado est\u00e1 en proceso de selecci\u00f3n del pr\u00f3ximo Fiscal Especializado, que depender\u00e1 de la Fiscal\u00eda General del Estado a cargo de Jorge Winckler. Desde ahora ya se vislumbra una nueva imposici\u00f3n y no ser\u00eda nada sorpresivo.<\/p>\n<p>Luego se quejan de que la ciudadan\u00eda no participa\u2026 pues si todo lo que tocan lo corrompen, desalentando as\u00ed el inter\u00e9s de los veracruzanos sin militancia ni intereses partidistas.<\/p>\n<p>A pesar del desencanto en el sistema pol\u00edtico, varios hombres y mujeres se inscribieron en las convocatorias para seleccionar a los titulares de los \u00d3rganos Internos de Control del ORFIS, IVAI, el Tribunal de Justicia Administrativa y la Comisi\u00f3n Estatal de Derechos Humanos.<\/p>\n<p>En el caso del Instituto Veracruzano de Acceso a la Informaci\u00f3n fueron 28 ciudadanos que se registraron y las otras convocatorias tuvieron un n\u00famero similar de participantes. Algunos aspirantes de plano se registraron en dos o m\u00e1s procesos, para ver en cu\u00e1l tienen mejor suerte.<\/p>\n<p>Con el deseo de expresarse y de dar voz a muchos que realizan solicitudes de informaci\u00f3n en Veracruz (con frustraci\u00f3n porque la respuesta no llega y los procedimientos se alargan), el abogado Daniel Pereyra, les dijo a los diputados que el derecho de acceso a la informaci\u00f3n en Veracruz es \u201cuna farsa\u201d, un instrumento fuera del alcance de los ciudadanos.<\/p>\n<p>\u201cPara poder acceder al IVAI hemos promovido amparos, imag\u00ednense un ciudadano cuando va a promover un amparo\u201d, solt\u00f3 en el encuentro que se transmiti\u00f3 por la p\u00e1gina del Congreso local y remat\u00f3: \u201ces el sentir no s\u00f3lo m\u00edo sino de mucha gente que esta afuera\u201d.<\/p>\n<p>En la entidad veracruzana falta la integraci\u00f3n del Comit\u00e9 Ciudadano que preside el sistema anticorrupci\u00f3n. Tuvo que ser la primera convocatoria y designaci\u00f3n, pero los pol\u00edticos (no todos) menosprecian a los ciudadanos y por supuesto quieren imponer a modo, por eso ese espacio sigue vac\u00edo.<\/p>\n<p>En el caso del Comit\u00e9 Ciudadano se debe integrar por cinco personas, quien lo encabece los representar\u00e1 ante el Comit\u00e9 Coordinador General y deber\u00e1 articular las acciones con diferentes dependencias y nuevos cargos.<\/p>\n<p>Veremos en unas semanas m\u00e1s en qu\u00e9 termina nuestro sistema anticorrupci\u00f3n\u2026<\/p>\n<p>***<\/p>\n<p>En este mundo hay cosas que solo puedes hacer sola y cosas que solo puedes hacer con otra persona. Es importante ir combinando las unas con las otras.<\/p>\n<p>After Dark<\/p>\n<p>Haruki Murakami<\/p>\n<p>Twitter @ydlan<\/p>\n<p>Transparencia3.0@hotmail.com<\/p>\n","protected":false},"excerpt":{"rendered":"<p>Naldy Rodr\u00edguez Transparencia 3.0 &nbsp; &nbsp; El sistema anticorrupci\u00f3n naci\u00f3 podrido en Veracruz, de una malsana alianza entre PAN y PRI, y de las imposiciones de los tres poderes: Ejecutivo, Legislativo y Judicial. As\u00ed de simple. Lo triste es que este sistema se orquest\u00f3 desde las asociaciones civiles, con el empuje e insistencia de los [&hellip;]<\/p>\n","protected":false},"author":2,"featured_media":0,"comment_status":"open","ping_status":"open","sticky":false,"template":"","format":"standard","meta":{"tdm_status":"","tdm_grid_status":"","footnotes":""},"categories":[70],"tags":[4813,985,162,6869,135,10779],"class_list":{"0":"post-39414","1":"post","2":"type-post","3":"status-publish","4":"format-standard","6":"category-de-opinion","7":"tag-cedh","8":"tag-ivai","9":"tag-javier-duarte","10":"tag-jorge-winckler","11":"tag-orfis","12":"tag-sistema-anticorrupcion"},"yoast_head":"<!-- This site is optimized with the Yoast SEO plugin v27.4 - https:\/\/yoast.com\/product\/yoast-seo-wordpress\/ -->\n<title>Corrompen el sistema anticorrupci\u00f3n - Los pol\u00edticos Veracruz<\/title>\n<meta name=\"robots\" content=\"index, follow, max-snippet:-1, max-image-preview:large, max-video-preview:-1\" \/>\n<link rel=\"canonical\" href=\"https:\/\/lospoliticosveracruz.com\/?p=39414\" \/>\n<meta property=\"og:locale\" content=\"es_ES\" \/>\n<meta property=\"og:type\" content=\"article\" \/>\n<meta property=\"og:title\" content=\"Corrompen el sistema anticorrupci\u00f3n - Los pol\u00edticos Veracruz\" \/>\n<meta property=\"og:description\" content=\"Naldy Rodr\u00edguez Transparencia 3.0 &nbsp; &nbsp; El sistema anticorrupci\u00f3n naci\u00f3 podrido en Veracruz, de una malsana alianza entre PAN y PRI, y de las imposiciones de los tres poderes: Ejecutivo, Legislativo y Judicial. As\u00ed de simple. Lo triste es que este sistema se orquest\u00f3 desde las asociaciones civiles, con el empuje e insistencia de los [&hellip;]\" \/>\n<meta property=\"og:url\" content=\"https:\/\/lospoliticosveracruz.com\/?p=39414\" \/>\n<meta property=\"og:site_name\" content=\"Los pol\u00edticos Veracruz\" \/>\n<meta property=\"article:publisher\" content=\"https:\/\/www.facebook.com\/people\/Notimemes-de-los-Polticos\/61565672886568\/\" \/>\n<meta property=\"article:published_time\" content=\"2018-01-26T17:30:44+00:00\" \/>\n<meta property=\"og:image\" content=\"https:\/\/lospoliticosveracruz.com\/wp-content\/uploads\/2016\/07\/Logo-Dor.jpg\" \/>\n\t<meta property=\"og:image:width\" content=\"200\" \/>\n\t<meta property=\"og:image:height\" content=\"200\" \/>\n\t<meta property=\"og:image:type\" content=\"image\/jpeg\" \/>\n<meta name=\"author\" content=\"Lo viste en Los Pol\u00edticos\" \/>\n<meta name=\"twitter:card\" content=\"summary_large_image\" \/>\n<meta name=\"twitter:creator\" content=\"@LosPoliticosVer\" \/>\n<meta name=\"twitter:site\" content=\"@LosPoliticosVer\" \/>\n<meta name=\"twitter:label1\" content=\"Escrito por\" \/>\n\t<meta name=\"twitter:data1\" content=\"Lo viste en Los Pol\u00edticos\" \/>\n\t<meta name=\"twitter:label2\" content=\"Tiempo de lectura\" \/>\n\t<meta name=\"twitter:data2\" content=\"3 minutos\" \/>\n<script type=\"application\/ld+json\" class=\"yoast-schema-graph\">{\"@context\":\"https:\\\/\\\/schema.org\",\"@graph\":[{\"@type\":\"Article\",\"@id\":\"https:\\\/\\\/lospoliticosveracruz.com\\\/?p=39414#article\",\"isPartOf\":{\"@id\":\"https:\\\/\\\/lospoliticosveracruz.com\\\/?p=39414\"},\"author\":{\"name\":\"Lo viste en Los Pol\u00edticos\",\"@id\":\"https:\\\/\\\/lospoliticosveracruz.com\\\/#\\\/schema\\\/person\\\/b8702bb0e538456e6efd07080bf2a4a2\"},\"headline\":\"Corrompen el sistema anticorrupci\u00f3n\",\"datePublished\":\"2018-01-26T17:30:44+00:00\",\"mainEntityOfPage\":{\"@id\":\"https:\\\/\\\/lospoliticosveracruz.com\\\/?p=39414\"},\"wordCount\":525,\"commentCount\":0,\"publisher\":{\"@id\":\"https:\\\/\\\/lospoliticosveracruz.com\\\/#organization\"},\"keywords\":[\"CEDH\",\"IVAI\",\"Javier Duarte\",\"Jorge Winckler\",\"Orfis\",\"sistema anticorrupci\u00f3n\"],\"articleSection\":[\"De Opini\u00f3n\"],\"inLanguage\":\"es\",\"potentialAction\":[{\"@type\":\"CommentAction\",\"name\":\"Comment\",\"target\":[\"https:\\\/\\\/lospoliticosveracruz.com\\\/?p=39414#respond\"]}]},{\"@type\":\"WebPage\",\"@id\":\"https:\\\/\\\/lospoliticosveracruz.com\\\/?p=39414\",\"url\":\"https:\\\/\\\/lospoliticosveracruz.com\\\/?p=39414\",\"name\":\"Corrompen el sistema anticorrupci\u00f3n - Los pol\u00edticos Veracruz\",\"isPartOf\":{\"@id\":\"https:\\\/\\\/lospoliticosveracruz.com\\\/#website\"},\"datePublished\":\"2018-01-26T17:30:44+00:00\",\"breadcrumb\":{\"@id\":\"https:\\\/\\\/lospoliticosveracruz.com\\\/?p=39414#breadcrumb\"},\"inLanguage\":\"es\",\"potentialAction\":[{\"@type\":\"ReadAction\",\"target\":[\"https:\\\/\\\/lospoliticosveracruz.com\\\/?p=39414\"]}]},{\"@type\":\"BreadcrumbList\",\"@id\":\"https:\\\/\\\/lospoliticosveracruz.com\\\/?p=39414#breadcrumb\",\"itemListElement\":[{\"@type\":\"ListItem\",\"position\":1,\"name\":\"Portada\",\"item\":\"https:\\\/\\\/lospoliticosveracruz.com\\\/\"},{\"@type\":\"ListItem\",\"position\":2,\"name\":\"Corrompen el sistema anticorrupci\u00f3n\"}]},{\"@type\":\"WebSite\",\"@id\":\"https:\\\/\\\/lospoliticosveracruz.com\\\/#website\",\"url\":\"https:\\\/\\\/lospoliticosveracruz.com\\\/\",\"name\":\"Los pol\u00edticos Veracruz\",\"description\":\"\",\"publisher\":{\"@id\":\"https:\\\/\\\/lospoliticosveracruz.com\\\/#organization\"},\"potentialAction\":[{\"@type\":\"SearchAction\",\"target\":{\"@type\":\"EntryPoint\",\"urlTemplate\":\"https:\\\/\\\/lospoliticosveracruz.com\\\/?s={search_term_string}\"},\"query-input\":{\"@type\":\"PropertyValueSpecification\",\"valueRequired\":true,\"valueName\":\"search_term_string\"}}],\"inLanguage\":\"es\"},{\"@type\":\"Organization\",\"@id\":\"https:\\\/\\\/lospoliticosveracruz.com\\\/#organization\",\"name\":\"Los pol\u00edticos Veracruz\",\"url\":\"https:\\\/\\\/lospoliticosveracruz.com\\\/\",\"logo\":{\"@type\":\"ImageObject\",\"inLanguage\":\"es\",\"@id\":\"https:\\\/\\\/lospoliticosveracruz.com\\\/#\\\/schema\\\/logo\\\/image\\\/\",\"url\":\"https:\\\/\\\/lospoliticosveracruz.com\\\/wp-content\\\/uploads\\\/2025\\\/12\\\/Logo-Nuevo-LOS-POLITICOS-1.jpg\",\"contentUrl\":\"https:\\\/\\\/lospoliticosveracruz.com\\\/wp-content\\\/uploads\\\/2025\\\/12\\\/Logo-Nuevo-LOS-POLITICOS-1.jpg\",\"width\":260,\"height\":70,\"caption\":\"Los pol\u00edticos Veracruz\"},\"image\":{\"@id\":\"https:\\\/\\\/lospoliticosveracruz.com\\\/#\\\/schema\\\/logo\\\/image\\\/\"},\"sameAs\":[\"https:\\\/\\\/www.facebook.com\\\/people\\\/Notimemes-de-los-Polticos\\\/61565672886568\\\/\",\"https:\\\/\\\/x.com\\\/LosPoliticosVer\"]},{\"@type\":\"Person\",\"@id\":\"https:\\\/\\\/lospoliticosveracruz.com\\\/#\\\/schema\\\/person\\\/b8702bb0e538456e6efd07080bf2a4a2\",\"name\":\"Lo viste en Los Pol\u00edticos\",\"image\":{\"@type\":\"ImageObject\",\"inLanguage\":\"es\",\"@id\":\"https:\\\/\\\/secure.gravatar.com\\\/avatar\\\/3a8de04a2656d44082be478bd6c086daa447c4651605818287b9532d3d0bd435?s=96&d=mm&r=g\",\"url\":\"https:\\\/\\\/secure.gravatar.com\\\/avatar\\\/3a8de04a2656d44082be478bd6c086daa447c4651605818287b9532d3d0bd435?s=96&d=mm&r=g\",\"contentUrl\":\"https:\\\/\\\/secure.gravatar.com\\\/avatar\\\/3a8de04a2656d44082be478bd6c086daa447c4651605818287b9532d3d0bd435?s=96&d=mm&r=g\",\"caption\":\"Lo viste en Los Pol\u00edticos\"},\"url\":\"https:\\\/\\\/lospoliticosveracruz.com\\\/?author=2\"}]}<\/script>\n<!-- \/ Yoast SEO plugin. -->","yoast_head_json":{"title":"Corrompen el sistema anticorrupci\u00f3n - Los pol\u00edticos Veracruz","robots":{"index":"index","follow":"follow","max-snippet":"max-snippet:-1","max-image-preview":"max-image-preview:large","max-video-preview":"max-video-preview:-1"},"canonical":"https:\/\/lospoliticosveracruz.com\/?p=39414","og_locale":"es_ES","og_type":"article","og_title":"Corrompen el sistema anticorrupci\u00f3n - Los pol\u00edticos Veracruz","og_description":"Naldy Rodr\u00edguez Transparencia 3.0 &nbsp; &nbsp; El sistema anticorrupci\u00f3n naci\u00f3 podrido en Veracruz, de una malsana alianza entre PAN y PRI, y de las imposiciones de los tres poderes: Ejecutivo, Legislativo y Judicial. As\u00ed de simple. Lo triste es que este sistema se orquest\u00f3 desde las asociaciones civiles, con el empuje e insistencia de los [&hellip;]","og_url":"https:\/\/lospoliticosveracruz.com\/?p=39414","og_site_name":"Los pol\u00edticos Veracruz","article_publisher":"https:\/\/www.facebook.com\/people\/Notimemes-de-los-Polticos\/61565672886568\/","article_published_time":"2018-01-26T17:30:44+00:00","og_image":[{"width":200,"height":200,"url":"https:\/\/lospoliticosveracruz.com\/wp-content\/uploads\/2016\/07\/Logo-Dor.jpg","type":"image\/jpeg"}],"author":"Lo viste en Los Pol\u00edticos","twitter_card":"summary_large_image","twitter_creator":"@LosPoliticosVer","twitter_site":"@LosPoliticosVer","twitter_misc":{"Escrito por":"Lo viste en Los Pol\u00edticos","Tiempo de lectura":"3 minutos"},"schema":{"@context":"https:\/\/schema.org","@graph":[{"@type":"Article","@id":"https:\/\/lospoliticosveracruz.com\/?p=39414#article","isPartOf":{"@id":"https:\/\/lospoliticosveracruz.com\/?p=39414"},"author":{"name":"Lo viste en Los Pol\u00edticos","@id":"https:\/\/lospoliticosveracruz.com\/#\/schema\/person\/b8702bb0e538456e6efd07080bf2a4a2"},"headline":"Corrompen el sistema anticorrupci\u00f3n","datePublished":"2018-01-26T17:30:44+00:00","mainEntityOfPage":{"@id":"https:\/\/lospoliticosveracruz.com\/?p=39414"},"wordCount":525,"commentCount":0,"publisher":{"@id":"https:\/\/lospoliticosveracruz.com\/#organization"},"keywords":["CEDH","IVAI","Javier Duarte","Jorge Winckler","Orfis","sistema anticorrupci\u00f3n"],"articleSection":["De Opini\u00f3n"],"inLanguage":"es","potentialAction":[{"@type":"CommentAction","name":"Comment","target":["https:\/\/lospoliticosveracruz.com\/?p=39414#respond"]}]},{"@type":"WebPage","@id":"https:\/\/lospoliticosveracruz.com\/?p=39414","url":"https:\/\/lospoliticosveracruz.com\/?p=39414","name":"Corrompen el sistema anticorrupci\u00f3n - Los pol\u00edticos Veracruz","isPartOf":{"@id":"https:\/\/lospoliticosveracruz.com\/#website"},"datePublished":"2018-01-26T17:30:44+00:00","breadcrumb":{"@id":"https:\/\/lospoliticosveracruz.com\/?p=39414#breadcrumb"},"inLanguage":"es","potentialAction":[{"@type":"ReadAction","target":["https:\/\/lospoliticosveracruz.com\/?p=39414"]}]},{"@type":"BreadcrumbList","@id":"https:\/\/lospoliticosveracruz.com\/?p=39414#breadcrumb","itemListElement":[{"@type":"ListItem","position":1,"name":"Portada","item":"https:\/\/lospoliticosveracruz.com\/"},{"@type":"ListItem","position":2,"name":"Corrompen el sistema anticorrupci\u00f3n"}]},{"@type":"WebSite","@id":"https:\/\/lospoliticosveracruz.com\/#website","url":"https:\/\/lospoliticosveracruz.com\/","name":"Los pol\u00edticos Veracruz","description":"","publisher":{"@id":"https:\/\/lospoliticosveracruz.com\/#organization"},"potentialAction":[{"@type":"SearchAction","target":{"@type":"EntryPoint","urlTemplate":"https:\/\/lospoliticosveracruz.com\/?s={search_term_string}"},"query-input":{"@type":"PropertyValueSpecification","valueRequired":true,"valueName":"search_term_string"}}],"inLanguage":"es"},{"@type":"Organization","@id":"https:\/\/lospoliticosveracruz.com\/#organization","name":"Los pol\u00edticos Veracruz","url":"https:\/\/lospoliticosveracruz.com\/","logo":{"@type":"ImageObject","inLanguage":"es","@id":"https:\/\/lospoliticosveracruz.com\/#\/schema\/logo\/image\/","url":"https:\/\/lospoliticosveracruz.com\/wp-content\/uploads\/2025\/12\/Logo-Nuevo-LOS-POLITICOS-1.jpg","contentUrl":"https:\/\/lospoliticosveracruz.com\/wp-content\/uploads\/2025\/12\/Logo-Nuevo-LOS-POLITICOS-1.jpg","width":260,"height":70,"caption":"Los pol\u00edticos Veracruz"},"image":{"@id":"https:\/\/lospoliticosveracruz.com\/#\/schema\/logo\/image\/"},"sameAs":["https:\/\/www.facebook.com\/people\/Notimemes-de-los-Polticos\/61565672886568\/","https:\/\/x.com\/LosPoliticosVer"]},{"@type":"Person","@id":"https:\/\/lospoliticosveracruz.com\/#\/schema\/person\/b8702bb0e538456e6efd07080bf2a4a2","name":"Lo viste en Los Pol\u00edticos","image":{"@type":"ImageObject","inLanguage":"es","@id":"https:\/\/secure.gravatar.com\/avatar\/3a8de04a2656d44082be478bd6c086daa447c4651605818287b9532d3d0bd435?s=96&d=mm&r=g","url":"https:\/\/secure.gravatar.com\/avatar\/3a8de04a2656d44082be478bd6c086daa447c4651605818287b9532d3d0bd435?s=96&d=mm&r=g","contentUrl":"https:\/\/secure.gravatar.com\/avatar\/3a8de04a2656d44082be478bd6c086daa447c4651605818287b9532d3d0bd435?s=96&d=mm&r=g","caption":"Lo viste en Los Pol\u00edticos"},"url":"https:\/\/lospoliticosveracruz.com\/?author=2"}]}},"_links":{"self":[{"href":"https:\/\/lospoliticosveracruz.com\/index.php?rest_route=\/wp\/v2\/posts\/39414","targetHints":{"allow":["GET"]}}],"collection":[{"href":"https:\/\/lospoliticosveracruz.com\/index.php?rest_route=\/wp\/v2\/posts"}],"about":[{"href":"https:\/\/lospoliticosveracruz.com\/index.php?rest_route=\/wp\/v2\/types\/post"}],"author":[{"embeddable":true,"href":"https:\/\/lospoliticosveracruz.com\/index.php?rest_route=\/wp\/v2\/users\/2"}],"replies":[{"embeddable":true,"href":"https:\/\/lospoliticosveracruz.com\/index.php?rest_route=%2Fwp%2Fv2%2Fcomments&post=39414"}],"version-history":[{"count":1,"href":"https:\/\/lospoliticosveracruz.com\/index.php?rest_route=\/wp\/v2\/posts\/39414\/revisions"}],"predecessor-version":[{"id":39415,"href":"https:\/\/lospoliticosveracruz.com\/index.php?rest_route=\/wp\/v2\/posts\/39414\/revisions\/39415"}],"wp:attachment":[{"href":"https:\/\/lospoliticosveracruz.com\/index.php?rest_route=%2Fwp%2Fv2%2Fmedia&parent=39414"}],"wp:term":[{"taxonomy":"category","embeddable":true,"href":"https:\/\/lospoliticosveracruz.com\/index.php?rest_route=%2Fwp%2Fv2%2Fcategories&post=39414"},{"taxonomy":"post_tag","embeddable":true,"href":"https:\/\/lospoliticosveracruz.com\/index.php?rest_route=%2Fwp%2Fv2%2Ftags&post=39414"}],"curies":[{"name":"wp","href":"https:\/\/api.w.org\/{rel}","templated":true}]}}