{"id":39460,"date":"2018-01-29T10:15:05","date_gmt":"2018-01-29T16:15:05","guid":{"rendered":"http:\/\/www.lospoliticosveracruz.com.mx\/?p=39460"},"modified":"2018-01-29T10:15:05","modified_gmt":"2018-01-29T16:15:05","slug":"de-tamales-y-otros-guisos","status":"publish","type":"post","link":"https:\/\/lospoliticosveracruz.com\/?p=39460","title":{"rendered":"De tamales y otros guisos"},"content":{"rendered":"<p><strong>Gustavo Cadena<\/strong><\/p>\n<p><em>Al Estilo Mathey<\/em><\/p>\n<p>&nbsp;<br \/>\nBuen d\u00eda apreciado lector:<br \/>\nPor lo visto en los \u00faltimos d\u00edas, no solamente en el PRI los tamales est\u00e1n a su m\u00e1ximo hervor, tambi\u00e9n en otros respetables recintos.<br \/>\nAyer sorpresivamente circularon misivas y hasta declaraciones donde tres distinguidos militantes, Elizabeth Morales, Anil\u00fa Ingram Vallines y Edmundo Mart\u00ednez Zaleta anuncian que siempre no se registrar\u00edan, obviamente porque los palomeados de \u00faltima hora les garantizan \u201cmuch\u00edsimos\u201d votos (aj\u00e1) a don Pepe Meade y al aspirante local y se suman, convencidos, \u00a1en serio!.<br \/>\nPor otra parte, aunque la comisi\u00f3n respectiva del Congreso veracruzano ha se\u00f1alado que actuar\u00e1 \u00abcon total transparencia y apego a la legalidad\u00bb para designar a quien ocupar\u00e1 la titularidad de la Fiscal\u00eda Especializada en Combate a la Corrupci\u00f3n, lo que se\u00a0dice, por lo que se ha ido filtrando y por lo que se ha visto en otras decisiones, a estos ya no les cree ni el Santo Padre.<br \/>\nLa vox populi dice que ese arroz ya se coci\u00f3 y por lo que trasciende, hay razones para creer que as\u00ed es.<br \/>\nPor ejemplo, se comenta entre el gremio, sobre todo de la zona norte, que uno de los m\u00e1s fuertes aspirantes de los 22 inscritos, que cumple con los grados acad\u00e9micos que exige la convocatoria, como es el caso del tuxpe\u00f1o Andr\u00e9s Espinoza Barradas, de antemano\u00a0y en forma inexplicable fue descartado ol\u00edmpicamente y sin mediar explicaci\u00f3n alguna.<br \/>\nLo anterior, a pesar de que Espinoza Barradas es egresado de la Universidad Veracruzana, ha sido capacitado dentro y fuera del pa\u00eds, en universidades y pa\u00edses que han incursionado en el nuevo sistema adversarial, desde hace m\u00e1s de diez a\u00f1os; y no se puede hacer\u00a0a un lado su valiosa experiencia como funcionario del Tribunal Superior de Justicia, en el \u00e1rea de la Defensor\u00eda de Oficio, lo que lo ubica como un profesional con altos est\u00e1ndares de eficiencia y eficacia, en los ramos de procuraci\u00f3n y administraci\u00f3n de\u00a0justicia.<br \/>\nYa se ver\u00e1 a la hora de las definiciones si en realidad los integrantes de este hoy tan cuestionado Poder Legislativo, en verdad asumen su papel de absoluta imparcialidad y se pronuncian por un fiscal que brinde a la sociedad veracruzana la confianza indiscutible\u00a0en los distintos procesos administrativos y jurisdiccionales a los que tengan necesidad de acudir para solicitar un servicio p\u00fablico de calidad, y eficiencia.<br \/>\nDe los otros aderezos, seguramente habr\u00e1 much\u00edsimos pucheros todos estos d\u00edas y cocinados con le\u00f1a verde.<br \/>\nMientras tanto lector, usted s\u00ed tenga una semana de paz y armon\u00eda en su hogar.<\/p>\n<p>&nbsp;<br \/>\ngustavocadenamathey@hotmail.com<\/p>\n","protected":false},"excerpt":{"rendered":"<p>Gustavo Cadena Al Estilo Mathey &nbsp; Buen d\u00eda apreciado lector: Por lo visto en los \u00faltimos d\u00edas, no solamente en el PRI los tamales est\u00e1n a su m\u00e1ximo hervor, tambi\u00e9n en otros respetables recintos. Ayer sorpresivamente circularon misivas y hasta declaraciones donde tres distinguidos militantes, Elizabeth Morales, Anil\u00fa Ingram Vallines y Edmundo Mart\u00ednez Zaleta anuncian [&hellip;]<\/p>\n","protected":false},"author":2,"featured_media":0,"comment_status":"open","ping_status":"open","sticky":false,"template":"","format":"standard","meta":{"tdm_status":"","tdm_grid_status":"","footnotes":""},"categories":[70],"tags":[2215,133,6183],"class_list":{"0":"post-39460","1":"post","2":"type-post","3":"status-publish","4":"format-standard","6":"category-de-opinion","7":"tag-edmundo-martinez-zaleta","8":"tag-elizabeth-morales","9":"tag-fiscalia-especializada-en-combate-a-la-corrupcion"},"yoast_head":"<!-- This site is optimized with the Yoast SEO plugin v27.4 - https:\/\/yoast.com\/product\/yoast-seo-wordpress\/ -->\n<title>De tamales y otros guisos - Los pol\u00edticos Veracruz<\/title>\n<meta name=\"robots\" content=\"index, follow, max-snippet:-1, max-image-preview:large, max-video-preview:-1\" \/>\n<link rel=\"canonical\" href=\"https:\/\/lospoliticosveracruz.com\/?p=39460\" \/>\n<meta property=\"og:locale\" content=\"es_ES\" \/>\n<meta property=\"og:type\" content=\"article\" \/>\n<meta property=\"og:title\" content=\"De tamales y otros guisos - Los pol\u00edticos Veracruz\" \/>\n<meta property=\"og:description\" content=\"Gustavo Cadena Al Estilo Mathey &nbsp; Buen d\u00eda apreciado lector: Por lo visto en los \u00faltimos d\u00edas, no solamente en el PRI los tamales est\u00e1n a su m\u00e1ximo hervor, tambi\u00e9n en otros respetables recintos. Ayer sorpresivamente circularon misivas y hasta declaraciones donde tres distinguidos militantes, Elizabeth Morales, Anil\u00fa Ingram Vallines y Edmundo Mart\u00ednez Zaleta anuncian [&hellip;]\" \/>\n<meta property=\"og:url\" content=\"https:\/\/lospoliticosveracruz.com\/?p=39460\" \/>\n<meta property=\"og:site_name\" content=\"Los pol\u00edticos Veracruz\" \/>\n<meta property=\"article:publisher\" content=\"https:\/\/www.facebook.com\/people\/Notimemes-de-los-Polticos\/61565672886568\/\" \/>\n<meta property=\"article:published_time\" content=\"2018-01-29T16:15:05+00:00\" \/>\n<meta property=\"og:image\" content=\"https:\/\/lospoliticosveracruz.com\/wp-content\/uploads\/2016\/07\/Logo-Dor.jpg\" \/>\n\t<meta property=\"og:image:width\" content=\"200\" \/>\n\t<meta property=\"og:image:height\" content=\"200\" \/>\n\t<meta property=\"og:image:type\" content=\"image\/jpeg\" \/>\n<meta name=\"author\" content=\"Lo viste en Los Pol\u00edticos\" \/>\n<meta name=\"twitter:card\" content=\"summary_large_image\" \/>\n<meta name=\"twitter:creator\" content=\"@LosPoliticosVer\" \/>\n<meta name=\"twitter:site\" content=\"@LosPoliticosVer\" \/>\n<meta name=\"twitter:label1\" content=\"Escrito por\" \/>\n\t<meta name=\"twitter:data1\" content=\"Lo viste en Los Pol\u00edticos\" \/>\n\t<meta name=\"twitter:label2\" content=\"Tiempo de lectura\" \/>\n\t<meta name=\"twitter:data2\" content=\"2 minutos\" \/>\n<script type=\"application\/ld+json\" class=\"yoast-schema-graph\">{\"@context\":\"https:\\\/\\\/schema.org\",\"@graph\":[{\"@type\":\"Article\",\"@id\":\"https:\\\/\\\/lospoliticosveracruz.com\\\/?p=39460#article\",\"isPartOf\":{\"@id\":\"https:\\\/\\\/lospoliticosveracruz.com\\\/?p=39460\"},\"author\":{\"name\":\"Lo viste en Los Pol\u00edticos\",\"@id\":\"https:\\\/\\\/lospoliticosveracruz.com\\\/#\\\/schema\\\/person\\\/b8702bb0e538456e6efd07080bf2a4a2\"},\"headline\":\"De tamales y otros guisos\",\"datePublished\":\"2018-01-29T16:15:05+00:00\",\"mainEntityOfPage\":{\"@id\":\"https:\\\/\\\/lospoliticosveracruz.com\\\/?p=39460\"},\"wordCount\":460,\"commentCount\":0,\"publisher\":{\"@id\":\"https:\\\/\\\/lospoliticosveracruz.com\\\/#organization\"},\"keywords\":[\"Edmundo Mart\u00ednez Zaleta\",\"Elizabeth Morales\",\"Fiscal\u00eda Especializada en combate a la corrupci\u00f3n\"],\"articleSection\":[\"De Opini\u00f3n\"],\"inLanguage\":\"es\",\"potentialAction\":[{\"@type\":\"CommentAction\",\"name\":\"Comment\",\"target\":[\"https:\\\/\\\/lospoliticosveracruz.com\\\/?p=39460#respond\"]}]},{\"@type\":\"WebPage\",\"@id\":\"https:\\\/\\\/lospoliticosveracruz.com\\\/?p=39460\",\"url\":\"https:\\\/\\\/lospoliticosveracruz.com\\\/?p=39460\",\"name\":\"De tamales y otros guisos - Los pol\u00edticos Veracruz\",\"isPartOf\":{\"@id\":\"https:\\\/\\\/lospoliticosveracruz.com\\\/#website\"},\"datePublished\":\"2018-01-29T16:15:05+00:00\",\"breadcrumb\":{\"@id\":\"https:\\\/\\\/lospoliticosveracruz.com\\\/?p=39460#breadcrumb\"},\"inLanguage\":\"es\",\"potentialAction\":[{\"@type\":\"ReadAction\",\"target\":[\"https:\\\/\\\/lospoliticosveracruz.com\\\/?p=39460\"]}]},{\"@type\":\"BreadcrumbList\",\"@id\":\"https:\\\/\\\/lospoliticosveracruz.com\\\/?p=39460#breadcrumb\",\"itemListElement\":[{\"@type\":\"ListItem\",\"position\":1,\"name\":\"Portada\",\"item\":\"https:\\\/\\\/lospoliticosveracruz.com\\\/\"},{\"@type\":\"ListItem\",\"position\":2,\"name\":\"De tamales y otros guisos\"}]},{\"@type\":\"WebSite\",\"@id\":\"https:\\\/\\\/lospoliticosveracruz.com\\\/#website\",\"url\":\"https:\\\/\\\/lospoliticosveracruz.com\\\/\",\"name\":\"Los pol\u00edticos Veracruz\",\"description\":\"\",\"publisher\":{\"@id\":\"https:\\\/\\\/lospoliticosveracruz.com\\\/#organization\"},\"potentialAction\":[{\"@type\":\"SearchAction\",\"target\":{\"@type\":\"EntryPoint\",\"urlTemplate\":\"https:\\\/\\\/lospoliticosveracruz.com\\\/?s={search_term_string}\"},\"query-input\":{\"@type\":\"PropertyValueSpecification\",\"valueRequired\":true,\"valueName\":\"search_term_string\"}}],\"inLanguage\":\"es\"},{\"@type\":\"Organization\",\"@id\":\"https:\\\/\\\/lospoliticosveracruz.com\\\/#organization\",\"name\":\"Los pol\u00edticos Veracruz\",\"url\":\"https:\\\/\\\/lospoliticosveracruz.com\\\/\",\"logo\":{\"@type\":\"ImageObject\",\"inLanguage\":\"es\",\"@id\":\"https:\\\/\\\/lospoliticosveracruz.com\\\/#\\\/schema\\\/logo\\\/image\\\/\",\"url\":\"https:\\\/\\\/lospoliticosveracruz.com\\\/wp-content\\\/uploads\\\/2025\\\/12\\\/Logo-Nuevo-LOS-POLITICOS-1.jpg\",\"contentUrl\":\"https:\\\/\\\/lospoliticosveracruz.com\\\/wp-content\\\/uploads\\\/2025\\\/12\\\/Logo-Nuevo-LOS-POLITICOS-1.jpg\",\"width\":260,\"height\":70,\"caption\":\"Los pol\u00edticos Veracruz\"},\"image\":{\"@id\":\"https:\\\/\\\/lospoliticosveracruz.com\\\/#\\\/schema\\\/logo\\\/image\\\/\"},\"sameAs\":[\"https:\\\/\\\/www.facebook.com\\\/people\\\/Notimemes-de-los-Polticos\\\/61565672886568\\\/\",\"https:\\\/\\\/x.com\\\/LosPoliticosVer\"]},{\"@type\":\"Person\",\"@id\":\"https:\\\/\\\/lospoliticosveracruz.com\\\/#\\\/schema\\\/person\\\/b8702bb0e538456e6efd07080bf2a4a2\",\"name\":\"Lo viste en Los Pol\u00edticos\",\"image\":{\"@type\":\"ImageObject\",\"inLanguage\":\"es\",\"@id\":\"https:\\\/\\\/secure.gravatar.com\\\/avatar\\\/3a8de04a2656d44082be478bd6c086daa447c4651605818287b9532d3d0bd435?s=96&d=mm&r=g\",\"url\":\"https:\\\/\\\/secure.gravatar.com\\\/avatar\\\/3a8de04a2656d44082be478bd6c086daa447c4651605818287b9532d3d0bd435?s=96&d=mm&r=g\",\"contentUrl\":\"https:\\\/\\\/secure.gravatar.com\\\/avatar\\\/3a8de04a2656d44082be478bd6c086daa447c4651605818287b9532d3d0bd435?s=96&d=mm&r=g\",\"caption\":\"Lo viste en Los Pol\u00edticos\"},\"url\":\"https:\\\/\\\/lospoliticosveracruz.com\\\/?author=2\"}]}<\/script>\n<!-- \/ Yoast SEO plugin. -->","yoast_head_json":{"title":"De tamales y otros guisos - Los pol\u00edticos Veracruz","robots":{"index":"index","follow":"follow","max-snippet":"max-snippet:-1","max-image-preview":"max-image-preview:large","max-video-preview":"max-video-preview:-1"},"canonical":"https:\/\/lospoliticosveracruz.com\/?p=39460","og_locale":"es_ES","og_type":"article","og_title":"De tamales y otros guisos - Los pol\u00edticos Veracruz","og_description":"Gustavo Cadena Al Estilo Mathey &nbsp; Buen d\u00eda apreciado lector: Por lo visto en los \u00faltimos d\u00edas, no solamente en el PRI los tamales est\u00e1n a su m\u00e1ximo hervor, tambi\u00e9n en otros respetables recintos. Ayer sorpresivamente circularon misivas y hasta declaraciones donde tres distinguidos militantes, Elizabeth Morales, Anil\u00fa Ingram Vallines y Edmundo Mart\u00ednez Zaleta anuncian [&hellip;]","og_url":"https:\/\/lospoliticosveracruz.com\/?p=39460","og_site_name":"Los pol\u00edticos Veracruz","article_publisher":"https:\/\/www.facebook.com\/people\/Notimemes-de-los-Polticos\/61565672886568\/","article_published_time":"2018-01-29T16:15:05+00:00","og_image":[{"width":200,"height":200,"url":"https:\/\/lospoliticosveracruz.com\/wp-content\/uploads\/2016\/07\/Logo-Dor.jpg","type":"image\/jpeg"}],"author":"Lo viste en Los Pol\u00edticos","twitter_card":"summary_large_image","twitter_creator":"@LosPoliticosVer","twitter_site":"@LosPoliticosVer","twitter_misc":{"Escrito por":"Lo viste en Los Pol\u00edticos","Tiempo de lectura":"2 minutos"},"schema":{"@context":"https:\/\/schema.org","@graph":[{"@type":"Article","@id":"https:\/\/lospoliticosveracruz.com\/?p=39460#article","isPartOf":{"@id":"https:\/\/lospoliticosveracruz.com\/?p=39460"},"author":{"name":"Lo viste en Los Pol\u00edticos","@id":"https:\/\/lospoliticosveracruz.com\/#\/schema\/person\/b8702bb0e538456e6efd07080bf2a4a2"},"headline":"De tamales y otros guisos","datePublished":"2018-01-29T16:15:05+00:00","mainEntityOfPage":{"@id":"https:\/\/lospoliticosveracruz.com\/?p=39460"},"wordCount":460,"commentCount":0,"publisher":{"@id":"https:\/\/lospoliticosveracruz.com\/#organization"},"keywords":["Edmundo Mart\u00ednez Zaleta","Elizabeth Morales","Fiscal\u00eda Especializada en combate a la corrupci\u00f3n"],"articleSection":["De Opini\u00f3n"],"inLanguage":"es","potentialAction":[{"@type":"CommentAction","name":"Comment","target":["https:\/\/lospoliticosveracruz.com\/?p=39460#respond"]}]},{"@type":"WebPage","@id":"https:\/\/lospoliticosveracruz.com\/?p=39460","url":"https:\/\/lospoliticosveracruz.com\/?p=39460","name":"De tamales y otros guisos - Los pol\u00edticos Veracruz","isPartOf":{"@id":"https:\/\/lospoliticosveracruz.com\/#website"},"datePublished":"2018-01-29T16:15:05+00:00","breadcrumb":{"@id":"https:\/\/lospoliticosveracruz.com\/?p=39460#breadcrumb"},"inLanguage":"es","potentialAction":[{"@type":"ReadAction","target":["https:\/\/lospoliticosveracruz.com\/?p=39460"]}]},{"@type":"BreadcrumbList","@id":"https:\/\/lospoliticosveracruz.com\/?p=39460#breadcrumb","itemListElement":[{"@type":"ListItem","position":1,"name":"Portada","item":"https:\/\/lospoliticosveracruz.com\/"},{"@type":"ListItem","position":2,"name":"De tamales y otros guisos"}]},{"@type":"WebSite","@id":"https:\/\/lospoliticosveracruz.com\/#website","url":"https:\/\/lospoliticosveracruz.com\/","name":"Los pol\u00edticos Veracruz","description":"","publisher":{"@id":"https:\/\/lospoliticosveracruz.com\/#organization"},"potentialAction":[{"@type":"SearchAction","target":{"@type":"EntryPoint","urlTemplate":"https:\/\/lospoliticosveracruz.com\/?s={search_term_string}"},"query-input":{"@type":"PropertyValueSpecification","valueRequired":true,"valueName":"search_term_string"}}],"inLanguage":"es"},{"@type":"Organization","@id":"https:\/\/lospoliticosveracruz.com\/#organization","name":"Los pol\u00edticos Veracruz","url":"https:\/\/lospoliticosveracruz.com\/","logo":{"@type":"ImageObject","inLanguage":"es","@id":"https:\/\/lospoliticosveracruz.com\/#\/schema\/logo\/image\/","url":"https:\/\/lospoliticosveracruz.com\/wp-content\/uploads\/2025\/12\/Logo-Nuevo-LOS-POLITICOS-1.jpg","contentUrl":"https:\/\/lospoliticosveracruz.com\/wp-content\/uploads\/2025\/12\/Logo-Nuevo-LOS-POLITICOS-1.jpg","width":260,"height":70,"caption":"Los pol\u00edticos Veracruz"},"image":{"@id":"https:\/\/lospoliticosveracruz.com\/#\/schema\/logo\/image\/"},"sameAs":["https:\/\/www.facebook.com\/people\/Notimemes-de-los-Polticos\/61565672886568\/","https:\/\/x.com\/LosPoliticosVer"]},{"@type":"Person","@id":"https:\/\/lospoliticosveracruz.com\/#\/schema\/person\/b8702bb0e538456e6efd07080bf2a4a2","name":"Lo viste en Los Pol\u00edticos","image":{"@type":"ImageObject","inLanguage":"es","@id":"https:\/\/secure.gravatar.com\/avatar\/3a8de04a2656d44082be478bd6c086daa447c4651605818287b9532d3d0bd435?s=96&d=mm&r=g","url":"https:\/\/secure.gravatar.com\/avatar\/3a8de04a2656d44082be478bd6c086daa447c4651605818287b9532d3d0bd435?s=96&d=mm&r=g","contentUrl":"https:\/\/secure.gravatar.com\/avatar\/3a8de04a2656d44082be478bd6c086daa447c4651605818287b9532d3d0bd435?s=96&d=mm&r=g","caption":"Lo viste en Los Pol\u00edticos"},"url":"https:\/\/lospoliticosveracruz.com\/?author=2"}]}},"_links":{"self":[{"href":"https:\/\/lospoliticosveracruz.com\/index.php?rest_route=\/wp\/v2\/posts\/39460","targetHints":{"allow":["GET"]}}],"collection":[{"href":"https:\/\/lospoliticosveracruz.com\/index.php?rest_route=\/wp\/v2\/posts"}],"about":[{"href":"https:\/\/lospoliticosveracruz.com\/index.php?rest_route=\/wp\/v2\/types\/post"}],"author":[{"embeddable":true,"href":"https:\/\/lospoliticosveracruz.com\/index.php?rest_route=\/wp\/v2\/users\/2"}],"replies":[{"embeddable":true,"href":"https:\/\/lospoliticosveracruz.com\/index.php?rest_route=%2Fwp%2Fv2%2Fcomments&post=39460"}],"version-history":[{"count":1,"href":"https:\/\/lospoliticosveracruz.com\/index.php?rest_route=\/wp\/v2\/posts\/39460\/revisions"}],"predecessor-version":[{"id":39461,"href":"https:\/\/lospoliticosveracruz.com\/index.php?rest_route=\/wp\/v2\/posts\/39460\/revisions\/39461"}],"wp:attachment":[{"href":"https:\/\/lospoliticosveracruz.com\/index.php?rest_route=%2Fwp%2Fv2%2Fmedia&parent=39460"}],"wp:term":[{"taxonomy":"category","embeddable":true,"href":"https:\/\/lospoliticosveracruz.com\/index.php?rest_route=%2Fwp%2Fv2%2Fcategories&post=39460"},{"taxonomy":"post_tag","embeddable":true,"href":"https:\/\/lospoliticosveracruz.com\/index.php?rest_route=%2Fwp%2Fv2%2Ftags&post=39460"}],"curies":[{"name":"wp","href":"https:\/\/api.w.org\/{rel}","templated":true}]}}