{"id":39465,"date":"2018-01-29T11:59:54","date_gmt":"2018-01-29T17:59:54","guid":{"rendered":"http:\/\/www.lospoliticosveracruz.com.mx\/?p=39465"},"modified":"2018-01-29T11:59:54","modified_gmt":"2018-01-29T17:59:54","slug":"nadie-enamora-a-pedradas","status":"publish","type":"post","link":"https:\/\/lospoliticosveracruz.com\/?p=39465","title":{"rendered":"Nadie enamora a pedradas"},"content":{"rendered":"<p class=\"x_m_822120772571313261x_Standard\" style=\"text-align: left;\" align=\"center\"><b><\/b><strong><span lang=\"ES-MX\">Ricardo V\u00e1zquez S.<\/span><\/strong><\/p>\n<p class=\"x_m_822120772571313261x_Standard\" style=\"text-align: left;\" align=\"center\"><em><span lang=\"ES-MX\">Esfera Pol\u00edtica<\/span><\/em><\/p>\n<p class=\"x_m_822120772571313261x_Textbody\" style=\"text-align: left;\" align=\"center\"><b><\/b><b><span lang=\"ES-MX\">\u00a0\u00a0<\/span><\/b><\/p>\n<p class=\"x_m_822120772571313261x_MsoNormal\"><span lang=\"ES-MX\">La instrucci\u00f3n, y peor a\u00fan, la sumisi\u00f3n, siguen generando indignaci\u00f3n entre la poblaci\u00f3n, por\u00a0 la importaci\u00f3n de funcionarios de la CDMX y de Tabasco, para que se hagan cargo de \u201cgobernar\u201d Xalapa, de \u201cadministrar\u201d los recursos p\u00fablicos. Partiendo de una expresi\u00f3n popular que se oye en la aldea, por aquello de: \u201cen lo poquito se ve lo bastante\u201d, los xalape\u00f1os se plantean, si en caso de que Morena llegara a ganar la gubernatura de Veracruz, el gabinetazo podr\u00eda estar integrado por:<\/span><\/p>\n<p class=\"x_m_822120772571313261x_MsoNormal\"><span lang=\"ES-MX\">Secretario de Gobierno, Manuel Bartlett D\u00edaz.<\/span><\/p>\n<p class=\"x_m_822120772571313261x_MsoNormal\"><span lang=\"ES-MX\">Secretario de Finanzas, Gustavo Ponce Mel\u00e9ndez \u2013El apostador de las Vegas-.<\/span><\/p>\n<p class=\"x_m_822120772571313261x_MsoNormal\"><span lang=\"ES-MX\">Secretario de Salud, Ren\u00e9 Bejarano Mart\u00ednez -\u201cEl se\u00f1or de las ligas\u201d-.<\/span><\/p>\n<p class=\"x_m_822120772571313261x_MsoNormal\"><span lang=\"ES-MX\">Secretaria de Desarrollo Social, Mar\u00eda de los Dolores Padierna Luna.\u00a0<\/span><\/p>\n<p class=\"x_m_822120772571313261x_MsoNormal\"><span lang=\"ES-MX\">Secretario de Educaci\u00f3n, Adolfo Mota Hern\u00e1ndez \u2013volver\u00eda, no regresar\u00eda, lo que se llev\u00f3 con Javier Duarte-. \u00a0<\/span><\/p>\n<p class=\"x_m_822120772571313261x_MsoNormal\"><span lang=\"ES-MX\">Secretario de Infraestructura y Obras P\u00fablicas, Carlos Ahumada Kurtz.<\/span><\/p>\n<p class=\"x_m_822120772571313261x_MsoNormal\"><span lang=\"ES-MX\">Secretario de Protecci\u00f3n Civil, Carlos Imaz Gispert \u2013el otro \u201cse\u00f1or de las ligas\u201d, en aquel tiempo esposo de Claudia Sheinbaum, aspirante al gobierno de la CDMX-.<\/span><\/p>\n<p class=\"x_m_822120772571313261x_MsoNormal\"><span lang=\"ES-MX\">Secretario de Seguridad P\u00fablica, Luis Costa Bonino.<\/span><\/p>\n<p class=\"x_m_822120772571313261x_MsoNormal\"><span lang=\"ES-MX\">Contralor\u00eda General, Gabriela Cuevas Barr\u00f3n.<\/span><\/p>\n<p class=\"x_m_822120772571313261x_MsoNormal\"><span lang=\"ES-MX\">Y por ah\u00ed se la llevar\u00edan.<\/span><\/p>\n<p class=\"x_m_822120772571313261x_MsoNormal\"><span lang=\"ES-MX\">Eso de: \u00a1Todos son un bola de pecadores, menos nosotros! Una vez m\u00e1s fue echada abajo con la intromisi\u00f3n indebida, por la imposici\u00f3n irracional de fuere\u00f1os en el ayuntamiento de la capital veracruzana.<\/span><\/p>\n<p class=\"x_m_822120772571313261x_MsoNormal\"><span lang=\"ES-MX\">No deja de retumbar en el o\u00eddo de la poblaci\u00f3n el desprecio a su gente. Fue humillante para los xalape\u00f1os escuchar que en Xalapa no hay gente que\u00a0 tenga el perfil para trabajar en la administraci\u00f3n municipal.\u00a0 \u00a0\u00a0<\/span><\/p>\n<p class=\"x_m_822120772571313261x_MsoNormal\"><span lang=\"ES-MX\">\u00bfQu\u00e9 amor le pueden tener a Xalapa sujetos que \u00fanicamente vienen a manejar el dinero p\u00fablico?<\/span><\/p>\n<p class=\"x_m_822120772571313261x_MsoNormal\"><span lang=\"ES-MX\">\u00bfQu\u00e9 inter\u00e9s pueden tener estas personas completamente ajenas a la grave problem\u00e1tica que han padecido los xalape\u00f1os en los \u00faltimos 13 a\u00f1os?<\/span><\/p>\n<p class=\"x_m_822120772571313261x_MsoNormal\"><span lang=\"ES-MX\">Ninguna en lo absoluto. \u00a0<\/span><\/p>\n<p class=\"x_m_822120772571313261x_MsoNormal\"><span lang=\"ES-MX\">En el arranque del ayuntamiento morenista qued\u00f3 sepultada \u201cLa esperanza de Xalapa\u201d. No hubo ninguna posibilidad de reclamar, exigir, ni inconformarse por las arbitrarias imposiciones tra\u00eddas de otras entidades.\u00a0<\/span><\/p>\n<p class=\"x_m_822120772571313261x_MsoNormal\"><span lang=\"ES-MX\">Las innumerables promesas escuchadas durante la pasada campa\u00f1a para la alcald\u00eda quedaron en eso, s\u00f3lo en promesas, cual seductor explota con toda la fuerza de los encantos el enamoramiento.<\/span><\/p>\n<p class=\"x_m_822120772571313261x_MsoNormal\"><span lang=\"ES-MX\">Se vuelven a escuchar y seguir\u00e1n escuch\u00e1ndose m\u00e1s promesas en el actual proceso electoral y los posteriores. Reaparecen las poses fingidas, expresiones de humildad, de preocupaci\u00f3n por la poblaci\u00f3n.<\/span><\/p>\n<p class=\"x_m_822120772571313261x_MsoNormal\"><span lang=\"ES-MX\">Nadie enamora a pedradas. Menos a los electores. Ni que dudarlo.<\/span><\/p>\n<p><a href=\"mailto:rvazquez002@yahoo.com.mx\" target=\"_blank\" rel=\"noopener noreferrer\"><span lang=\"ES-MX\">rvazquez002@yahoo.com.mx<\/span><\/a><\/p>\n","protected":false},"excerpt":{"rendered":"<p>Ricardo V\u00e1zquez S. Esfera Pol\u00edtica \u00a0\u00a0 La instrucci\u00f3n, y peor a\u00fan, la sumisi\u00f3n, siguen generando indignaci\u00f3n entre la poblaci\u00f3n, por\u00a0 la importaci\u00f3n de funcionarios de la CDMX y de Tabasco, para que se hagan cargo de \u201cgobernar\u201d Xalapa, de \u201cadministrar\u201d los recursos p\u00fablicos. Partiendo de una expresi\u00f3n popular que se oye en la aldea, por [&hellip;]<\/p>\n","protected":false},"author":2,"featured_media":0,"comment_status":"open","ping_status":"open","sticky":false,"template":"","format":"standard","meta":{"tdm_status":"","tdm_grid_status":"","footnotes":""},"categories":[70],"tags":[3795,1026,96],"class_list":{"0":"post-39465","1":"post","2":"type-post","3":"status-publish","4":"format-standard","6":"category-de-opinion","7":"tag-ciudad-de-mexico","8":"tag-morena","9":"tag-xalapa"},"yoast_head":"<!-- This site is optimized with the Yoast SEO plugin v27.4 - https:\/\/yoast.com\/product\/yoast-seo-wordpress\/ -->\n<title>Nadie enamora a pedradas - Los pol\u00edticos Veracruz<\/title>\n<meta name=\"robots\" content=\"index, follow, max-snippet:-1, max-image-preview:large, max-video-preview:-1\" \/>\n<link rel=\"canonical\" href=\"https:\/\/lospoliticosveracruz.com\/?p=39465\" \/>\n<meta property=\"og:locale\" content=\"es_ES\" \/>\n<meta property=\"og:type\" content=\"article\" \/>\n<meta property=\"og:title\" content=\"Nadie enamora a pedradas - Los pol\u00edticos Veracruz\" \/>\n<meta property=\"og:description\" content=\"Ricardo V\u00e1zquez S. Esfera Pol\u00edtica \u00a0\u00a0 La instrucci\u00f3n, y peor a\u00fan, la sumisi\u00f3n, siguen generando indignaci\u00f3n entre la poblaci\u00f3n, por\u00a0 la importaci\u00f3n de funcionarios de la CDMX y de Tabasco, para que se hagan cargo de \u201cgobernar\u201d Xalapa, de \u201cadministrar\u201d los recursos p\u00fablicos. Partiendo de una expresi\u00f3n popular que se oye en la aldea, por [&hellip;]\" \/>\n<meta property=\"og:url\" content=\"https:\/\/lospoliticosveracruz.com\/?p=39465\" \/>\n<meta property=\"og:site_name\" content=\"Los pol\u00edticos Veracruz\" \/>\n<meta property=\"article:publisher\" content=\"https:\/\/www.facebook.com\/people\/Notimemes-de-los-Polticos\/61565672886568\/\" \/>\n<meta property=\"article:published_time\" content=\"2018-01-29T17:59:54+00:00\" \/>\n<meta property=\"og:image\" content=\"https:\/\/lospoliticosveracruz.com\/wp-content\/uploads\/2016\/07\/Logo-Dor.jpg\" \/>\n\t<meta property=\"og:image:width\" content=\"200\" \/>\n\t<meta property=\"og:image:height\" content=\"200\" \/>\n\t<meta property=\"og:image:type\" content=\"image\/jpeg\" \/>\n<meta name=\"author\" content=\"Lo viste en Los Pol\u00edticos\" \/>\n<meta name=\"twitter:card\" content=\"summary_large_image\" \/>\n<meta name=\"twitter:creator\" content=\"@LosPoliticosVer\" \/>\n<meta name=\"twitter:site\" content=\"@LosPoliticosVer\" \/>\n<meta name=\"twitter:label1\" content=\"Escrito por\" \/>\n\t<meta name=\"twitter:data1\" content=\"Lo viste en Los Pol\u00edticos\" \/>\n\t<meta name=\"twitter:label2\" content=\"Tiempo de lectura\" \/>\n\t<meta name=\"twitter:data2\" content=\"2 minutos\" \/>\n<script type=\"application\/ld+json\" class=\"yoast-schema-graph\">{\"@context\":\"https:\\\/\\\/schema.org\",\"@graph\":[{\"@type\":\"Article\",\"@id\":\"https:\\\/\\\/lospoliticosveracruz.com\\\/?p=39465#article\",\"isPartOf\":{\"@id\":\"https:\\\/\\\/lospoliticosveracruz.com\\\/?p=39465\"},\"author\":{\"name\":\"Lo viste en Los Pol\u00edticos\",\"@id\":\"https:\\\/\\\/lospoliticosveracruz.com\\\/#\\\/schema\\\/person\\\/b8702bb0e538456e6efd07080bf2a4a2\"},\"headline\":\"Nadie enamora a pedradas\",\"datePublished\":\"2018-01-29T17:59:54+00:00\",\"mainEntityOfPage\":{\"@id\":\"https:\\\/\\\/lospoliticosveracruz.com\\\/?p=39465\"},\"wordCount\":462,\"commentCount\":0,\"publisher\":{\"@id\":\"https:\\\/\\\/lospoliticosveracruz.com\\\/#organization\"},\"keywords\":[\"Ciudad de M\u00e9xico\",\"Morena\",\"Xalapa\"],\"articleSection\":[\"De Opini\u00f3n\"],\"inLanguage\":\"es\",\"potentialAction\":[{\"@type\":\"CommentAction\",\"name\":\"Comment\",\"target\":[\"https:\\\/\\\/lospoliticosveracruz.com\\\/?p=39465#respond\"]}]},{\"@type\":\"WebPage\",\"@id\":\"https:\\\/\\\/lospoliticosveracruz.com\\\/?p=39465\",\"url\":\"https:\\\/\\\/lospoliticosveracruz.com\\\/?p=39465\",\"name\":\"Nadie enamora a pedradas - Los pol\u00edticos Veracruz\",\"isPartOf\":{\"@id\":\"https:\\\/\\\/lospoliticosveracruz.com\\\/#website\"},\"datePublished\":\"2018-01-29T17:59:54+00:00\",\"breadcrumb\":{\"@id\":\"https:\\\/\\\/lospoliticosveracruz.com\\\/?p=39465#breadcrumb\"},\"inLanguage\":\"es\",\"potentialAction\":[{\"@type\":\"ReadAction\",\"target\":[\"https:\\\/\\\/lospoliticosveracruz.com\\\/?p=39465\"]}]},{\"@type\":\"BreadcrumbList\",\"@id\":\"https:\\\/\\\/lospoliticosveracruz.com\\\/?p=39465#breadcrumb\",\"itemListElement\":[{\"@type\":\"ListItem\",\"position\":1,\"name\":\"Portada\",\"item\":\"https:\\\/\\\/lospoliticosveracruz.com\\\/\"},{\"@type\":\"ListItem\",\"position\":2,\"name\":\"Nadie enamora a pedradas\"}]},{\"@type\":\"WebSite\",\"@id\":\"https:\\\/\\\/lospoliticosveracruz.com\\\/#website\",\"url\":\"https:\\\/\\\/lospoliticosveracruz.com\\\/\",\"name\":\"Los pol\u00edticos Veracruz\",\"description\":\"\",\"publisher\":{\"@id\":\"https:\\\/\\\/lospoliticosveracruz.com\\\/#organization\"},\"potentialAction\":[{\"@type\":\"SearchAction\",\"target\":{\"@type\":\"EntryPoint\",\"urlTemplate\":\"https:\\\/\\\/lospoliticosveracruz.com\\\/?s={search_term_string}\"},\"query-input\":{\"@type\":\"PropertyValueSpecification\",\"valueRequired\":true,\"valueName\":\"search_term_string\"}}],\"inLanguage\":\"es\"},{\"@type\":\"Organization\",\"@id\":\"https:\\\/\\\/lospoliticosveracruz.com\\\/#organization\",\"name\":\"Los pol\u00edticos Veracruz\",\"url\":\"https:\\\/\\\/lospoliticosveracruz.com\\\/\",\"logo\":{\"@type\":\"ImageObject\",\"inLanguage\":\"es\",\"@id\":\"https:\\\/\\\/lospoliticosveracruz.com\\\/#\\\/schema\\\/logo\\\/image\\\/\",\"url\":\"https:\\\/\\\/lospoliticosveracruz.com\\\/wp-content\\\/uploads\\\/2025\\\/12\\\/Logo-Nuevo-LOS-POLITICOS-1.jpg\",\"contentUrl\":\"https:\\\/\\\/lospoliticosveracruz.com\\\/wp-content\\\/uploads\\\/2025\\\/12\\\/Logo-Nuevo-LOS-POLITICOS-1.jpg\",\"width\":260,\"height\":70,\"caption\":\"Los pol\u00edticos Veracruz\"},\"image\":{\"@id\":\"https:\\\/\\\/lospoliticosveracruz.com\\\/#\\\/schema\\\/logo\\\/image\\\/\"},\"sameAs\":[\"https:\\\/\\\/www.facebook.com\\\/people\\\/Notimemes-de-los-Polticos\\\/61565672886568\\\/\",\"https:\\\/\\\/x.com\\\/LosPoliticosVer\"]},{\"@type\":\"Person\",\"@id\":\"https:\\\/\\\/lospoliticosveracruz.com\\\/#\\\/schema\\\/person\\\/b8702bb0e538456e6efd07080bf2a4a2\",\"name\":\"Lo viste en Los Pol\u00edticos\",\"image\":{\"@type\":\"ImageObject\",\"inLanguage\":\"es\",\"@id\":\"https:\\\/\\\/secure.gravatar.com\\\/avatar\\\/3a8de04a2656d44082be478bd6c086daa447c4651605818287b9532d3d0bd435?s=96&d=mm&r=g\",\"url\":\"https:\\\/\\\/secure.gravatar.com\\\/avatar\\\/3a8de04a2656d44082be478bd6c086daa447c4651605818287b9532d3d0bd435?s=96&d=mm&r=g\",\"contentUrl\":\"https:\\\/\\\/secure.gravatar.com\\\/avatar\\\/3a8de04a2656d44082be478bd6c086daa447c4651605818287b9532d3d0bd435?s=96&d=mm&r=g\",\"caption\":\"Lo viste en Los Pol\u00edticos\"},\"url\":\"https:\\\/\\\/lospoliticosveracruz.com\\\/?author=2\"}]}<\/script>\n<!-- \/ Yoast SEO plugin. -->","yoast_head_json":{"title":"Nadie enamora a pedradas - Los pol\u00edticos Veracruz","robots":{"index":"index","follow":"follow","max-snippet":"max-snippet:-1","max-image-preview":"max-image-preview:large","max-video-preview":"max-video-preview:-1"},"canonical":"https:\/\/lospoliticosveracruz.com\/?p=39465","og_locale":"es_ES","og_type":"article","og_title":"Nadie enamora a pedradas - Los pol\u00edticos Veracruz","og_description":"Ricardo V\u00e1zquez S. Esfera Pol\u00edtica \u00a0\u00a0 La instrucci\u00f3n, y peor a\u00fan, la sumisi\u00f3n, siguen generando indignaci\u00f3n entre la poblaci\u00f3n, por\u00a0 la importaci\u00f3n de funcionarios de la CDMX y de Tabasco, para que se hagan cargo de \u201cgobernar\u201d Xalapa, de \u201cadministrar\u201d los recursos p\u00fablicos. Partiendo de una expresi\u00f3n popular que se oye en la aldea, por [&hellip;]","og_url":"https:\/\/lospoliticosveracruz.com\/?p=39465","og_site_name":"Los pol\u00edticos Veracruz","article_publisher":"https:\/\/www.facebook.com\/people\/Notimemes-de-los-Polticos\/61565672886568\/","article_published_time":"2018-01-29T17:59:54+00:00","og_image":[{"width":200,"height":200,"url":"https:\/\/lospoliticosveracruz.com\/wp-content\/uploads\/2016\/07\/Logo-Dor.jpg","type":"image\/jpeg"}],"author":"Lo viste en Los Pol\u00edticos","twitter_card":"summary_large_image","twitter_creator":"@LosPoliticosVer","twitter_site":"@LosPoliticosVer","twitter_misc":{"Escrito por":"Lo viste en Los Pol\u00edticos","Tiempo de lectura":"2 minutos"},"schema":{"@context":"https:\/\/schema.org","@graph":[{"@type":"Article","@id":"https:\/\/lospoliticosveracruz.com\/?p=39465#article","isPartOf":{"@id":"https:\/\/lospoliticosveracruz.com\/?p=39465"},"author":{"name":"Lo viste en Los Pol\u00edticos","@id":"https:\/\/lospoliticosveracruz.com\/#\/schema\/person\/b8702bb0e538456e6efd07080bf2a4a2"},"headline":"Nadie enamora a pedradas","datePublished":"2018-01-29T17:59:54+00:00","mainEntityOfPage":{"@id":"https:\/\/lospoliticosveracruz.com\/?p=39465"},"wordCount":462,"commentCount":0,"publisher":{"@id":"https:\/\/lospoliticosveracruz.com\/#organization"},"keywords":["Ciudad de M\u00e9xico","Morena","Xalapa"],"articleSection":["De Opini\u00f3n"],"inLanguage":"es","potentialAction":[{"@type":"CommentAction","name":"Comment","target":["https:\/\/lospoliticosveracruz.com\/?p=39465#respond"]}]},{"@type":"WebPage","@id":"https:\/\/lospoliticosveracruz.com\/?p=39465","url":"https:\/\/lospoliticosveracruz.com\/?p=39465","name":"Nadie enamora a pedradas - Los pol\u00edticos Veracruz","isPartOf":{"@id":"https:\/\/lospoliticosveracruz.com\/#website"},"datePublished":"2018-01-29T17:59:54+00:00","breadcrumb":{"@id":"https:\/\/lospoliticosveracruz.com\/?p=39465#breadcrumb"},"inLanguage":"es","potentialAction":[{"@type":"ReadAction","target":["https:\/\/lospoliticosveracruz.com\/?p=39465"]}]},{"@type":"BreadcrumbList","@id":"https:\/\/lospoliticosveracruz.com\/?p=39465#breadcrumb","itemListElement":[{"@type":"ListItem","position":1,"name":"Portada","item":"https:\/\/lospoliticosveracruz.com\/"},{"@type":"ListItem","position":2,"name":"Nadie enamora a pedradas"}]},{"@type":"WebSite","@id":"https:\/\/lospoliticosveracruz.com\/#website","url":"https:\/\/lospoliticosveracruz.com\/","name":"Los pol\u00edticos Veracruz","description":"","publisher":{"@id":"https:\/\/lospoliticosveracruz.com\/#organization"},"potentialAction":[{"@type":"SearchAction","target":{"@type":"EntryPoint","urlTemplate":"https:\/\/lospoliticosveracruz.com\/?s={search_term_string}"},"query-input":{"@type":"PropertyValueSpecification","valueRequired":true,"valueName":"search_term_string"}}],"inLanguage":"es"},{"@type":"Organization","@id":"https:\/\/lospoliticosveracruz.com\/#organization","name":"Los pol\u00edticos Veracruz","url":"https:\/\/lospoliticosveracruz.com\/","logo":{"@type":"ImageObject","inLanguage":"es","@id":"https:\/\/lospoliticosveracruz.com\/#\/schema\/logo\/image\/","url":"https:\/\/lospoliticosveracruz.com\/wp-content\/uploads\/2025\/12\/Logo-Nuevo-LOS-POLITICOS-1.jpg","contentUrl":"https:\/\/lospoliticosveracruz.com\/wp-content\/uploads\/2025\/12\/Logo-Nuevo-LOS-POLITICOS-1.jpg","width":260,"height":70,"caption":"Los pol\u00edticos Veracruz"},"image":{"@id":"https:\/\/lospoliticosveracruz.com\/#\/schema\/logo\/image\/"},"sameAs":["https:\/\/www.facebook.com\/people\/Notimemes-de-los-Polticos\/61565672886568\/","https:\/\/x.com\/LosPoliticosVer"]},{"@type":"Person","@id":"https:\/\/lospoliticosveracruz.com\/#\/schema\/person\/b8702bb0e538456e6efd07080bf2a4a2","name":"Lo viste en Los Pol\u00edticos","image":{"@type":"ImageObject","inLanguage":"es","@id":"https:\/\/secure.gravatar.com\/avatar\/3a8de04a2656d44082be478bd6c086daa447c4651605818287b9532d3d0bd435?s=96&d=mm&r=g","url":"https:\/\/secure.gravatar.com\/avatar\/3a8de04a2656d44082be478bd6c086daa447c4651605818287b9532d3d0bd435?s=96&d=mm&r=g","contentUrl":"https:\/\/secure.gravatar.com\/avatar\/3a8de04a2656d44082be478bd6c086daa447c4651605818287b9532d3d0bd435?s=96&d=mm&r=g","caption":"Lo viste en Los Pol\u00edticos"},"url":"https:\/\/lospoliticosveracruz.com\/?author=2"}]}},"_links":{"self":[{"href":"https:\/\/lospoliticosveracruz.com\/index.php?rest_route=\/wp\/v2\/posts\/39465","targetHints":{"allow":["GET"]}}],"collection":[{"href":"https:\/\/lospoliticosveracruz.com\/index.php?rest_route=\/wp\/v2\/posts"}],"about":[{"href":"https:\/\/lospoliticosveracruz.com\/index.php?rest_route=\/wp\/v2\/types\/post"}],"author":[{"embeddable":true,"href":"https:\/\/lospoliticosveracruz.com\/index.php?rest_route=\/wp\/v2\/users\/2"}],"replies":[{"embeddable":true,"href":"https:\/\/lospoliticosveracruz.com\/index.php?rest_route=%2Fwp%2Fv2%2Fcomments&post=39465"}],"version-history":[{"count":1,"href":"https:\/\/lospoliticosveracruz.com\/index.php?rest_route=\/wp\/v2\/posts\/39465\/revisions"}],"predecessor-version":[{"id":39466,"href":"https:\/\/lospoliticosveracruz.com\/index.php?rest_route=\/wp\/v2\/posts\/39465\/revisions\/39466"}],"wp:attachment":[{"href":"https:\/\/lospoliticosveracruz.com\/index.php?rest_route=%2Fwp%2Fv2%2Fmedia&parent=39465"}],"wp:term":[{"taxonomy":"category","embeddable":true,"href":"https:\/\/lospoliticosveracruz.com\/index.php?rest_route=%2Fwp%2Fv2%2Fcategories&post=39465"},{"taxonomy":"post_tag","embeddable":true,"href":"https:\/\/lospoliticosveracruz.com\/index.php?rest_route=%2Fwp%2Fv2%2Ftags&post=39465"}],"curies":[{"name":"wp","href":"https:\/\/api.w.org\/{rel}","templated":true}]}}