{"id":39592,"date":"2018-02-06T22:43:02","date_gmt":"2018-02-07T04:43:02","guid":{"rendered":"http:\/\/www.lospoliticosveracruz.com.mx\/?p=39592"},"modified":"2018-02-06T22:43:02","modified_gmt":"2018-02-07T04:43:02","slug":"burocracia-molesta","status":"publish","type":"post","link":"https:\/\/lospoliticosveracruz.com\/?p=39592","title":{"rendered":"Burocracia molesta"},"content":{"rendered":"<p><strong>Salvador Mu\u00f1oz<\/strong><\/p>\n<p><em>Los Pol\u00edticos<\/em><\/p>\n<p>&nbsp;<br \/>\n\u201c\u00a1Esos pinches improvisados del PAN y del PRD&#8230;! \u00a1Son unos nacos!\u201d, exclamaba una joven a su acompa\u00f1ante. Tal ser\u00eda su indignaci\u00f3n para que escuchara su comentario cuando nos cruzamos en el camino&#8230; Yo a mi casa&#8230; ella, \u00a1qui\u00e9n sabe!<br \/>\nEs preocupante el t\u00e9rmino de la joven, digo, referente a lo de \u201cimprovisados\u201d, porque al menos que me haya cruzado con alguna vecina de ayuntamiento colindante a Xalapa gobernado por esta alianza, podr\u00edamos decir que \u201cse entiende\u201d el malestar pues apenas se inicia. Lo de \u201cpreocupante\u201d es porque si no es as\u00ed, si se refer\u00eda a alg\u00fan \u00e1rea del Gobierno del Estado o del Congreso local, se comprende su enfado, porque ya estamos a m\u00e1s de un a\u00f1o que ambas instituciones iniciaron actividades y si alg\u00fan ciudadano se expresa de ese modo de ellas con eso de \u201cimprovisados\u201d, es porque la percepci\u00f3n de su desempe\u00f1o es \u00e9sa, de unos \u201cimprovisados\u201d.<br \/>\nII<br \/>\nCMAS de Xalapa. Hay malestar entre la empleoman\u00eda. El trato es de arrogantes, prepotentes, hasta cierto punto arbitrarios. Repito: Hay malestar. \u00bfRecuerdan que hace un a\u00f1o, los bur\u00f3cratas del gobierno estatal externaban sus quejas porque sus nuevos jefes los trataban como \u201cdelincuentes\u201d o los calificaban como \u201cduartistas\u201d cual si fuera sin\u00f3nimo? Bueno, en este caso municipal, los Morenos no llegan a esos extremos pero s\u00ed a la majader\u00eda, de acuerdo a lo que cuentan los empleados y bueno, tambi\u00e9n baste recordar ese audio de un funcionario (si fuera xenof\u00f3bico hubiera puesto chilango) que trat\u00f3 con la punta de pie a una empleada.<br \/>\nSi juntamos ambos malestares, tenemos algo que abunda en Xalapa: una burocracia molesta.<br \/>\nIII<br \/>\nAs\u00ed es&#8230; Xalapa es una ciudad de bur\u00f3cratas, tanto del Gobierno federal, estatal y municipal, ya sin contar el ramo educativo con sus tantas universidades, prepas, secundarias y primarias. No s\u00e9 en el primer plano, pero en el segundo y tercero ya algunos saben lo que es \u201cel Gobierno del Cambio\u201d y \u201cel Florecimiento de Morena\u201d y la percepci\u00f3n es de que no les est\u00e1 yendo muy bien que digamos&#8230;<br \/>\nHay quienes dicen extra\u00f1ar, que no a Javier Duarte, pero s\u00ed a sus jefes, a sus directores&#8230; Hay quienes han externado que se arrepienten de haber dado el voto en contra al PRI&#8230; Bueno, pero eso no significa que \u201ctodos\u201d est\u00e9n as\u00ed.<br \/>\n\u201cTodos\u201d, ese indeterminante indefinido que muchos pol\u00edticos y hasta columnistas hacemos (ab)uso de \u00e9l con una gracia sin igual, como cuando decimos que \u201ctodos\u201d demandamos la salida de fulano; \u201ctodos\u201d queremos que gane sutano; \u201ctodos\u201d sabemos qui\u00e9n es el malo&#8230;<br \/>\nIV<br \/>\nLo cierto es que un sector de la burocracia estatal y municipal est\u00e1 resentida si no con su Gobernador y Presidente Municipal, entonces con sus jefes inmediatos. En una ciudad como Xalapa, donde hay un alto porcentaje de burocracia, \u00bfqu\u00e9 tan significativo puede ser ese malestar reflejado en las urnas? Quiz\u00e1s nada; quiz\u00e1s mucho, depende&#8230; depende quiz\u00e1s hasta a d\u00f3nde lleve su malestar esa joven que se cruz\u00f3 en mi camino vociferando \u201c\u00a1Esos pinches improvisados del PAN y del PRD&#8230;! \u00a1Son unos nacos!\u201d, o esos empleados de la CMAS de Xalapa que se sienten atosigados por el simple hecho de haber trabajado para un gobierno diferente a Morena&#8230; Suponga que esa joven y los empleados de CMAS expandan su malestar en su familia, y podamos hablar de un voto en contra de Morena o del PAN&#8230; \u00bfCreen que ello lo pueda capitalizar el PRI? Supongamos que as\u00ed fuera, pero entonces habr\u00eda que preguntarse si eso le alcanzar\u00eda, porque al final de cuentas, Xalapa no es Veracruz, ni Yunes Linares ni Hip\u00f3lito Rodr\u00edguez estar\u00e1n en las boletas&#8230; Lo cierto de todo esto es que hay malestar entre los empleados.<br \/>\nsmcainito@gmail.com<\/p>\n","protected":false},"excerpt":{"rendered":"<p>Salvador Mu\u00f1oz Los Pol\u00edticos &nbsp; \u201c\u00a1Esos pinches improvisados del PAN y del PRD&#8230;! \u00a1Son unos nacos!\u201d, exclamaba una joven a su acompa\u00f1ante. Tal ser\u00eda su indignaci\u00f3n para que escuchara su comentario cuando nos cruzamos en el camino&#8230; Yo a mi casa&#8230; ella, \u00a1qui\u00e9n sabe! Es preocupante el t\u00e9rmino de la joven, digo, referente a lo [&hellip;]<\/p>\n","protected":false},"author":2,"featured_media":0,"comment_status":"open","ping_status":"open","sticky":false,"template":"","format":"standard","meta":{"tdm_status":"","tdm_grid_status":"","footnotes":""},"categories":[70],"tags":[7059,786,9828,428,266,107],"class_list":{"0":"post-39592","1":"post","2":"type-post","3":"status-publish","4":"format-standard","6":"category-de-opinion","7":"tag-burocracia","8":"tag-cmas","9":"tag-duartistas","10":"tag-miguel-angel-yunes-linares","11":"tag-pan","12":"tag-prd"},"yoast_head":"<!-- This site is optimized with the Yoast SEO plugin v27.4 - https:\/\/yoast.com\/product\/yoast-seo-wordpress\/ -->\n<title>Burocracia molesta - Los pol\u00edticos Veracruz<\/title>\n<meta name=\"robots\" content=\"index, follow, max-snippet:-1, max-image-preview:large, max-video-preview:-1\" \/>\n<link rel=\"canonical\" href=\"https:\/\/lospoliticosveracruz.com\/?p=39592\" \/>\n<meta property=\"og:locale\" content=\"es_ES\" \/>\n<meta property=\"og:type\" content=\"article\" \/>\n<meta property=\"og:title\" content=\"Burocracia molesta - Los pol\u00edticos Veracruz\" \/>\n<meta property=\"og:description\" content=\"Salvador Mu\u00f1oz Los Pol\u00edticos &nbsp; \u201c\u00a1Esos pinches improvisados del PAN y del PRD&#8230;! \u00a1Son unos nacos!\u201d, exclamaba una joven a su acompa\u00f1ante. Tal ser\u00eda su indignaci\u00f3n para que escuchara su comentario cuando nos cruzamos en el camino&#8230; Yo a mi casa&#8230; ella, \u00a1qui\u00e9n sabe! Es preocupante el t\u00e9rmino de la joven, digo, referente a lo [&hellip;]\" \/>\n<meta property=\"og:url\" content=\"https:\/\/lospoliticosveracruz.com\/?p=39592\" \/>\n<meta property=\"og:site_name\" content=\"Los pol\u00edticos Veracruz\" \/>\n<meta property=\"article:publisher\" content=\"https:\/\/www.facebook.com\/people\/Notimemes-de-los-Polticos\/61565672886568\/\" \/>\n<meta property=\"article:published_time\" content=\"2018-02-07T04:43:02+00:00\" \/>\n<meta property=\"og:image\" content=\"https:\/\/lospoliticosveracruz.com\/wp-content\/uploads\/2016\/07\/Logo-Dor.jpg\" \/>\n\t<meta property=\"og:image:width\" content=\"200\" \/>\n\t<meta property=\"og:image:height\" content=\"200\" \/>\n\t<meta property=\"og:image:type\" content=\"image\/jpeg\" \/>\n<meta name=\"author\" content=\"Lo viste en Los Pol\u00edticos\" \/>\n<meta name=\"twitter:card\" content=\"summary_large_image\" \/>\n<meta name=\"twitter:creator\" content=\"@LosPoliticosVer\" \/>\n<meta name=\"twitter:site\" content=\"@LosPoliticosVer\" \/>\n<meta name=\"twitter:label1\" content=\"Escrito por\" \/>\n\t<meta name=\"twitter:data1\" content=\"Lo viste en Los Pol\u00edticos\" \/>\n\t<meta name=\"twitter:label2\" content=\"Tiempo de lectura\" \/>\n\t<meta name=\"twitter:data2\" content=\"3 minutos\" \/>\n<script type=\"application\/ld+json\" class=\"yoast-schema-graph\">{\"@context\":\"https:\\\/\\\/schema.org\",\"@graph\":[{\"@type\":\"Article\",\"@id\":\"https:\\\/\\\/lospoliticosveracruz.com\\\/?p=39592#article\",\"isPartOf\":{\"@id\":\"https:\\\/\\\/lospoliticosveracruz.com\\\/?p=39592\"},\"author\":{\"name\":\"Lo viste en Los Pol\u00edticos\",\"@id\":\"https:\\\/\\\/lospoliticosveracruz.com\\\/#\\\/schema\\\/person\\\/b8702bb0e538456e6efd07080bf2a4a2\"},\"headline\":\"Burocracia molesta\",\"datePublished\":\"2018-02-07T04:43:02+00:00\",\"mainEntityOfPage\":{\"@id\":\"https:\\\/\\\/lospoliticosveracruz.com\\\/?p=39592\"},\"wordCount\":655,\"commentCount\":0,\"publisher\":{\"@id\":\"https:\\\/\\\/lospoliticosveracruz.com\\\/#organization\"},\"keywords\":[\"Burocracia\",\"CMAS\",\"duartistas\",\"Miguel Angel Yunes Linares\",\"PAN\",\"PRD\"],\"articleSection\":[\"De Opini\u00f3n\"],\"inLanguage\":\"es\",\"potentialAction\":[{\"@type\":\"CommentAction\",\"name\":\"Comment\",\"target\":[\"https:\\\/\\\/lospoliticosveracruz.com\\\/?p=39592#respond\"]}]},{\"@type\":\"WebPage\",\"@id\":\"https:\\\/\\\/lospoliticosveracruz.com\\\/?p=39592\",\"url\":\"https:\\\/\\\/lospoliticosveracruz.com\\\/?p=39592\",\"name\":\"Burocracia molesta - Los pol\u00edticos Veracruz\",\"isPartOf\":{\"@id\":\"https:\\\/\\\/lospoliticosveracruz.com\\\/#website\"},\"datePublished\":\"2018-02-07T04:43:02+00:00\",\"breadcrumb\":{\"@id\":\"https:\\\/\\\/lospoliticosveracruz.com\\\/?p=39592#breadcrumb\"},\"inLanguage\":\"es\",\"potentialAction\":[{\"@type\":\"ReadAction\",\"target\":[\"https:\\\/\\\/lospoliticosveracruz.com\\\/?p=39592\"]}]},{\"@type\":\"BreadcrumbList\",\"@id\":\"https:\\\/\\\/lospoliticosveracruz.com\\\/?p=39592#breadcrumb\",\"itemListElement\":[{\"@type\":\"ListItem\",\"position\":1,\"name\":\"Portada\",\"item\":\"https:\\\/\\\/lospoliticosveracruz.com\\\/\"},{\"@type\":\"ListItem\",\"position\":2,\"name\":\"Burocracia molesta\"}]},{\"@type\":\"WebSite\",\"@id\":\"https:\\\/\\\/lospoliticosveracruz.com\\\/#website\",\"url\":\"https:\\\/\\\/lospoliticosveracruz.com\\\/\",\"name\":\"Los pol\u00edticos Veracruz\",\"description\":\"\",\"publisher\":{\"@id\":\"https:\\\/\\\/lospoliticosveracruz.com\\\/#organization\"},\"potentialAction\":[{\"@type\":\"SearchAction\",\"target\":{\"@type\":\"EntryPoint\",\"urlTemplate\":\"https:\\\/\\\/lospoliticosveracruz.com\\\/?s={search_term_string}\"},\"query-input\":{\"@type\":\"PropertyValueSpecification\",\"valueRequired\":true,\"valueName\":\"search_term_string\"}}],\"inLanguage\":\"es\"},{\"@type\":\"Organization\",\"@id\":\"https:\\\/\\\/lospoliticosveracruz.com\\\/#organization\",\"name\":\"Los pol\u00edticos Veracruz\",\"url\":\"https:\\\/\\\/lospoliticosveracruz.com\\\/\",\"logo\":{\"@type\":\"ImageObject\",\"inLanguage\":\"es\",\"@id\":\"https:\\\/\\\/lospoliticosveracruz.com\\\/#\\\/schema\\\/logo\\\/image\\\/\",\"url\":\"https:\\\/\\\/lospoliticosveracruz.com\\\/wp-content\\\/uploads\\\/2025\\\/12\\\/Logo-Nuevo-LOS-POLITICOS-1.jpg\",\"contentUrl\":\"https:\\\/\\\/lospoliticosveracruz.com\\\/wp-content\\\/uploads\\\/2025\\\/12\\\/Logo-Nuevo-LOS-POLITICOS-1.jpg\",\"width\":260,\"height\":70,\"caption\":\"Los pol\u00edticos Veracruz\"},\"image\":{\"@id\":\"https:\\\/\\\/lospoliticosveracruz.com\\\/#\\\/schema\\\/logo\\\/image\\\/\"},\"sameAs\":[\"https:\\\/\\\/www.facebook.com\\\/people\\\/Notimemes-de-los-Polticos\\\/61565672886568\\\/\",\"https:\\\/\\\/x.com\\\/LosPoliticosVer\"]},{\"@type\":\"Person\",\"@id\":\"https:\\\/\\\/lospoliticosveracruz.com\\\/#\\\/schema\\\/person\\\/b8702bb0e538456e6efd07080bf2a4a2\",\"name\":\"Lo viste en Los Pol\u00edticos\",\"image\":{\"@type\":\"ImageObject\",\"inLanguage\":\"es\",\"@id\":\"https:\\\/\\\/secure.gravatar.com\\\/avatar\\\/3a8de04a2656d44082be478bd6c086daa447c4651605818287b9532d3d0bd435?s=96&d=mm&r=g\",\"url\":\"https:\\\/\\\/secure.gravatar.com\\\/avatar\\\/3a8de04a2656d44082be478bd6c086daa447c4651605818287b9532d3d0bd435?s=96&d=mm&r=g\",\"contentUrl\":\"https:\\\/\\\/secure.gravatar.com\\\/avatar\\\/3a8de04a2656d44082be478bd6c086daa447c4651605818287b9532d3d0bd435?s=96&d=mm&r=g\",\"caption\":\"Lo viste en Los Pol\u00edticos\"},\"url\":\"https:\\\/\\\/lospoliticosveracruz.com\\\/?author=2\"}]}<\/script>\n<!-- \/ Yoast SEO plugin. -->","yoast_head_json":{"title":"Burocracia molesta - Los pol\u00edticos Veracruz","robots":{"index":"index","follow":"follow","max-snippet":"max-snippet:-1","max-image-preview":"max-image-preview:large","max-video-preview":"max-video-preview:-1"},"canonical":"https:\/\/lospoliticosveracruz.com\/?p=39592","og_locale":"es_ES","og_type":"article","og_title":"Burocracia molesta - Los pol\u00edticos Veracruz","og_description":"Salvador Mu\u00f1oz Los Pol\u00edticos &nbsp; \u201c\u00a1Esos pinches improvisados del PAN y del PRD&#8230;! \u00a1Son unos nacos!\u201d, exclamaba una joven a su acompa\u00f1ante. Tal ser\u00eda su indignaci\u00f3n para que escuchara su comentario cuando nos cruzamos en el camino&#8230; Yo a mi casa&#8230; ella, \u00a1qui\u00e9n sabe! Es preocupante el t\u00e9rmino de la joven, digo, referente a lo [&hellip;]","og_url":"https:\/\/lospoliticosveracruz.com\/?p=39592","og_site_name":"Los pol\u00edticos Veracruz","article_publisher":"https:\/\/www.facebook.com\/people\/Notimemes-de-los-Polticos\/61565672886568\/","article_published_time":"2018-02-07T04:43:02+00:00","og_image":[{"width":200,"height":200,"url":"https:\/\/lospoliticosveracruz.com\/wp-content\/uploads\/2016\/07\/Logo-Dor.jpg","type":"image\/jpeg"}],"author":"Lo viste en Los Pol\u00edticos","twitter_card":"summary_large_image","twitter_creator":"@LosPoliticosVer","twitter_site":"@LosPoliticosVer","twitter_misc":{"Escrito por":"Lo viste en Los Pol\u00edticos","Tiempo de lectura":"3 minutos"},"schema":{"@context":"https:\/\/schema.org","@graph":[{"@type":"Article","@id":"https:\/\/lospoliticosveracruz.com\/?p=39592#article","isPartOf":{"@id":"https:\/\/lospoliticosveracruz.com\/?p=39592"},"author":{"name":"Lo viste en Los Pol\u00edticos","@id":"https:\/\/lospoliticosveracruz.com\/#\/schema\/person\/b8702bb0e538456e6efd07080bf2a4a2"},"headline":"Burocracia molesta","datePublished":"2018-02-07T04:43:02+00:00","mainEntityOfPage":{"@id":"https:\/\/lospoliticosveracruz.com\/?p=39592"},"wordCount":655,"commentCount":0,"publisher":{"@id":"https:\/\/lospoliticosveracruz.com\/#organization"},"keywords":["Burocracia","CMAS","duartistas","Miguel Angel Yunes Linares","PAN","PRD"],"articleSection":["De Opini\u00f3n"],"inLanguage":"es","potentialAction":[{"@type":"CommentAction","name":"Comment","target":["https:\/\/lospoliticosveracruz.com\/?p=39592#respond"]}]},{"@type":"WebPage","@id":"https:\/\/lospoliticosveracruz.com\/?p=39592","url":"https:\/\/lospoliticosveracruz.com\/?p=39592","name":"Burocracia molesta - Los pol\u00edticos Veracruz","isPartOf":{"@id":"https:\/\/lospoliticosveracruz.com\/#website"},"datePublished":"2018-02-07T04:43:02+00:00","breadcrumb":{"@id":"https:\/\/lospoliticosveracruz.com\/?p=39592#breadcrumb"},"inLanguage":"es","potentialAction":[{"@type":"ReadAction","target":["https:\/\/lospoliticosveracruz.com\/?p=39592"]}]},{"@type":"BreadcrumbList","@id":"https:\/\/lospoliticosveracruz.com\/?p=39592#breadcrumb","itemListElement":[{"@type":"ListItem","position":1,"name":"Portada","item":"https:\/\/lospoliticosveracruz.com\/"},{"@type":"ListItem","position":2,"name":"Burocracia molesta"}]},{"@type":"WebSite","@id":"https:\/\/lospoliticosveracruz.com\/#website","url":"https:\/\/lospoliticosveracruz.com\/","name":"Los pol\u00edticos Veracruz","description":"","publisher":{"@id":"https:\/\/lospoliticosveracruz.com\/#organization"},"potentialAction":[{"@type":"SearchAction","target":{"@type":"EntryPoint","urlTemplate":"https:\/\/lospoliticosveracruz.com\/?s={search_term_string}"},"query-input":{"@type":"PropertyValueSpecification","valueRequired":true,"valueName":"search_term_string"}}],"inLanguage":"es"},{"@type":"Organization","@id":"https:\/\/lospoliticosveracruz.com\/#organization","name":"Los pol\u00edticos Veracruz","url":"https:\/\/lospoliticosveracruz.com\/","logo":{"@type":"ImageObject","inLanguage":"es","@id":"https:\/\/lospoliticosveracruz.com\/#\/schema\/logo\/image\/","url":"https:\/\/lospoliticosveracruz.com\/wp-content\/uploads\/2025\/12\/Logo-Nuevo-LOS-POLITICOS-1.jpg","contentUrl":"https:\/\/lospoliticosveracruz.com\/wp-content\/uploads\/2025\/12\/Logo-Nuevo-LOS-POLITICOS-1.jpg","width":260,"height":70,"caption":"Los pol\u00edticos Veracruz"},"image":{"@id":"https:\/\/lospoliticosveracruz.com\/#\/schema\/logo\/image\/"},"sameAs":["https:\/\/www.facebook.com\/people\/Notimemes-de-los-Polticos\/61565672886568\/","https:\/\/x.com\/LosPoliticosVer"]},{"@type":"Person","@id":"https:\/\/lospoliticosveracruz.com\/#\/schema\/person\/b8702bb0e538456e6efd07080bf2a4a2","name":"Lo viste en Los Pol\u00edticos","image":{"@type":"ImageObject","inLanguage":"es","@id":"https:\/\/secure.gravatar.com\/avatar\/3a8de04a2656d44082be478bd6c086daa447c4651605818287b9532d3d0bd435?s=96&d=mm&r=g","url":"https:\/\/secure.gravatar.com\/avatar\/3a8de04a2656d44082be478bd6c086daa447c4651605818287b9532d3d0bd435?s=96&d=mm&r=g","contentUrl":"https:\/\/secure.gravatar.com\/avatar\/3a8de04a2656d44082be478bd6c086daa447c4651605818287b9532d3d0bd435?s=96&d=mm&r=g","caption":"Lo viste en Los Pol\u00edticos"},"url":"https:\/\/lospoliticosveracruz.com\/?author=2"}]}},"_links":{"self":[{"href":"https:\/\/lospoliticosveracruz.com\/index.php?rest_route=\/wp\/v2\/posts\/39592","targetHints":{"allow":["GET"]}}],"collection":[{"href":"https:\/\/lospoliticosveracruz.com\/index.php?rest_route=\/wp\/v2\/posts"}],"about":[{"href":"https:\/\/lospoliticosveracruz.com\/index.php?rest_route=\/wp\/v2\/types\/post"}],"author":[{"embeddable":true,"href":"https:\/\/lospoliticosveracruz.com\/index.php?rest_route=\/wp\/v2\/users\/2"}],"replies":[{"embeddable":true,"href":"https:\/\/lospoliticosveracruz.com\/index.php?rest_route=%2Fwp%2Fv2%2Fcomments&post=39592"}],"version-history":[{"count":2,"href":"https:\/\/lospoliticosveracruz.com\/index.php?rest_route=\/wp\/v2\/posts\/39592\/revisions"}],"predecessor-version":[{"id":39663,"href":"https:\/\/lospoliticosveracruz.com\/index.php?rest_route=\/wp\/v2\/posts\/39592\/revisions\/39663"}],"wp:attachment":[{"href":"https:\/\/lospoliticosveracruz.com\/index.php?rest_route=%2Fwp%2Fv2%2Fmedia&parent=39592"}],"wp:term":[{"taxonomy":"category","embeddable":true,"href":"https:\/\/lospoliticosveracruz.com\/index.php?rest_route=%2Fwp%2Fv2%2Fcategories&post=39592"},{"taxonomy":"post_tag","embeddable":true,"href":"https:\/\/lospoliticosveracruz.com\/index.php?rest_route=%2Fwp%2Fv2%2Ftags&post=39592"}],"curies":[{"name":"wp","href":"https:\/\/api.w.org\/{rel}","templated":true}]}}