{"id":39632,"date":"2018-02-06T09:58:01","date_gmt":"2018-02-06T15:58:01","guid":{"rendered":"http:\/\/www.lospoliticosveracruz.com.mx\/?p=39632"},"modified":"2018-02-06T09:58:45","modified_gmt":"2018-02-06T15:58:45","slug":"el-trabajo-en-el-cobaev","status":"publish","type":"post","link":"https:\/\/lospoliticosveracruz.com\/?p=39632","title":{"rendered":"El trabajo en el Cobaev"},"content":{"rendered":"<p class=\"x_m_-4964327583850309170MsoNoSpacing\"><strong>Luis Alberto Romero<\/strong><\/p>\n<p class=\"x_m_-4964327583850309170MsoNoSpacing\"><em>Hora Cero<\/em><\/p>\n<p class=\"x_m_-4964327583850309170MsoNoSpacing\"><b><u><\/u>\u00a0<u><\/u><\/b><\/p>\n<p class=\"x_m_-4964327583850309170MsoNoSpacing\"><b><\/b>\u00a0<u><\/u>\u00a0<u><\/u><\/p>\n<p class=\"x_m_-4964327583850309170MsoNoSpacing\">De forma reciente, el Colegio de Bachilleres del Estado de Veracruz (Cobaev) llev\u00f3 a cabo sus academias estatales, que no son otra cosa que la capacitaci\u00f3n a los docentes.<u><\/u><u><\/u><\/p>\n<p class=\"x_m_-4964327583850309170MsoNoSpacing\">M\u00e1s de mil 150 maestros de ese subsistema, de los 71 planteles con que cuenta la instituci\u00f3n, recibieron un curso de actualizaci\u00f3n; algo que no hab\u00eda ocurrido en una d\u00e9cada.\u00a0<u><\/u><u><\/u><\/p>\n<p class=\"x_m_-4964327583850309170MsoNoSpacing\">Ese tema, el de las academias del Cobaev, es \u00fatil para remitirse al trabajo que realiza el sector educativo de la entidad, y particularmente la Secretar\u00eda de Educaci\u00f3n de Veracruz, donde no s\u00f3lo se ha puesto orden al tema del manejo presupuestal, sino que tambi\u00e9n se proyecta la capacitaci\u00f3n de los docentes veracruzanos.<u><\/u><u><\/u><\/p>\n<p class=\"x_m_-4964327583850309170MsoNoSpacing\">Hablando del Cobaev, la instituci\u00f3n fundada en 1988 se prepara para la celebraci\u00f3n de su trig\u00e9simo aniversario, en un escenario inmejorable, dado que en todas las mediciones de la regi\u00f3n Sur-Sureste realizadas por los organismos encargados de la evaluaci\u00f3n acad\u00e9mica, el Colegio ha liderado a las instituciones del subsistema;\u00a0el nivel de sus estudiantes ha destacado en el contexto nacional;\u00a0\u00a0incluso, alumnos de los planteles del Cobaev representaron a nuestro pa\u00eds en olimpiadas de conocimientos celebradas en Tailandia, Jap\u00f3n y Portugal.<u><\/u><u><\/u><\/p>\n<p class=\"x_m_-4964327583850309170MsoNoSpacing\">El director del Colegio, Abel P\u00e9rez Arciniega, ha se\u00f1alado, por ejemplo, \u201clos casos de \u00e9xito de 26 estudiantes del Cobaev que obtuvieron medallas de oro en olimpiadas nacionales de Inform\u00e1tica, Biolog\u00eda, Qu\u00edmica, F\u00edsica, Matem\u00e1ticas, Programaci\u00f3n y Experimentos.<u><\/u><u><\/u><\/p>\n<p class=\"x_m_-4964327583850309170MsoNoSpacing\">A la par, destac\u00f3, hay un reconocimiento importante, en las evaluaciones oficiales, a los maestros de la instituci\u00f3n.<u><\/u><u><\/u><\/p>\n<p class=\"x_m_-4964327583850309170MsoNoSpacing\">Hoy, 8 de cada diez egresados de los 71 planteles del Cobaev logran continuar con el nivel superior de educaci\u00f3n.<u><\/u><u><\/u><\/p>\n<p class=\"x_m_-4964327583850309170MsoNoSpacing\">No es todo: la deserci\u00f3n escolar se ha logrado reducir hasta menos del 8 por ciento; la aprobaci\u00f3n casi llega al 80 por ciento; y la eficiencia terminal se ubica en 76.15 por ciento.<u><\/u><u><\/u><\/p>\n<p class=\"x_m_-4964327583850309170MsoNoSpacing\">En aprobaci\u00f3n escolar, el Cobaev pas\u00f3, en un a\u00f1o, de 75.91 a 79.91 por ciento.\u00a0En reprobaci\u00f3n, la cifra era de 24.09 en 2016; y y un a\u00f1o despu\u00e9s, ya durante la presente gesti\u00f3n, se ubica en 20.52, lo que representa un avance de 3.57 por ciento.<u><\/u><u><\/u><\/p>\n<p class=\"x_m_-4964327583850309170MsoNoSpacing\">Por otro lado, el abandono escolar ha decrecido de forma significativa, al pasar de 13.59 a 6.29, gracias al esfuerzo de directivos, maestros y personal administrativo, \u201cya que cuando se detecta la inasistencia de un alumno, se procede de inmediato a investigar las causas familiares o sociales que propiciaron la falta\u201d, se\u00f1ala P\u00e9rez Arciniega.<u><\/u><u><\/u><\/p>\n<p class=\"x_m_-4964327583850309170MsoNoSpacing\">Son datos, dijo, que ilustran a la perfecci\u00f3n los logros de 2017; y tiene raz\u00f3n. Basta decir que la calidad acad\u00e9mica y a las condiciones en que operan los Colegios han mejorado de forma significativa. Imagine usted, el Cobaev de Coatzintla, municipio ubicado en la zona norte de Veracruz, es catalogado como uno de los mejores del pa\u00eds, ya que presenta el m\u00e1ximo nivel en las evaluaciones y supervisiones.<u><\/u><u><\/u><\/p>\n<p class=\"x_m_-4964327583850309170MsoNoSpacing\">Otros casos destacados son los planteles de Pueblo Viejo, Minatitl\u00e1n, Tlapacoyan, Xalapa, Tempoal, Mart\u00ednez de la Torre, Agua Dulce, C\u00f3rdoba, J\u00e1ltipan, Yanga, Huatusco, Cazones y Chicontepec, que fueron las instituciones que incrementaron su nivel, de acuerdo con los par\u00e1metros del Consejo para la Evaluaci\u00f3n de la Educaci\u00f3n Tipo Medio Superior.<u><\/u><u><\/u><\/p>\n<p class=\"x_m_-4964327583850309170MsoNoSpacing\">Por otro lado, durante 2017 el Cobaev ha registrado un notable avance en cuanto a la regularizaci\u00f3n de bienes inmuebles, dado que se han regularizado nueve planteles entre diciembre de 2016 y marzo de 2017; y seis m\u00e1s se encuentran en tr\u00e1mite.<u><\/u><u><\/u><\/p>\n<p class=\"x_m_-4964327583850309170MsoNoSpacing\">Son datos, dec\u00eda, que ilustran a la perfecci\u00f3n el avance que registra el sector educativo veracruzano, tan lastimado por el saqueo y el desinter\u00e9s de la pasada administraci\u00f3n estatal.<\/p>\n<p class=\"x_m_-4964327583850309170MsoNoSpacing\">@luisromero85<\/p>\n","protected":false},"excerpt":{"rendered":"<p>Luis Alberto Romero Hora Cero \u00a0 \u00a0\u00a0 De forma reciente, el Colegio de Bachilleres del Estado de Veracruz (Cobaev) llev\u00f3 a cabo sus academias estatales, que no son otra cosa que la capacitaci\u00f3n a los docentes. M\u00e1s de mil 150 maestros de ese subsistema, de los 71 planteles con que cuenta la instituci\u00f3n, recibieron un [&hellip;]<\/p>\n","protected":false},"author":2,"featured_media":0,"comment_status":"open","ping_status":"open","sticky":false,"template":"","format":"standard","meta":{"tdm_status":"","tdm_grid_status":"","footnotes":""},"categories":[70],"tags":[10851,2166,2432],"class_list":{"0":"post-39632","1":"post","2":"type-post","3":"status-publish","4":"format-standard","6":"category-de-opinion","7":"tag-capacitacion-docente","8":"tag-cobaev","9":"tag-secretaria-de-educacion-de-veracruz"},"yoast_head":"<!-- This site is optimized with the Yoast SEO plugin v27.4 - https:\/\/yoast.com\/product\/yoast-seo-wordpress\/ -->\n<title>El trabajo en el Cobaev - Los pol\u00edticos Veracruz<\/title>\n<meta name=\"robots\" content=\"index, follow, max-snippet:-1, max-image-preview:large, max-video-preview:-1\" \/>\n<link rel=\"canonical\" href=\"https:\/\/lospoliticosveracruz.com\/?p=39632\" \/>\n<meta property=\"og:locale\" content=\"es_ES\" \/>\n<meta property=\"og:type\" content=\"article\" \/>\n<meta property=\"og:title\" content=\"El trabajo en el Cobaev - Los pol\u00edticos Veracruz\" \/>\n<meta property=\"og:description\" content=\"Luis Alberto Romero Hora Cero \u00a0 \u00a0\u00a0 De forma reciente, el Colegio de Bachilleres del Estado de Veracruz (Cobaev) llev\u00f3 a cabo sus academias estatales, que no son otra cosa que la capacitaci\u00f3n a los docentes. M\u00e1s de mil 150 maestros de ese subsistema, de los 71 planteles con que cuenta la instituci\u00f3n, recibieron un [&hellip;]\" \/>\n<meta property=\"og:url\" content=\"https:\/\/lospoliticosveracruz.com\/?p=39632\" \/>\n<meta property=\"og:site_name\" content=\"Los pol\u00edticos Veracruz\" \/>\n<meta property=\"article:publisher\" content=\"https:\/\/www.facebook.com\/people\/Notimemes-de-los-Polticos\/61565672886568\/\" \/>\n<meta property=\"article:published_time\" content=\"2018-02-06T15:58:01+00:00\" \/>\n<meta property=\"article:modified_time\" content=\"2018-02-06T15:58:45+00:00\" \/>\n<meta property=\"og:image\" content=\"https:\/\/lospoliticosveracruz.com\/wp-content\/uploads\/2016\/07\/Logo-Dor.jpg\" \/>\n\t<meta property=\"og:image:width\" content=\"200\" \/>\n\t<meta property=\"og:image:height\" content=\"200\" \/>\n\t<meta property=\"og:image:type\" content=\"image\/jpeg\" \/>\n<meta name=\"author\" content=\"Lo viste en Los Pol\u00edticos\" \/>\n<meta name=\"twitter:card\" content=\"summary_large_image\" \/>\n<meta name=\"twitter:creator\" content=\"@LosPoliticosVer\" \/>\n<meta name=\"twitter:site\" content=\"@LosPoliticosVer\" \/>\n<meta name=\"twitter:label1\" content=\"Escrito por\" \/>\n\t<meta name=\"twitter:data1\" content=\"Lo viste en Los Pol\u00edticos\" \/>\n\t<meta name=\"twitter:label2\" content=\"Tiempo de lectura\" \/>\n\t<meta name=\"twitter:data2\" content=\"3 minutos\" \/>\n<script type=\"application\/ld+json\" class=\"yoast-schema-graph\">{\"@context\":\"https:\\\/\\\/schema.org\",\"@graph\":[{\"@type\":\"Article\",\"@id\":\"https:\\\/\\\/lospoliticosveracruz.com\\\/?p=39632#article\",\"isPartOf\":{\"@id\":\"https:\\\/\\\/lospoliticosveracruz.com\\\/?p=39632\"},\"author\":{\"name\":\"Lo viste en Los Pol\u00edticos\",\"@id\":\"https:\\\/\\\/lospoliticosveracruz.com\\\/#\\\/schema\\\/person\\\/b8702bb0e538456e6efd07080bf2a4a2\"},\"headline\":\"El trabajo en el Cobaev\",\"datePublished\":\"2018-02-06T15:58:01+00:00\",\"dateModified\":\"2018-02-06T15:58:45+00:00\",\"mainEntityOfPage\":{\"@id\":\"https:\\\/\\\/lospoliticosveracruz.com\\\/?p=39632\"},\"wordCount\":641,\"commentCount\":0,\"publisher\":{\"@id\":\"https:\\\/\\\/lospoliticosveracruz.com\\\/#organization\"},\"keywords\":[\"Capacitaci\u00f3n docente\",\"Cobaev\",\"Secretar\u00eda de Educaci\u00f3n de Veracruz\"],\"articleSection\":[\"De Opini\u00f3n\"],\"inLanguage\":\"es\",\"potentialAction\":[{\"@type\":\"CommentAction\",\"name\":\"Comment\",\"target\":[\"https:\\\/\\\/lospoliticosveracruz.com\\\/?p=39632#respond\"]}]},{\"@type\":\"WebPage\",\"@id\":\"https:\\\/\\\/lospoliticosveracruz.com\\\/?p=39632\",\"url\":\"https:\\\/\\\/lospoliticosveracruz.com\\\/?p=39632\",\"name\":\"El trabajo en el Cobaev - Los pol\u00edticos Veracruz\",\"isPartOf\":{\"@id\":\"https:\\\/\\\/lospoliticosveracruz.com\\\/#website\"},\"datePublished\":\"2018-02-06T15:58:01+00:00\",\"dateModified\":\"2018-02-06T15:58:45+00:00\",\"breadcrumb\":{\"@id\":\"https:\\\/\\\/lospoliticosveracruz.com\\\/?p=39632#breadcrumb\"},\"inLanguage\":\"es\",\"potentialAction\":[{\"@type\":\"ReadAction\",\"target\":[\"https:\\\/\\\/lospoliticosveracruz.com\\\/?p=39632\"]}]},{\"@type\":\"BreadcrumbList\",\"@id\":\"https:\\\/\\\/lospoliticosveracruz.com\\\/?p=39632#breadcrumb\",\"itemListElement\":[{\"@type\":\"ListItem\",\"position\":1,\"name\":\"Portada\",\"item\":\"https:\\\/\\\/lospoliticosveracruz.com\\\/\"},{\"@type\":\"ListItem\",\"position\":2,\"name\":\"El trabajo en el Cobaev\"}]},{\"@type\":\"WebSite\",\"@id\":\"https:\\\/\\\/lospoliticosveracruz.com\\\/#website\",\"url\":\"https:\\\/\\\/lospoliticosveracruz.com\\\/\",\"name\":\"Los pol\u00edticos Veracruz\",\"description\":\"\",\"publisher\":{\"@id\":\"https:\\\/\\\/lospoliticosveracruz.com\\\/#organization\"},\"potentialAction\":[{\"@type\":\"SearchAction\",\"target\":{\"@type\":\"EntryPoint\",\"urlTemplate\":\"https:\\\/\\\/lospoliticosveracruz.com\\\/?s={search_term_string}\"},\"query-input\":{\"@type\":\"PropertyValueSpecification\",\"valueRequired\":true,\"valueName\":\"search_term_string\"}}],\"inLanguage\":\"es\"},{\"@type\":\"Organization\",\"@id\":\"https:\\\/\\\/lospoliticosveracruz.com\\\/#organization\",\"name\":\"Los pol\u00edticos Veracruz\",\"url\":\"https:\\\/\\\/lospoliticosveracruz.com\\\/\",\"logo\":{\"@type\":\"ImageObject\",\"inLanguage\":\"es\",\"@id\":\"https:\\\/\\\/lospoliticosveracruz.com\\\/#\\\/schema\\\/logo\\\/image\\\/\",\"url\":\"https:\\\/\\\/lospoliticosveracruz.com\\\/wp-content\\\/uploads\\\/2025\\\/12\\\/Logo-Nuevo-LOS-POLITICOS-1.jpg\",\"contentUrl\":\"https:\\\/\\\/lospoliticosveracruz.com\\\/wp-content\\\/uploads\\\/2025\\\/12\\\/Logo-Nuevo-LOS-POLITICOS-1.jpg\",\"width\":260,\"height\":70,\"caption\":\"Los pol\u00edticos Veracruz\"},\"image\":{\"@id\":\"https:\\\/\\\/lospoliticosveracruz.com\\\/#\\\/schema\\\/logo\\\/image\\\/\"},\"sameAs\":[\"https:\\\/\\\/www.facebook.com\\\/people\\\/Notimemes-de-los-Polticos\\\/61565672886568\\\/\",\"https:\\\/\\\/x.com\\\/LosPoliticosVer\"]},{\"@type\":\"Person\",\"@id\":\"https:\\\/\\\/lospoliticosveracruz.com\\\/#\\\/schema\\\/person\\\/b8702bb0e538456e6efd07080bf2a4a2\",\"name\":\"Lo viste en Los Pol\u00edticos\",\"image\":{\"@type\":\"ImageObject\",\"inLanguage\":\"es\",\"@id\":\"https:\\\/\\\/secure.gravatar.com\\\/avatar\\\/3a8de04a2656d44082be478bd6c086daa447c4651605818287b9532d3d0bd435?s=96&d=mm&r=g\",\"url\":\"https:\\\/\\\/secure.gravatar.com\\\/avatar\\\/3a8de04a2656d44082be478bd6c086daa447c4651605818287b9532d3d0bd435?s=96&d=mm&r=g\",\"contentUrl\":\"https:\\\/\\\/secure.gravatar.com\\\/avatar\\\/3a8de04a2656d44082be478bd6c086daa447c4651605818287b9532d3d0bd435?s=96&d=mm&r=g\",\"caption\":\"Lo viste en Los Pol\u00edticos\"},\"url\":\"https:\\\/\\\/lospoliticosveracruz.com\\\/?author=2\"}]}<\/script>\n<!-- \/ Yoast SEO plugin. -->","yoast_head_json":{"title":"El trabajo en el Cobaev - Los pol\u00edticos Veracruz","robots":{"index":"index","follow":"follow","max-snippet":"max-snippet:-1","max-image-preview":"max-image-preview:large","max-video-preview":"max-video-preview:-1"},"canonical":"https:\/\/lospoliticosveracruz.com\/?p=39632","og_locale":"es_ES","og_type":"article","og_title":"El trabajo en el Cobaev - Los pol\u00edticos Veracruz","og_description":"Luis Alberto Romero Hora Cero \u00a0 \u00a0\u00a0 De forma reciente, el Colegio de Bachilleres del Estado de Veracruz (Cobaev) llev\u00f3 a cabo sus academias estatales, que no son otra cosa que la capacitaci\u00f3n a los docentes. M\u00e1s de mil 150 maestros de ese subsistema, de los 71 planteles con que cuenta la instituci\u00f3n, recibieron un [&hellip;]","og_url":"https:\/\/lospoliticosveracruz.com\/?p=39632","og_site_name":"Los pol\u00edticos Veracruz","article_publisher":"https:\/\/www.facebook.com\/people\/Notimemes-de-los-Polticos\/61565672886568\/","article_published_time":"2018-02-06T15:58:01+00:00","article_modified_time":"2018-02-06T15:58:45+00:00","og_image":[{"width":200,"height":200,"url":"https:\/\/lospoliticosveracruz.com\/wp-content\/uploads\/2016\/07\/Logo-Dor.jpg","type":"image\/jpeg"}],"author":"Lo viste en Los Pol\u00edticos","twitter_card":"summary_large_image","twitter_creator":"@LosPoliticosVer","twitter_site":"@LosPoliticosVer","twitter_misc":{"Escrito por":"Lo viste en Los Pol\u00edticos","Tiempo de lectura":"3 minutos"},"schema":{"@context":"https:\/\/schema.org","@graph":[{"@type":"Article","@id":"https:\/\/lospoliticosveracruz.com\/?p=39632#article","isPartOf":{"@id":"https:\/\/lospoliticosveracruz.com\/?p=39632"},"author":{"name":"Lo viste en Los Pol\u00edticos","@id":"https:\/\/lospoliticosveracruz.com\/#\/schema\/person\/b8702bb0e538456e6efd07080bf2a4a2"},"headline":"El trabajo en el Cobaev","datePublished":"2018-02-06T15:58:01+00:00","dateModified":"2018-02-06T15:58:45+00:00","mainEntityOfPage":{"@id":"https:\/\/lospoliticosveracruz.com\/?p=39632"},"wordCount":641,"commentCount":0,"publisher":{"@id":"https:\/\/lospoliticosveracruz.com\/#organization"},"keywords":["Capacitaci\u00f3n docente","Cobaev","Secretar\u00eda de Educaci\u00f3n de Veracruz"],"articleSection":["De Opini\u00f3n"],"inLanguage":"es","potentialAction":[{"@type":"CommentAction","name":"Comment","target":["https:\/\/lospoliticosveracruz.com\/?p=39632#respond"]}]},{"@type":"WebPage","@id":"https:\/\/lospoliticosveracruz.com\/?p=39632","url":"https:\/\/lospoliticosveracruz.com\/?p=39632","name":"El trabajo en el Cobaev - Los pol\u00edticos Veracruz","isPartOf":{"@id":"https:\/\/lospoliticosveracruz.com\/#website"},"datePublished":"2018-02-06T15:58:01+00:00","dateModified":"2018-02-06T15:58:45+00:00","breadcrumb":{"@id":"https:\/\/lospoliticosveracruz.com\/?p=39632#breadcrumb"},"inLanguage":"es","potentialAction":[{"@type":"ReadAction","target":["https:\/\/lospoliticosveracruz.com\/?p=39632"]}]},{"@type":"BreadcrumbList","@id":"https:\/\/lospoliticosveracruz.com\/?p=39632#breadcrumb","itemListElement":[{"@type":"ListItem","position":1,"name":"Portada","item":"https:\/\/lospoliticosveracruz.com\/"},{"@type":"ListItem","position":2,"name":"El trabajo en el Cobaev"}]},{"@type":"WebSite","@id":"https:\/\/lospoliticosveracruz.com\/#website","url":"https:\/\/lospoliticosveracruz.com\/","name":"Los pol\u00edticos Veracruz","description":"","publisher":{"@id":"https:\/\/lospoliticosveracruz.com\/#organization"},"potentialAction":[{"@type":"SearchAction","target":{"@type":"EntryPoint","urlTemplate":"https:\/\/lospoliticosveracruz.com\/?s={search_term_string}"},"query-input":{"@type":"PropertyValueSpecification","valueRequired":true,"valueName":"search_term_string"}}],"inLanguage":"es"},{"@type":"Organization","@id":"https:\/\/lospoliticosveracruz.com\/#organization","name":"Los pol\u00edticos Veracruz","url":"https:\/\/lospoliticosveracruz.com\/","logo":{"@type":"ImageObject","inLanguage":"es","@id":"https:\/\/lospoliticosveracruz.com\/#\/schema\/logo\/image\/","url":"https:\/\/lospoliticosveracruz.com\/wp-content\/uploads\/2025\/12\/Logo-Nuevo-LOS-POLITICOS-1.jpg","contentUrl":"https:\/\/lospoliticosveracruz.com\/wp-content\/uploads\/2025\/12\/Logo-Nuevo-LOS-POLITICOS-1.jpg","width":260,"height":70,"caption":"Los pol\u00edticos Veracruz"},"image":{"@id":"https:\/\/lospoliticosveracruz.com\/#\/schema\/logo\/image\/"},"sameAs":["https:\/\/www.facebook.com\/people\/Notimemes-de-los-Polticos\/61565672886568\/","https:\/\/x.com\/LosPoliticosVer"]},{"@type":"Person","@id":"https:\/\/lospoliticosveracruz.com\/#\/schema\/person\/b8702bb0e538456e6efd07080bf2a4a2","name":"Lo viste en Los Pol\u00edticos","image":{"@type":"ImageObject","inLanguage":"es","@id":"https:\/\/secure.gravatar.com\/avatar\/3a8de04a2656d44082be478bd6c086daa447c4651605818287b9532d3d0bd435?s=96&d=mm&r=g","url":"https:\/\/secure.gravatar.com\/avatar\/3a8de04a2656d44082be478bd6c086daa447c4651605818287b9532d3d0bd435?s=96&d=mm&r=g","contentUrl":"https:\/\/secure.gravatar.com\/avatar\/3a8de04a2656d44082be478bd6c086daa447c4651605818287b9532d3d0bd435?s=96&d=mm&r=g","caption":"Lo viste en Los Pol\u00edticos"},"url":"https:\/\/lospoliticosveracruz.com\/?author=2"}]}},"_links":{"self":[{"href":"https:\/\/lospoliticosveracruz.com\/index.php?rest_route=\/wp\/v2\/posts\/39632","targetHints":{"allow":["GET"]}}],"collection":[{"href":"https:\/\/lospoliticosveracruz.com\/index.php?rest_route=\/wp\/v2\/posts"}],"about":[{"href":"https:\/\/lospoliticosveracruz.com\/index.php?rest_route=\/wp\/v2\/types\/post"}],"author":[{"embeddable":true,"href":"https:\/\/lospoliticosveracruz.com\/index.php?rest_route=\/wp\/v2\/users\/2"}],"replies":[{"embeddable":true,"href":"https:\/\/lospoliticosveracruz.com\/index.php?rest_route=%2Fwp%2Fv2%2Fcomments&post=39632"}],"version-history":[{"count":2,"href":"https:\/\/lospoliticosveracruz.com\/index.php?rest_route=\/wp\/v2\/posts\/39632\/revisions"}],"predecessor-version":[{"id":39634,"href":"https:\/\/lospoliticosveracruz.com\/index.php?rest_route=\/wp\/v2\/posts\/39632\/revisions\/39634"}],"wp:attachment":[{"href":"https:\/\/lospoliticosveracruz.com\/index.php?rest_route=%2Fwp%2Fv2%2Fmedia&parent=39632"}],"wp:term":[{"taxonomy":"category","embeddable":true,"href":"https:\/\/lospoliticosveracruz.com\/index.php?rest_route=%2Fwp%2Fv2%2Fcategories&post=39632"},{"taxonomy":"post_tag","embeddable":true,"href":"https:\/\/lospoliticosveracruz.com\/index.php?rest_route=%2Fwp%2Fv2%2Ftags&post=39632"}],"curies":[{"name":"wp","href":"https:\/\/api.w.org\/{rel}","templated":true}]}}