{"id":39641,"date":"2018-02-06T14:15:34","date_gmt":"2018-02-06T20:15:34","guid":{"rendered":"http:\/\/www.lospoliticosveracruz.com.mx\/?p=39641"},"modified":"2018-02-06T14:15:34","modified_gmt":"2018-02-06T20:15:34","slug":"como-superar-las-rupturas-amorosas-o-politicas","status":"publish","type":"post","link":"https:\/\/lospoliticosveracruz.com\/?p=39641","title":{"rendered":"\u00bfC\u00f3mo superar las rupturas amorosas o pol\u00edticas?"},"content":{"rendered":"<p><strong>Ang\u00e9lica Cristiani Mantilla<\/strong><\/p>\n<p><em>La Xalapita<\/em><br \/>\nLa herida m\u00e1s profunda que me dej\u00f3 la adolescencia fue la inseguridad y la baja autoestima, mi cuerpo siempre fue flacucho, demasiado pelo en mi piel, la desproporci\u00f3n de mi enorme boca y la grasa en mi rostro fueron malas compa\u00f1\u00edas. Y que decir de mi p\u00e9sima pronunciaci\u00f3n del ingl\u00e9s, mi mala memoria para retener datos curiosos, mi falta de talento a la hora de tocar un instrumento musical, ay amigos, ligar con esas consignas encima no era cosa f\u00e1cil, ya no digamos ligar, \u00a1vivir! me dediqu\u00e9 a sobrevivir.<\/p>\n<p>Mi primer gran amor lo conoc\u00ed en un concierto de Pante\u00f3n Rococ\u00f3, en medio del slam, entre golpes y empujones apareci\u00f3, ba\u00f1ado en sudor, su pelo rizado y largo golpe\u00f3 mi cara, su sonrisa me hipnotiz\u00f3, ten\u00eda un reminiscente espa\u00f1ol en su acento, su caminar era elegante y cauteloso similar al de un gato, su rostro era rosadito y terso, al acercarse tartamude\u00e9, los pr\u00f3ximos tres d\u00edas fantase\u00e9 con \u00e9l, lo \u00fanico que sab\u00eda era su nombre y que lo quer\u00eda volver a ver.<\/p>\n<p>\u00bfC\u00f3mo podr\u00eda conquistar el coraz\u00f3n de ese chico siendo yo tan insegura? Pues \u00bfqu\u00e9 creen?, esta flacucha lo hab\u00eda flechado, una tarde de enero, de esas borrosas de neblina, mi nokia de lamparita son\u00f3, al contestar no reconoc\u00ed su voz, porque ni siquiera la conoc\u00eda, el chico de mis fantas\u00edas me estaba invitando a jugar billar, es la vez que m\u00e1s cercana me he sentido de ganar la loter\u00eda. Una semana despu\u00e9s, me estaba pidiendo que fuera su novia. Seis meses despu\u00e9s est\u00e1bamos terminando porque me puso los cuernos con mi mejor amiga.<\/p>\n<p>Sin dudarlo, hubiera cambiado las clases de qu\u00edmica y de derivadas por alguna clase de manejo de la frustraci\u00f3n, sigo creyendo que perd\u00ed horas de mi vida aprendi\u00e9ndome la Tabla Peri\u00f3dica de los Elementos y resolviendo los problemas de \u00e1lgebra del libro de Baldor, cuando ten\u00eda por resolver tantos problemas emocionales que mi primer fracaso amoroso me hab\u00eda dejado.<\/p>\n<p>Los a\u00f1os pasaron, aprob\u00e9 matem\u00e1ticas y qu\u00edmica; los amores pasaron, reprob\u00e9 varias veces, otras desert\u00e9. Y es que cuando de amor se trata, no importa cu\u00e1ntos grados acad\u00e9micos tengas, las traiciones hieren, desarticulan y te arrebatan la confianza. \u00bfAlguien sabe qu\u00e9 programa acad\u00e9mico hay que cursar para no amar a lo pendejo a pendejos?<\/p>\n<p>As\u00ed como a Vicente Fern\u00e1ndez hablando de mujeres y traiciones se le fueron consumiendo las botellas, a la mayor\u00eda de los mexicanos se nos han consumido las ilusiones hablando de pol\u00edtica y traiciones. \u00bfc\u00f3mo le hablas de justicia a la familia de Jos\u00e9 Luis Burela L\u00f3pez si la mujer que le arrebat\u00f3 la vida ahora es diputada de la LXIV Legislatura del H. Congreso de Veracruz, vocal de la Comisi\u00f3n de Procuraci\u00f3n de Justicia y la presidenta de la Comisi\u00f3n Especial para Respetar y Garantizar el Derecho a la Verdad a la Sociedad Veracruzana, por la problem\u00e1tica de Personas Desaparecidas, Ataques y Homicidios a Periodistas?<\/p>\n<p>Mi pelo ya pinta algunas canas, le suplico compa\u00f1era que no hable en mi presencia de las damas, usted que fue Directora en el Instituto Municipal de las Mujeres de Boca del R\u00edo, no le queda agredir a sus compa\u00f1eras de curul. No se puede ser cantinero y borracho, no se puede ser v\u00edctima y victimario. Mujeres, oh mujeres tan divinas, no queda otro camino m\u00e1s que impulsarlas.<\/p>\n<p>El proceso electoral es como el enamoramiento, los candidatos muestran su mejor versi\u00f3n con el fin de ilusionarnos y crear fantas\u00edas de felicidad, pero cuidado amigos porque el amor atonta, causa euforia, ciega. Es momento de superar nuestras rupturas gubernamentales. \u00bfC\u00f3mo prevenirnos de decepciones pol\u00edticas?<\/p>\n<p>Reconocer nuestra val\u00eda como ciudadanos podr\u00eda ser el primer paso, recuperar nuestra autoestima electoral nos llevar\u00e1 a tomar mejores decisiones, un examen minucioso de nuestro desempe\u00f1o social nos concientizar\u00e1 de los gobernantes que queremos que nos seduzcan, dejemos de ser v\u00edctimas de discursos baratos.<\/p>\n<p>Y es que d\u00edgame usted, \u00bfno es cierto que siempre nos reponemos al mal de amores? al tiempo, agradeces la mala experiencia, porque una vez trascendido, ya no es f\u00e1cil tropezar con la misma piedra, de pronto un d\u00eda, te vuelves a encontrar abriendo el coraz\u00f3n a un nuevo amor o a un nuevo candidato, pensando que esta vez si te ganaste la loter\u00eda, lo importante es saber c\u00f3mo disfrutarla.<\/p>\n","protected":false},"excerpt":{"rendered":"<p>Ang\u00e9lica Cristiani Mantilla La Xalapita La herida m\u00e1s profunda que me dej\u00f3 la adolescencia fue la inseguridad y la baja autoestima, mi cuerpo siempre fue flacucho, demasiado pelo en mi piel, la desproporci\u00f3n de mi enorme boca y la grasa en mi rostro fueron malas compa\u00f1\u00edas. Y que decir de mi p\u00e9sima pronunciaci\u00f3n del ingl\u00e9s, [&hellip;]<\/p>\n","protected":false},"author":2,"featured_media":0,"comment_status":"open","ping_status":"open","sticky":false,"template":"","format":"standard","meta":{"tdm_status":"","tdm_grid_status":"","footnotes":""},"categories":[70],"tags":[450,196,10858],"class_list":{"0":"post-39641","1":"post","2":"type-post","3":"status-publish","4":"format-standard","6":"category-de-opinion","7":"tag-candidato","8":"tag-inseguridad","9":"tag-jose-luis-burela-lopez"},"yoast_head":"<!-- This site is optimized with the Yoast SEO plugin v27.4 - https:\/\/yoast.com\/product\/yoast-seo-wordpress\/ -->\n<title>\u00bfC\u00f3mo superar las rupturas amorosas o pol\u00edticas? - Los pol\u00edticos Veracruz<\/title>\n<meta name=\"robots\" content=\"index, follow, max-snippet:-1, max-image-preview:large, max-video-preview:-1\" \/>\n<link rel=\"canonical\" href=\"https:\/\/lospoliticosveracruz.com\/?p=39641\" \/>\n<meta property=\"og:locale\" content=\"es_ES\" \/>\n<meta property=\"og:type\" content=\"article\" \/>\n<meta property=\"og:title\" content=\"\u00bfC\u00f3mo superar las rupturas amorosas o pol\u00edticas? - Los pol\u00edticos Veracruz\" \/>\n<meta property=\"og:description\" content=\"Ang\u00e9lica Cristiani Mantilla La Xalapita La herida m\u00e1s profunda que me dej\u00f3 la adolescencia fue la inseguridad y la baja autoestima, mi cuerpo siempre fue flacucho, demasiado pelo en mi piel, la desproporci\u00f3n de mi enorme boca y la grasa en mi rostro fueron malas compa\u00f1\u00edas. Y que decir de mi p\u00e9sima pronunciaci\u00f3n del ingl\u00e9s, [&hellip;]\" \/>\n<meta property=\"og:url\" content=\"https:\/\/lospoliticosveracruz.com\/?p=39641\" \/>\n<meta property=\"og:site_name\" content=\"Los pol\u00edticos Veracruz\" \/>\n<meta property=\"article:publisher\" content=\"https:\/\/www.facebook.com\/people\/Notimemes-de-los-Polticos\/61565672886568\/\" \/>\n<meta property=\"article:published_time\" content=\"2018-02-06T20:15:34+00:00\" \/>\n<meta property=\"og:image\" content=\"https:\/\/lospoliticosveracruz.com\/wp-content\/uploads\/2016\/07\/Logo-Dor.jpg\" \/>\n\t<meta property=\"og:image:width\" content=\"200\" \/>\n\t<meta property=\"og:image:height\" content=\"200\" \/>\n\t<meta property=\"og:image:type\" content=\"image\/jpeg\" \/>\n<meta name=\"author\" content=\"Lo viste en Los Pol\u00edticos\" \/>\n<meta name=\"twitter:card\" content=\"summary_large_image\" \/>\n<meta name=\"twitter:creator\" content=\"@LosPoliticosVer\" \/>\n<meta name=\"twitter:site\" content=\"@LosPoliticosVer\" \/>\n<meta name=\"twitter:label1\" content=\"Escrito por\" \/>\n\t<meta name=\"twitter:data1\" content=\"Lo viste en Los Pol\u00edticos\" \/>\n\t<meta name=\"twitter:label2\" content=\"Tiempo de lectura\" \/>\n\t<meta name=\"twitter:data2\" content=\"4 minutos\" \/>\n<script type=\"application\/ld+json\" class=\"yoast-schema-graph\">{\"@context\":\"https:\\\/\\\/schema.org\",\"@graph\":[{\"@type\":\"Article\",\"@id\":\"https:\\\/\\\/lospoliticosveracruz.com\\\/?p=39641#article\",\"isPartOf\":{\"@id\":\"https:\\\/\\\/lospoliticosveracruz.com\\\/?p=39641\"},\"author\":{\"name\":\"Lo viste en Los Pol\u00edticos\",\"@id\":\"https:\\\/\\\/lospoliticosveracruz.com\\\/#\\\/schema\\\/person\\\/b8702bb0e538456e6efd07080bf2a4a2\"},\"headline\":\"\u00bfC\u00f3mo superar las rupturas amorosas o pol\u00edticas?\",\"datePublished\":\"2018-02-06T20:15:34+00:00\",\"mainEntityOfPage\":{\"@id\":\"https:\\\/\\\/lospoliticosveracruz.com\\\/?p=39641\"},\"wordCount\":792,\"commentCount\":0,\"publisher\":{\"@id\":\"https:\\\/\\\/lospoliticosveracruz.com\\\/#organization\"},\"keywords\":[\"candidato\",\"inseguridad\",\"Jos\u00e9 Luis Burela L\u00f3pez\"],\"articleSection\":[\"De Opini\u00f3n\"],\"inLanguage\":\"es\",\"potentialAction\":[{\"@type\":\"CommentAction\",\"name\":\"Comment\",\"target\":[\"https:\\\/\\\/lospoliticosveracruz.com\\\/?p=39641#respond\"]}]},{\"@type\":\"WebPage\",\"@id\":\"https:\\\/\\\/lospoliticosveracruz.com\\\/?p=39641\",\"url\":\"https:\\\/\\\/lospoliticosveracruz.com\\\/?p=39641\",\"name\":\"\u00bfC\u00f3mo superar las rupturas amorosas o pol\u00edticas? - Los pol\u00edticos Veracruz\",\"isPartOf\":{\"@id\":\"https:\\\/\\\/lospoliticosveracruz.com\\\/#website\"},\"datePublished\":\"2018-02-06T20:15:34+00:00\",\"breadcrumb\":{\"@id\":\"https:\\\/\\\/lospoliticosveracruz.com\\\/?p=39641#breadcrumb\"},\"inLanguage\":\"es\",\"potentialAction\":[{\"@type\":\"ReadAction\",\"target\":[\"https:\\\/\\\/lospoliticosveracruz.com\\\/?p=39641\"]}]},{\"@type\":\"BreadcrumbList\",\"@id\":\"https:\\\/\\\/lospoliticosveracruz.com\\\/?p=39641#breadcrumb\",\"itemListElement\":[{\"@type\":\"ListItem\",\"position\":1,\"name\":\"Portada\",\"item\":\"https:\\\/\\\/lospoliticosveracruz.com\\\/\"},{\"@type\":\"ListItem\",\"position\":2,\"name\":\"\u00bfC\u00f3mo superar las rupturas amorosas o pol\u00edticas?\"}]},{\"@type\":\"WebSite\",\"@id\":\"https:\\\/\\\/lospoliticosveracruz.com\\\/#website\",\"url\":\"https:\\\/\\\/lospoliticosveracruz.com\\\/\",\"name\":\"Los pol\u00edticos Veracruz\",\"description\":\"\",\"publisher\":{\"@id\":\"https:\\\/\\\/lospoliticosveracruz.com\\\/#organization\"},\"potentialAction\":[{\"@type\":\"SearchAction\",\"target\":{\"@type\":\"EntryPoint\",\"urlTemplate\":\"https:\\\/\\\/lospoliticosveracruz.com\\\/?s={search_term_string}\"},\"query-input\":{\"@type\":\"PropertyValueSpecification\",\"valueRequired\":true,\"valueName\":\"search_term_string\"}}],\"inLanguage\":\"es\"},{\"@type\":\"Organization\",\"@id\":\"https:\\\/\\\/lospoliticosveracruz.com\\\/#organization\",\"name\":\"Los pol\u00edticos Veracruz\",\"url\":\"https:\\\/\\\/lospoliticosveracruz.com\\\/\",\"logo\":{\"@type\":\"ImageObject\",\"inLanguage\":\"es\",\"@id\":\"https:\\\/\\\/lospoliticosveracruz.com\\\/#\\\/schema\\\/logo\\\/image\\\/\",\"url\":\"https:\\\/\\\/lospoliticosveracruz.com\\\/wp-content\\\/uploads\\\/2025\\\/12\\\/Logo-Nuevo-LOS-POLITICOS-1.jpg\",\"contentUrl\":\"https:\\\/\\\/lospoliticosveracruz.com\\\/wp-content\\\/uploads\\\/2025\\\/12\\\/Logo-Nuevo-LOS-POLITICOS-1.jpg\",\"width\":260,\"height\":70,\"caption\":\"Los pol\u00edticos Veracruz\"},\"image\":{\"@id\":\"https:\\\/\\\/lospoliticosveracruz.com\\\/#\\\/schema\\\/logo\\\/image\\\/\"},\"sameAs\":[\"https:\\\/\\\/www.facebook.com\\\/people\\\/Notimemes-de-los-Polticos\\\/61565672886568\\\/\",\"https:\\\/\\\/x.com\\\/LosPoliticosVer\"]},{\"@type\":\"Person\",\"@id\":\"https:\\\/\\\/lospoliticosveracruz.com\\\/#\\\/schema\\\/person\\\/b8702bb0e538456e6efd07080bf2a4a2\",\"name\":\"Lo viste en Los Pol\u00edticos\",\"image\":{\"@type\":\"ImageObject\",\"inLanguage\":\"es\",\"@id\":\"https:\\\/\\\/secure.gravatar.com\\\/avatar\\\/3a8de04a2656d44082be478bd6c086daa447c4651605818287b9532d3d0bd435?s=96&d=mm&r=g\",\"url\":\"https:\\\/\\\/secure.gravatar.com\\\/avatar\\\/3a8de04a2656d44082be478bd6c086daa447c4651605818287b9532d3d0bd435?s=96&d=mm&r=g\",\"contentUrl\":\"https:\\\/\\\/secure.gravatar.com\\\/avatar\\\/3a8de04a2656d44082be478bd6c086daa447c4651605818287b9532d3d0bd435?s=96&d=mm&r=g\",\"caption\":\"Lo viste en Los Pol\u00edticos\"},\"url\":\"https:\\\/\\\/lospoliticosveracruz.com\\\/?author=2\"}]}<\/script>\n<!-- \/ Yoast SEO plugin. -->","yoast_head_json":{"title":"\u00bfC\u00f3mo superar las rupturas amorosas o pol\u00edticas? - Los pol\u00edticos Veracruz","robots":{"index":"index","follow":"follow","max-snippet":"max-snippet:-1","max-image-preview":"max-image-preview:large","max-video-preview":"max-video-preview:-1"},"canonical":"https:\/\/lospoliticosveracruz.com\/?p=39641","og_locale":"es_ES","og_type":"article","og_title":"\u00bfC\u00f3mo superar las rupturas amorosas o pol\u00edticas? - Los pol\u00edticos Veracruz","og_description":"Ang\u00e9lica Cristiani Mantilla La Xalapita La herida m\u00e1s profunda que me dej\u00f3 la adolescencia fue la inseguridad y la baja autoestima, mi cuerpo siempre fue flacucho, demasiado pelo en mi piel, la desproporci\u00f3n de mi enorme boca y la grasa en mi rostro fueron malas compa\u00f1\u00edas. Y que decir de mi p\u00e9sima pronunciaci\u00f3n del ingl\u00e9s, [&hellip;]","og_url":"https:\/\/lospoliticosveracruz.com\/?p=39641","og_site_name":"Los pol\u00edticos Veracruz","article_publisher":"https:\/\/www.facebook.com\/people\/Notimemes-de-los-Polticos\/61565672886568\/","article_published_time":"2018-02-06T20:15:34+00:00","og_image":[{"width":200,"height":200,"url":"https:\/\/lospoliticosveracruz.com\/wp-content\/uploads\/2016\/07\/Logo-Dor.jpg","type":"image\/jpeg"}],"author":"Lo viste en Los Pol\u00edticos","twitter_card":"summary_large_image","twitter_creator":"@LosPoliticosVer","twitter_site":"@LosPoliticosVer","twitter_misc":{"Escrito por":"Lo viste en Los Pol\u00edticos","Tiempo de lectura":"4 minutos"},"schema":{"@context":"https:\/\/schema.org","@graph":[{"@type":"Article","@id":"https:\/\/lospoliticosveracruz.com\/?p=39641#article","isPartOf":{"@id":"https:\/\/lospoliticosveracruz.com\/?p=39641"},"author":{"name":"Lo viste en Los Pol\u00edticos","@id":"https:\/\/lospoliticosveracruz.com\/#\/schema\/person\/b8702bb0e538456e6efd07080bf2a4a2"},"headline":"\u00bfC\u00f3mo superar las rupturas amorosas o pol\u00edticas?","datePublished":"2018-02-06T20:15:34+00:00","mainEntityOfPage":{"@id":"https:\/\/lospoliticosveracruz.com\/?p=39641"},"wordCount":792,"commentCount":0,"publisher":{"@id":"https:\/\/lospoliticosveracruz.com\/#organization"},"keywords":["candidato","inseguridad","Jos\u00e9 Luis Burela L\u00f3pez"],"articleSection":["De Opini\u00f3n"],"inLanguage":"es","potentialAction":[{"@type":"CommentAction","name":"Comment","target":["https:\/\/lospoliticosveracruz.com\/?p=39641#respond"]}]},{"@type":"WebPage","@id":"https:\/\/lospoliticosveracruz.com\/?p=39641","url":"https:\/\/lospoliticosveracruz.com\/?p=39641","name":"\u00bfC\u00f3mo superar las rupturas amorosas o pol\u00edticas? - Los pol\u00edticos Veracruz","isPartOf":{"@id":"https:\/\/lospoliticosveracruz.com\/#website"},"datePublished":"2018-02-06T20:15:34+00:00","breadcrumb":{"@id":"https:\/\/lospoliticosveracruz.com\/?p=39641#breadcrumb"},"inLanguage":"es","potentialAction":[{"@type":"ReadAction","target":["https:\/\/lospoliticosveracruz.com\/?p=39641"]}]},{"@type":"BreadcrumbList","@id":"https:\/\/lospoliticosveracruz.com\/?p=39641#breadcrumb","itemListElement":[{"@type":"ListItem","position":1,"name":"Portada","item":"https:\/\/lospoliticosveracruz.com\/"},{"@type":"ListItem","position":2,"name":"\u00bfC\u00f3mo superar las rupturas amorosas o pol\u00edticas?"}]},{"@type":"WebSite","@id":"https:\/\/lospoliticosveracruz.com\/#website","url":"https:\/\/lospoliticosveracruz.com\/","name":"Los pol\u00edticos Veracruz","description":"","publisher":{"@id":"https:\/\/lospoliticosveracruz.com\/#organization"},"potentialAction":[{"@type":"SearchAction","target":{"@type":"EntryPoint","urlTemplate":"https:\/\/lospoliticosveracruz.com\/?s={search_term_string}"},"query-input":{"@type":"PropertyValueSpecification","valueRequired":true,"valueName":"search_term_string"}}],"inLanguage":"es"},{"@type":"Organization","@id":"https:\/\/lospoliticosveracruz.com\/#organization","name":"Los pol\u00edticos Veracruz","url":"https:\/\/lospoliticosveracruz.com\/","logo":{"@type":"ImageObject","inLanguage":"es","@id":"https:\/\/lospoliticosveracruz.com\/#\/schema\/logo\/image\/","url":"https:\/\/lospoliticosveracruz.com\/wp-content\/uploads\/2025\/12\/Logo-Nuevo-LOS-POLITICOS-1.jpg","contentUrl":"https:\/\/lospoliticosveracruz.com\/wp-content\/uploads\/2025\/12\/Logo-Nuevo-LOS-POLITICOS-1.jpg","width":260,"height":70,"caption":"Los pol\u00edticos Veracruz"},"image":{"@id":"https:\/\/lospoliticosveracruz.com\/#\/schema\/logo\/image\/"},"sameAs":["https:\/\/www.facebook.com\/people\/Notimemes-de-los-Polticos\/61565672886568\/","https:\/\/x.com\/LosPoliticosVer"]},{"@type":"Person","@id":"https:\/\/lospoliticosveracruz.com\/#\/schema\/person\/b8702bb0e538456e6efd07080bf2a4a2","name":"Lo viste en Los Pol\u00edticos","image":{"@type":"ImageObject","inLanguage":"es","@id":"https:\/\/secure.gravatar.com\/avatar\/3a8de04a2656d44082be478bd6c086daa447c4651605818287b9532d3d0bd435?s=96&d=mm&r=g","url":"https:\/\/secure.gravatar.com\/avatar\/3a8de04a2656d44082be478bd6c086daa447c4651605818287b9532d3d0bd435?s=96&d=mm&r=g","contentUrl":"https:\/\/secure.gravatar.com\/avatar\/3a8de04a2656d44082be478bd6c086daa447c4651605818287b9532d3d0bd435?s=96&d=mm&r=g","caption":"Lo viste en Los Pol\u00edticos"},"url":"https:\/\/lospoliticosveracruz.com\/?author=2"}]}},"_links":{"self":[{"href":"https:\/\/lospoliticosveracruz.com\/index.php?rest_route=\/wp\/v2\/posts\/39641","targetHints":{"allow":["GET"]}}],"collection":[{"href":"https:\/\/lospoliticosveracruz.com\/index.php?rest_route=\/wp\/v2\/posts"}],"about":[{"href":"https:\/\/lospoliticosveracruz.com\/index.php?rest_route=\/wp\/v2\/types\/post"}],"author":[{"embeddable":true,"href":"https:\/\/lospoliticosveracruz.com\/index.php?rest_route=\/wp\/v2\/users\/2"}],"replies":[{"embeddable":true,"href":"https:\/\/lospoliticosveracruz.com\/index.php?rest_route=%2Fwp%2Fv2%2Fcomments&post=39641"}],"version-history":[{"count":1,"href":"https:\/\/lospoliticosveracruz.com\/index.php?rest_route=\/wp\/v2\/posts\/39641\/revisions"}],"predecessor-version":[{"id":39642,"href":"https:\/\/lospoliticosveracruz.com\/index.php?rest_route=\/wp\/v2\/posts\/39641\/revisions\/39642"}],"wp:attachment":[{"href":"https:\/\/lospoliticosveracruz.com\/index.php?rest_route=%2Fwp%2Fv2%2Fmedia&parent=39641"}],"wp:term":[{"taxonomy":"category","embeddable":true,"href":"https:\/\/lospoliticosveracruz.com\/index.php?rest_route=%2Fwp%2Fv2%2Fcategories&post=39641"},{"taxonomy":"post_tag","embeddable":true,"href":"https:\/\/lospoliticosveracruz.com\/index.php?rest_route=%2Fwp%2Fv2%2Ftags&post=39641"}],"curies":[{"name":"wp","href":"https:\/\/api.w.org\/{rel}","templated":true}]}}