{"id":39666,"date":"2018-02-07T10:04:47","date_gmt":"2018-02-07T16:04:47","guid":{"rendered":"http:\/\/www.lospoliticosveracruz.com.mx\/?p=39666"},"modified":"2018-02-07T10:04:47","modified_gmt":"2018-02-07T16:04:47","slug":"reeleccion-finalmente-no-era-broma","status":"publish","type":"post","link":"https:\/\/lospoliticosveracruz.com\/?p=39666","title":{"rendered":"Reelecci\u00f3n, finalmente no era broma"},"content":{"rendered":"<p class=\"x_m_-3416006794152929306x_Standard\" style=\"text-align: left;\" align=\"center\"><strong>Ricardo V\u00e1zquez S.<\/strong><\/p>\n<p class=\"x_m_-3416006794152929306x_Standard\" style=\"text-align: left;\" align=\"center\"><em>Esfera Pol\u00edtica<\/em><\/p>\n<p class=\"x_m_-3416006794152929306x_Textbody\" align=\"center\">\n<p class=\"x_m_-3416006794152929306x_Textbody\" align=\"center\"><b><\/b><b><span lang=\"ES-MX\">\u00a0<\/span><\/b><\/p>\n<p class=\"x_m_-3416006794152929306x_MsoNormal\"><span lang=\"ES-MX\">La ca\u00edda en la bolsa de Wall Street fue tan fuerte como el derrumbe de credibilidad del electorado mexicano en los aspirantes a un cargo p\u00fablico, con la enorme diferencia que el desplome burs\u00e1til norteamericano se va a recuperar a la brevedad, pero la confianza en la clase pol\u00edtica por parte de la poblaci\u00f3n de este lado del r\u00edo Bravo sigue en picada, no hay nada que la detenga.<\/span><\/p>\n<p class=\"x_m_-3416006794152929306x_MsoNormal\"><span lang=\"ES-MX\">Lo anterior se interpretar\u00eda como un reflejo que hoy m\u00e1s que nunca las famosas encuestas est\u00e1n \u00a0alejadas de la realidad, por el hecho de que m\u00e1s de la mitad de los ciudadanos encuestados rechazan responder a los cuestionamientos, lo que posiblemente dar\u00eda lugar a sorpresas, a que los resultados que dar\u00e1 a conocer el INE la noche del primero de julio sean completamente distintos a los que estuvieron dando las empresas encuestadoras. Puede suceder. \u00a0<\/span><\/p>\n<p class=\"x_m_-3416006794152929306x_MsoNormal\"><span lang=\"ES-MX\">\u00a0Ahora resulta que el blindaje del sistema digital del INE es m\u00e1s seguro que el del mismo Pent\u00e1gono. La ingenuidad del presidente consejero del INE, Lorenzo C\u00f3rdova Vianello, no tiene l\u00edmite. El \u00e1rbitro electoral invita a Facebook a colaborar en el proceso electoral y lo compromete para evitar que circule \u201cfake news\u201d y contenido de baja calidad. Lo que tal vez no sabe C\u00f3rdova es que el encarguito no est\u00e1 nada f\u00e1cil y es poco o nada conveniente para la empresa, porque si algo circula en el \u201cfeis\u201d y conforma el mayor peso en el contenido, es precisamente lo que \u00e9l pide se elimine: mentiras y basura.<\/span><\/p>\n<p class=\"x_m_-3416006794152929306x_MsoNormal\"><span lang=\"ES-MX\">M\u00e1s de 45 mil millones de pesos est\u00e1n costando las elecciones de este a\u00f1o. La democracia en nuestro pa\u00eds es de las m\u00e1s caras en el mundo. Y de las m\u00e1s agraviadas. \u00a0<\/span><\/p>\n<p class=\"x_m_-3416006794152929306x_MsoNormal\"><span lang=\"ES-MX\">Una vez resuelto el \u201ccorralazo\u201d de Chihuahua, los de la Conferencia Nacional de Gobernadores, la Conago, vuelven a sacar la cabeza. Calladitos se vieron m\u00e1s bonitos. El gobernador de esa entidad, Javier Corral, amenazaba ejercer mayor presi\u00f3n con hacer una huelga de hambre, como la que hizo Javier Duarte de Ochoa. Finalmente Corral logr\u00f3 120 millones de pesos m\u00e1s de lo que ped\u00eda. El ex gobernador chihuahuense Cesar Duarte denunci\u00f3 por medio de sus abogados ante la Fepade al actual mandatario Corral, por una presunta campa\u00f1a de desprestigio en su contra y por el desv\u00edo de recursos p\u00fablicos. Algo parecido a la reacci\u00f3n de Javier Duarte. Solamente en M\u00e9xico se ven estas cosas.\u00a0\u00a0<\/span><\/p>\n<p class=\"x_m_-3416006794152929306x_MsoNormal\"><span lang=\"ES-MX\">Muchos se preguntan: \u00bfen qu\u00e9 momento se perdi\u00f3 la Conago? \u00bfCu\u00e1l es su objetivo en la actualidad aparte de reunirse para la foto? Con Arturo N\u00fa\u00f1ez de presidente de esa agrupaci\u00f3n, gobernador de Tabasco, una de las entidades ca\u00f3ticas en materia de seguridad. \u00a0\u00a0\u00a0\u00a0\u00a0\u00a0<\/span><\/p>\n<p class=\"x_m_-3416006794152929306x_MsoNormal\"><span lang=\"ES-MX\">Comentamos en alguna ocasi\u00f3n en esta columna, si aspirar a la reelecci\u00f3n \u00bfera una broma? Definitivamente ya se aclar\u00f3 que no es un sarcasmo, que va en serio, aunque carente de seriedad. Cuando se pensaba que de lo que se trataba era fortalecer la democracia, las modificaciones a la Constituci\u00f3n indican lo contrario.<\/span><\/p>\n<p class=\"x_m_-3416006794152929306x_MsoNormal\"><span lang=\"ES-MX\">La ausencia de una evaluaci\u00f3n del desempe\u00f1o de cada legislador, local o federal, es ventajoso para los actores pol\u00edticos en nuestro pa\u00eds. No hay una valoraci\u00f3n de si trabajaron o no; si fueron eficientes o no lo fueron; si en realidad desempe\u00f1aron su papel parlamentario o simplemente fueron gestores de recursos y apoyos; o si de plano no hicieron absolutamente nada en beneficio de sus \u201crepresentados\u201d.\u00a0<\/span><\/p>\n<p class=\"x_m_-3416006794152929306x_MsoNormal\"><span lang=\"ES-MX\">No hay instancia alguna en lo absoluto que exija a los legisladores resultados de su funci\u00f3n. Menos hay quien les exija cuentas de lo que gastan con cargo al erario. El turismo legislativo y todo tipo de dispendio de recursos p\u00fablicos son bastante bien aprovechados. \u00a0\u00a0\u00a0\u00a0\u00a0\u00a0<\/span><\/p>\n<p class=\"x_m_-3416006794152929306x_MsoNormal\"><span lang=\"ES-MX\">De los que piensan reelegirse, o de los le tiran a una curul de mayor cotizaci\u00f3n, \u00bfhabr\u00e1 uno o varios que nunca hayan presentado una sola iniciativa? \u00a0<\/span><\/p>\n<p class=\"x_m_-3416006794152929306x_MsoNormal\"><span lang=\"ES-MX\">Para colmo de males se complacen con la Ley: los diputados locales no tienen que separarse de su cargo para buscar la reelecci\u00f3n, toda vez que no manejan ni aplican recursos p\u00fablicos para obras y acciones. Pueden seguir \u201clegislando\u201d y solicitado el voto de confianza a los ciudadanos.<\/span><\/p>\n<p class=\"x_m_-3416006794152929306x_MsoNormal\"><span lang=\"ES-MX\">\u00a1Cu\u00e1l sufrir si no hay dolor!<\/span><\/p>\n<p><a href=\"mailto:rvazquez002@yahoo.com.mx\" target=\"_blank\" rel=\"noopener noreferrer\"><span lang=\"ES-MX\">rvazquez002@yahoo.com.mx<\/span><\/a><\/p>\n","protected":false},"excerpt":{"rendered":"<p>Ricardo V\u00e1zquez S. Esfera Pol\u00edtica \u00a0 La ca\u00edda en la bolsa de Wall Street fue tan fuerte como el derrumbe de credibilidad del electorado mexicano en los aspirantes a un cargo p\u00fablico, con la enorme diferencia que el desplome burs\u00e1til norteamericano se va a recuperar a la brevedad, pero la confianza en la clase pol\u00edtica [&hellip;]<\/p>\n","protected":false},"author":2,"featured_media":0,"comment_status":"open","ping_status":"open","sticky":false,"template":"","format":"standard","meta":{"tdm_status":"","tdm_grid_status":"","footnotes":""},"categories":[70],"tags":[5811,242,8714,3086,2717,10862],"class_list":{"0":"post-39666","1":"post","2":"type-post","3":"status-publish","4":"format-standard","6":"category-de-opinion","7":"tag-cesar-duarte","8":"tag-facebook","9":"tag-fake-news","10":"tag-javier-corral","11":"tag-lorenzo-cordova-vianello","12":"tag-reelecciones"},"yoast_head":"<!-- This site is optimized with the Yoast SEO plugin v27.4 - https:\/\/yoast.com\/product\/yoast-seo-wordpress\/ -->\n<title>Reelecci\u00f3n, finalmente no era broma - Los pol\u00edticos Veracruz<\/title>\n<meta name=\"robots\" content=\"index, follow, max-snippet:-1, max-image-preview:large, max-video-preview:-1\" \/>\n<link rel=\"canonical\" href=\"https:\/\/lospoliticosveracruz.com\/?p=39666\" \/>\n<meta property=\"og:locale\" content=\"es_ES\" \/>\n<meta property=\"og:type\" content=\"article\" \/>\n<meta property=\"og:title\" content=\"Reelecci\u00f3n, finalmente no era broma - Los pol\u00edticos Veracruz\" \/>\n<meta property=\"og:description\" content=\"Ricardo V\u00e1zquez S. Esfera Pol\u00edtica \u00a0 La ca\u00edda en la bolsa de Wall Street fue tan fuerte como el derrumbe de credibilidad del electorado mexicano en los aspirantes a un cargo p\u00fablico, con la enorme diferencia que el desplome burs\u00e1til norteamericano se va a recuperar a la brevedad, pero la confianza en la clase pol\u00edtica [&hellip;]\" \/>\n<meta property=\"og:url\" content=\"https:\/\/lospoliticosveracruz.com\/?p=39666\" \/>\n<meta property=\"og:site_name\" content=\"Los pol\u00edticos Veracruz\" \/>\n<meta property=\"article:publisher\" content=\"https:\/\/www.facebook.com\/people\/Notimemes-de-los-Polticos\/61565672886568\/\" \/>\n<meta property=\"article:published_time\" content=\"2018-02-07T16:04:47+00:00\" \/>\n<meta property=\"og:image\" content=\"https:\/\/lospoliticosveracruz.com\/wp-content\/uploads\/2016\/07\/Logo-Dor.jpg\" \/>\n\t<meta property=\"og:image:width\" content=\"200\" \/>\n\t<meta property=\"og:image:height\" content=\"200\" \/>\n\t<meta property=\"og:image:type\" content=\"image\/jpeg\" \/>\n<meta name=\"author\" content=\"Lo viste en Los Pol\u00edticos\" \/>\n<meta name=\"twitter:card\" content=\"summary_large_image\" \/>\n<meta name=\"twitter:creator\" content=\"@LosPoliticosVer\" \/>\n<meta name=\"twitter:site\" content=\"@LosPoliticosVer\" \/>\n<meta name=\"twitter:label1\" content=\"Escrito por\" \/>\n\t<meta name=\"twitter:data1\" content=\"Lo viste en Los Pol\u00edticos\" \/>\n\t<meta name=\"twitter:label2\" content=\"Tiempo de lectura\" \/>\n\t<meta name=\"twitter:data2\" content=\"4 minutos\" \/>\n<script type=\"application\/ld+json\" class=\"yoast-schema-graph\">{\"@context\":\"https:\\\/\\\/schema.org\",\"@graph\":[{\"@type\":\"Article\",\"@id\":\"https:\\\/\\\/lospoliticosveracruz.com\\\/?p=39666#article\",\"isPartOf\":{\"@id\":\"https:\\\/\\\/lospoliticosveracruz.com\\\/?p=39666\"},\"author\":{\"name\":\"Lo viste en Los Pol\u00edticos\",\"@id\":\"https:\\\/\\\/lospoliticosveracruz.com\\\/#\\\/schema\\\/person\\\/b8702bb0e538456e6efd07080bf2a4a2\"},\"headline\":\"Reelecci\u00f3n, finalmente no era broma\",\"datePublished\":\"2018-02-07T16:04:47+00:00\",\"mainEntityOfPage\":{\"@id\":\"https:\\\/\\\/lospoliticosveracruz.com\\\/?p=39666\"},\"wordCount\":749,\"commentCount\":0,\"publisher\":{\"@id\":\"https:\\\/\\\/lospoliticosveracruz.com\\\/#organization\"},\"keywords\":[\"C\u00e9sar Duarte\",\"facebook\",\"Fake News\",\"Javier Corral\",\"Lorenzo C\u00f3rdova Vianello\",\"Reelecciones\"],\"articleSection\":[\"De Opini\u00f3n\"],\"inLanguage\":\"es\",\"potentialAction\":[{\"@type\":\"CommentAction\",\"name\":\"Comment\",\"target\":[\"https:\\\/\\\/lospoliticosveracruz.com\\\/?p=39666#respond\"]}]},{\"@type\":\"WebPage\",\"@id\":\"https:\\\/\\\/lospoliticosveracruz.com\\\/?p=39666\",\"url\":\"https:\\\/\\\/lospoliticosveracruz.com\\\/?p=39666\",\"name\":\"Reelecci\u00f3n, finalmente no era broma - Los pol\u00edticos Veracruz\",\"isPartOf\":{\"@id\":\"https:\\\/\\\/lospoliticosveracruz.com\\\/#website\"},\"datePublished\":\"2018-02-07T16:04:47+00:00\",\"breadcrumb\":{\"@id\":\"https:\\\/\\\/lospoliticosveracruz.com\\\/?p=39666#breadcrumb\"},\"inLanguage\":\"es\",\"potentialAction\":[{\"@type\":\"ReadAction\",\"target\":[\"https:\\\/\\\/lospoliticosveracruz.com\\\/?p=39666\"]}]},{\"@type\":\"BreadcrumbList\",\"@id\":\"https:\\\/\\\/lospoliticosveracruz.com\\\/?p=39666#breadcrumb\",\"itemListElement\":[{\"@type\":\"ListItem\",\"position\":1,\"name\":\"Portada\",\"item\":\"https:\\\/\\\/lospoliticosveracruz.com\\\/\"},{\"@type\":\"ListItem\",\"position\":2,\"name\":\"Reelecci\u00f3n, finalmente no era broma\"}]},{\"@type\":\"WebSite\",\"@id\":\"https:\\\/\\\/lospoliticosveracruz.com\\\/#website\",\"url\":\"https:\\\/\\\/lospoliticosveracruz.com\\\/\",\"name\":\"Los pol\u00edticos Veracruz\",\"description\":\"\",\"publisher\":{\"@id\":\"https:\\\/\\\/lospoliticosveracruz.com\\\/#organization\"},\"potentialAction\":[{\"@type\":\"SearchAction\",\"target\":{\"@type\":\"EntryPoint\",\"urlTemplate\":\"https:\\\/\\\/lospoliticosveracruz.com\\\/?s={search_term_string}\"},\"query-input\":{\"@type\":\"PropertyValueSpecification\",\"valueRequired\":true,\"valueName\":\"search_term_string\"}}],\"inLanguage\":\"es\"},{\"@type\":\"Organization\",\"@id\":\"https:\\\/\\\/lospoliticosveracruz.com\\\/#organization\",\"name\":\"Los pol\u00edticos Veracruz\",\"url\":\"https:\\\/\\\/lospoliticosveracruz.com\\\/\",\"logo\":{\"@type\":\"ImageObject\",\"inLanguage\":\"es\",\"@id\":\"https:\\\/\\\/lospoliticosveracruz.com\\\/#\\\/schema\\\/logo\\\/image\\\/\",\"url\":\"https:\\\/\\\/lospoliticosveracruz.com\\\/wp-content\\\/uploads\\\/2025\\\/12\\\/Logo-Nuevo-LOS-POLITICOS-1.jpg\",\"contentUrl\":\"https:\\\/\\\/lospoliticosveracruz.com\\\/wp-content\\\/uploads\\\/2025\\\/12\\\/Logo-Nuevo-LOS-POLITICOS-1.jpg\",\"width\":260,\"height\":70,\"caption\":\"Los pol\u00edticos Veracruz\"},\"image\":{\"@id\":\"https:\\\/\\\/lospoliticosveracruz.com\\\/#\\\/schema\\\/logo\\\/image\\\/\"},\"sameAs\":[\"https:\\\/\\\/www.facebook.com\\\/people\\\/Notimemes-de-los-Polticos\\\/61565672886568\\\/\",\"https:\\\/\\\/x.com\\\/LosPoliticosVer\"]},{\"@type\":\"Person\",\"@id\":\"https:\\\/\\\/lospoliticosveracruz.com\\\/#\\\/schema\\\/person\\\/b8702bb0e538456e6efd07080bf2a4a2\",\"name\":\"Lo viste en Los Pol\u00edticos\",\"image\":{\"@type\":\"ImageObject\",\"inLanguage\":\"es\",\"@id\":\"https:\\\/\\\/secure.gravatar.com\\\/avatar\\\/3a8de04a2656d44082be478bd6c086daa447c4651605818287b9532d3d0bd435?s=96&d=mm&r=g\",\"url\":\"https:\\\/\\\/secure.gravatar.com\\\/avatar\\\/3a8de04a2656d44082be478bd6c086daa447c4651605818287b9532d3d0bd435?s=96&d=mm&r=g\",\"contentUrl\":\"https:\\\/\\\/secure.gravatar.com\\\/avatar\\\/3a8de04a2656d44082be478bd6c086daa447c4651605818287b9532d3d0bd435?s=96&d=mm&r=g\",\"caption\":\"Lo viste en Los Pol\u00edticos\"},\"url\":\"https:\\\/\\\/lospoliticosveracruz.com\\\/?author=2\"}]}<\/script>\n<!-- \/ Yoast SEO plugin. -->","yoast_head_json":{"title":"Reelecci\u00f3n, finalmente no era broma - Los pol\u00edticos Veracruz","robots":{"index":"index","follow":"follow","max-snippet":"max-snippet:-1","max-image-preview":"max-image-preview:large","max-video-preview":"max-video-preview:-1"},"canonical":"https:\/\/lospoliticosveracruz.com\/?p=39666","og_locale":"es_ES","og_type":"article","og_title":"Reelecci\u00f3n, finalmente no era broma - Los pol\u00edticos Veracruz","og_description":"Ricardo V\u00e1zquez S. Esfera Pol\u00edtica \u00a0 La ca\u00edda en la bolsa de Wall Street fue tan fuerte como el derrumbe de credibilidad del electorado mexicano en los aspirantes a un cargo p\u00fablico, con la enorme diferencia que el desplome burs\u00e1til norteamericano se va a recuperar a la brevedad, pero la confianza en la clase pol\u00edtica [&hellip;]","og_url":"https:\/\/lospoliticosveracruz.com\/?p=39666","og_site_name":"Los pol\u00edticos Veracruz","article_publisher":"https:\/\/www.facebook.com\/people\/Notimemes-de-los-Polticos\/61565672886568\/","article_published_time":"2018-02-07T16:04:47+00:00","og_image":[{"width":200,"height":200,"url":"https:\/\/lospoliticosveracruz.com\/wp-content\/uploads\/2016\/07\/Logo-Dor.jpg","type":"image\/jpeg"}],"author":"Lo viste en Los Pol\u00edticos","twitter_card":"summary_large_image","twitter_creator":"@LosPoliticosVer","twitter_site":"@LosPoliticosVer","twitter_misc":{"Escrito por":"Lo viste en Los Pol\u00edticos","Tiempo de lectura":"4 minutos"},"schema":{"@context":"https:\/\/schema.org","@graph":[{"@type":"Article","@id":"https:\/\/lospoliticosveracruz.com\/?p=39666#article","isPartOf":{"@id":"https:\/\/lospoliticosveracruz.com\/?p=39666"},"author":{"name":"Lo viste en Los Pol\u00edticos","@id":"https:\/\/lospoliticosveracruz.com\/#\/schema\/person\/b8702bb0e538456e6efd07080bf2a4a2"},"headline":"Reelecci\u00f3n, finalmente no era broma","datePublished":"2018-02-07T16:04:47+00:00","mainEntityOfPage":{"@id":"https:\/\/lospoliticosveracruz.com\/?p=39666"},"wordCount":749,"commentCount":0,"publisher":{"@id":"https:\/\/lospoliticosveracruz.com\/#organization"},"keywords":["C\u00e9sar Duarte","facebook","Fake News","Javier Corral","Lorenzo C\u00f3rdova Vianello","Reelecciones"],"articleSection":["De Opini\u00f3n"],"inLanguage":"es","potentialAction":[{"@type":"CommentAction","name":"Comment","target":["https:\/\/lospoliticosveracruz.com\/?p=39666#respond"]}]},{"@type":"WebPage","@id":"https:\/\/lospoliticosveracruz.com\/?p=39666","url":"https:\/\/lospoliticosveracruz.com\/?p=39666","name":"Reelecci\u00f3n, finalmente no era broma - Los pol\u00edticos Veracruz","isPartOf":{"@id":"https:\/\/lospoliticosveracruz.com\/#website"},"datePublished":"2018-02-07T16:04:47+00:00","breadcrumb":{"@id":"https:\/\/lospoliticosveracruz.com\/?p=39666#breadcrumb"},"inLanguage":"es","potentialAction":[{"@type":"ReadAction","target":["https:\/\/lospoliticosveracruz.com\/?p=39666"]}]},{"@type":"BreadcrumbList","@id":"https:\/\/lospoliticosveracruz.com\/?p=39666#breadcrumb","itemListElement":[{"@type":"ListItem","position":1,"name":"Portada","item":"https:\/\/lospoliticosveracruz.com\/"},{"@type":"ListItem","position":2,"name":"Reelecci\u00f3n, finalmente no era broma"}]},{"@type":"WebSite","@id":"https:\/\/lospoliticosveracruz.com\/#website","url":"https:\/\/lospoliticosveracruz.com\/","name":"Los pol\u00edticos Veracruz","description":"","publisher":{"@id":"https:\/\/lospoliticosveracruz.com\/#organization"},"potentialAction":[{"@type":"SearchAction","target":{"@type":"EntryPoint","urlTemplate":"https:\/\/lospoliticosveracruz.com\/?s={search_term_string}"},"query-input":{"@type":"PropertyValueSpecification","valueRequired":true,"valueName":"search_term_string"}}],"inLanguage":"es"},{"@type":"Organization","@id":"https:\/\/lospoliticosveracruz.com\/#organization","name":"Los pol\u00edticos Veracruz","url":"https:\/\/lospoliticosveracruz.com\/","logo":{"@type":"ImageObject","inLanguage":"es","@id":"https:\/\/lospoliticosveracruz.com\/#\/schema\/logo\/image\/","url":"https:\/\/lospoliticosveracruz.com\/wp-content\/uploads\/2025\/12\/Logo-Nuevo-LOS-POLITICOS-1.jpg","contentUrl":"https:\/\/lospoliticosveracruz.com\/wp-content\/uploads\/2025\/12\/Logo-Nuevo-LOS-POLITICOS-1.jpg","width":260,"height":70,"caption":"Los pol\u00edticos Veracruz"},"image":{"@id":"https:\/\/lospoliticosveracruz.com\/#\/schema\/logo\/image\/"},"sameAs":["https:\/\/www.facebook.com\/people\/Notimemes-de-los-Polticos\/61565672886568\/","https:\/\/x.com\/LosPoliticosVer"]},{"@type":"Person","@id":"https:\/\/lospoliticosveracruz.com\/#\/schema\/person\/b8702bb0e538456e6efd07080bf2a4a2","name":"Lo viste en Los Pol\u00edticos","image":{"@type":"ImageObject","inLanguage":"es","@id":"https:\/\/secure.gravatar.com\/avatar\/3a8de04a2656d44082be478bd6c086daa447c4651605818287b9532d3d0bd435?s=96&d=mm&r=g","url":"https:\/\/secure.gravatar.com\/avatar\/3a8de04a2656d44082be478bd6c086daa447c4651605818287b9532d3d0bd435?s=96&d=mm&r=g","contentUrl":"https:\/\/secure.gravatar.com\/avatar\/3a8de04a2656d44082be478bd6c086daa447c4651605818287b9532d3d0bd435?s=96&d=mm&r=g","caption":"Lo viste en Los Pol\u00edticos"},"url":"https:\/\/lospoliticosveracruz.com\/?author=2"}]}},"_links":{"self":[{"href":"https:\/\/lospoliticosveracruz.com\/index.php?rest_route=\/wp\/v2\/posts\/39666","targetHints":{"allow":["GET"]}}],"collection":[{"href":"https:\/\/lospoliticosveracruz.com\/index.php?rest_route=\/wp\/v2\/posts"}],"about":[{"href":"https:\/\/lospoliticosveracruz.com\/index.php?rest_route=\/wp\/v2\/types\/post"}],"author":[{"embeddable":true,"href":"https:\/\/lospoliticosveracruz.com\/index.php?rest_route=\/wp\/v2\/users\/2"}],"replies":[{"embeddable":true,"href":"https:\/\/lospoliticosveracruz.com\/index.php?rest_route=%2Fwp%2Fv2%2Fcomments&post=39666"}],"version-history":[{"count":2,"href":"https:\/\/lospoliticosveracruz.com\/index.php?rest_route=\/wp\/v2\/posts\/39666\/revisions"}],"predecessor-version":[{"id":39668,"href":"https:\/\/lospoliticosveracruz.com\/index.php?rest_route=\/wp\/v2\/posts\/39666\/revisions\/39668"}],"wp:attachment":[{"href":"https:\/\/lospoliticosveracruz.com\/index.php?rest_route=%2Fwp%2Fv2%2Fmedia&parent=39666"}],"wp:term":[{"taxonomy":"category","embeddable":true,"href":"https:\/\/lospoliticosveracruz.com\/index.php?rest_route=%2Fwp%2Fv2%2Fcategories&post=39666"},{"taxonomy":"post_tag","embeddable":true,"href":"https:\/\/lospoliticosveracruz.com\/index.php?rest_route=%2Fwp%2Fv2%2Ftags&post=39666"}],"curies":[{"name":"wp","href":"https:\/\/api.w.org\/{rel}","templated":true}]}}