{"id":39688,"date":"2018-02-07T22:08:14","date_gmt":"2018-02-08T04:08:14","guid":{"rendered":"http:\/\/www.lospoliticosveracruz.com.mx\/?p=39688"},"modified":"2018-02-07T22:08:14","modified_gmt":"2018-02-08T04:08:14","slug":"el-voto-del-magisterio","status":"publish","type":"post","link":"https:\/\/lospoliticosveracruz.com\/?p=39688","title":{"rendered":"El voto del magisterio"},"content":{"rendered":"<p align=\"JUSTIFY\"><strong>Brenda Caballero<\/strong><\/p>\n<p align=\"JUSTIFY\"><em>N\u00fameros Rojos<\/em><\/p>\n<p align=\"JUSTIFY\">Eran las 22:24 horas del 4 de febrero cuando Cuitl\u00e1huac Garc\u00eda tuite\u00f3: \u201cEn reuni\u00f3n con maestros en el sur del estado hice un llamado a la unidad del magisterio; llegamos al acuerdo de que en el gobierno de #Morena se har\u00e1 una verdadera transformaci\u00f3n educativa, para que #Veracruz sea ejemplo a nivel nacional.\u201d Dos fotos acompa\u00f1aban su tuit, una frente a un micr\u00f3fono, en lo que parece una palapa dirigi\u00e9ndose a varios maestros sentados y otra en donde est\u00e1 posando junto a 17 personas.<\/p>\n<p align=\"JUSTIFY\">Si recordamos, Andr\u00e9s Manuel L\u00f3pez Obrador ha estado siempre en contra de la Reforma Educativa y ha hecho el llamado a los maestros a cancelarla, incluso en alg\u00fan momento propuso una negociaci\u00f3n con la CNTE de Oaxaca si ganaba su partido la gubernatura.<\/p>\n<p align=\"JUSTIFY\">El mismo discurso de AMLO replica el candidato a la gubernatura de Veracruz Cuitl\u00e1huac Garc\u00eda.<\/p>\n<p align=\"JUSTIFY\">\u00bfConvencer\u00e1 a los maestros a votar por \u00e9l ante su rechazo a la reforma educativa de Pe\u00f1a Nieto?<\/p>\n<p align=\"JUSTIFY\">II<\/p>\n<p align=\"JUSTIFY\">El Estadio Heriberto Jara Corona luc\u00eda majestuoso y lleno de maestros \u00a1pues c\u00f3mo no!, si celebraba el Sindicato Estatal de Trabajadores al Servicio de la Educaci\u00f3n su 55 Aniversario. Las 53 delegaciones del SETSE de todo el estado lideradas por Acela Serv\u00edn Murrieta se hicieron presentes. Los maestros coreaban las letras de los famosos \u00c1ngeles Azules, y en lo azul estaba el mensaje subliminal, pues la presencia del gobernador Miguel \u00c1ngel Yunes Linares, acompa\u00f1ado de su hijo Miguel \u00c1ngel Yunes M\u00e1rquez, para muchos fue el destape a la gubernatura del estado, respaldado desde luego por los maestros all\u00ed presentes.<\/p>\n<p align=\"JUSTIFY\">En ese mismo evento estuvo tambi\u00e9n el Secretario de Educaci\u00f3n Enrique P\u00e9rez Rodr\u00edguez quien al igual que el gobernador y su hijo regal\u00f3 un auto para ser rifado entre los presentes quienes estallaron de j\u00fabilo y no dejaron de vitorear a los Yunes.<\/p>\n<p align=\"JUSTIFY\">\u00bfVotar\u00e1n los maestros por Yunes M\u00e1rquez para darle continuidad al trabajo de Yunes Linares?<\/p>\n<p align=\"JUSTIFY\">No olvidemos que Enrique P\u00e9rez es todo un operador pol\u00edtico el cual ya se rumora est\u00e1 haciendo el trabajo con varios delegados.<\/p>\n<p align=\"JUSTIFY\">Incluso recientemente la \u00fanica regidora pri\u00edsta de Poza Rica Dulce Mar\u00eda Carpizo Bauza se sum\u00f3 al proyecto de Yunes M\u00e1rquez. Ella es hija de Dulce Mar\u00eda Bauza del Mazo, quien durante 5 a\u00f1os se desempe\u00f1\u00f3 como delegada regional de la SEV por la secci\u00f3n 32 del SNTE. Ambas Dulces muy cercanas a Juan Nicol\u00e1s Callejas.<\/p>\n<p align=\"JUSTIFY\">III<\/p>\n<p align=\"JUSTIFY\">El voto de los maestros para el candidato Jos\u00e9 Yunes Zorrilla estar\u00eda asegurado si a\u00fan viviera Juan Nicol\u00e1s Callejas Arroyo, considerado el l\u00edder moral del SNTE. Seguramente la mala imagen del PRI har\u00eda sombra, pero al final Callejas, el eterno pri\u00edsta negociador se saldr\u00eda con la suya.<\/p>\n<p align=\"JUSTIFY\">En cambio a su hijo Juan Nicol\u00e1s Callejas Rold\u00e1n le falta fuerza pol\u00edtica y hasta cierto punto carisma, pues a pesar de que el tricolor le otorg\u00f3 la candidatura por el Senado para amarrar el voto del magisterio, \u00e9ste est\u00e1 totalmente dividido y dif\u00edcilmente alcanzar\u00e1 a cubrir los votos que prometi\u00f3.<\/p>\n<p align=\"JUSTIFY\">Aunque recordemos que en el 2006 cuando Jos\u00e9 Yunes Zorrilla era candidato al Senado perdi\u00f3, de inmediato el entonces gobernador Fidel Herrera Beltr\u00e1n dijo que hab\u00eda perdido porque el partido Nueva Alianza se hab\u00eda llevado a los maestros.<\/p>\n<p align=\"JUSTIFY\">Ya lo dijo L\u00e1zaro Medina Barrag\u00e1n, Secretario General de la Secci\u00f3n 32 del SNTE, que hay maestros que militan en otros partidos a los cuales se les respeta su libertad partidista.<\/p>\n<p align=\"JUSTIFY\">IV<\/p>\n<p align=\"JUSTIFY\">A\u00fan no terminan las precampa\u00f1as, pero adelant\u00e1ndonos \u00bfcu\u00e1l ser\u00e1 el candidato a la gubernatura de Veracruz que ganar\u00e1 el voto del magisterio?<\/p>\n<p align=\"JUSTIFY\"><a name=\"m_-693106065241083728__GoBack\"><\/a>\u00bfSer\u00e1 July Sheridan de Nueva Alianza? Recordemos que ella representa al partido formado en su mayor\u00eda por maestros y dice que cuenta con 200 mil votos del magisterio. Sin embargo la salida de Jaqueline Garc\u00eda Hern\u00e1ndez dice todo lo contrario.<\/p>\n<p align=\"JUSTIFY\"><a href=\"mailto:caballero_brenda@hotmail.com\" target=\"_blank\">caballero_brenda@hotmail.com<\/a><\/p>\n<p align=\"JUSTIFY\">@NumerosRojos_BC<\/p>\n","protected":false},"excerpt":{"rendered":"<p>Brenda Caballero N\u00fameros Rojos Eran las 22:24 horas del 4 de febrero cuando Cuitl\u00e1huac Garc\u00eda tuite\u00f3: \u201cEn reuni\u00f3n con maestros en el sur del estado hice un llamado a la unidad del magisterio; llegamos al acuerdo de que en el gobierno de #Morena se har\u00e1 una verdadera transformaci\u00f3n educativa, para que #Veracruz sea ejemplo a [&hellip;]<\/p>\n","protected":false},"author":2,"featured_media":0,"comment_status":"open","ping_status":"open","sticky":false,"template":"","format":"standard","meta":{"tdm_status":"","tdm_grid_status":"","footnotes":""},"categories":[70],"tags":[1563,10868,10848,3049,8579,10566,536,246,10869],"class_list":{"0":"post-39688","1":"post","2":"type-post","3":"status-publish","4":"format-standard","6":"category-de-opinion","7":"tag-cuitlahuac-garcia-jimenez","8":"tag-dulce-maria-bauza-del-mazo","9":"tag-dulce-maria-carpizo-bauza","10":"tag-enrique-perez-rodriguez","11":"tag-juan-callejas-roldan","12":"tag-july-sheridan","13":"tag-miguel-angel-yunes-marquez","14":"tag-pepe-yunes-zorrilla","15":"tag-setse"},"yoast_head":"<!-- This site is optimized with the Yoast SEO plugin v27.4 - https:\/\/yoast.com\/product\/yoast-seo-wordpress\/ -->\n<title>El voto del magisterio - Los pol\u00edticos Veracruz<\/title>\n<meta name=\"robots\" content=\"index, follow, max-snippet:-1, max-image-preview:large, max-video-preview:-1\" \/>\n<link rel=\"canonical\" href=\"https:\/\/lospoliticosveracruz.com\/?p=39688\" \/>\n<meta property=\"og:locale\" content=\"es_ES\" \/>\n<meta property=\"og:type\" content=\"article\" \/>\n<meta property=\"og:title\" content=\"El voto del magisterio - Los pol\u00edticos Veracruz\" \/>\n<meta property=\"og:description\" content=\"Brenda Caballero N\u00fameros Rojos Eran las 22:24 horas del 4 de febrero cuando Cuitl\u00e1huac Garc\u00eda tuite\u00f3: \u201cEn reuni\u00f3n con maestros en el sur del estado hice un llamado a la unidad del magisterio; llegamos al acuerdo de que en el gobierno de #Morena se har\u00e1 una verdadera transformaci\u00f3n educativa, para que #Veracruz sea ejemplo a [&hellip;]\" \/>\n<meta property=\"og:url\" content=\"https:\/\/lospoliticosveracruz.com\/?p=39688\" \/>\n<meta property=\"og:site_name\" content=\"Los pol\u00edticos Veracruz\" \/>\n<meta property=\"article:publisher\" content=\"https:\/\/www.facebook.com\/people\/Notimemes-de-los-Polticos\/61565672886568\/\" \/>\n<meta property=\"article:published_time\" content=\"2018-02-08T04:08:14+00:00\" \/>\n<meta property=\"og:image\" content=\"https:\/\/lospoliticosveracruz.com\/wp-content\/uploads\/2016\/07\/Logo-Dor.jpg\" \/>\n\t<meta property=\"og:image:width\" content=\"200\" \/>\n\t<meta property=\"og:image:height\" content=\"200\" \/>\n\t<meta property=\"og:image:type\" content=\"image\/jpeg\" \/>\n<meta name=\"author\" content=\"Lo viste en Los Pol\u00edticos\" \/>\n<meta name=\"twitter:card\" content=\"summary_large_image\" \/>\n<meta name=\"twitter:creator\" content=\"@LosPoliticosVer\" \/>\n<meta name=\"twitter:site\" content=\"@LosPoliticosVer\" \/>\n<meta name=\"twitter:label1\" content=\"Escrito por\" \/>\n\t<meta name=\"twitter:data1\" content=\"Lo viste en Los Pol\u00edticos\" \/>\n\t<meta name=\"twitter:label2\" content=\"Tiempo de lectura\" \/>\n\t<meta name=\"twitter:data2\" content=\"3 minutos\" \/>\n<script type=\"application\/ld+json\" class=\"yoast-schema-graph\">{\"@context\":\"https:\\\/\\\/schema.org\",\"@graph\":[{\"@type\":\"Article\",\"@id\":\"https:\\\/\\\/lospoliticosveracruz.com\\\/?p=39688#article\",\"isPartOf\":{\"@id\":\"https:\\\/\\\/lospoliticosveracruz.com\\\/?p=39688\"},\"author\":{\"name\":\"Lo viste en Los Pol\u00edticos\",\"@id\":\"https:\\\/\\\/lospoliticosveracruz.com\\\/#\\\/schema\\\/person\\\/b8702bb0e538456e6efd07080bf2a4a2\"},\"headline\":\"El voto del magisterio\",\"datePublished\":\"2018-02-08T04:08:14+00:00\",\"mainEntityOfPage\":{\"@id\":\"https:\\\/\\\/lospoliticosveracruz.com\\\/?p=39688\"},\"wordCount\":690,\"commentCount\":0,\"publisher\":{\"@id\":\"https:\\\/\\\/lospoliticosveracruz.com\\\/#organization\"},\"keywords\":[\"Cuitl\u00e1huac Garc\u00eda Jim\u00e9nez\",\"Dulce Mar\u00eda Bauza del Mazo\",\"Dulce Mar\u00eda Carpizo Bauza\",\"Enrique P\u00e9rez Rodr\u00edguez\",\"Juan Callejas Rold\u00e1n\",\"July Sheridan\",\"Miguel \u00c1ngel Yunes M\u00e1rquez\",\"Pepe Yunes Zorrilla\",\"SETSE\"],\"articleSection\":[\"De Opini\u00f3n\"],\"inLanguage\":\"es\",\"potentialAction\":[{\"@type\":\"CommentAction\",\"name\":\"Comment\",\"target\":[\"https:\\\/\\\/lospoliticosveracruz.com\\\/?p=39688#respond\"]}]},{\"@type\":\"WebPage\",\"@id\":\"https:\\\/\\\/lospoliticosveracruz.com\\\/?p=39688\",\"url\":\"https:\\\/\\\/lospoliticosveracruz.com\\\/?p=39688\",\"name\":\"El voto del magisterio - Los pol\u00edticos Veracruz\",\"isPartOf\":{\"@id\":\"https:\\\/\\\/lospoliticosveracruz.com\\\/#website\"},\"datePublished\":\"2018-02-08T04:08:14+00:00\",\"breadcrumb\":{\"@id\":\"https:\\\/\\\/lospoliticosveracruz.com\\\/?p=39688#breadcrumb\"},\"inLanguage\":\"es\",\"potentialAction\":[{\"@type\":\"ReadAction\",\"target\":[\"https:\\\/\\\/lospoliticosveracruz.com\\\/?p=39688\"]}]},{\"@type\":\"BreadcrumbList\",\"@id\":\"https:\\\/\\\/lospoliticosveracruz.com\\\/?p=39688#breadcrumb\",\"itemListElement\":[{\"@type\":\"ListItem\",\"position\":1,\"name\":\"Portada\",\"item\":\"https:\\\/\\\/lospoliticosveracruz.com\\\/\"},{\"@type\":\"ListItem\",\"position\":2,\"name\":\"El voto del magisterio\"}]},{\"@type\":\"WebSite\",\"@id\":\"https:\\\/\\\/lospoliticosveracruz.com\\\/#website\",\"url\":\"https:\\\/\\\/lospoliticosveracruz.com\\\/\",\"name\":\"Los pol\u00edticos Veracruz\",\"description\":\"\",\"publisher\":{\"@id\":\"https:\\\/\\\/lospoliticosveracruz.com\\\/#organization\"},\"potentialAction\":[{\"@type\":\"SearchAction\",\"target\":{\"@type\":\"EntryPoint\",\"urlTemplate\":\"https:\\\/\\\/lospoliticosveracruz.com\\\/?s={search_term_string}\"},\"query-input\":{\"@type\":\"PropertyValueSpecification\",\"valueRequired\":true,\"valueName\":\"search_term_string\"}}],\"inLanguage\":\"es\"},{\"@type\":\"Organization\",\"@id\":\"https:\\\/\\\/lospoliticosveracruz.com\\\/#organization\",\"name\":\"Los pol\u00edticos Veracruz\",\"url\":\"https:\\\/\\\/lospoliticosveracruz.com\\\/\",\"logo\":{\"@type\":\"ImageObject\",\"inLanguage\":\"es\",\"@id\":\"https:\\\/\\\/lospoliticosveracruz.com\\\/#\\\/schema\\\/logo\\\/image\\\/\",\"url\":\"https:\\\/\\\/lospoliticosveracruz.com\\\/wp-content\\\/uploads\\\/2025\\\/12\\\/Logo-Nuevo-LOS-POLITICOS-1.jpg\",\"contentUrl\":\"https:\\\/\\\/lospoliticosveracruz.com\\\/wp-content\\\/uploads\\\/2025\\\/12\\\/Logo-Nuevo-LOS-POLITICOS-1.jpg\",\"width\":260,\"height\":70,\"caption\":\"Los pol\u00edticos Veracruz\"},\"image\":{\"@id\":\"https:\\\/\\\/lospoliticosveracruz.com\\\/#\\\/schema\\\/logo\\\/image\\\/\"},\"sameAs\":[\"https:\\\/\\\/www.facebook.com\\\/people\\\/Notimemes-de-los-Polticos\\\/61565672886568\\\/\",\"https:\\\/\\\/x.com\\\/LosPoliticosVer\"]},{\"@type\":\"Person\",\"@id\":\"https:\\\/\\\/lospoliticosveracruz.com\\\/#\\\/schema\\\/person\\\/b8702bb0e538456e6efd07080bf2a4a2\",\"name\":\"Lo viste en Los Pol\u00edticos\",\"image\":{\"@type\":\"ImageObject\",\"inLanguage\":\"es\",\"@id\":\"https:\\\/\\\/secure.gravatar.com\\\/avatar\\\/3a8de04a2656d44082be478bd6c086daa447c4651605818287b9532d3d0bd435?s=96&d=mm&r=g\",\"url\":\"https:\\\/\\\/secure.gravatar.com\\\/avatar\\\/3a8de04a2656d44082be478bd6c086daa447c4651605818287b9532d3d0bd435?s=96&d=mm&r=g\",\"contentUrl\":\"https:\\\/\\\/secure.gravatar.com\\\/avatar\\\/3a8de04a2656d44082be478bd6c086daa447c4651605818287b9532d3d0bd435?s=96&d=mm&r=g\",\"caption\":\"Lo viste en Los Pol\u00edticos\"},\"url\":\"https:\\\/\\\/lospoliticosveracruz.com\\\/?author=2\"}]}<\/script>\n<!-- \/ Yoast SEO plugin. -->","yoast_head_json":{"title":"El voto del magisterio - Los pol\u00edticos Veracruz","robots":{"index":"index","follow":"follow","max-snippet":"max-snippet:-1","max-image-preview":"max-image-preview:large","max-video-preview":"max-video-preview:-1"},"canonical":"https:\/\/lospoliticosveracruz.com\/?p=39688","og_locale":"es_ES","og_type":"article","og_title":"El voto del magisterio - Los pol\u00edticos Veracruz","og_description":"Brenda Caballero N\u00fameros Rojos Eran las 22:24 horas del 4 de febrero cuando Cuitl\u00e1huac Garc\u00eda tuite\u00f3: \u201cEn reuni\u00f3n con maestros en el sur del estado hice un llamado a la unidad del magisterio; llegamos al acuerdo de que en el gobierno de #Morena se har\u00e1 una verdadera transformaci\u00f3n educativa, para que #Veracruz sea ejemplo a [&hellip;]","og_url":"https:\/\/lospoliticosveracruz.com\/?p=39688","og_site_name":"Los pol\u00edticos Veracruz","article_publisher":"https:\/\/www.facebook.com\/people\/Notimemes-de-los-Polticos\/61565672886568\/","article_published_time":"2018-02-08T04:08:14+00:00","og_image":[{"width":200,"height":200,"url":"https:\/\/lospoliticosveracruz.com\/wp-content\/uploads\/2016\/07\/Logo-Dor.jpg","type":"image\/jpeg"}],"author":"Lo viste en Los Pol\u00edticos","twitter_card":"summary_large_image","twitter_creator":"@LosPoliticosVer","twitter_site":"@LosPoliticosVer","twitter_misc":{"Escrito por":"Lo viste en Los Pol\u00edticos","Tiempo de lectura":"3 minutos"},"schema":{"@context":"https:\/\/schema.org","@graph":[{"@type":"Article","@id":"https:\/\/lospoliticosveracruz.com\/?p=39688#article","isPartOf":{"@id":"https:\/\/lospoliticosveracruz.com\/?p=39688"},"author":{"name":"Lo viste en Los Pol\u00edticos","@id":"https:\/\/lospoliticosveracruz.com\/#\/schema\/person\/b8702bb0e538456e6efd07080bf2a4a2"},"headline":"El voto del magisterio","datePublished":"2018-02-08T04:08:14+00:00","mainEntityOfPage":{"@id":"https:\/\/lospoliticosveracruz.com\/?p=39688"},"wordCount":690,"commentCount":0,"publisher":{"@id":"https:\/\/lospoliticosveracruz.com\/#organization"},"keywords":["Cuitl\u00e1huac Garc\u00eda Jim\u00e9nez","Dulce Mar\u00eda Bauza del Mazo","Dulce Mar\u00eda Carpizo Bauza","Enrique P\u00e9rez Rodr\u00edguez","Juan Callejas Rold\u00e1n","July Sheridan","Miguel \u00c1ngel Yunes M\u00e1rquez","Pepe Yunes Zorrilla","SETSE"],"articleSection":["De Opini\u00f3n"],"inLanguage":"es","potentialAction":[{"@type":"CommentAction","name":"Comment","target":["https:\/\/lospoliticosveracruz.com\/?p=39688#respond"]}]},{"@type":"WebPage","@id":"https:\/\/lospoliticosveracruz.com\/?p=39688","url":"https:\/\/lospoliticosveracruz.com\/?p=39688","name":"El voto del magisterio - Los pol\u00edticos Veracruz","isPartOf":{"@id":"https:\/\/lospoliticosveracruz.com\/#website"},"datePublished":"2018-02-08T04:08:14+00:00","breadcrumb":{"@id":"https:\/\/lospoliticosveracruz.com\/?p=39688#breadcrumb"},"inLanguage":"es","potentialAction":[{"@type":"ReadAction","target":["https:\/\/lospoliticosveracruz.com\/?p=39688"]}]},{"@type":"BreadcrumbList","@id":"https:\/\/lospoliticosveracruz.com\/?p=39688#breadcrumb","itemListElement":[{"@type":"ListItem","position":1,"name":"Portada","item":"https:\/\/lospoliticosveracruz.com\/"},{"@type":"ListItem","position":2,"name":"El voto del magisterio"}]},{"@type":"WebSite","@id":"https:\/\/lospoliticosveracruz.com\/#website","url":"https:\/\/lospoliticosveracruz.com\/","name":"Los pol\u00edticos Veracruz","description":"","publisher":{"@id":"https:\/\/lospoliticosveracruz.com\/#organization"},"potentialAction":[{"@type":"SearchAction","target":{"@type":"EntryPoint","urlTemplate":"https:\/\/lospoliticosveracruz.com\/?s={search_term_string}"},"query-input":{"@type":"PropertyValueSpecification","valueRequired":true,"valueName":"search_term_string"}}],"inLanguage":"es"},{"@type":"Organization","@id":"https:\/\/lospoliticosveracruz.com\/#organization","name":"Los pol\u00edticos Veracruz","url":"https:\/\/lospoliticosveracruz.com\/","logo":{"@type":"ImageObject","inLanguage":"es","@id":"https:\/\/lospoliticosveracruz.com\/#\/schema\/logo\/image\/","url":"https:\/\/lospoliticosveracruz.com\/wp-content\/uploads\/2025\/12\/Logo-Nuevo-LOS-POLITICOS-1.jpg","contentUrl":"https:\/\/lospoliticosveracruz.com\/wp-content\/uploads\/2025\/12\/Logo-Nuevo-LOS-POLITICOS-1.jpg","width":260,"height":70,"caption":"Los pol\u00edticos Veracruz"},"image":{"@id":"https:\/\/lospoliticosveracruz.com\/#\/schema\/logo\/image\/"},"sameAs":["https:\/\/www.facebook.com\/people\/Notimemes-de-los-Polticos\/61565672886568\/","https:\/\/x.com\/LosPoliticosVer"]},{"@type":"Person","@id":"https:\/\/lospoliticosveracruz.com\/#\/schema\/person\/b8702bb0e538456e6efd07080bf2a4a2","name":"Lo viste en Los Pol\u00edticos","image":{"@type":"ImageObject","inLanguage":"es","@id":"https:\/\/secure.gravatar.com\/avatar\/3a8de04a2656d44082be478bd6c086daa447c4651605818287b9532d3d0bd435?s=96&d=mm&r=g","url":"https:\/\/secure.gravatar.com\/avatar\/3a8de04a2656d44082be478bd6c086daa447c4651605818287b9532d3d0bd435?s=96&d=mm&r=g","contentUrl":"https:\/\/secure.gravatar.com\/avatar\/3a8de04a2656d44082be478bd6c086daa447c4651605818287b9532d3d0bd435?s=96&d=mm&r=g","caption":"Lo viste en Los Pol\u00edticos"},"url":"https:\/\/lospoliticosveracruz.com\/?author=2"}]}},"_links":{"self":[{"href":"https:\/\/lospoliticosveracruz.com\/index.php?rest_route=\/wp\/v2\/posts\/39688","targetHints":{"allow":["GET"]}}],"collection":[{"href":"https:\/\/lospoliticosveracruz.com\/index.php?rest_route=\/wp\/v2\/posts"}],"about":[{"href":"https:\/\/lospoliticosveracruz.com\/index.php?rest_route=\/wp\/v2\/types\/post"}],"author":[{"embeddable":true,"href":"https:\/\/lospoliticosveracruz.com\/index.php?rest_route=\/wp\/v2\/users\/2"}],"replies":[{"embeddable":true,"href":"https:\/\/lospoliticosveracruz.com\/index.php?rest_route=%2Fwp%2Fv2%2Fcomments&post=39688"}],"version-history":[{"count":1,"href":"https:\/\/lospoliticosveracruz.com\/index.php?rest_route=\/wp\/v2\/posts\/39688\/revisions"}],"predecessor-version":[{"id":39689,"href":"https:\/\/lospoliticosveracruz.com\/index.php?rest_route=\/wp\/v2\/posts\/39688\/revisions\/39689"}],"wp:attachment":[{"href":"https:\/\/lospoliticosveracruz.com\/index.php?rest_route=%2Fwp%2Fv2%2Fmedia&parent=39688"}],"wp:term":[{"taxonomy":"category","embeddable":true,"href":"https:\/\/lospoliticosveracruz.com\/index.php?rest_route=%2Fwp%2Fv2%2Fcategories&post=39688"},{"taxonomy":"post_tag","embeddable":true,"href":"https:\/\/lospoliticosveracruz.com\/index.php?rest_route=%2Fwp%2Fv2%2Ftags&post=39688"}],"curies":[{"name":"wp","href":"https:\/\/api.w.org\/{rel}","templated":true}]}}