{"id":39732,"date":"2018-02-09T10:36:14","date_gmt":"2018-02-09T16:36:14","guid":{"rendered":"http:\/\/www.lospoliticosveracruz.com.mx\/?p=39732"},"modified":"2018-02-09T10:47:16","modified_gmt":"2018-02-09T16:47:16","slug":"el-reciclaje-politico","status":"publish","type":"post","link":"https:\/\/lospoliticosveracruz.com\/?p=39732","title":{"rendered":"El reciclaje pol\u00edtico"},"content":{"rendered":"<p class=\"x_MsoNormal\"><b><\/b><b><\/b><strong>Luis Alberto Romero<\/strong><\/p>\n<p class=\"x_MsoNormal\"><em>Hora Cero<\/em><\/p>\n<p class=\"x_MsoNormal\">\u201cEstos son mis principios. Si no le gustan tengo otros\u201d; esa es una frase que se atribuye al humorista norteamericano Groucho Marx (Julius Henry Marx), aunque ya se hab\u00eda publicado una versi\u00f3n similar, en Nueva Zelanda, desde 1973.<u><\/u><u><\/u><\/p>\n<p class=\"x_MsoNormal\">La cita es \u00fatil hoy para abordar el tema de los zigzagueos ideol\u00f3gicos, si se permite el t\u00e9rmino, de los pol\u00edticos que cambian de partido a conveniencia, como cambiar de ropa interior.<u><\/u><u><\/u><\/p>\n<p class=\"x_MsoNormal\">Los reacomodos en la pol\u00edtica son normales, al igual que los cambios de partido por parte de quienes se dedican a esta actividad. Hoy los vemos en el PAN, ma\u00f1ana en Morena y viceversa, aunque esas dos fuerzas pol\u00edticas tengan muy poco, casi nada en com\u00fan.<u><\/u><u><\/u><\/p>\n<p class=\"x_MsoNormal\">Es un fen\u00f3meno que ocurre en pr\u00e1cticamente todos los niveles.<u><\/u><u><\/u><\/p>\n<p class=\"x_MsoNormal\">Es com\u00fan que quienes cambian de partido pasen, por ejemplo, del PRI al PRD; o del PRD a Morena; lo que no es frecuente es ver a un panista pasarse del lado de L\u00f3pez Obrador, por ejemplo; por eso caus\u00f3 cierto impacto entre la clase pol\u00edtica el viraje de la senadora Gabriela Cuevas, quien dej\u00f3 atr\u00e1s su militancia en el albiazul para declararse inicialmente \u201cindependiente\u201d y asumir una postura de apoyo al tabasque\u00f1o en su aspiraci\u00f3n por llegar a la Presidencia de la Rep\u00fablica. Gaby Cuevas, como se le conoce en el ambiente pol\u00edtico, pasar\u00e1 de la C\u00e1mara Alta a la de Diputados por la v\u00eda plurinominal.<u><\/u><u><\/u><\/p>\n<p class=\"x_MsoNormal\">En Veracruz, uno de los cambios de chaqueta que m\u00e1s ha llamado la atenci\u00f3n en el ambiente pol\u00edtico y hasta empresarial es el del ex alcalde de Xalapa, ex diputado federal y ex legislador local Ricardo Ahued Bardahuil, quien se registr\u00f3 como aspirante de Morena al Senado.<u><\/u><u><\/u><\/p>\n<p class=\"x_MsoNormal\">Ricardo Ahued\u00a0\u00a0tiene una incuestionable trayectoria pol\u00edtica y un peso importante dentro del sector empresarial local; no se le conocen actos de corrupci\u00f3n ni de incongruencia pol\u00edtica; al contrario, se habla del valor de sus votaciones en las c\u00e1maras legislativas, dado que nunca fue un diputado alineado con el poder, a pesar de surgir del Revolucionario Institucional, donde la disciplina mal entendida es regla y no excepci\u00f3n.<u><\/u><u><\/u><\/p>\n<p class=\"x_MsoNormal\">Precisamente por esa actitud rebelde, congruente ser\u00eda mejor t\u00e9rmino, nadie critic\u00f3 al ex alcalde xalape\u00f1o cuando mostr\u00f3 su simpat\u00eda por Morena, donde sin duda se sentir\u00e1 m\u00e1s c\u00f3modo que en el PRI. Ahued no es el cascajo pol\u00edtico que, de acuerdo con sus detractores, recibe el partido de L\u00f3pez Obrador.<u><\/u><u><\/u><\/p>\n<p class=\"x_MsoNormal\">Algo diferente ocurre con la candidatura de Ana Miriam Ferr\u00e1ez, quien ser\u00e1 la abanderada de Morena-PES-PT a la diputaci\u00f3n local por el distrito de Xalapa.<u><\/u><u><\/u><\/p>\n<p class=\"x_MsoNormal\">Ana Miriam busc\u00f3 apenas hace un a\u00f1o la presidencia municipal de Xalapa por la alianza entre los partidos Acci\u00f3n Nacional y de la Revoluci\u00f3n Democr\u00e1tica.\u00a0\u00a0Fue derrotada de forma contundente por el actual alcalde, Hip\u00f3lito Rodr\u00edguez Herrero, quien le sac\u00f3 una ventaja de m\u00e1s de 24 mil votos y 15 puntos porcentuales. En pocas palabras, fue borrada del mapa en esa contienda.<u><\/u><u><\/u><\/p>\n<p class=\"x_MsoNormal\">Pues bien, Ferr\u00e1ez\u00a0\u00a0Centeno, integrante de una familia de radiodifusores, ha recibido cr\u00edticas, dado que hasta hace unos meses recorr\u00eda las calles de la capital veracruzana para pedir el voto para el PAN y ahora lo har\u00e1 para una opci\u00f3n que ideol\u00f3gicamente no tiene nada que ver con el blanquiazul.<u><\/u><u><\/u><\/p>\n<p class=\"x_MsoNormal\">A ese oportunismo pol\u00edtico que le se\u00f1alan a la ex candidata panista, hoy virtual abanderada de Morena a la diputaci\u00f3n por Xalapa, queda como anillo al dedo la frase que sobre los principios se le atribuye a Groucho Marx. @luisromero85<\/p>\n","protected":false},"excerpt":{"rendered":"<p>Luis Alberto Romero Hora Cero \u201cEstos son mis principios. Si no le gustan tengo otros\u201d; esa es una frase que se atribuye al humorista norteamericano Groucho Marx (Julius Henry Marx), aunque ya se hab\u00eda publicado una versi\u00f3n similar, en Nueva Zelanda, desde 1973. La cita es \u00fatil hoy para abordar el tema de los zigzagueos [&hellip;]<\/p>\n","protected":false},"author":2,"featured_media":0,"comment_status":"open","ping_status":"open","sticky":false,"template":"","format":"standard","meta":{"tdm_status":"","tdm_grid_status":"","footnotes":""},"categories":[70],"tags":[7408,618,10886,876],"class_list":{"0":"post-39732","1":"post","2":"type-post","3":"status-publish","4":"format-standard","6":"category-de-opinion","7":"tag-ana-miriam-ferraez","8":"tag-andres-manuel-lopez-obrador","9":"tag-ideologia","10":"tag-ricardo-ahued"},"yoast_head":"<!-- This site is optimized with the Yoast SEO plugin v27.4 - https:\/\/yoast.com\/product\/yoast-seo-wordpress\/ -->\n<title>El reciclaje pol\u00edtico - Los pol\u00edticos Veracruz<\/title>\n<meta name=\"robots\" content=\"index, follow, max-snippet:-1, max-image-preview:large, max-video-preview:-1\" \/>\n<link rel=\"canonical\" href=\"https:\/\/lospoliticosveracruz.com\/?p=39732\" \/>\n<meta property=\"og:locale\" content=\"es_ES\" \/>\n<meta property=\"og:type\" content=\"article\" \/>\n<meta property=\"og:title\" content=\"El reciclaje pol\u00edtico - Los pol\u00edticos Veracruz\" \/>\n<meta property=\"og:description\" content=\"Luis Alberto Romero Hora Cero \u201cEstos son mis principios. Si no le gustan tengo otros\u201d; esa es una frase que se atribuye al humorista norteamericano Groucho Marx (Julius Henry Marx), aunque ya se hab\u00eda publicado una versi\u00f3n similar, en Nueva Zelanda, desde 1973. La cita es \u00fatil hoy para abordar el tema de los zigzagueos [&hellip;]\" \/>\n<meta property=\"og:url\" content=\"https:\/\/lospoliticosveracruz.com\/?p=39732\" \/>\n<meta property=\"og:site_name\" content=\"Los pol\u00edticos Veracruz\" \/>\n<meta property=\"article:publisher\" content=\"https:\/\/www.facebook.com\/people\/Notimemes-de-los-Polticos\/61565672886568\/\" \/>\n<meta property=\"article:published_time\" content=\"2018-02-09T16:36:14+00:00\" \/>\n<meta property=\"article:modified_time\" content=\"2018-02-09T16:47:16+00:00\" \/>\n<meta property=\"og:image\" content=\"https:\/\/lospoliticosveracruz.com\/wp-content\/uploads\/2016\/07\/Logo-Dor.jpg\" \/>\n\t<meta property=\"og:image:width\" content=\"200\" \/>\n\t<meta property=\"og:image:height\" content=\"200\" \/>\n\t<meta property=\"og:image:type\" content=\"image\/jpeg\" \/>\n<meta name=\"author\" content=\"Lo viste en Los Pol\u00edticos\" \/>\n<meta name=\"twitter:card\" content=\"summary_large_image\" \/>\n<meta name=\"twitter:creator\" content=\"@LosPoliticosVer\" \/>\n<meta name=\"twitter:site\" content=\"@LosPoliticosVer\" \/>\n<meta name=\"twitter:label1\" content=\"Escrito por\" \/>\n\t<meta name=\"twitter:data1\" content=\"Lo viste en Los Pol\u00edticos\" \/>\n\t<meta name=\"twitter:label2\" content=\"Tiempo de lectura\" \/>\n\t<meta name=\"twitter:data2\" content=\"3 minutos\" \/>\n<script type=\"application\/ld+json\" class=\"yoast-schema-graph\">{\"@context\":\"https:\\\/\\\/schema.org\",\"@graph\":[{\"@type\":\"Article\",\"@id\":\"https:\\\/\\\/lospoliticosveracruz.com\\\/?p=39732#article\",\"isPartOf\":{\"@id\":\"https:\\\/\\\/lospoliticosveracruz.com\\\/?p=39732\"},\"author\":{\"name\":\"Lo viste en Los Pol\u00edticos\",\"@id\":\"https:\\\/\\\/lospoliticosveracruz.com\\\/#\\\/schema\\\/person\\\/b8702bb0e538456e6efd07080bf2a4a2\"},\"headline\":\"El reciclaje pol\u00edtico\",\"datePublished\":\"2018-02-09T16:36:14+00:00\",\"dateModified\":\"2018-02-09T16:47:16+00:00\",\"mainEntityOfPage\":{\"@id\":\"https:\\\/\\\/lospoliticosveracruz.com\\\/?p=39732\"},\"wordCount\":634,\"commentCount\":0,\"publisher\":{\"@id\":\"https:\\\/\\\/lospoliticosveracruz.com\\\/#organization\"},\"keywords\":[\"Ana Miriam Ferr\u00e1ez\",\"Andr\u00e9s Manuel L\u00f3pez Obrador\",\"Ideolog\u00eda\",\"Ricardo Ahued\"],\"articleSection\":[\"De Opini\u00f3n\"],\"inLanguage\":\"es\",\"potentialAction\":[{\"@type\":\"CommentAction\",\"name\":\"Comment\",\"target\":[\"https:\\\/\\\/lospoliticosveracruz.com\\\/?p=39732#respond\"]}]},{\"@type\":\"WebPage\",\"@id\":\"https:\\\/\\\/lospoliticosveracruz.com\\\/?p=39732\",\"url\":\"https:\\\/\\\/lospoliticosveracruz.com\\\/?p=39732\",\"name\":\"El reciclaje pol\u00edtico - Los pol\u00edticos Veracruz\",\"isPartOf\":{\"@id\":\"https:\\\/\\\/lospoliticosveracruz.com\\\/#website\"},\"datePublished\":\"2018-02-09T16:36:14+00:00\",\"dateModified\":\"2018-02-09T16:47:16+00:00\",\"breadcrumb\":{\"@id\":\"https:\\\/\\\/lospoliticosveracruz.com\\\/?p=39732#breadcrumb\"},\"inLanguage\":\"es\",\"potentialAction\":[{\"@type\":\"ReadAction\",\"target\":[\"https:\\\/\\\/lospoliticosveracruz.com\\\/?p=39732\"]}]},{\"@type\":\"BreadcrumbList\",\"@id\":\"https:\\\/\\\/lospoliticosveracruz.com\\\/?p=39732#breadcrumb\",\"itemListElement\":[{\"@type\":\"ListItem\",\"position\":1,\"name\":\"Portada\",\"item\":\"https:\\\/\\\/lospoliticosveracruz.com\\\/\"},{\"@type\":\"ListItem\",\"position\":2,\"name\":\"El reciclaje pol\u00edtico\"}]},{\"@type\":\"WebSite\",\"@id\":\"https:\\\/\\\/lospoliticosveracruz.com\\\/#website\",\"url\":\"https:\\\/\\\/lospoliticosveracruz.com\\\/\",\"name\":\"Los pol\u00edticos Veracruz\",\"description\":\"\",\"publisher\":{\"@id\":\"https:\\\/\\\/lospoliticosveracruz.com\\\/#organization\"},\"potentialAction\":[{\"@type\":\"SearchAction\",\"target\":{\"@type\":\"EntryPoint\",\"urlTemplate\":\"https:\\\/\\\/lospoliticosveracruz.com\\\/?s={search_term_string}\"},\"query-input\":{\"@type\":\"PropertyValueSpecification\",\"valueRequired\":true,\"valueName\":\"search_term_string\"}}],\"inLanguage\":\"es\"},{\"@type\":\"Organization\",\"@id\":\"https:\\\/\\\/lospoliticosveracruz.com\\\/#organization\",\"name\":\"Los pol\u00edticos Veracruz\",\"url\":\"https:\\\/\\\/lospoliticosveracruz.com\\\/\",\"logo\":{\"@type\":\"ImageObject\",\"inLanguage\":\"es\",\"@id\":\"https:\\\/\\\/lospoliticosveracruz.com\\\/#\\\/schema\\\/logo\\\/image\\\/\",\"url\":\"https:\\\/\\\/lospoliticosveracruz.com\\\/wp-content\\\/uploads\\\/2025\\\/12\\\/Logo-Nuevo-LOS-POLITICOS-1.jpg\",\"contentUrl\":\"https:\\\/\\\/lospoliticosveracruz.com\\\/wp-content\\\/uploads\\\/2025\\\/12\\\/Logo-Nuevo-LOS-POLITICOS-1.jpg\",\"width\":260,\"height\":70,\"caption\":\"Los pol\u00edticos Veracruz\"},\"image\":{\"@id\":\"https:\\\/\\\/lospoliticosveracruz.com\\\/#\\\/schema\\\/logo\\\/image\\\/\"},\"sameAs\":[\"https:\\\/\\\/www.facebook.com\\\/people\\\/Notimemes-de-los-Polticos\\\/61565672886568\\\/\",\"https:\\\/\\\/x.com\\\/LosPoliticosVer\"]},{\"@type\":\"Person\",\"@id\":\"https:\\\/\\\/lospoliticosveracruz.com\\\/#\\\/schema\\\/person\\\/b8702bb0e538456e6efd07080bf2a4a2\",\"name\":\"Lo viste en Los Pol\u00edticos\",\"image\":{\"@type\":\"ImageObject\",\"inLanguage\":\"es\",\"@id\":\"https:\\\/\\\/secure.gravatar.com\\\/avatar\\\/3a8de04a2656d44082be478bd6c086daa447c4651605818287b9532d3d0bd435?s=96&d=mm&r=g\",\"url\":\"https:\\\/\\\/secure.gravatar.com\\\/avatar\\\/3a8de04a2656d44082be478bd6c086daa447c4651605818287b9532d3d0bd435?s=96&d=mm&r=g\",\"contentUrl\":\"https:\\\/\\\/secure.gravatar.com\\\/avatar\\\/3a8de04a2656d44082be478bd6c086daa447c4651605818287b9532d3d0bd435?s=96&d=mm&r=g\",\"caption\":\"Lo viste en Los Pol\u00edticos\"},\"url\":\"https:\\\/\\\/lospoliticosveracruz.com\\\/?author=2\"}]}<\/script>\n<!-- \/ Yoast SEO plugin. -->","yoast_head_json":{"title":"El reciclaje pol\u00edtico - Los pol\u00edticos Veracruz","robots":{"index":"index","follow":"follow","max-snippet":"max-snippet:-1","max-image-preview":"max-image-preview:large","max-video-preview":"max-video-preview:-1"},"canonical":"https:\/\/lospoliticosveracruz.com\/?p=39732","og_locale":"es_ES","og_type":"article","og_title":"El reciclaje pol\u00edtico - Los pol\u00edticos Veracruz","og_description":"Luis Alberto Romero Hora Cero \u201cEstos son mis principios. Si no le gustan tengo otros\u201d; esa es una frase que se atribuye al humorista norteamericano Groucho Marx (Julius Henry Marx), aunque ya se hab\u00eda publicado una versi\u00f3n similar, en Nueva Zelanda, desde 1973. La cita es \u00fatil hoy para abordar el tema de los zigzagueos [&hellip;]","og_url":"https:\/\/lospoliticosveracruz.com\/?p=39732","og_site_name":"Los pol\u00edticos Veracruz","article_publisher":"https:\/\/www.facebook.com\/people\/Notimemes-de-los-Polticos\/61565672886568\/","article_published_time":"2018-02-09T16:36:14+00:00","article_modified_time":"2018-02-09T16:47:16+00:00","og_image":[{"width":200,"height":200,"url":"https:\/\/lospoliticosveracruz.com\/wp-content\/uploads\/2016\/07\/Logo-Dor.jpg","type":"image\/jpeg"}],"author":"Lo viste en Los Pol\u00edticos","twitter_card":"summary_large_image","twitter_creator":"@LosPoliticosVer","twitter_site":"@LosPoliticosVer","twitter_misc":{"Escrito por":"Lo viste en Los Pol\u00edticos","Tiempo de lectura":"3 minutos"},"schema":{"@context":"https:\/\/schema.org","@graph":[{"@type":"Article","@id":"https:\/\/lospoliticosveracruz.com\/?p=39732#article","isPartOf":{"@id":"https:\/\/lospoliticosveracruz.com\/?p=39732"},"author":{"name":"Lo viste en Los Pol\u00edticos","@id":"https:\/\/lospoliticosveracruz.com\/#\/schema\/person\/b8702bb0e538456e6efd07080bf2a4a2"},"headline":"El reciclaje pol\u00edtico","datePublished":"2018-02-09T16:36:14+00:00","dateModified":"2018-02-09T16:47:16+00:00","mainEntityOfPage":{"@id":"https:\/\/lospoliticosveracruz.com\/?p=39732"},"wordCount":634,"commentCount":0,"publisher":{"@id":"https:\/\/lospoliticosveracruz.com\/#organization"},"keywords":["Ana Miriam Ferr\u00e1ez","Andr\u00e9s Manuel L\u00f3pez Obrador","Ideolog\u00eda","Ricardo Ahued"],"articleSection":["De Opini\u00f3n"],"inLanguage":"es","potentialAction":[{"@type":"CommentAction","name":"Comment","target":["https:\/\/lospoliticosveracruz.com\/?p=39732#respond"]}]},{"@type":"WebPage","@id":"https:\/\/lospoliticosveracruz.com\/?p=39732","url":"https:\/\/lospoliticosveracruz.com\/?p=39732","name":"El reciclaje pol\u00edtico - Los pol\u00edticos Veracruz","isPartOf":{"@id":"https:\/\/lospoliticosveracruz.com\/#website"},"datePublished":"2018-02-09T16:36:14+00:00","dateModified":"2018-02-09T16:47:16+00:00","breadcrumb":{"@id":"https:\/\/lospoliticosveracruz.com\/?p=39732#breadcrumb"},"inLanguage":"es","potentialAction":[{"@type":"ReadAction","target":["https:\/\/lospoliticosveracruz.com\/?p=39732"]}]},{"@type":"BreadcrumbList","@id":"https:\/\/lospoliticosveracruz.com\/?p=39732#breadcrumb","itemListElement":[{"@type":"ListItem","position":1,"name":"Portada","item":"https:\/\/lospoliticosveracruz.com\/"},{"@type":"ListItem","position":2,"name":"El reciclaje pol\u00edtico"}]},{"@type":"WebSite","@id":"https:\/\/lospoliticosveracruz.com\/#website","url":"https:\/\/lospoliticosveracruz.com\/","name":"Los pol\u00edticos Veracruz","description":"","publisher":{"@id":"https:\/\/lospoliticosveracruz.com\/#organization"},"potentialAction":[{"@type":"SearchAction","target":{"@type":"EntryPoint","urlTemplate":"https:\/\/lospoliticosveracruz.com\/?s={search_term_string}"},"query-input":{"@type":"PropertyValueSpecification","valueRequired":true,"valueName":"search_term_string"}}],"inLanguage":"es"},{"@type":"Organization","@id":"https:\/\/lospoliticosveracruz.com\/#organization","name":"Los pol\u00edticos Veracruz","url":"https:\/\/lospoliticosveracruz.com\/","logo":{"@type":"ImageObject","inLanguage":"es","@id":"https:\/\/lospoliticosveracruz.com\/#\/schema\/logo\/image\/","url":"https:\/\/lospoliticosveracruz.com\/wp-content\/uploads\/2025\/12\/Logo-Nuevo-LOS-POLITICOS-1.jpg","contentUrl":"https:\/\/lospoliticosveracruz.com\/wp-content\/uploads\/2025\/12\/Logo-Nuevo-LOS-POLITICOS-1.jpg","width":260,"height":70,"caption":"Los pol\u00edticos Veracruz"},"image":{"@id":"https:\/\/lospoliticosveracruz.com\/#\/schema\/logo\/image\/"},"sameAs":["https:\/\/www.facebook.com\/people\/Notimemes-de-los-Polticos\/61565672886568\/","https:\/\/x.com\/LosPoliticosVer"]},{"@type":"Person","@id":"https:\/\/lospoliticosveracruz.com\/#\/schema\/person\/b8702bb0e538456e6efd07080bf2a4a2","name":"Lo viste en Los Pol\u00edticos","image":{"@type":"ImageObject","inLanguage":"es","@id":"https:\/\/secure.gravatar.com\/avatar\/3a8de04a2656d44082be478bd6c086daa447c4651605818287b9532d3d0bd435?s=96&d=mm&r=g","url":"https:\/\/secure.gravatar.com\/avatar\/3a8de04a2656d44082be478bd6c086daa447c4651605818287b9532d3d0bd435?s=96&d=mm&r=g","contentUrl":"https:\/\/secure.gravatar.com\/avatar\/3a8de04a2656d44082be478bd6c086daa447c4651605818287b9532d3d0bd435?s=96&d=mm&r=g","caption":"Lo viste en Los Pol\u00edticos"},"url":"https:\/\/lospoliticosveracruz.com\/?author=2"}]}},"_links":{"self":[{"href":"https:\/\/lospoliticosveracruz.com\/index.php?rest_route=\/wp\/v2\/posts\/39732","targetHints":{"allow":["GET"]}}],"collection":[{"href":"https:\/\/lospoliticosveracruz.com\/index.php?rest_route=\/wp\/v2\/posts"}],"about":[{"href":"https:\/\/lospoliticosveracruz.com\/index.php?rest_route=\/wp\/v2\/types\/post"}],"author":[{"embeddable":true,"href":"https:\/\/lospoliticosveracruz.com\/index.php?rest_route=\/wp\/v2\/users\/2"}],"replies":[{"embeddable":true,"href":"https:\/\/lospoliticosveracruz.com\/index.php?rest_route=%2Fwp%2Fv2%2Fcomments&post=39732"}],"version-history":[{"count":2,"href":"https:\/\/lospoliticosveracruz.com\/index.php?rest_route=\/wp\/v2\/posts\/39732\/revisions"}],"predecessor-version":[{"id":39734,"href":"https:\/\/lospoliticosveracruz.com\/index.php?rest_route=\/wp\/v2\/posts\/39732\/revisions\/39734"}],"wp:attachment":[{"href":"https:\/\/lospoliticosveracruz.com\/index.php?rest_route=%2Fwp%2Fv2%2Fmedia&parent=39732"}],"wp:term":[{"taxonomy":"category","embeddable":true,"href":"https:\/\/lospoliticosveracruz.com\/index.php?rest_route=%2Fwp%2Fv2%2Fcategories&post=39732"},{"taxonomy":"post_tag","embeddable":true,"href":"https:\/\/lospoliticosveracruz.com\/index.php?rest_route=%2Fwp%2Fv2%2Ftags&post=39732"}],"curies":[{"name":"wp","href":"https:\/\/api.w.org\/{rel}","templated":true}]}}