{"id":39773,"date":"2018-02-12T16:42:03","date_gmt":"2018-02-12T22:42:03","guid":{"rendered":"http:\/\/www.lospoliticosveracruz.com.mx\/?p=39773"},"modified":"2018-02-12T16:42:03","modified_gmt":"2018-02-12T22:42:03","slug":"el-riesgoso-ciclo-de-la-corrupcion-anterior","status":"publish","type":"post","link":"https:\/\/lospoliticosveracruz.com\/?p=39773","title":{"rendered":"El riesgoso\u00a0ciclo de la corrupci\u00f3n anterior"},"content":{"rendered":"<p class=\"x_m_-7395969193675267257x_Standard\" style=\"text-align: left;\" align=\"center\"><strong><span lang=\"ES-MX\">Ricardo V\u00e1zquez S.<\/span><\/strong><\/p>\n<p class=\"x_m_-7395969193675267257x_Standard\" style=\"text-align: left;\" align=\"center\"><em><span lang=\"ES-MX\">Esfera Pol\u00edtica<\/span><\/em><\/p>\n<p class=\"x_m_-7395969193675267257x_Standard\" align=\"center\">\n<p class=\"x_m_-7395969193675267257x_Textbody\" align=\"center\"><b><span lang=\"ES-MX\">\u00a0<\/span><\/b><\/p>\n<p class=\"x_m_-7395969193675267257x_MsoNormal\"><span lang=\"ES-MX\">\u00abGana una oposici\u00f3n y acusa al corruptor anterior. Vuelve la otra parte y acusa al corruptor previo, y los dos tienen algo de raz\u00f3n. El juego pol\u00edtico es muy dif\u00edcil\u00bb. El desarrollo de los acontecimientos conduce a puntualizar que no tienen desperdicio las palabras vertidas por el Papa Francisco hace poco menos de tres semanas durante su visita a Per\u00fa. \u00abNo descuidemos eso, porque si caemos en manos de personas que s\u00f3lo entienden el lenguaje de la corrupci\u00f3n, estamos fritos\u00bb, enfatiz\u00f3 el Sumo Pont\u00edfice.<\/span><\/p>\n<p class=\"x_m_-7395969193675267257x_MsoNormal\"><span lang=\"ES-MX\">Advirti\u00f3 Francisco que la corrupci\u00f3n, la soberbia y el ego\u00edsmo son \u201cenfermedades del coraz\u00f3n\u201d. En gran parte de Latinoam\u00e9rica, \u00abla pol\u00edtica est\u00e1 enferma, muy enferma\u00bb, precis\u00f3 en el marco de un encuentro informal con los obispos peruanos.<\/span><\/p>\n<p class=\"x_m_-7395969193675267257x_MsoNormal\"><span lang=\"ES-MX\">Pidi\u00f3 a los obispos que no tengan miedo \u00aba denunciar los abusos y los excesos\u00bb, como hizo santo Toribio Mogrovejo, durante un encuentro en el arzobispado en la tierra de Mario Vargas Llosa. El Vicario de Cristo llam\u00f3 a luchar contra el \u00abvirus\u00bb de la corrupci\u00f3n, que lo \u00abinfecta todo\u00bb.<\/span><\/p>\n<p class=\"x_m_-7395969193675267257x_MsoNormal\"><span lang=\"ES-MX\">Despu\u00e9s de que por muchos a\u00f1os la mayor\u00eda de los obispos estaban contagiados por el mutis, el mensaje de Jorge Mario Bergoglio fue contundente. No estaba dirigido \u00fanicamente a los prelados peruanos, era para todos alrededor del mundo.\u00a0 La invitaci\u00f3n fue captada y los ha movido. Sin duda.<\/span><\/p>\n<p class=\"x_m_-7395969193675267257x_MsoNormal\"><span lang=\"ES-MX\">Con el t\u00edtulo Hartazgo Electoral, el editorial del semanario Desde La fe, editado por la Arquidi\u00f3cesis de M\u00e9xico, se fue con todo, al calificar al Instituto Nacional Electoral, INE, como una \u201cautoridad desdentada y d\u00e9bil, que tiene encima una mara\u00f1a casi imposible de deshacer de forma pronta y expedita por el bien de millones de personas hastiadas de una farsa democr\u00e1tica y de un aparato electoral groso, que exige m\u00e1s y m\u00e1s dinero, mientras el votante soporta la inflaci\u00f3n diaria y el repunte de precios que siguen impactando la magra y empobrecida econom\u00eda de las familias mexicanas\u201d.<\/span><\/p>\n<p class=\"x_m_-7395969193675267257x_MsoNormal\"><span lang=\"ES-MX\">El semanario afirma que con las precampa\u00f1as se realiz\u00f3 una simulaci\u00f3n, porque dio a entender que realmente no existe diferencia alguna entre precampa\u00f1as y campa\u00f1as y que ni siquiera implic\u00f3 alg\u00fan ahorro de recursos.<\/span><\/p>\n<p class=\"x_m_-7395969193675267257x_MsoNormal\"><span lang=\"ES-MX\">En el Vaticano hay indignaci\u00f3n, por dos razones, primero por el asesinato de otros dos sacerdotes en territorio mexicano: Germain Mu\u00f1iz Garc\u00eda, p\u00e1rroco de la iglesia de San Crist\u00f3bal, en el poblado minero de Mezcala, e Iv\u00e1n A\u00f1orve Jaimes, p\u00e1rroco de la iglesia de la Sagrada Familia en el poblado de Las Vigas, municipio de San Marcos, en la regi\u00f3n de la Costa Chica. En seguida debido a que las autoridades del gobierno de Guerrero que encabeza H\u00e9ctor Astudillo Flores han pretendido \u2013lo que se ha hecho una costumbre- criminalizar a los cl\u00e9rigos liquidados a balazos en una emboscada, al regreso de la celebraci\u00f3n de la virgen de La Candelaria; cuatro personas m\u00e1s resultaron heridas. Astudillo se ha encargado de filtrar en medios supuestas fotos comprometedoras de miembros del clero. Con ello intenta justificar el mandatario estatal el caos que impera en esa entidad. \u00a0<\/span><\/p>\n<p class=\"x_m_-7395969193675267257x_MsoNormal\"><span lang=\"ES-MX\">M\u00e9xico se ha vuelto una naci\u00f3n de alto riesgo para el ejercicio del periodismo, pero tambi\u00e9n para el ministerio sacerdotal. Veracruz no ha escapado a las agresiones en estas esferas.<\/span><\/p>\n<p class=\"x_m_-7395969193675267257x_MsoNormal\"><span lang=\"ES-MX\">Como se recordar\u00e1 en septiembre de 2016 en Poza Rica fueron asesinados los sacerdotes Alejo Nabor Jim\u00e9nez y Jos\u00e9 Alfredo Su\u00e1rez. La salida que le dio al suceso el entonces fiscal general de Veracruz, Luis \u00c1ngel Bravo Contreras, fue: \u201cAqu\u00ed, v\u00edctimas y victimarios se conoc\u00edan, estaban conviviendo y estaban tomando licor, despu\u00e9s de cierto rato de estar conviviendo se descompuso esa reuni\u00f3n y se torn\u00f3 en violencia\u201c. Con eso \u201cse quit\u00f3\u201d la fuerte presi\u00f3n el fiscal, aun cuando los cl\u00e9rigos hab\u00edan sido secuestrados y torturados.<\/span><\/p>\n<p class=\"x_m_-7395969193675267257x_MsoNormal\"><span lang=\"ES-MX\">Que esta vez s\u00ed va en serio. En el ambiente pol\u00edtico en la antigua Tenochtitlan, en los \u00faltimos tres d\u00edas ha circulado la versi\u00f3n que las autoridades federales dejar\u00e1n caer el peso de la ley a importantes ex funcionarios estatales, basadas en las denuncias ante la Procuradur\u00eda General de la Rep\u00fablica, entre las que se encuentran las 71 interpuestas por la Auditor\u00eda Superior de la Federaci\u00f3n. Lo que nunca hicieron las instancias correspondientes estatales en la llamada Docena Tr\u00e1gica. \u00a0<\/span><\/p>\n<p class=\"x_m_-7395969193675267257x_MsoNormal\"><span lang=\"ES-MX\">Son tiempos electorales y el tricolor veracruzano est\u00e1 necesitado de ox\u00edgeno. \u00a0\u00a0\u00a0\u00a0<\/span><\/p>\n<p><a href=\"mailto:rvazquez002@yahoo.com.mx\" target=\"_blank\" rel=\"noopener noreferrer\"><span lang=\"ES-MX\">rvazquez002@yahoo.com.mx<\/span><\/a><\/p>\n","protected":false},"excerpt":{"rendered":"<p>Ricardo V\u00e1zquez S. Esfera Pol\u00edtica \u00a0 \u00abGana una oposici\u00f3n y acusa al corruptor anterior. Vuelve la otra parte y acusa al corruptor previo, y los dos tienen algo de raz\u00f3n. El juego pol\u00edtico es muy dif\u00edcil\u00bb. El desarrollo de los acontecimientos conduce a puntualizar que no tienen desperdicio las palabras vertidas por el Papa Francisco [&hellip;]<\/p>\n","protected":false},"author":2,"featured_media":0,"comment_status":"open","ping_status":"open","sticky":false,"template":"","format":"standard","meta":{"tdm_status":"","tdm_grid_status":"","footnotes":""},"categories":[70],"tags":[282,10915,10914,3599,671,10913],"class_list":{"0":"post-39773","1":"post","2":"type-post","3":"status-publish","4":"format-standard","6":"category-de-opinion","7":"tag-corrupcion","8":"tag-germain-muniz-garcia","9":"tag-ivan-anorve-jaimes","10":"tag-jorge-mario-bergoglio","11":"tag-papa-francisco","12":"tag-toribio-mogrovejo"},"yoast_head":"<!-- This site is optimized with the Yoast SEO plugin v27.4 - https:\/\/yoast.com\/product\/yoast-seo-wordpress\/ -->\n<title>El riesgoso\u00a0ciclo de la corrupci\u00f3n anterior - Los pol\u00edticos Veracruz<\/title>\n<meta name=\"robots\" content=\"index, follow, max-snippet:-1, max-image-preview:large, max-video-preview:-1\" \/>\n<link rel=\"canonical\" href=\"https:\/\/lospoliticosveracruz.com\/?p=39773\" \/>\n<meta property=\"og:locale\" content=\"es_ES\" \/>\n<meta property=\"og:type\" content=\"article\" \/>\n<meta property=\"og:title\" content=\"El riesgoso\u00a0ciclo de la corrupci\u00f3n anterior - Los pol\u00edticos Veracruz\" \/>\n<meta property=\"og:description\" content=\"Ricardo V\u00e1zquez S. Esfera Pol\u00edtica \u00a0 \u00abGana una oposici\u00f3n y acusa al corruptor anterior. Vuelve la otra parte y acusa al corruptor previo, y los dos tienen algo de raz\u00f3n. El juego pol\u00edtico es muy dif\u00edcil\u00bb. El desarrollo de los acontecimientos conduce a puntualizar que no tienen desperdicio las palabras vertidas por el Papa Francisco [&hellip;]\" \/>\n<meta property=\"og:url\" content=\"https:\/\/lospoliticosveracruz.com\/?p=39773\" \/>\n<meta property=\"og:site_name\" content=\"Los pol\u00edticos Veracruz\" \/>\n<meta property=\"article:publisher\" content=\"https:\/\/www.facebook.com\/people\/Notimemes-de-los-Polticos\/61565672886568\/\" \/>\n<meta property=\"article:published_time\" content=\"2018-02-12T22:42:03+00:00\" \/>\n<meta property=\"og:image\" content=\"https:\/\/lospoliticosveracruz.com\/wp-content\/uploads\/2016\/07\/Logo-Dor.jpg\" \/>\n\t<meta property=\"og:image:width\" content=\"200\" \/>\n\t<meta property=\"og:image:height\" content=\"200\" \/>\n\t<meta property=\"og:image:type\" content=\"image\/jpeg\" \/>\n<meta name=\"author\" content=\"Lo viste en Los Pol\u00edticos\" \/>\n<meta name=\"twitter:card\" content=\"summary_large_image\" \/>\n<meta name=\"twitter:creator\" content=\"@LosPoliticosVer\" \/>\n<meta name=\"twitter:site\" content=\"@LosPoliticosVer\" \/>\n<meta name=\"twitter:label1\" content=\"Escrito por\" \/>\n\t<meta name=\"twitter:data1\" content=\"Lo viste en Los Pol\u00edticos\" \/>\n\t<meta name=\"twitter:label2\" content=\"Tiempo de lectura\" \/>\n\t<meta name=\"twitter:data2\" content=\"4 minutos\" \/>\n<script type=\"application\/ld+json\" class=\"yoast-schema-graph\">{\"@context\":\"https:\\\/\\\/schema.org\",\"@graph\":[{\"@type\":\"Article\",\"@id\":\"https:\\\/\\\/lospoliticosveracruz.com\\\/?p=39773#article\",\"isPartOf\":{\"@id\":\"https:\\\/\\\/lospoliticosveracruz.com\\\/?p=39773\"},\"author\":{\"name\":\"Lo viste en Los Pol\u00edticos\",\"@id\":\"https:\\\/\\\/lospoliticosveracruz.com\\\/#\\\/schema\\\/person\\\/b8702bb0e538456e6efd07080bf2a4a2\"},\"headline\":\"El riesgoso\u00a0ciclo de la corrupci\u00f3n anterior\",\"datePublished\":\"2018-02-12T22:42:03+00:00\",\"mainEntityOfPage\":{\"@id\":\"https:\\\/\\\/lospoliticosveracruz.com\\\/?p=39773\"},\"wordCount\":783,\"commentCount\":0,\"publisher\":{\"@id\":\"https:\\\/\\\/lospoliticosveracruz.com\\\/#organization\"},\"keywords\":[\"corrupci\u00f3n\",\"Germain Mu\u00f1iz Garc\u00eda\",\"Iv\u00e1n A\u00f1orve Jaimes\",\"Jorge Mario Bergoglio\",\"Papa Francisco\",\"Toribio Mogrovejo\"],\"articleSection\":[\"De Opini\u00f3n\"],\"inLanguage\":\"es\",\"potentialAction\":[{\"@type\":\"CommentAction\",\"name\":\"Comment\",\"target\":[\"https:\\\/\\\/lospoliticosveracruz.com\\\/?p=39773#respond\"]}]},{\"@type\":\"WebPage\",\"@id\":\"https:\\\/\\\/lospoliticosveracruz.com\\\/?p=39773\",\"url\":\"https:\\\/\\\/lospoliticosveracruz.com\\\/?p=39773\",\"name\":\"El riesgoso\u00a0ciclo de la corrupci\u00f3n anterior - Los pol\u00edticos Veracruz\",\"isPartOf\":{\"@id\":\"https:\\\/\\\/lospoliticosveracruz.com\\\/#website\"},\"datePublished\":\"2018-02-12T22:42:03+00:00\",\"breadcrumb\":{\"@id\":\"https:\\\/\\\/lospoliticosveracruz.com\\\/?p=39773#breadcrumb\"},\"inLanguage\":\"es\",\"potentialAction\":[{\"@type\":\"ReadAction\",\"target\":[\"https:\\\/\\\/lospoliticosveracruz.com\\\/?p=39773\"]}]},{\"@type\":\"BreadcrumbList\",\"@id\":\"https:\\\/\\\/lospoliticosveracruz.com\\\/?p=39773#breadcrumb\",\"itemListElement\":[{\"@type\":\"ListItem\",\"position\":1,\"name\":\"Portada\",\"item\":\"https:\\\/\\\/lospoliticosveracruz.com\\\/\"},{\"@type\":\"ListItem\",\"position\":2,\"name\":\"El riesgoso\u00a0ciclo de la corrupci\u00f3n anterior\"}]},{\"@type\":\"WebSite\",\"@id\":\"https:\\\/\\\/lospoliticosveracruz.com\\\/#website\",\"url\":\"https:\\\/\\\/lospoliticosveracruz.com\\\/\",\"name\":\"Los pol\u00edticos Veracruz\",\"description\":\"\",\"publisher\":{\"@id\":\"https:\\\/\\\/lospoliticosveracruz.com\\\/#organization\"},\"potentialAction\":[{\"@type\":\"SearchAction\",\"target\":{\"@type\":\"EntryPoint\",\"urlTemplate\":\"https:\\\/\\\/lospoliticosveracruz.com\\\/?s={search_term_string}\"},\"query-input\":{\"@type\":\"PropertyValueSpecification\",\"valueRequired\":true,\"valueName\":\"search_term_string\"}}],\"inLanguage\":\"es\"},{\"@type\":\"Organization\",\"@id\":\"https:\\\/\\\/lospoliticosveracruz.com\\\/#organization\",\"name\":\"Los pol\u00edticos Veracruz\",\"url\":\"https:\\\/\\\/lospoliticosveracruz.com\\\/\",\"logo\":{\"@type\":\"ImageObject\",\"inLanguage\":\"es\",\"@id\":\"https:\\\/\\\/lospoliticosveracruz.com\\\/#\\\/schema\\\/logo\\\/image\\\/\",\"url\":\"https:\\\/\\\/lospoliticosveracruz.com\\\/wp-content\\\/uploads\\\/2025\\\/12\\\/Logo-Nuevo-LOS-POLITICOS-1.jpg\",\"contentUrl\":\"https:\\\/\\\/lospoliticosveracruz.com\\\/wp-content\\\/uploads\\\/2025\\\/12\\\/Logo-Nuevo-LOS-POLITICOS-1.jpg\",\"width\":260,\"height\":70,\"caption\":\"Los pol\u00edticos Veracruz\"},\"image\":{\"@id\":\"https:\\\/\\\/lospoliticosveracruz.com\\\/#\\\/schema\\\/logo\\\/image\\\/\"},\"sameAs\":[\"https:\\\/\\\/www.facebook.com\\\/people\\\/Notimemes-de-los-Polticos\\\/61565672886568\\\/\",\"https:\\\/\\\/x.com\\\/LosPoliticosVer\"]},{\"@type\":\"Person\",\"@id\":\"https:\\\/\\\/lospoliticosveracruz.com\\\/#\\\/schema\\\/person\\\/b8702bb0e538456e6efd07080bf2a4a2\",\"name\":\"Lo viste en Los Pol\u00edticos\",\"image\":{\"@type\":\"ImageObject\",\"inLanguage\":\"es\",\"@id\":\"https:\\\/\\\/secure.gravatar.com\\\/avatar\\\/3a8de04a2656d44082be478bd6c086daa447c4651605818287b9532d3d0bd435?s=96&d=mm&r=g\",\"url\":\"https:\\\/\\\/secure.gravatar.com\\\/avatar\\\/3a8de04a2656d44082be478bd6c086daa447c4651605818287b9532d3d0bd435?s=96&d=mm&r=g\",\"contentUrl\":\"https:\\\/\\\/secure.gravatar.com\\\/avatar\\\/3a8de04a2656d44082be478bd6c086daa447c4651605818287b9532d3d0bd435?s=96&d=mm&r=g\",\"caption\":\"Lo viste en Los Pol\u00edticos\"},\"url\":\"https:\\\/\\\/lospoliticosveracruz.com\\\/?author=2\"}]}<\/script>\n<!-- \/ Yoast SEO plugin. -->","yoast_head_json":{"title":"El riesgoso\u00a0ciclo de la corrupci\u00f3n anterior - Los pol\u00edticos Veracruz","robots":{"index":"index","follow":"follow","max-snippet":"max-snippet:-1","max-image-preview":"max-image-preview:large","max-video-preview":"max-video-preview:-1"},"canonical":"https:\/\/lospoliticosveracruz.com\/?p=39773","og_locale":"es_ES","og_type":"article","og_title":"El riesgoso\u00a0ciclo de la corrupci\u00f3n anterior - Los pol\u00edticos Veracruz","og_description":"Ricardo V\u00e1zquez S. Esfera Pol\u00edtica \u00a0 \u00abGana una oposici\u00f3n y acusa al corruptor anterior. Vuelve la otra parte y acusa al corruptor previo, y los dos tienen algo de raz\u00f3n. El juego pol\u00edtico es muy dif\u00edcil\u00bb. El desarrollo de los acontecimientos conduce a puntualizar que no tienen desperdicio las palabras vertidas por el Papa Francisco [&hellip;]","og_url":"https:\/\/lospoliticosveracruz.com\/?p=39773","og_site_name":"Los pol\u00edticos Veracruz","article_publisher":"https:\/\/www.facebook.com\/people\/Notimemes-de-los-Polticos\/61565672886568\/","article_published_time":"2018-02-12T22:42:03+00:00","og_image":[{"width":200,"height":200,"url":"https:\/\/lospoliticosveracruz.com\/wp-content\/uploads\/2016\/07\/Logo-Dor.jpg","type":"image\/jpeg"}],"author":"Lo viste en Los Pol\u00edticos","twitter_card":"summary_large_image","twitter_creator":"@LosPoliticosVer","twitter_site":"@LosPoliticosVer","twitter_misc":{"Escrito por":"Lo viste en Los Pol\u00edticos","Tiempo de lectura":"4 minutos"},"schema":{"@context":"https:\/\/schema.org","@graph":[{"@type":"Article","@id":"https:\/\/lospoliticosveracruz.com\/?p=39773#article","isPartOf":{"@id":"https:\/\/lospoliticosveracruz.com\/?p=39773"},"author":{"name":"Lo viste en Los Pol\u00edticos","@id":"https:\/\/lospoliticosveracruz.com\/#\/schema\/person\/b8702bb0e538456e6efd07080bf2a4a2"},"headline":"El riesgoso\u00a0ciclo de la corrupci\u00f3n anterior","datePublished":"2018-02-12T22:42:03+00:00","mainEntityOfPage":{"@id":"https:\/\/lospoliticosveracruz.com\/?p=39773"},"wordCount":783,"commentCount":0,"publisher":{"@id":"https:\/\/lospoliticosveracruz.com\/#organization"},"keywords":["corrupci\u00f3n","Germain Mu\u00f1iz Garc\u00eda","Iv\u00e1n A\u00f1orve Jaimes","Jorge Mario Bergoglio","Papa Francisco","Toribio Mogrovejo"],"articleSection":["De Opini\u00f3n"],"inLanguage":"es","potentialAction":[{"@type":"CommentAction","name":"Comment","target":["https:\/\/lospoliticosveracruz.com\/?p=39773#respond"]}]},{"@type":"WebPage","@id":"https:\/\/lospoliticosveracruz.com\/?p=39773","url":"https:\/\/lospoliticosveracruz.com\/?p=39773","name":"El riesgoso\u00a0ciclo de la corrupci\u00f3n anterior - Los pol\u00edticos Veracruz","isPartOf":{"@id":"https:\/\/lospoliticosveracruz.com\/#website"},"datePublished":"2018-02-12T22:42:03+00:00","breadcrumb":{"@id":"https:\/\/lospoliticosveracruz.com\/?p=39773#breadcrumb"},"inLanguage":"es","potentialAction":[{"@type":"ReadAction","target":["https:\/\/lospoliticosveracruz.com\/?p=39773"]}]},{"@type":"BreadcrumbList","@id":"https:\/\/lospoliticosveracruz.com\/?p=39773#breadcrumb","itemListElement":[{"@type":"ListItem","position":1,"name":"Portada","item":"https:\/\/lospoliticosveracruz.com\/"},{"@type":"ListItem","position":2,"name":"El riesgoso\u00a0ciclo de la corrupci\u00f3n anterior"}]},{"@type":"WebSite","@id":"https:\/\/lospoliticosveracruz.com\/#website","url":"https:\/\/lospoliticosveracruz.com\/","name":"Los pol\u00edticos Veracruz","description":"","publisher":{"@id":"https:\/\/lospoliticosveracruz.com\/#organization"},"potentialAction":[{"@type":"SearchAction","target":{"@type":"EntryPoint","urlTemplate":"https:\/\/lospoliticosveracruz.com\/?s={search_term_string}"},"query-input":{"@type":"PropertyValueSpecification","valueRequired":true,"valueName":"search_term_string"}}],"inLanguage":"es"},{"@type":"Organization","@id":"https:\/\/lospoliticosveracruz.com\/#organization","name":"Los pol\u00edticos Veracruz","url":"https:\/\/lospoliticosveracruz.com\/","logo":{"@type":"ImageObject","inLanguage":"es","@id":"https:\/\/lospoliticosveracruz.com\/#\/schema\/logo\/image\/","url":"https:\/\/lospoliticosveracruz.com\/wp-content\/uploads\/2025\/12\/Logo-Nuevo-LOS-POLITICOS-1.jpg","contentUrl":"https:\/\/lospoliticosveracruz.com\/wp-content\/uploads\/2025\/12\/Logo-Nuevo-LOS-POLITICOS-1.jpg","width":260,"height":70,"caption":"Los pol\u00edticos Veracruz"},"image":{"@id":"https:\/\/lospoliticosveracruz.com\/#\/schema\/logo\/image\/"},"sameAs":["https:\/\/www.facebook.com\/people\/Notimemes-de-los-Polticos\/61565672886568\/","https:\/\/x.com\/LosPoliticosVer"]},{"@type":"Person","@id":"https:\/\/lospoliticosveracruz.com\/#\/schema\/person\/b8702bb0e538456e6efd07080bf2a4a2","name":"Lo viste en Los Pol\u00edticos","image":{"@type":"ImageObject","inLanguage":"es","@id":"https:\/\/secure.gravatar.com\/avatar\/3a8de04a2656d44082be478bd6c086daa447c4651605818287b9532d3d0bd435?s=96&d=mm&r=g","url":"https:\/\/secure.gravatar.com\/avatar\/3a8de04a2656d44082be478bd6c086daa447c4651605818287b9532d3d0bd435?s=96&d=mm&r=g","contentUrl":"https:\/\/secure.gravatar.com\/avatar\/3a8de04a2656d44082be478bd6c086daa447c4651605818287b9532d3d0bd435?s=96&d=mm&r=g","caption":"Lo viste en Los Pol\u00edticos"},"url":"https:\/\/lospoliticosveracruz.com\/?author=2"}]}},"_links":{"self":[{"href":"https:\/\/lospoliticosveracruz.com\/index.php?rest_route=\/wp\/v2\/posts\/39773","targetHints":{"allow":["GET"]}}],"collection":[{"href":"https:\/\/lospoliticosveracruz.com\/index.php?rest_route=\/wp\/v2\/posts"}],"about":[{"href":"https:\/\/lospoliticosveracruz.com\/index.php?rest_route=\/wp\/v2\/types\/post"}],"author":[{"embeddable":true,"href":"https:\/\/lospoliticosveracruz.com\/index.php?rest_route=\/wp\/v2\/users\/2"}],"replies":[{"embeddable":true,"href":"https:\/\/lospoliticosveracruz.com\/index.php?rest_route=%2Fwp%2Fv2%2Fcomments&post=39773"}],"version-history":[{"count":1,"href":"https:\/\/lospoliticosveracruz.com\/index.php?rest_route=\/wp\/v2\/posts\/39773\/revisions"}],"predecessor-version":[{"id":39774,"href":"https:\/\/lospoliticosveracruz.com\/index.php?rest_route=\/wp\/v2\/posts\/39773\/revisions\/39774"}],"wp:attachment":[{"href":"https:\/\/lospoliticosveracruz.com\/index.php?rest_route=%2Fwp%2Fv2%2Fmedia&parent=39773"}],"wp:term":[{"taxonomy":"category","embeddable":true,"href":"https:\/\/lospoliticosveracruz.com\/index.php?rest_route=%2Fwp%2Fv2%2Fcategories&post=39773"},{"taxonomy":"post_tag","embeddable":true,"href":"https:\/\/lospoliticosveracruz.com\/index.php?rest_route=%2Fwp%2Fv2%2Ftags&post=39773"}],"curies":[{"name":"wp","href":"https:\/\/api.w.org\/{rel}","templated":true}]}}