{"id":39784,"date":"2018-02-13T22:55:47","date_gmt":"2018-02-14T04:55:47","guid":{"rendered":"http:\/\/www.lospoliticosveracruz.com.mx\/?p=39784"},"modified":"2018-02-13T19:40:38","modified_gmt":"2018-02-14T01:40:38","slug":"amor-y-politica-2","status":"publish","type":"post","link":"https:\/\/lospoliticosveracruz.com\/?p=39784","title":{"rendered":"Amor y pol\u00edtica"},"content":{"rendered":"<p><strong>Salvador Mu\u00f1oz<\/strong><\/p>\n<p><em>Los Pol\u00edticos<\/em><\/p>\n<p>&nbsp;<\/p>\n<p>&nbsp;<\/p>\n<p>Si se tiene en la memoria reciente un hecho que describa al amor en la percepci\u00f3n que se tiene de este 14 de febrero, yo me quedar\u00eda con el par de amigos d\u00e1ndose un beso apasionado en lo alto de las gradas con vista al mar, en el Carnaval Jarocho. Qu\u00e9 miradas tiernas ni qu\u00e9 ocho cuartos, qu\u00e9 manita sudada ni qu\u00e9 nada, qu\u00e9 intercambio de frases tan llenas de ternura. Si hay algo que describa la pasi\u00f3n de una persona por otra, a fuerza que debe ser expresado esto con el \u00f3sculo, como el que se dieron estos hombres que maravillaron a la concurrencia que ni tarda ni perezosa, se rindi\u00f3 a este tributo a San Valent\u00edn compartiendo fotos y videos del momento&#8230;<\/p>\n<p>Ha de disculpar el lector, pero la fecha lo amerita y creo que igual, las condiciones del estado, tan lleno de zozobra, de malestar, de resentimiento, obligan a\u00fan m\u00e1s, a hablar del amor y sobre todo, cuando hasta en nuestros pol\u00edticos ya se habla de una Rep\u00fablica amorosa, donde se ha de perdonar hasta al mismo Carlos Salinas de Gortari. \u00a1Ah, claro! El amor es perd\u00f3n, parafraseando a Jos\u00e9 Luis Perales&#8230;<\/p>\n<p>Por ello, es necesario que se conozca los diferentes tipos de amor y no nos referimos a los que los antiguos griegos ve\u00edan: eros, \u00e1gape, philia y storg\u00e9&#8230; No, nos referimos a los nuestros que a continuaci\u00f3n expongo:<\/p>\n<p>* Amor apache: Nada que ver con el matrimonio de Ricardo \u201cEl Apache\u201d Garc\u00eda Escalante y Ximena Azuara Romero; m\u00e1s bien se refiere uno a esa extra\u00f1a relaci\u00f3n que guardan algunos panistas \u00a1con otros panistas! Como es el caso de Cinthya Lobato Calder\u00f3n con Sergio Hern\u00e1ndez y Maryjos\u00e9 Gamboa; a ello agregue a Jos\u00e9 Manuel Siu Vargas, quien de plano ya ocupa un lugar en el coraz\u00f3n de la diputada Lobato Calder\u00f3n despu\u00e9s de que la sacara del grupo de Whatsapp.<\/p>\n<p>* Amor a la camiseta: Pues se habr\u00e1n dado su \u201ctirito\u201d Maryjos\u00e9 Gamboa y Ana Laura P\u00e9rez Mendoza, pero si hay algo que las une, por supuesto que debe ser su amor a la empresa para la que laboran: Notiver.<\/p>\n<p>* Amor a la antig\u00fcita: Quiz\u00e1s educado por los arcanos, es que Am\u00e9rico Z\u00fa\u00f1iga mantiene vigente ese amor por las viejas costumbres&#8230; que hacen que Carlos Brito, Manuel Ramos Gurri\u00f3n y Gonzalo Morgado Huesca todav\u00eda anden haciendo de las suyas en el PRI.<\/p>\n<p>* Amor&#8230; didas: Sin lugar es la expresi\u00f3n m\u00e1s natural que se vive en el Partido Nueva Alianza, donde por un lado hay quienes sonr\u00eden a M\u00e9rida Mar y por otro, hay quienes le pelan los dientes a Ruth Callejas.<\/p>\n<p>* Amor al pr\u00f3jimo: Aunque no lo crean, muchos pri\u00edstas son los que desbordados por la pasi\u00f3n de Eros, se han ido de nachas completamente con su pr\u00f3jimo&#8230; bueno, as\u00ed ven a L\u00f3pez Obrador: como el \u201cpr\u00f3jimo prejidente\u201d.<\/p>\n<p>* Amor plat\u00f3nico: Es el que tienen algunos militantes por su partido&#8230; aclaro, no se confunda este amor con el del griego; \u00e9ste es el amor \u00a1por la plata! Pero no pod\u00edamos ponerle \u201camor plat\u00e1nico\u201d porque podr\u00eda prestarse a malas (o buenas, ya no se sabe) interpretaciones o en ese caso, \u201cinterpelaciones\u201d: Por el PRI, Miguel Mac\u00edas; por el PAN, Chico Fuentes; por el PRD, Manuel Bernal; por Morena, Manuel Huerta, y con menci\u00f3n honor\u00edfica, Sebasti\u00e1n Reyes, reciente adquisici\u00f3n del PAN.<\/p>\n<p>* Aunque si hay algo que debe ser horrible en estas fechas, eso seguro es \u00a1el Amor no Correspondido! Y se da m\u00e1s en aquellos militantes cuyos partidos los batearon en sus intenciones de ser candidatos, como el caso de Carla Enr\u00edquez Merl\u00edn, por citar un ejemplo.<\/p>\n<p>* Pero si hay un amor que destacar, es el de Fidel Herrera Beltr\u00e1n por Veracruz&#8230; \u00a1Puro amor de lejos! Porque de pen&#8230; itente asoma la cara. Al final, insisto, yo me sigo quedando con el par de batos amorosos del Carnaval&#8230;<\/p>\n<p>smcainito@gmail.com<\/p>\n","protected":false},"excerpt":{"rendered":"<p>Salvador Mu\u00f1oz Los Pol\u00edticos &nbsp; &nbsp; Si se tiene en la memoria reciente un hecho que describa al amor en la percepci\u00f3n que se tiene de este 14 de febrero, yo me quedar\u00eda con el par de amigos d\u00e1ndose un beso apasionado en lo alto de las gradas con vista al mar, en el Carnaval [&hellip;]<\/p>\n","protected":false},"author":2,"featured_media":0,"comment_status":"open","ping_status":"open","sticky":false,"template":"","format":"standard","meta":{"tdm_status":"","tdm_grid_status":"","footnotes":""},"categories":[70],"tags":[483,1843,993,10917,1937,6142],"class_list":{"0":"post-39784","1":"post","2":"type-post","3":"status-publish","4":"format-standard","6":"category-de-opinion","7":"tag-americo-zuniga","8":"tag-carnaval","9":"tag-cinthya-lobato","10":"tag-jose-manuel-siu-vargas","11":"tag-maryjose-gamboa","12":"tag-sergio-hernandez"},"yoast_head":"<!-- This site is optimized with the Yoast SEO plugin v27.4 - https:\/\/yoast.com\/product\/yoast-seo-wordpress\/ -->\n<title>Amor y pol\u00edtica - Los pol\u00edticos Veracruz<\/title>\n<meta name=\"robots\" content=\"index, follow, max-snippet:-1, max-image-preview:large, max-video-preview:-1\" \/>\n<link rel=\"canonical\" href=\"https:\/\/lospoliticosveracruz.com\/?p=39784\" \/>\n<meta property=\"og:locale\" content=\"es_ES\" \/>\n<meta property=\"og:type\" content=\"article\" \/>\n<meta property=\"og:title\" content=\"Amor y pol\u00edtica - Los pol\u00edticos Veracruz\" \/>\n<meta property=\"og:description\" content=\"Salvador Mu\u00f1oz Los Pol\u00edticos &nbsp; &nbsp; Si se tiene en la memoria reciente un hecho que describa al amor en la percepci\u00f3n que se tiene de este 14 de febrero, yo me quedar\u00eda con el par de amigos d\u00e1ndose un beso apasionado en lo alto de las gradas con vista al mar, en el Carnaval [&hellip;]\" \/>\n<meta property=\"og:url\" content=\"https:\/\/lospoliticosveracruz.com\/?p=39784\" \/>\n<meta property=\"og:site_name\" content=\"Los pol\u00edticos Veracruz\" \/>\n<meta property=\"article:publisher\" content=\"https:\/\/www.facebook.com\/people\/Notimemes-de-los-Polticos\/61565672886568\/\" \/>\n<meta property=\"article:published_time\" content=\"2018-02-14T04:55:47+00:00\" \/>\n<meta property=\"og:image\" content=\"https:\/\/lospoliticosveracruz.com\/wp-content\/uploads\/2016\/07\/Logo-Dor.jpg\" \/>\n\t<meta property=\"og:image:width\" content=\"200\" \/>\n\t<meta property=\"og:image:height\" content=\"200\" \/>\n\t<meta property=\"og:image:type\" content=\"image\/jpeg\" \/>\n<meta name=\"author\" content=\"Lo viste en Los Pol\u00edticos\" \/>\n<meta name=\"twitter:card\" content=\"summary_large_image\" \/>\n<meta name=\"twitter:creator\" content=\"@LosPoliticosVer\" \/>\n<meta name=\"twitter:site\" content=\"@LosPoliticosVer\" \/>\n<meta name=\"twitter:label1\" content=\"Escrito por\" \/>\n\t<meta name=\"twitter:data1\" content=\"Lo viste en Los Pol\u00edticos\" \/>\n\t<meta name=\"twitter:label2\" content=\"Tiempo de lectura\" \/>\n\t<meta name=\"twitter:data2\" content=\"3 minutos\" \/>\n<script type=\"application\/ld+json\" class=\"yoast-schema-graph\">{\"@context\":\"https:\\\/\\\/schema.org\",\"@graph\":[{\"@type\":\"Article\",\"@id\":\"https:\\\/\\\/lospoliticosveracruz.com\\\/?p=39784#article\",\"isPartOf\":{\"@id\":\"https:\\\/\\\/lospoliticosveracruz.com\\\/?p=39784\"},\"author\":{\"name\":\"Lo viste en Los Pol\u00edticos\",\"@id\":\"https:\\\/\\\/lospoliticosveracruz.com\\\/#\\\/schema\\\/person\\\/b8702bb0e538456e6efd07080bf2a4a2\"},\"headline\":\"Amor y pol\u00edtica\",\"datePublished\":\"2018-02-14T04:55:47+00:00\",\"mainEntityOfPage\":{\"@id\":\"https:\\\/\\\/lospoliticosveracruz.com\\\/?p=39784\"},\"wordCount\":703,\"commentCount\":0,\"publisher\":{\"@id\":\"https:\\\/\\\/lospoliticosveracruz.com\\\/#organization\"},\"keywords\":[\"Am\u00e9rico Z\u00fa\u00f1iga\",\"Carnaval\",\"Cinthya Lobato\",\"Jos\u00e9 Manuel Siu Vargas\",\"Maryjose Gamboa\",\"Sergio Hern\u00e1ndez\"],\"articleSection\":[\"De Opini\u00f3n\"],\"inLanguage\":\"es\",\"potentialAction\":[{\"@type\":\"CommentAction\",\"name\":\"Comment\",\"target\":[\"https:\\\/\\\/lospoliticosveracruz.com\\\/?p=39784#respond\"]}]},{\"@type\":\"WebPage\",\"@id\":\"https:\\\/\\\/lospoliticosveracruz.com\\\/?p=39784\",\"url\":\"https:\\\/\\\/lospoliticosveracruz.com\\\/?p=39784\",\"name\":\"Amor y pol\u00edtica - Los pol\u00edticos Veracruz\",\"isPartOf\":{\"@id\":\"https:\\\/\\\/lospoliticosveracruz.com\\\/#website\"},\"datePublished\":\"2018-02-14T04:55:47+00:00\",\"breadcrumb\":{\"@id\":\"https:\\\/\\\/lospoliticosveracruz.com\\\/?p=39784#breadcrumb\"},\"inLanguage\":\"es\",\"potentialAction\":[{\"@type\":\"ReadAction\",\"target\":[\"https:\\\/\\\/lospoliticosveracruz.com\\\/?p=39784\"]}]},{\"@type\":\"BreadcrumbList\",\"@id\":\"https:\\\/\\\/lospoliticosveracruz.com\\\/?p=39784#breadcrumb\",\"itemListElement\":[{\"@type\":\"ListItem\",\"position\":1,\"name\":\"Portada\",\"item\":\"https:\\\/\\\/lospoliticosveracruz.com\\\/\"},{\"@type\":\"ListItem\",\"position\":2,\"name\":\"Amor y pol\u00edtica\"}]},{\"@type\":\"WebSite\",\"@id\":\"https:\\\/\\\/lospoliticosveracruz.com\\\/#website\",\"url\":\"https:\\\/\\\/lospoliticosveracruz.com\\\/\",\"name\":\"Los pol\u00edticos Veracruz\",\"description\":\"\",\"publisher\":{\"@id\":\"https:\\\/\\\/lospoliticosveracruz.com\\\/#organization\"},\"potentialAction\":[{\"@type\":\"SearchAction\",\"target\":{\"@type\":\"EntryPoint\",\"urlTemplate\":\"https:\\\/\\\/lospoliticosveracruz.com\\\/?s={search_term_string}\"},\"query-input\":{\"@type\":\"PropertyValueSpecification\",\"valueRequired\":true,\"valueName\":\"search_term_string\"}}],\"inLanguage\":\"es\"},{\"@type\":\"Organization\",\"@id\":\"https:\\\/\\\/lospoliticosveracruz.com\\\/#organization\",\"name\":\"Los pol\u00edticos Veracruz\",\"url\":\"https:\\\/\\\/lospoliticosveracruz.com\\\/\",\"logo\":{\"@type\":\"ImageObject\",\"inLanguage\":\"es\",\"@id\":\"https:\\\/\\\/lospoliticosveracruz.com\\\/#\\\/schema\\\/logo\\\/image\\\/\",\"url\":\"https:\\\/\\\/lospoliticosveracruz.com\\\/wp-content\\\/uploads\\\/2025\\\/12\\\/Logo-Nuevo-LOS-POLITICOS-1.jpg\",\"contentUrl\":\"https:\\\/\\\/lospoliticosveracruz.com\\\/wp-content\\\/uploads\\\/2025\\\/12\\\/Logo-Nuevo-LOS-POLITICOS-1.jpg\",\"width\":260,\"height\":70,\"caption\":\"Los pol\u00edticos Veracruz\"},\"image\":{\"@id\":\"https:\\\/\\\/lospoliticosveracruz.com\\\/#\\\/schema\\\/logo\\\/image\\\/\"},\"sameAs\":[\"https:\\\/\\\/www.facebook.com\\\/people\\\/Notimemes-de-los-Polticos\\\/61565672886568\\\/\",\"https:\\\/\\\/x.com\\\/LosPoliticosVer\"]},{\"@type\":\"Person\",\"@id\":\"https:\\\/\\\/lospoliticosveracruz.com\\\/#\\\/schema\\\/person\\\/b8702bb0e538456e6efd07080bf2a4a2\",\"name\":\"Lo viste en Los Pol\u00edticos\",\"image\":{\"@type\":\"ImageObject\",\"inLanguage\":\"es\",\"@id\":\"https:\\\/\\\/secure.gravatar.com\\\/avatar\\\/3a8de04a2656d44082be478bd6c086daa447c4651605818287b9532d3d0bd435?s=96&d=mm&r=g\",\"url\":\"https:\\\/\\\/secure.gravatar.com\\\/avatar\\\/3a8de04a2656d44082be478bd6c086daa447c4651605818287b9532d3d0bd435?s=96&d=mm&r=g\",\"contentUrl\":\"https:\\\/\\\/secure.gravatar.com\\\/avatar\\\/3a8de04a2656d44082be478bd6c086daa447c4651605818287b9532d3d0bd435?s=96&d=mm&r=g\",\"caption\":\"Lo viste en Los Pol\u00edticos\"},\"url\":\"https:\\\/\\\/lospoliticosveracruz.com\\\/?author=2\"}]}<\/script>\n<!-- \/ Yoast SEO plugin. -->","yoast_head_json":{"title":"Amor y pol\u00edtica - Los pol\u00edticos Veracruz","robots":{"index":"index","follow":"follow","max-snippet":"max-snippet:-1","max-image-preview":"max-image-preview:large","max-video-preview":"max-video-preview:-1"},"canonical":"https:\/\/lospoliticosveracruz.com\/?p=39784","og_locale":"es_ES","og_type":"article","og_title":"Amor y pol\u00edtica - Los pol\u00edticos Veracruz","og_description":"Salvador Mu\u00f1oz Los Pol\u00edticos &nbsp; &nbsp; Si se tiene en la memoria reciente un hecho que describa al amor en la percepci\u00f3n que se tiene de este 14 de febrero, yo me quedar\u00eda con el par de amigos d\u00e1ndose un beso apasionado en lo alto de las gradas con vista al mar, en el Carnaval [&hellip;]","og_url":"https:\/\/lospoliticosveracruz.com\/?p=39784","og_site_name":"Los pol\u00edticos Veracruz","article_publisher":"https:\/\/www.facebook.com\/people\/Notimemes-de-los-Polticos\/61565672886568\/","article_published_time":"2018-02-14T04:55:47+00:00","og_image":[{"width":200,"height":200,"url":"https:\/\/lospoliticosveracruz.com\/wp-content\/uploads\/2016\/07\/Logo-Dor.jpg","type":"image\/jpeg"}],"author":"Lo viste en Los Pol\u00edticos","twitter_card":"summary_large_image","twitter_creator":"@LosPoliticosVer","twitter_site":"@LosPoliticosVer","twitter_misc":{"Escrito por":"Lo viste en Los Pol\u00edticos","Tiempo de lectura":"3 minutos"},"schema":{"@context":"https:\/\/schema.org","@graph":[{"@type":"Article","@id":"https:\/\/lospoliticosveracruz.com\/?p=39784#article","isPartOf":{"@id":"https:\/\/lospoliticosveracruz.com\/?p=39784"},"author":{"name":"Lo viste en Los Pol\u00edticos","@id":"https:\/\/lospoliticosveracruz.com\/#\/schema\/person\/b8702bb0e538456e6efd07080bf2a4a2"},"headline":"Amor y pol\u00edtica","datePublished":"2018-02-14T04:55:47+00:00","mainEntityOfPage":{"@id":"https:\/\/lospoliticosveracruz.com\/?p=39784"},"wordCount":703,"commentCount":0,"publisher":{"@id":"https:\/\/lospoliticosveracruz.com\/#organization"},"keywords":["Am\u00e9rico Z\u00fa\u00f1iga","Carnaval","Cinthya Lobato","Jos\u00e9 Manuel Siu Vargas","Maryjose Gamboa","Sergio Hern\u00e1ndez"],"articleSection":["De Opini\u00f3n"],"inLanguage":"es","potentialAction":[{"@type":"CommentAction","name":"Comment","target":["https:\/\/lospoliticosveracruz.com\/?p=39784#respond"]}]},{"@type":"WebPage","@id":"https:\/\/lospoliticosveracruz.com\/?p=39784","url":"https:\/\/lospoliticosveracruz.com\/?p=39784","name":"Amor y pol\u00edtica - Los pol\u00edticos Veracruz","isPartOf":{"@id":"https:\/\/lospoliticosveracruz.com\/#website"},"datePublished":"2018-02-14T04:55:47+00:00","breadcrumb":{"@id":"https:\/\/lospoliticosveracruz.com\/?p=39784#breadcrumb"},"inLanguage":"es","potentialAction":[{"@type":"ReadAction","target":["https:\/\/lospoliticosveracruz.com\/?p=39784"]}]},{"@type":"BreadcrumbList","@id":"https:\/\/lospoliticosveracruz.com\/?p=39784#breadcrumb","itemListElement":[{"@type":"ListItem","position":1,"name":"Portada","item":"https:\/\/lospoliticosveracruz.com\/"},{"@type":"ListItem","position":2,"name":"Amor y pol\u00edtica"}]},{"@type":"WebSite","@id":"https:\/\/lospoliticosveracruz.com\/#website","url":"https:\/\/lospoliticosveracruz.com\/","name":"Los pol\u00edticos Veracruz","description":"","publisher":{"@id":"https:\/\/lospoliticosveracruz.com\/#organization"},"potentialAction":[{"@type":"SearchAction","target":{"@type":"EntryPoint","urlTemplate":"https:\/\/lospoliticosveracruz.com\/?s={search_term_string}"},"query-input":{"@type":"PropertyValueSpecification","valueRequired":true,"valueName":"search_term_string"}}],"inLanguage":"es"},{"@type":"Organization","@id":"https:\/\/lospoliticosveracruz.com\/#organization","name":"Los pol\u00edticos Veracruz","url":"https:\/\/lospoliticosveracruz.com\/","logo":{"@type":"ImageObject","inLanguage":"es","@id":"https:\/\/lospoliticosveracruz.com\/#\/schema\/logo\/image\/","url":"https:\/\/lospoliticosveracruz.com\/wp-content\/uploads\/2025\/12\/Logo-Nuevo-LOS-POLITICOS-1.jpg","contentUrl":"https:\/\/lospoliticosveracruz.com\/wp-content\/uploads\/2025\/12\/Logo-Nuevo-LOS-POLITICOS-1.jpg","width":260,"height":70,"caption":"Los pol\u00edticos Veracruz"},"image":{"@id":"https:\/\/lospoliticosveracruz.com\/#\/schema\/logo\/image\/"},"sameAs":["https:\/\/www.facebook.com\/people\/Notimemes-de-los-Polticos\/61565672886568\/","https:\/\/x.com\/LosPoliticosVer"]},{"@type":"Person","@id":"https:\/\/lospoliticosveracruz.com\/#\/schema\/person\/b8702bb0e538456e6efd07080bf2a4a2","name":"Lo viste en Los Pol\u00edticos","image":{"@type":"ImageObject","inLanguage":"es","@id":"https:\/\/secure.gravatar.com\/avatar\/3a8de04a2656d44082be478bd6c086daa447c4651605818287b9532d3d0bd435?s=96&d=mm&r=g","url":"https:\/\/secure.gravatar.com\/avatar\/3a8de04a2656d44082be478bd6c086daa447c4651605818287b9532d3d0bd435?s=96&d=mm&r=g","contentUrl":"https:\/\/secure.gravatar.com\/avatar\/3a8de04a2656d44082be478bd6c086daa447c4651605818287b9532d3d0bd435?s=96&d=mm&r=g","caption":"Lo viste en Los Pol\u00edticos"},"url":"https:\/\/lospoliticosveracruz.com\/?author=2"}]}},"_links":{"self":[{"href":"https:\/\/lospoliticosveracruz.com\/index.php?rest_route=\/wp\/v2\/posts\/39784","targetHints":{"allow":["GET"]}}],"collection":[{"href":"https:\/\/lospoliticosveracruz.com\/index.php?rest_route=\/wp\/v2\/posts"}],"about":[{"href":"https:\/\/lospoliticosveracruz.com\/index.php?rest_route=\/wp\/v2\/types\/post"}],"author":[{"embeddable":true,"href":"https:\/\/lospoliticosveracruz.com\/index.php?rest_route=\/wp\/v2\/users\/2"}],"replies":[{"embeddable":true,"href":"https:\/\/lospoliticosveracruz.com\/index.php?rest_route=%2Fwp%2Fv2%2Fcomments&post=39784"}],"version-history":[{"count":1,"href":"https:\/\/lospoliticosveracruz.com\/index.php?rest_route=\/wp\/v2\/posts\/39784\/revisions"}],"predecessor-version":[{"id":39785,"href":"https:\/\/lospoliticosveracruz.com\/index.php?rest_route=\/wp\/v2\/posts\/39784\/revisions\/39785"}],"wp:attachment":[{"href":"https:\/\/lospoliticosveracruz.com\/index.php?rest_route=%2Fwp%2Fv2%2Fmedia&parent=39784"}],"wp:term":[{"taxonomy":"category","embeddable":true,"href":"https:\/\/lospoliticosveracruz.com\/index.php?rest_route=%2Fwp%2Fv2%2Fcategories&post=39784"},{"taxonomy":"post_tag","embeddable":true,"href":"https:\/\/lospoliticosveracruz.com\/index.php?rest_route=%2Fwp%2Fv2%2Ftags&post=39784"}],"curies":[{"name":"wp","href":"https:\/\/api.w.org\/{rel}","templated":true}]}}