{"id":39790,"date":"2018-02-14T10:10:36","date_gmt":"2018-02-14T16:10:36","guid":{"rendered":"http:\/\/www.lospoliticosveracruz.com.mx\/?p=39790"},"modified":"2018-02-14T10:10:36","modified_gmt":"2018-02-14T16:10:36","slug":"prd-dias-definitorios","status":"publish","type":"post","link":"https:\/\/lospoliticosveracruz.com\/?p=39790","title":{"rendered":"PRD, d\u00edas definitorios"},"content":{"rendered":"<p class=\"x_MsoNormal\"><b><\/b><b><\/b><strong>Luis Alberto Romero<\/strong><u><\/u><u><\/u><\/p>\n<p class=\"x_MsoNormal\"><em>Hora Cero<\/em><\/p>\n<p class=\"x_MsoNormal\">\n<p class=\"x_MsoNormal\">Este s\u00e1bado ser\u00e1 un d\u00eda de definiciones en el Partido de la Revoluci\u00f3n Democr\u00e1tica, que celebrar\u00e1 en Veracruz su consejo electivo.<u><\/u><u><\/u><\/p>\n<p class=\"x_MsoNormal\">El pasado 12 de febrero, el Sol Azteca emiti\u00f3 la convocatoria para celebrar el d\u00e9cimo quinto pleno extraordinario.<u><\/u><u><\/u><\/p>\n<p class=\"x_MsoNormal\">En esa encerrona perredista, a desarrollarse en Xalapa, los consejeros estatales del partido elegir\u00e1n a sus candidatos a diputados locales por el principio de mayor\u00eda relativa, en los ocho distritos donde dicho partido nombrar\u00e1 abanderados: Poza Rica, Papantla, Emiliano Zapata, Camerino Z. Mendoza, Santiago Tuxtla, Cosoleacaque, Acayucan y Minatitl\u00e1n.<u><\/u><u><\/u><\/p>\n<p class=\"x_MsoNormal\">De igual forma, el Consejo Estatal del PRD, que preside An\u00edbal Payan Arenas, elegir\u00e1 a sus candidatos a diputados locales por el principio de representaci\u00f3n proporcional, en un evento de seguimiento al acuerdo de la Comisi\u00f3n Electoral del partido (Acuerdo Acu-CECEN\/015\/ENE\/2018), que resolvi\u00f3 las solicitudes de registro de precandidatos en el proceso de selecci\u00f3n interna al cargo de diputados por el principio de representaci\u00f3n proporcional.<u><\/u><u><\/u><\/p>\n<p class=\"x_MsoNormal\">Al margen de los acuerdos y las negociaciones entre los grupos, las tribus y las corrientes internas del PRD, la Comisi\u00f3n Electoral del partido ya present\u00f3 una lista de quienes fueron inscritos en dicho proceso; es decir, las personas a las que se les otorg\u00f3 el registro como precandidatos.<u><\/u><u><\/u><\/p>\n<p class=\"x_MsoNormal\">En esa relaci\u00f3n figuran nombres muy conocidos en el ambiente pol\u00edtico estatal; destacan Sergio Cadena Mart\u00ednez, ex alcalde de Catemaco y ex funcionario de la Secretar\u00eda de Gobierno; Julio Salda\u00f1a Mor\u00e1n, diputado federal; An\u00edbal Pay\u00e1n Arenas, presidente del Consejo Estatal; Dulce Mar\u00eda Romero Aquino, ex alcaldesa de Ciudad Mendoza; Florencia Mart\u00ednez Rivera, lideresa del grupo Progresa de Acayucan; y Jorge Antonio Ruiz Reynoso, empresario del ramo de la construcci\u00f3n en la zona sur de Veracruz, entre otros.<u><\/u><u><\/u><\/p>\n<p class=\"x_MsoNormal\">De entre ellos saldr\u00e1n los pr\u00f3ximos diputados local plurinominales perredistas; de tal manera que es muy probable que tanto Sergio Cadena como Julio Salda\u00f1a lleguen a la legislatura estatal en diciembre pr\u00f3ximo.<u><\/u><u><\/u><\/p>\n<p class=\"x_MsoNormal\">Fuentes cercanas a la dirigencia estatal nos comentan que en realidad, el \u00fanico seguro ser\u00eda el ex alcalde de Catemaco; la segunda posici\u00f3n est\u00e1 reservada para una mujer; y la tercera ser\u00e1 muy dif\u00edcil que entre, sobre todo por tres factores: primero, depender\u00e1 de la votaci\u00f3n de la alianza y del partido y s\u00f3lo una cat\u00e1strofe, que no est\u00e1 presupuestada, dar\u00eda m\u00e1s de dos plurinominales al Sol Azteca; segundo, en la actual Legislatura del Estado, el partido \u00fanicamente tiene una posici\u00f3n de representaci\u00f3n proporcional, la de la diputada Mar\u00eda Adela Escamilla Moreno; y tercero, porque los diputados plurinominales que logre meter la alianza que postula a Miguel \u00c1ngel Yunes M\u00e1rquez se dividir\u00e1n entre los tres partidos coaligados.<u><\/u><u><\/u><\/p>\n<p class=\"x_MsoNormal\">Lo cierto es que al margen de ese reparto de las posiciones, entre el perredismo veracruzano se asume que no van, como ocurr\u00eda en el pasado, por plurinominales, sino por posiciones en el pr\u00f3ximo gobierno; es decir, el PRD busca llegar con Yunes M\u00e1rquez al Poder Ejecutivo del Estado y ello, por supuesto, depender\u00e1 del papel de su dirigencia, de sus cuadros distinguidos y de sus ocho candidatos a diputados por el principio de mayor\u00eda relativa.<u><\/u><u><\/u><\/p>\n<p class=\"x_MsoNormal\">2017 fue un buen a\u00f1o para el partido que encabeza Jes\u00fas Vel\u00e1zquez Flores; gan\u00f3 m\u00e1s de la mitad de los ayuntamientos donde postularon candidatos y hubo un reposicionamiento de la marca.<u><\/u><u><\/u><\/p>\n<p class=\"x_MsoNormal\">En la elecci\u00f3n del presente a\u00f1o, ese partido buscar\u00e1 refrendar el resultado de 2016, cuando gan\u00f3 a gubernatura en alianza con Acci\u00f3n Nacional, as\u00ed como las diputaciones por los distritos de Santiago Tuxtla, con Yazm\u00edn\u00a0\u00a0Copete; Zongolica, con Dulce Mar\u00eda Garc\u00eda L\u00f3pez; y Poza Rica, con Jos\u00e9 Kirsch S\u00e1nchez.<\/p>\n<p class=\"x_MsoNormal\">\n<p class=\"x_MsoNormal\">@luisromero85<u><\/u><u><\/u><\/p>\n<p class=\"x_MsoNormal\"><u><\/u><\/p>\n","protected":false},"excerpt":{"rendered":"<p>Luis Alberto Romero Hora Cero Este s\u00e1bado ser\u00e1 un d\u00eda de definiciones en el Partido de la Revoluci\u00f3n Democr\u00e1tica, que celebrar\u00e1 en Veracruz su consejo electivo. El pasado 12 de febrero, el Sol Azteca emiti\u00f3 la convocatoria para celebrar el d\u00e9cimo quinto pleno extraordinario. En esa encerrona perredista, a desarrollarse en Xalapa, los consejeros estatales [&hellip;]<\/p>\n","protected":false},"author":2,"featured_media":0,"comment_status":"open","ping_status":"open","sticky":false,"template":"","format":"standard","meta":{"tdm_status":"","tdm_grid_status":"","footnotes":""},"categories":[70],"tags":[1818,7232,107],"class_list":{"0":"post-39790","1":"post","2":"type-post","3":"status-publish","4":"format-standard","6":"category-de-opinion","7":"tag-candidatos","8":"tag-jesus-velazquez-flores","9":"tag-prd"},"yoast_head":"<!-- This site is optimized with the Yoast SEO plugin v27.4 - https:\/\/yoast.com\/product\/yoast-seo-wordpress\/ -->\n<title>PRD, d\u00edas definitorios - Los pol\u00edticos Veracruz<\/title>\n<meta name=\"robots\" content=\"index, follow, max-snippet:-1, max-image-preview:large, max-video-preview:-1\" \/>\n<link rel=\"canonical\" href=\"https:\/\/lospoliticosveracruz.com\/?p=39790\" \/>\n<meta property=\"og:locale\" content=\"es_ES\" \/>\n<meta property=\"og:type\" content=\"article\" \/>\n<meta property=\"og:title\" content=\"PRD, d\u00edas definitorios - Los pol\u00edticos Veracruz\" \/>\n<meta property=\"og:description\" content=\"Luis Alberto Romero Hora Cero Este s\u00e1bado ser\u00e1 un d\u00eda de definiciones en el Partido de la Revoluci\u00f3n Democr\u00e1tica, que celebrar\u00e1 en Veracruz su consejo electivo. El pasado 12 de febrero, el Sol Azteca emiti\u00f3 la convocatoria para celebrar el d\u00e9cimo quinto pleno extraordinario. En esa encerrona perredista, a desarrollarse en Xalapa, los consejeros estatales [&hellip;]\" \/>\n<meta property=\"og:url\" content=\"https:\/\/lospoliticosveracruz.com\/?p=39790\" \/>\n<meta property=\"og:site_name\" content=\"Los pol\u00edticos Veracruz\" \/>\n<meta property=\"article:publisher\" content=\"https:\/\/www.facebook.com\/people\/Notimemes-de-los-Polticos\/61565672886568\/\" \/>\n<meta property=\"article:published_time\" content=\"2018-02-14T16:10:36+00:00\" \/>\n<meta property=\"og:image\" content=\"https:\/\/lospoliticosveracruz.com\/wp-content\/uploads\/2016\/07\/Logo-Dor.jpg\" \/>\n\t<meta property=\"og:image:width\" content=\"200\" \/>\n\t<meta property=\"og:image:height\" content=\"200\" \/>\n\t<meta property=\"og:image:type\" content=\"image\/jpeg\" \/>\n<meta name=\"author\" content=\"Lo viste en Los Pol\u00edticos\" \/>\n<meta name=\"twitter:card\" content=\"summary_large_image\" \/>\n<meta name=\"twitter:creator\" content=\"@LosPoliticosVer\" \/>\n<meta name=\"twitter:site\" content=\"@LosPoliticosVer\" \/>\n<meta name=\"twitter:label1\" content=\"Escrito por\" \/>\n\t<meta name=\"twitter:data1\" content=\"Lo viste en Los Pol\u00edticos\" \/>\n\t<meta name=\"twitter:label2\" content=\"Tiempo de lectura\" \/>\n\t<meta name=\"twitter:data2\" content=\"3 minutos\" \/>\n<script type=\"application\/ld+json\" class=\"yoast-schema-graph\">{\"@context\":\"https:\\\/\\\/schema.org\",\"@graph\":[{\"@type\":\"Article\",\"@id\":\"https:\\\/\\\/lospoliticosveracruz.com\\\/?p=39790#article\",\"isPartOf\":{\"@id\":\"https:\\\/\\\/lospoliticosveracruz.com\\\/?p=39790\"},\"author\":{\"name\":\"Lo viste en Los Pol\u00edticos\",\"@id\":\"https:\\\/\\\/lospoliticosveracruz.com\\\/#\\\/schema\\\/person\\\/b8702bb0e538456e6efd07080bf2a4a2\"},\"headline\":\"PRD, d\u00edas definitorios\",\"datePublished\":\"2018-02-14T16:10:36+00:00\",\"mainEntityOfPage\":{\"@id\":\"https:\\\/\\\/lospoliticosveracruz.com\\\/?p=39790\"},\"wordCount\":650,\"commentCount\":0,\"publisher\":{\"@id\":\"https:\\\/\\\/lospoliticosveracruz.com\\\/#organization\"},\"keywords\":[\"candidatos\",\"Jes\u00fas Vel\u00e1zquez Flores\",\"PRD\"],\"articleSection\":[\"De Opini\u00f3n\"],\"inLanguage\":\"es\",\"potentialAction\":[{\"@type\":\"CommentAction\",\"name\":\"Comment\",\"target\":[\"https:\\\/\\\/lospoliticosveracruz.com\\\/?p=39790#respond\"]}]},{\"@type\":\"WebPage\",\"@id\":\"https:\\\/\\\/lospoliticosveracruz.com\\\/?p=39790\",\"url\":\"https:\\\/\\\/lospoliticosveracruz.com\\\/?p=39790\",\"name\":\"PRD, d\u00edas definitorios - Los pol\u00edticos Veracruz\",\"isPartOf\":{\"@id\":\"https:\\\/\\\/lospoliticosveracruz.com\\\/#website\"},\"datePublished\":\"2018-02-14T16:10:36+00:00\",\"breadcrumb\":{\"@id\":\"https:\\\/\\\/lospoliticosveracruz.com\\\/?p=39790#breadcrumb\"},\"inLanguage\":\"es\",\"potentialAction\":[{\"@type\":\"ReadAction\",\"target\":[\"https:\\\/\\\/lospoliticosveracruz.com\\\/?p=39790\"]}]},{\"@type\":\"BreadcrumbList\",\"@id\":\"https:\\\/\\\/lospoliticosveracruz.com\\\/?p=39790#breadcrumb\",\"itemListElement\":[{\"@type\":\"ListItem\",\"position\":1,\"name\":\"Portada\",\"item\":\"https:\\\/\\\/lospoliticosveracruz.com\\\/\"},{\"@type\":\"ListItem\",\"position\":2,\"name\":\"PRD, d\u00edas definitorios\"}]},{\"@type\":\"WebSite\",\"@id\":\"https:\\\/\\\/lospoliticosveracruz.com\\\/#website\",\"url\":\"https:\\\/\\\/lospoliticosveracruz.com\\\/\",\"name\":\"Los pol\u00edticos Veracruz\",\"description\":\"\",\"publisher\":{\"@id\":\"https:\\\/\\\/lospoliticosveracruz.com\\\/#organization\"},\"potentialAction\":[{\"@type\":\"SearchAction\",\"target\":{\"@type\":\"EntryPoint\",\"urlTemplate\":\"https:\\\/\\\/lospoliticosveracruz.com\\\/?s={search_term_string}\"},\"query-input\":{\"@type\":\"PropertyValueSpecification\",\"valueRequired\":true,\"valueName\":\"search_term_string\"}}],\"inLanguage\":\"es\"},{\"@type\":\"Organization\",\"@id\":\"https:\\\/\\\/lospoliticosveracruz.com\\\/#organization\",\"name\":\"Los pol\u00edticos Veracruz\",\"url\":\"https:\\\/\\\/lospoliticosveracruz.com\\\/\",\"logo\":{\"@type\":\"ImageObject\",\"inLanguage\":\"es\",\"@id\":\"https:\\\/\\\/lospoliticosveracruz.com\\\/#\\\/schema\\\/logo\\\/image\\\/\",\"url\":\"https:\\\/\\\/lospoliticosveracruz.com\\\/wp-content\\\/uploads\\\/2025\\\/12\\\/Logo-Nuevo-LOS-POLITICOS-1.jpg\",\"contentUrl\":\"https:\\\/\\\/lospoliticosveracruz.com\\\/wp-content\\\/uploads\\\/2025\\\/12\\\/Logo-Nuevo-LOS-POLITICOS-1.jpg\",\"width\":260,\"height\":70,\"caption\":\"Los pol\u00edticos Veracruz\"},\"image\":{\"@id\":\"https:\\\/\\\/lospoliticosveracruz.com\\\/#\\\/schema\\\/logo\\\/image\\\/\"},\"sameAs\":[\"https:\\\/\\\/www.facebook.com\\\/people\\\/Notimemes-de-los-Polticos\\\/61565672886568\\\/\",\"https:\\\/\\\/x.com\\\/LosPoliticosVer\"]},{\"@type\":\"Person\",\"@id\":\"https:\\\/\\\/lospoliticosveracruz.com\\\/#\\\/schema\\\/person\\\/b8702bb0e538456e6efd07080bf2a4a2\",\"name\":\"Lo viste en Los Pol\u00edticos\",\"image\":{\"@type\":\"ImageObject\",\"inLanguage\":\"es\",\"@id\":\"https:\\\/\\\/secure.gravatar.com\\\/avatar\\\/3a8de04a2656d44082be478bd6c086daa447c4651605818287b9532d3d0bd435?s=96&d=mm&r=g\",\"url\":\"https:\\\/\\\/secure.gravatar.com\\\/avatar\\\/3a8de04a2656d44082be478bd6c086daa447c4651605818287b9532d3d0bd435?s=96&d=mm&r=g\",\"contentUrl\":\"https:\\\/\\\/secure.gravatar.com\\\/avatar\\\/3a8de04a2656d44082be478bd6c086daa447c4651605818287b9532d3d0bd435?s=96&d=mm&r=g\",\"caption\":\"Lo viste en Los Pol\u00edticos\"},\"url\":\"https:\\\/\\\/lospoliticosveracruz.com\\\/?author=2\"}]}<\/script>\n<!-- \/ Yoast SEO plugin. -->","yoast_head_json":{"title":"PRD, d\u00edas definitorios - Los pol\u00edticos Veracruz","robots":{"index":"index","follow":"follow","max-snippet":"max-snippet:-1","max-image-preview":"max-image-preview:large","max-video-preview":"max-video-preview:-1"},"canonical":"https:\/\/lospoliticosveracruz.com\/?p=39790","og_locale":"es_ES","og_type":"article","og_title":"PRD, d\u00edas definitorios - Los pol\u00edticos Veracruz","og_description":"Luis Alberto Romero Hora Cero Este s\u00e1bado ser\u00e1 un d\u00eda de definiciones en el Partido de la Revoluci\u00f3n Democr\u00e1tica, que celebrar\u00e1 en Veracruz su consejo electivo. El pasado 12 de febrero, el Sol Azteca emiti\u00f3 la convocatoria para celebrar el d\u00e9cimo quinto pleno extraordinario. En esa encerrona perredista, a desarrollarse en Xalapa, los consejeros estatales [&hellip;]","og_url":"https:\/\/lospoliticosveracruz.com\/?p=39790","og_site_name":"Los pol\u00edticos Veracruz","article_publisher":"https:\/\/www.facebook.com\/people\/Notimemes-de-los-Polticos\/61565672886568\/","article_published_time":"2018-02-14T16:10:36+00:00","og_image":[{"width":200,"height":200,"url":"https:\/\/lospoliticosveracruz.com\/wp-content\/uploads\/2016\/07\/Logo-Dor.jpg","type":"image\/jpeg"}],"author":"Lo viste en Los Pol\u00edticos","twitter_card":"summary_large_image","twitter_creator":"@LosPoliticosVer","twitter_site":"@LosPoliticosVer","twitter_misc":{"Escrito por":"Lo viste en Los Pol\u00edticos","Tiempo de lectura":"3 minutos"},"schema":{"@context":"https:\/\/schema.org","@graph":[{"@type":"Article","@id":"https:\/\/lospoliticosveracruz.com\/?p=39790#article","isPartOf":{"@id":"https:\/\/lospoliticosveracruz.com\/?p=39790"},"author":{"name":"Lo viste en Los Pol\u00edticos","@id":"https:\/\/lospoliticosveracruz.com\/#\/schema\/person\/b8702bb0e538456e6efd07080bf2a4a2"},"headline":"PRD, d\u00edas definitorios","datePublished":"2018-02-14T16:10:36+00:00","mainEntityOfPage":{"@id":"https:\/\/lospoliticosveracruz.com\/?p=39790"},"wordCount":650,"commentCount":0,"publisher":{"@id":"https:\/\/lospoliticosveracruz.com\/#organization"},"keywords":["candidatos","Jes\u00fas Vel\u00e1zquez Flores","PRD"],"articleSection":["De Opini\u00f3n"],"inLanguage":"es","potentialAction":[{"@type":"CommentAction","name":"Comment","target":["https:\/\/lospoliticosveracruz.com\/?p=39790#respond"]}]},{"@type":"WebPage","@id":"https:\/\/lospoliticosveracruz.com\/?p=39790","url":"https:\/\/lospoliticosveracruz.com\/?p=39790","name":"PRD, d\u00edas definitorios - Los pol\u00edticos Veracruz","isPartOf":{"@id":"https:\/\/lospoliticosveracruz.com\/#website"},"datePublished":"2018-02-14T16:10:36+00:00","breadcrumb":{"@id":"https:\/\/lospoliticosveracruz.com\/?p=39790#breadcrumb"},"inLanguage":"es","potentialAction":[{"@type":"ReadAction","target":["https:\/\/lospoliticosveracruz.com\/?p=39790"]}]},{"@type":"BreadcrumbList","@id":"https:\/\/lospoliticosveracruz.com\/?p=39790#breadcrumb","itemListElement":[{"@type":"ListItem","position":1,"name":"Portada","item":"https:\/\/lospoliticosveracruz.com\/"},{"@type":"ListItem","position":2,"name":"PRD, d\u00edas definitorios"}]},{"@type":"WebSite","@id":"https:\/\/lospoliticosveracruz.com\/#website","url":"https:\/\/lospoliticosveracruz.com\/","name":"Los pol\u00edticos Veracruz","description":"","publisher":{"@id":"https:\/\/lospoliticosveracruz.com\/#organization"},"potentialAction":[{"@type":"SearchAction","target":{"@type":"EntryPoint","urlTemplate":"https:\/\/lospoliticosveracruz.com\/?s={search_term_string}"},"query-input":{"@type":"PropertyValueSpecification","valueRequired":true,"valueName":"search_term_string"}}],"inLanguage":"es"},{"@type":"Organization","@id":"https:\/\/lospoliticosveracruz.com\/#organization","name":"Los pol\u00edticos Veracruz","url":"https:\/\/lospoliticosveracruz.com\/","logo":{"@type":"ImageObject","inLanguage":"es","@id":"https:\/\/lospoliticosveracruz.com\/#\/schema\/logo\/image\/","url":"https:\/\/lospoliticosveracruz.com\/wp-content\/uploads\/2025\/12\/Logo-Nuevo-LOS-POLITICOS-1.jpg","contentUrl":"https:\/\/lospoliticosveracruz.com\/wp-content\/uploads\/2025\/12\/Logo-Nuevo-LOS-POLITICOS-1.jpg","width":260,"height":70,"caption":"Los pol\u00edticos Veracruz"},"image":{"@id":"https:\/\/lospoliticosveracruz.com\/#\/schema\/logo\/image\/"},"sameAs":["https:\/\/www.facebook.com\/people\/Notimemes-de-los-Polticos\/61565672886568\/","https:\/\/x.com\/LosPoliticosVer"]},{"@type":"Person","@id":"https:\/\/lospoliticosveracruz.com\/#\/schema\/person\/b8702bb0e538456e6efd07080bf2a4a2","name":"Lo viste en Los Pol\u00edticos","image":{"@type":"ImageObject","inLanguage":"es","@id":"https:\/\/secure.gravatar.com\/avatar\/3a8de04a2656d44082be478bd6c086daa447c4651605818287b9532d3d0bd435?s=96&d=mm&r=g","url":"https:\/\/secure.gravatar.com\/avatar\/3a8de04a2656d44082be478bd6c086daa447c4651605818287b9532d3d0bd435?s=96&d=mm&r=g","contentUrl":"https:\/\/secure.gravatar.com\/avatar\/3a8de04a2656d44082be478bd6c086daa447c4651605818287b9532d3d0bd435?s=96&d=mm&r=g","caption":"Lo viste en Los Pol\u00edticos"},"url":"https:\/\/lospoliticosveracruz.com\/?author=2"}]}},"_links":{"self":[{"href":"https:\/\/lospoliticosveracruz.com\/index.php?rest_route=\/wp\/v2\/posts\/39790","targetHints":{"allow":["GET"]}}],"collection":[{"href":"https:\/\/lospoliticosveracruz.com\/index.php?rest_route=\/wp\/v2\/posts"}],"about":[{"href":"https:\/\/lospoliticosveracruz.com\/index.php?rest_route=\/wp\/v2\/types\/post"}],"author":[{"embeddable":true,"href":"https:\/\/lospoliticosveracruz.com\/index.php?rest_route=\/wp\/v2\/users\/2"}],"replies":[{"embeddable":true,"href":"https:\/\/lospoliticosveracruz.com\/index.php?rest_route=%2Fwp%2Fv2%2Fcomments&post=39790"}],"version-history":[{"count":1,"href":"https:\/\/lospoliticosveracruz.com\/index.php?rest_route=\/wp\/v2\/posts\/39790\/revisions"}],"predecessor-version":[{"id":39791,"href":"https:\/\/lospoliticosveracruz.com\/index.php?rest_route=\/wp\/v2\/posts\/39790\/revisions\/39791"}],"wp:attachment":[{"href":"https:\/\/lospoliticosveracruz.com\/index.php?rest_route=%2Fwp%2Fv2%2Fmedia&parent=39790"}],"wp:term":[{"taxonomy":"category","embeddable":true,"href":"https:\/\/lospoliticosveracruz.com\/index.php?rest_route=%2Fwp%2Fv2%2Fcategories&post=39790"},{"taxonomy":"post_tag","embeddable":true,"href":"https:\/\/lospoliticosveracruz.com\/index.php?rest_route=%2Fwp%2Fv2%2Ftags&post=39790"}],"curies":[{"name":"wp","href":"https:\/\/api.w.org\/{rel}","templated":true}]}}