{"id":39798,"date":"2018-02-14T21:07:10","date_gmt":"2018-02-15T03:07:10","guid":{"rendered":"http:\/\/www.lospoliticosveracruz.com.mx\/?p=39798"},"modified":"2018-02-14T21:07:10","modified_gmt":"2018-02-15T03:07:10","slug":"sergio-con-la-familia-en-la-piel","status":"publish","type":"post","link":"https:\/\/lospoliticosveracruz.com\/?p=39798","title":{"rendered":"Sergio, con la Familia en la piel"},"content":{"rendered":"<p><strong>Salvador Mu\u00f1oz<\/strong><\/p>\n<p><em>Los Pol\u00edticos<\/em><\/p>\n<p>&nbsp;<\/p>\n<p>&nbsp;<\/p>\n<p>Arremanga su camisa y me muestra sus tatuajes en ambos antebrazos&#8230; En el primero, se lee la leyenda: \u201cFamilia. Donde la vida comienza y el amor nunca termina\u201d. El segundo, es dedicado para su hija Camila. Para Karime y Sergio Alessandro, sus otros dos hijos, con un adem\u00e1n de manos, me se\u00f1ala su espalda. All\u00ed los lleva. Confiesa que fue un rebelde, tanto, que a sus quince a\u00f1os, se hizo un tatuaje tribal que no ten\u00eda una raz\u00f3n de ser a diferencia de los que me mostr\u00f3; incluso, toma entre sus dedos el l\u00f3bulo izquierdo y me se\u00f1ala una de sus \u00faltimas cicatrices del Sergio Hern\u00e1ndez Hern\u00e1ndez ind\u00f3mito&#8230; all\u00ed alguna vez hubo un arete.<\/p>\n<p>II<\/p>\n<p>Platico con el precandidato del distrito 11, Xalapa rural, Sergio Hern\u00e1ndez Hern\u00e1ndez, y recuerda al ni\u00f1o que a los siete a\u00f1os lleg\u00f3 a esta ciudad capital despu\u00e9s de haber vivido parte de su infancia en Mata Verde (Alto Lucero), donde su mami, do\u00f1a Reyna, se ech\u00f3 a cuestas darle casa y sustento despu\u00e9s de que enviudara cuando \u00e9l ten\u00eda seis meses de edad. Pero a sus siete a\u00f1os lleg\u00f3 con una nueva familia: Mart\u00edn Espinoza Rold\u00e1n deja el seminario y se casa con do\u00f1a Reyna.<\/p>\n<p>En Xalapa llegan a la colonia Luz del Barrio, y en un terreno, su pap\u00e1 Mart\u00edn Espinoza levanta una casa de cart\u00f3n, con piso de tierra, y su cama era un catre plegable. Aun con las carencias que le toca vivir en esa \u00e9poca, disfrut\u00f3 su infancia entre juegos de futbol o de hacer un envase de frutsi, una regadera.<\/p>\n<p>Tres a\u00f1os despu\u00e9s, se cambiaron a Valle de Cristal, y ah\u00ed empez\u00f3 a hacerse algo \u201cindependiente\u201d. Iba y ven\u00eda de un extremo a otro de la ciudad solo&#8230; y quiz\u00e1s esos aires de libertad le originaron una serie de problemas propios de la adolescencia: la rebeld\u00eda.<\/p>\n<p>III<\/p>\n<p>A don Mart\u00edn poco le importaba que Sergio tuviera el turno vespertino en la secundaria. La orden era levantarse a las siete de la ma\u00f1ana y la encomienda era ayudar a do\u00f1a Reyna, ya fuera en la casa lavando trastes o limpiando el ba\u00f1o, o en la venta de tamales y chiles rellenos.<\/p>\n<p>Con trece a\u00f1os encima, Sergio se asoci\u00f3 con una persona para acondicionar un terreno abandonado all\u00e1, en Valle de Cristal, y tras varias jornadas, hicieron un peque\u00f1o campo de futbol y organizaron un torneo donde se registraron diez equipos&#8230; al final, obtuvo dos mil pesos.<\/p>\n<p>Inquieto, rebelde, los aires de independencia, para estar con los amigos, echar novio, chocan con la hora de llegar a casa. Si a ello se le suma el tatuaje tribal as\u00ed como un arete; los zapatos de plataforma o los cortes de cabello, acabaron con que a los 15 a\u00f1os dejara la casa y tuviera que buscar un trabajo&#8230; As\u00ed se convirti\u00f3 en chofer de un arquitecto, pero la paga no era buena. Al a\u00f1o, regres\u00f3 a su casa \u201ccon la cola entre las patas\u201d. Quiz\u00e1s menos rebelde, pero a\u00fan demasiado inquieto.<\/p>\n<p>IV<\/p>\n<p>\u2014\u00bfQuieres hacer algo? \u00a1M\u00e9tete a la pol\u00edtica! \u2014le dijo en alguna ocasi\u00f3n su pap\u00e1.<\/p>\n<p>\u2014\u00a1Me da hueva! \u00a1Son transas! \u2014eran las respuestas de Sergio, hasta que acompa\u00f1\u00f3 al registro de Gonzalo Herrera Barreda y se involucra con las redes de Acci\u00f3n Juvenil, que lo invitan a participar en diversas actividades que iban desde ir a los hospitales a ofrecer caf\u00e9 y pan o hasta viajar a diversos municipios de la entidad, por lo que conocer Coatzacoalcos o C\u00f3rdoba, para \u00e9l era como el mejor pago que pudiera tener, pues s\u00f3lo conoc\u00eda Mata Verde y Xalapa, as\u00ed como Cardel, que quedaba de paso. A sus 17 a\u00f1os ya era coordinador operativo de los j\u00f3venes del PAN. Y de ese momento, su carrera pol\u00edtica va en ascenso. A sus 19 a\u00f1os participa en un programa llamado Escudo Democr\u00e1tico y le toca trabajar en Tuxpan \u00a1ganando 23 mil pesos mensuales! Para esas fechas, y con ese sueldo, deja su casa, se compra un Derby (que su padre le vende en pagos) y recuerda las palabras de su t\u00edo Juan Manuel Nieto Reyes: \u201cEl d\u00eda que salgas de la casa de tus padres, es cuando har\u00e1s tu propio patrimonio\u201d.<\/p>\n<p>V<\/p>\n<p>Con trece t\u00edos y unos 40 primos, las fiestas de navidad, por citar algunas, eran bailes&#8230; sus primas le ense\u00f1aron a bailar&#8230; \u00a1Y le gust\u00f3! No se imagin\u00f3 que de cierto modo, su gusto por el baile lo habr\u00eda de llevar a conocer a Laura, su esposa. Fue en El Relicario, durante una reuni\u00f3n de j\u00f3venes panistas, que bailando con sus compa\u00f1eras le toc\u00f3 hacerlo con Laura y lo acepta: \u00a1Baila mejor ella que \u00e9l! Y si encajaban a la hora del baile, cuando platicaron, hubo una gran coincidencia&#8230; La infancia de Laura se dio en la Luz del Barrio, justo a cuadra y media de donde \u00e9l vivi\u00f3&#8230; \u00a1Ambos conoc\u00edan a los mismas vecinos!<\/p>\n<p>VI<\/p>\n<p>\u2014\u00bfPor qu\u00e9 no buscar la Pluri?<\/p>\n<p>Me responde que porque ya lo fue. Ahora quiere buscar los votos y si bien, a\u00fan espera la decisi\u00f3n de su partido para ver si lo postulan como candidato, a \u00e9l le queda claro, porque lo ha vivido, que ser espectador en la sociedad, no sirve de nada. Entiende que \u201csomos desconfiados, pero se trata de fomentar lazos entre la sociedad&#8230; y no se trata de derecha o izquierda\u201d, pero s\u00ed del centro, entendiendo \u00e9ste que si hay un cambio, debe partir de uno mismo\u201d.<\/p>\n<p>VII<\/p>\n<p>El mes de mayo le resulta muy especial a Sergio Hern\u00e1ndez&#8230; \u00a1No es para menos! Tanto Karime (cinco a\u00f1os), Sergio Alessandro (3) y Camila (rumbo al primer a\u00f1o) \u00a1nacieron en mayo! Y si a ello le suma el 10 de mayo, d\u00eda de las madres, uno podr\u00eda decir: \u00a1Qu\u00e9 m\u00e1s puede ocurrir! Casi nada, s\u00f3lo que el cumplea\u00f1os de su esposa Laura \u00a1es el 19! Se r\u00ede. Disfruta a su familia. Pero su amor por ella no s\u00f3lo se circunscribe a Laura y sus tres hijos, sino alcanza a su padre Mart\u00edn y a su madre Reyna. Por eso lleva a su familia en la piel, como un eterno recordatorio de que no hay nada m\u00e1s valioso en la vida que ella.<\/p>\n<p>smcainito@gmail.com<\/p>\n","protected":false},"excerpt":{"rendered":"<p>Salvador Mu\u00f1oz Los Pol\u00edticos &nbsp; &nbsp; Arremanga su camisa y me muestra sus tatuajes en ambos antebrazos&#8230; En el primero, se lee la leyenda: \u201cFamilia. Donde la vida comienza y el amor nunca termina\u201d. El segundo, es dedicado para su hija Camila. Para Karime y Sergio Alessandro, sus otros dos hijos, con un adem\u00e1n de [&hellip;]<\/p>\n","protected":false},"author":2,"featured_media":0,"comment_status":"open","ping_status":"open","sticky":false,"template":"","format":"standard","meta":{"tdm_status":"","tdm_grid_status":"","footnotes":""},"categories":[70],"tags":[3350,10927,3918,266,10926,6142],"class_list":{"0":"post-39798","1":"post","2":"type-post","3":"status-publish","4":"format-standard","6":"category-de-opinion","7":"tag-familia","8":"tag-gonzalo-herrera-barreda","9":"tag-luz-del-barrio","10":"tag-pan","11":"tag-rebeldia","12":"tag-sergio-hernandez"},"yoast_head":"<!-- This site is optimized with the Yoast SEO plugin v27.4 - https:\/\/yoast.com\/product\/yoast-seo-wordpress\/ -->\n<title>Sergio, con la Familia en la piel - Los pol\u00edticos Veracruz<\/title>\n<meta name=\"robots\" content=\"index, follow, max-snippet:-1, max-image-preview:large, max-video-preview:-1\" \/>\n<link rel=\"canonical\" href=\"https:\/\/lospoliticosveracruz.com\/?p=39798\" \/>\n<meta property=\"og:locale\" content=\"es_ES\" \/>\n<meta property=\"og:type\" content=\"article\" \/>\n<meta property=\"og:title\" content=\"Sergio, con la Familia en la piel - Los pol\u00edticos Veracruz\" \/>\n<meta property=\"og:description\" content=\"Salvador Mu\u00f1oz Los Pol\u00edticos &nbsp; &nbsp; Arremanga su camisa y me muestra sus tatuajes en ambos antebrazos&#8230; En el primero, se lee la leyenda: \u201cFamilia. Donde la vida comienza y el amor nunca termina\u201d. El segundo, es dedicado para su hija Camila. Para Karime y Sergio Alessandro, sus otros dos hijos, con un adem\u00e1n de [&hellip;]\" \/>\n<meta property=\"og:url\" content=\"https:\/\/lospoliticosveracruz.com\/?p=39798\" \/>\n<meta property=\"og:site_name\" content=\"Los pol\u00edticos Veracruz\" \/>\n<meta property=\"article:publisher\" content=\"https:\/\/www.facebook.com\/people\/Notimemes-de-los-Polticos\/61565672886568\/\" \/>\n<meta property=\"article:published_time\" content=\"2018-02-15T03:07:10+00:00\" \/>\n<meta property=\"og:image\" content=\"https:\/\/lospoliticosveracruz.com\/wp-content\/uploads\/2016\/07\/Logo-Dor.jpg\" \/>\n\t<meta property=\"og:image:width\" content=\"200\" \/>\n\t<meta property=\"og:image:height\" content=\"200\" \/>\n\t<meta property=\"og:image:type\" content=\"image\/jpeg\" \/>\n<meta name=\"author\" content=\"Lo viste en Los Pol\u00edticos\" \/>\n<meta name=\"twitter:card\" content=\"summary_large_image\" \/>\n<meta name=\"twitter:creator\" content=\"@LosPoliticosVer\" \/>\n<meta name=\"twitter:site\" content=\"@LosPoliticosVer\" \/>\n<meta name=\"twitter:label1\" content=\"Escrito por\" \/>\n\t<meta name=\"twitter:data1\" content=\"Lo viste en Los Pol\u00edticos\" \/>\n\t<meta name=\"twitter:label2\" content=\"Tiempo de lectura\" \/>\n\t<meta name=\"twitter:data2\" content=\"6 minutos\" \/>\n<script type=\"application\/ld+json\" class=\"yoast-schema-graph\">{\"@context\":\"https:\\\/\\\/schema.org\",\"@graph\":[{\"@type\":\"Article\",\"@id\":\"https:\\\/\\\/lospoliticosveracruz.com\\\/?p=39798#article\",\"isPartOf\":{\"@id\":\"https:\\\/\\\/lospoliticosveracruz.com\\\/?p=39798\"},\"author\":{\"name\":\"Lo viste en Los Pol\u00edticos\",\"@id\":\"https:\\\/\\\/lospoliticosveracruz.com\\\/#\\\/schema\\\/person\\\/b8702bb0e538456e6efd07080bf2a4a2\"},\"headline\":\"Sergio, con la Familia en la piel\",\"datePublished\":\"2018-02-15T03:07:10+00:00\",\"mainEntityOfPage\":{\"@id\":\"https:\\\/\\\/lospoliticosveracruz.com\\\/?p=39798\"},\"wordCount\":1108,\"commentCount\":0,\"publisher\":{\"@id\":\"https:\\\/\\\/lospoliticosveracruz.com\\\/#organization\"},\"keywords\":[\"Familia\",\"Gonzalo Herrera Barreda\",\"Luz del Barrio\",\"PAN\",\"Rebeld\u00eda\",\"Sergio Hern\u00e1ndez\"],\"articleSection\":[\"De Opini\u00f3n\"],\"inLanguage\":\"es\",\"potentialAction\":[{\"@type\":\"CommentAction\",\"name\":\"Comment\",\"target\":[\"https:\\\/\\\/lospoliticosveracruz.com\\\/?p=39798#respond\"]}]},{\"@type\":\"WebPage\",\"@id\":\"https:\\\/\\\/lospoliticosveracruz.com\\\/?p=39798\",\"url\":\"https:\\\/\\\/lospoliticosveracruz.com\\\/?p=39798\",\"name\":\"Sergio, con la Familia en la piel - Los pol\u00edticos Veracruz\",\"isPartOf\":{\"@id\":\"https:\\\/\\\/lospoliticosveracruz.com\\\/#website\"},\"datePublished\":\"2018-02-15T03:07:10+00:00\",\"breadcrumb\":{\"@id\":\"https:\\\/\\\/lospoliticosveracruz.com\\\/?p=39798#breadcrumb\"},\"inLanguage\":\"es\",\"potentialAction\":[{\"@type\":\"ReadAction\",\"target\":[\"https:\\\/\\\/lospoliticosveracruz.com\\\/?p=39798\"]}]},{\"@type\":\"BreadcrumbList\",\"@id\":\"https:\\\/\\\/lospoliticosveracruz.com\\\/?p=39798#breadcrumb\",\"itemListElement\":[{\"@type\":\"ListItem\",\"position\":1,\"name\":\"Portada\",\"item\":\"https:\\\/\\\/lospoliticosveracruz.com\\\/\"},{\"@type\":\"ListItem\",\"position\":2,\"name\":\"Sergio, con la Familia en la piel\"}]},{\"@type\":\"WebSite\",\"@id\":\"https:\\\/\\\/lospoliticosveracruz.com\\\/#website\",\"url\":\"https:\\\/\\\/lospoliticosveracruz.com\\\/\",\"name\":\"Los pol\u00edticos Veracruz\",\"description\":\"\",\"publisher\":{\"@id\":\"https:\\\/\\\/lospoliticosveracruz.com\\\/#organization\"},\"potentialAction\":[{\"@type\":\"SearchAction\",\"target\":{\"@type\":\"EntryPoint\",\"urlTemplate\":\"https:\\\/\\\/lospoliticosveracruz.com\\\/?s={search_term_string}\"},\"query-input\":{\"@type\":\"PropertyValueSpecification\",\"valueRequired\":true,\"valueName\":\"search_term_string\"}}],\"inLanguage\":\"es\"},{\"@type\":\"Organization\",\"@id\":\"https:\\\/\\\/lospoliticosveracruz.com\\\/#organization\",\"name\":\"Los pol\u00edticos Veracruz\",\"url\":\"https:\\\/\\\/lospoliticosveracruz.com\\\/\",\"logo\":{\"@type\":\"ImageObject\",\"inLanguage\":\"es\",\"@id\":\"https:\\\/\\\/lospoliticosveracruz.com\\\/#\\\/schema\\\/logo\\\/image\\\/\",\"url\":\"https:\\\/\\\/lospoliticosveracruz.com\\\/wp-content\\\/uploads\\\/2025\\\/12\\\/Logo-Nuevo-LOS-POLITICOS-1.jpg\",\"contentUrl\":\"https:\\\/\\\/lospoliticosveracruz.com\\\/wp-content\\\/uploads\\\/2025\\\/12\\\/Logo-Nuevo-LOS-POLITICOS-1.jpg\",\"width\":260,\"height\":70,\"caption\":\"Los pol\u00edticos Veracruz\"},\"image\":{\"@id\":\"https:\\\/\\\/lospoliticosveracruz.com\\\/#\\\/schema\\\/logo\\\/image\\\/\"},\"sameAs\":[\"https:\\\/\\\/www.facebook.com\\\/people\\\/Notimemes-de-los-Polticos\\\/61565672886568\\\/\",\"https:\\\/\\\/x.com\\\/LosPoliticosVer\"]},{\"@type\":\"Person\",\"@id\":\"https:\\\/\\\/lospoliticosveracruz.com\\\/#\\\/schema\\\/person\\\/b8702bb0e538456e6efd07080bf2a4a2\",\"name\":\"Lo viste en Los Pol\u00edticos\",\"image\":{\"@type\":\"ImageObject\",\"inLanguage\":\"es\",\"@id\":\"https:\\\/\\\/secure.gravatar.com\\\/avatar\\\/3a8de04a2656d44082be478bd6c086daa447c4651605818287b9532d3d0bd435?s=96&d=mm&r=g\",\"url\":\"https:\\\/\\\/secure.gravatar.com\\\/avatar\\\/3a8de04a2656d44082be478bd6c086daa447c4651605818287b9532d3d0bd435?s=96&d=mm&r=g\",\"contentUrl\":\"https:\\\/\\\/secure.gravatar.com\\\/avatar\\\/3a8de04a2656d44082be478bd6c086daa447c4651605818287b9532d3d0bd435?s=96&d=mm&r=g\",\"caption\":\"Lo viste en Los Pol\u00edticos\"},\"url\":\"https:\\\/\\\/lospoliticosveracruz.com\\\/?author=2\"}]}<\/script>\n<!-- \/ Yoast SEO plugin. -->","yoast_head_json":{"title":"Sergio, con la Familia en la piel - Los pol\u00edticos Veracruz","robots":{"index":"index","follow":"follow","max-snippet":"max-snippet:-1","max-image-preview":"max-image-preview:large","max-video-preview":"max-video-preview:-1"},"canonical":"https:\/\/lospoliticosveracruz.com\/?p=39798","og_locale":"es_ES","og_type":"article","og_title":"Sergio, con la Familia en la piel - Los pol\u00edticos Veracruz","og_description":"Salvador Mu\u00f1oz Los Pol\u00edticos &nbsp; &nbsp; Arremanga su camisa y me muestra sus tatuajes en ambos antebrazos&#8230; En el primero, se lee la leyenda: \u201cFamilia. Donde la vida comienza y el amor nunca termina\u201d. El segundo, es dedicado para su hija Camila. Para Karime y Sergio Alessandro, sus otros dos hijos, con un adem\u00e1n de [&hellip;]","og_url":"https:\/\/lospoliticosveracruz.com\/?p=39798","og_site_name":"Los pol\u00edticos Veracruz","article_publisher":"https:\/\/www.facebook.com\/people\/Notimemes-de-los-Polticos\/61565672886568\/","article_published_time":"2018-02-15T03:07:10+00:00","og_image":[{"width":200,"height":200,"url":"https:\/\/lospoliticosveracruz.com\/wp-content\/uploads\/2016\/07\/Logo-Dor.jpg","type":"image\/jpeg"}],"author":"Lo viste en Los Pol\u00edticos","twitter_card":"summary_large_image","twitter_creator":"@LosPoliticosVer","twitter_site":"@LosPoliticosVer","twitter_misc":{"Escrito por":"Lo viste en Los Pol\u00edticos","Tiempo de lectura":"6 minutos"},"schema":{"@context":"https:\/\/schema.org","@graph":[{"@type":"Article","@id":"https:\/\/lospoliticosveracruz.com\/?p=39798#article","isPartOf":{"@id":"https:\/\/lospoliticosveracruz.com\/?p=39798"},"author":{"name":"Lo viste en Los Pol\u00edticos","@id":"https:\/\/lospoliticosveracruz.com\/#\/schema\/person\/b8702bb0e538456e6efd07080bf2a4a2"},"headline":"Sergio, con la Familia en la piel","datePublished":"2018-02-15T03:07:10+00:00","mainEntityOfPage":{"@id":"https:\/\/lospoliticosveracruz.com\/?p=39798"},"wordCount":1108,"commentCount":0,"publisher":{"@id":"https:\/\/lospoliticosveracruz.com\/#organization"},"keywords":["Familia","Gonzalo Herrera Barreda","Luz del Barrio","PAN","Rebeld\u00eda","Sergio Hern\u00e1ndez"],"articleSection":["De Opini\u00f3n"],"inLanguage":"es","potentialAction":[{"@type":"CommentAction","name":"Comment","target":["https:\/\/lospoliticosveracruz.com\/?p=39798#respond"]}]},{"@type":"WebPage","@id":"https:\/\/lospoliticosveracruz.com\/?p=39798","url":"https:\/\/lospoliticosveracruz.com\/?p=39798","name":"Sergio, con la Familia en la piel - Los pol\u00edticos Veracruz","isPartOf":{"@id":"https:\/\/lospoliticosveracruz.com\/#website"},"datePublished":"2018-02-15T03:07:10+00:00","breadcrumb":{"@id":"https:\/\/lospoliticosveracruz.com\/?p=39798#breadcrumb"},"inLanguage":"es","potentialAction":[{"@type":"ReadAction","target":["https:\/\/lospoliticosveracruz.com\/?p=39798"]}]},{"@type":"BreadcrumbList","@id":"https:\/\/lospoliticosveracruz.com\/?p=39798#breadcrumb","itemListElement":[{"@type":"ListItem","position":1,"name":"Portada","item":"https:\/\/lospoliticosveracruz.com\/"},{"@type":"ListItem","position":2,"name":"Sergio, con la Familia en la piel"}]},{"@type":"WebSite","@id":"https:\/\/lospoliticosveracruz.com\/#website","url":"https:\/\/lospoliticosveracruz.com\/","name":"Los pol\u00edticos Veracruz","description":"","publisher":{"@id":"https:\/\/lospoliticosveracruz.com\/#organization"},"potentialAction":[{"@type":"SearchAction","target":{"@type":"EntryPoint","urlTemplate":"https:\/\/lospoliticosveracruz.com\/?s={search_term_string}"},"query-input":{"@type":"PropertyValueSpecification","valueRequired":true,"valueName":"search_term_string"}}],"inLanguage":"es"},{"@type":"Organization","@id":"https:\/\/lospoliticosveracruz.com\/#organization","name":"Los pol\u00edticos Veracruz","url":"https:\/\/lospoliticosveracruz.com\/","logo":{"@type":"ImageObject","inLanguage":"es","@id":"https:\/\/lospoliticosveracruz.com\/#\/schema\/logo\/image\/","url":"https:\/\/lospoliticosveracruz.com\/wp-content\/uploads\/2025\/12\/Logo-Nuevo-LOS-POLITICOS-1.jpg","contentUrl":"https:\/\/lospoliticosveracruz.com\/wp-content\/uploads\/2025\/12\/Logo-Nuevo-LOS-POLITICOS-1.jpg","width":260,"height":70,"caption":"Los pol\u00edticos Veracruz"},"image":{"@id":"https:\/\/lospoliticosveracruz.com\/#\/schema\/logo\/image\/"},"sameAs":["https:\/\/www.facebook.com\/people\/Notimemes-de-los-Polticos\/61565672886568\/","https:\/\/x.com\/LosPoliticosVer"]},{"@type":"Person","@id":"https:\/\/lospoliticosveracruz.com\/#\/schema\/person\/b8702bb0e538456e6efd07080bf2a4a2","name":"Lo viste en Los Pol\u00edticos","image":{"@type":"ImageObject","inLanguage":"es","@id":"https:\/\/secure.gravatar.com\/avatar\/3a8de04a2656d44082be478bd6c086daa447c4651605818287b9532d3d0bd435?s=96&d=mm&r=g","url":"https:\/\/secure.gravatar.com\/avatar\/3a8de04a2656d44082be478bd6c086daa447c4651605818287b9532d3d0bd435?s=96&d=mm&r=g","contentUrl":"https:\/\/secure.gravatar.com\/avatar\/3a8de04a2656d44082be478bd6c086daa447c4651605818287b9532d3d0bd435?s=96&d=mm&r=g","caption":"Lo viste en Los Pol\u00edticos"},"url":"https:\/\/lospoliticosveracruz.com\/?author=2"}]}},"_links":{"self":[{"href":"https:\/\/lospoliticosveracruz.com\/index.php?rest_route=\/wp\/v2\/posts\/39798","targetHints":{"allow":["GET"]}}],"collection":[{"href":"https:\/\/lospoliticosveracruz.com\/index.php?rest_route=\/wp\/v2\/posts"}],"about":[{"href":"https:\/\/lospoliticosveracruz.com\/index.php?rest_route=\/wp\/v2\/types\/post"}],"author":[{"embeddable":true,"href":"https:\/\/lospoliticosveracruz.com\/index.php?rest_route=\/wp\/v2\/users\/2"}],"replies":[{"embeddable":true,"href":"https:\/\/lospoliticosveracruz.com\/index.php?rest_route=%2Fwp%2Fv2%2Fcomments&post=39798"}],"version-history":[{"count":1,"href":"https:\/\/lospoliticosveracruz.com\/index.php?rest_route=\/wp\/v2\/posts\/39798\/revisions"}],"predecessor-version":[{"id":39799,"href":"https:\/\/lospoliticosveracruz.com\/index.php?rest_route=\/wp\/v2\/posts\/39798\/revisions\/39799"}],"wp:attachment":[{"href":"https:\/\/lospoliticosveracruz.com\/index.php?rest_route=%2Fwp%2Fv2%2Fmedia&parent=39798"}],"wp:term":[{"taxonomy":"category","embeddable":true,"href":"https:\/\/lospoliticosveracruz.com\/index.php?rest_route=%2Fwp%2Fv2%2Fcategories&post=39798"},{"taxonomy":"post_tag","embeddable":true,"href":"https:\/\/lospoliticosveracruz.com\/index.php?rest_route=%2Fwp%2Fv2%2Ftags&post=39798"}],"curies":[{"name":"wp","href":"https:\/\/api.w.org\/{rel}","templated":true}]}}