{"id":39845,"date":"2018-02-16T19:31:31","date_gmt":"2018-02-17T01:31:31","guid":{"rendered":"http:\/\/www.lospoliticosveracruz.com.mx\/?p=39845"},"modified":"2018-02-16T19:31:31","modified_gmt":"2018-02-17T01:31:31","slug":"algo-esta-pasando","status":"publish","type":"post","link":"https:\/\/lospoliticosveracruz.com\/?p=39845","title":{"rendered":"Algo est\u00e1 pasando"},"content":{"rendered":"<p class=\"x_m_4345951394601369352x_Standard\" align=\"center\">\n<p class=\"x_m_4345951394601369352x_Standard\" style=\"text-align: left;\" align=\"center\"><strong>Ricardo V\u00e1zquez S.<\/strong><\/p>\n<p class=\"x_m_4345951394601369352x_Standard\" style=\"text-align: left;\" align=\"center\">Esfera Pol\u00edtica<\/p>\n<p class=\"x_m_4345951394601369352x_Standard\" style=\"text-align: left;\" align=\"center\">\n<p class=\"x_m_4345951394601369352x_Textbody\" align=\"center\"><b><\/b><b><span lang=\"ES-MX\">\u00a0<\/span><\/b><\/p>\n<p class=\"x_m_4345951394601369352x_MsoNormal\"><span lang=\"ES-MX\">Algo est\u00e1 pasando, en un pa\u00eds como Estados Unidos en que la xenofobia en la m\u00e1s alta esfera oficial queda ridiculizada, debido a que en los \u00faltimos 13 a\u00f1os hubo m\u00e1s muertos por tiroteos provocados por su propia gente que por ataques calificados de \u00abterroristas\u00bb. En los 45 d\u00edas que van del a\u00f1o ha habido 18 tiroteos en las escuelas. Los lamentables hechos sangrientos no se detienen, Sandy Hook en 2012, San Bernardino en 2015, y ahora en la escuela secundaria Stoneman Douglas de Parkland, Florida, ataque en que un supuesto trastornado mental acab\u00f3 con la vida de 17 personas.<\/span><\/p>\n<p class=\"x_m_4345951394601369352x_MsoNormal\"><span lang=\"ES-MX\">Ya anteriormente el columnista Nicholas Kristof, columnista de The New York Times hab\u00eda dado a conocer cifras alarmantes en que advert\u00eda que son m\u00e1s los fallecidos en tiroteos al interior de Estados Unidos que en todas las guerras en las que ha estado implicado ese pa\u00eds en toda su historia.<\/span><\/p>\n<p class=\"x_m_4345951394601369352x_MsoNormal\"><span lang=\"ES-MX\">No transcurrir\u00e1n muchos d\u00edas en que el presidente Donald Trump contin\u00fae insistiendo en la construcci\u00f3n del muro fronterizo, con el argumento de detener el flujo de los que llama delincuentes, los que la fortaleza laboral de 33.5 millones de mexicanos radicados en Estados Unidos contribuyen con el 8 por ciento del PIB de ese pa\u00eds.<\/span><\/p>\n<p class=\"x_m_4345951394601369352x_MsoNormal\"><span lang=\"ES-MX\">Algo est\u00e1 pasando en M\u00e9xico, en que siete ex gobernadores han sido detenidos y nueve m\u00e1s est\u00e1n bajo investigaci\u00f3n. Es decir, del n\u00famero total, la mitad de ex mandatarios han sido se\u00f1alados de corrupci\u00f3n, peculado, enriquecimiento il\u00edcito, delincuencia organizada; \u201cvirtudes\u201d con las que han nutrido para incrementar la pobreza extrema, la desigualdad social y los rezagos en distintas \u00e1reas en este pa\u00eds.\u00a0<\/span><\/p>\n<p class=\"x_m_4345951394601369352x_MsoNormal\"><span lang=\"ES-MX\">Algo est\u00e1 pasando, en el proceso electoral en curso. La poblaci\u00f3n sigue cayendo en el juego perverso de la clase pol\u00edtica. Los contrincantes que aspiran a un cargo de elecci\u00f3n est\u00e1n haciendo creer al electorado que la supuesta enemistad ser\u00e1 eterna. Los incidentes indican que los ciudadanos han pasado del apasionamiento al fanatismo, generando enemistades, rompimientos y distanciamientos con quienes no piensan de la misma manera, con la creencia de que ha llegado el mes\u00edas \u2013tropical-, el que \u201cviene a salvar a M\u00e9xico\u201d. El inmaculado que al parecer encabeza las preferencias, ya sabes qui\u00e9n.\u00a0\u00a0\u00a0<\/span><\/p>\n<p class=\"x_m_4345951394601369352x_MsoNormal\"><span lang=\"ES-MX\">Algo est\u00e1 pasando, en que el convenio firmado entre INE y Facebook result\u00f3 tal y como se hab\u00eda previsto: una vacilada. El contenido de \u201cfakenews\u201d, mentiras y basura que circula en las redes anti-sociales en lugar de verse reducida se ha visto incrementada.<\/span><\/p>\n<p class=\"x_m_4345951394601369352x_MsoNormal\"><span lang=\"ES-MX\">Algo est\u00e1 pasando, que actores pol\u00edticos est\u00e1n afiliados a diferentes partidos pol\u00edticos al mismo tiempo; otros simplemente se cambian de camiseta: unos m\u00e1s le apuestan a los tres aspirantes con mayores posibilidades a alcanzar la gubernatura, como est\u00e1 sucediendo en Veracruz.<\/span><\/p>\n<p class=\"x_m_4345951394601369352x_MsoNormal\"><span lang=\"ES-MX\">Algo est\u00e1 pasando, que una vez transcurrido el \u201cexitoso desempe\u00f1o\u201d de la reina de la far\u00e1ndula, Carmen Salinas, en su funci\u00f3n como diputada federal, ahora entrar\u00e1 a ocupar la misma curul Mar\u00eda Elena Salda\u00f1a, mejor conocida como \u201cLa G\u00fcereja\u201d. Sin duda seguiremos siendo beneficiados con \u201ccalidad\u201d parlamentaria. El Bundestag de petatiux. \u00a0\u00a0\u00a0\u00a0<\/span><\/p>\n<p class=\"x_m_4345951394601369352x_MsoNormal\"><span lang=\"ES-MX\">Algo est\u00e1 pasando, en que se permiti\u00f3 en distintas formas: por complicidad directa e indirecta, silencio, omisi\u00f3n, en los brutales cr\u00edmenes de lesa humanidad, considerada la m\u00e1s grande\u00a0 felon\u00eda en contra de los veracruzanos, con la falsificaci\u00f3n, abastecimiento y aplicaci\u00f3n de medicamentos de quimioterapia para combatir el c\u00e1ncer en el Centro Estatal de Cancerolog\u00eda, en Xalapa; que con los registros de haberse disparado al triple las tasa de mortalidad por causa de esta enfermedad en determinados periodos, no hay manera de desmentir la bestialidad cometida. No hay un detenido responsable de la corrupci\u00f3n criminal m\u00e1s despiadada perpetrada en el estado de Veracruz. Si se llagara a detener a alguno, los del tricolor se inconformar\u00edan de \u00abcacer\u00eda de brujas\u00bb. \u00a0\u00a0\u00a0\u00a0\u00a0<\/span><\/p>\n<p><a href=\"mailto:rvazquez002@yahoo.com.mx\" target=\"_blank\" rel=\"noopener noreferrer\"><span lang=\"ES-MX\">rvazquez002@yahoo.com.mx<\/span><\/a><\/p>\n","protected":false},"excerpt":{"rendered":"<p>Ricardo V\u00e1zquez S. Esfera Pol\u00edtica \u00a0 Algo est\u00e1 pasando, en un pa\u00eds como Estados Unidos en que la xenofobia en la m\u00e1s alta esfera oficial queda ridiculizada, debido a que en los \u00faltimos 13 a\u00f1os hubo m\u00e1s muertos por tiroteos provocados por su propia gente que por ataques calificados de \u00abterroristas\u00bb. En los 45 d\u00edas [&hellip;]<\/p>\n","protected":false},"author":2,"featured_media":0,"comment_status":"open","ping_status":"open","sticky":false,"template":"","format":"standard","meta":{"tdm_status":"","tdm_grid_status":"","footnotes":""},"categories":[70],"tags":[1960,242,554,10950,10949],"class_list":{"0":"post-39845","1":"post","2":"type-post","3":"status-publish","4":"format-standard","6":"category-de-opinion","7":"tag-carmen-salinas","8":"tag-facebook","9":"tag-ine","10":"tag-maria-elena-saldana","11":"tag-nicholas-kristof"},"yoast_head":"<!-- This site is optimized with the Yoast SEO plugin v27.4 - https:\/\/yoast.com\/product\/yoast-seo-wordpress\/ -->\n<title>Algo est\u00e1 pasando - Los pol\u00edticos Veracruz<\/title>\n<meta name=\"robots\" content=\"index, follow, max-snippet:-1, max-image-preview:large, max-video-preview:-1\" \/>\n<link rel=\"canonical\" href=\"https:\/\/lospoliticosveracruz.com\/?p=39845\" \/>\n<meta property=\"og:locale\" content=\"es_ES\" \/>\n<meta property=\"og:type\" content=\"article\" \/>\n<meta property=\"og:title\" content=\"Algo est\u00e1 pasando - Los pol\u00edticos Veracruz\" \/>\n<meta property=\"og:description\" content=\"Ricardo V\u00e1zquez S. Esfera Pol\u00edtica \u00a0 Algo est\u00e1 pasando, en un pa\u00eds como Estados Unidos en que la xenofobia en la m\u00e1s alta esfera oficial queda ridiculizada, debido a que en los \u00faltimos 13 a\u00f1os hubo m\u00e1s muertos por tiroteos provocados por su propia gente que por ataques calificados de \u00abterroristas\u00bb. En los 45 d\u00edas [&hellip;]\" \/>\n<meta property=\"og:url\" content=\"https:\/\/lospoliticosveracruz.com\/?p=39845\" \/>\n<meta property=\"og:site_name\" content=\"Los pol\u00edticos Veracruz\" \/>\n<meta property=\"article:publisher\" content=\"https:\/\/www.facebook.com\/people\/Notimemes-de-los-Polticos\/61565672886568\/\" \/>\n<meta property=\"article:published_time\" content=\"2018-02-17T01:31:31+00:00\" \/>\n<meta property=\"og:image\" content=\"https:\/\/lospoliticosveracruz.com\/wp-content\/uploads\/2016\/07\/Logo-Dor.jpg\" \/>\n\t<meta property=\"og:image:width\" content=\"200\" \/>\n\t<meta property=\"og:image:height\" content=\"200\" \/>\n\t<meta property=\"og:image:type\" content=\"image\/jpeg\" \/>\n<meta name=\"author\" content=\"Lo viste en Los Pol\u00edticos\" \/>\n<meta name=\"twitter:card\" content=\"summary_large_image\" \/>\n<meta name=\"twitter:creator\" content=\"@LosPoliticosVer\" \/>\n<meta name=\"twitter:site\" content=\"@LosPoliticosVer\" \/>\n<meta name=\"twitter:label1\" content=\"Escrito por\" \/>\n\t<meta name=\"twitter:data1\" content=\"Lo viste en Los Pol\u00edticos\" \/>\n\t<meta name=\"twitter:label2\" content=\"Tiempo de lectura\" \/>\n\t<meta name=\"twitter:data2\" content=\"3 minutos\" \/>\n<script type=\"application\/ld+json\" class=\"yoast-schema-graph\">{\"@context\":\"https:\\\/\\\/schema.org\",\"@graph\":[{\"@type\":\"Article\",\"@id\":\"https:\\\/\\\/lospoliticosveracruz.com\\\/?p=39845#article\",\"isPartOf\":{\"@id\":\"https:\\\/\\\/lospoliticosveracruz.com\\\/?p=39845\"},\"author\":{\"name\":\"Lo viste en Los Pol\u00edticos\",\"@id\":\"https:\\\/\\\/lospoliticosveracruz.com\\\/#\\\/schema\\\/person\\\/b8702bb0e538456e6efd07080bf2a4a2\"},\"headline\":\"Algo est\u00e1 pasando\",\"datePublished\":\"2018-02-17T01:31:31+00:00\",\"mainEntityOfPage\":{\"@id\":\"https:\\\/\\\/lospoliticosveracruz.com\\\/?p=39845\"},\"wordCount\":674,\"commentCount\":0,\"publisher\":{\"@id\":\"https:\\\/\\\/lospoliticosveracruz.com\\\/#organization\"},\"keywords\":[\"Carmen Salinas\",\"facebook\",\"INE\",\"Mar\u00eda Elena Salda\u00f1a\",\"Nicholas Kristof\"],\"articleSection\":[\"De Opini\u00f3n\"],\"inLanguage\":\"es\",\"potentialAction\":[{\"@type\":\"CommentAction\",\"name\":\"Comment\",\"target\":[\"https:\\\/\\\/lospoliticosveracruz.com\\\/?p=39845#respond\"]}]},{\"@type\":\"WebPage\",\"@id\":\"https:\\\/\\\/lospoliticosveracruz.com\\\/?p=39845\",\"url\":\"https:\\\/\\\/lospoliticosveracruz.com\\\/?p=39845\",\"name\":\"Algo est\u00e1 pasando - Los pol\u00edticos Veracruz\",\"isPartOf\":{\"@id\":\"https:\\\/\\\/lospoliticosveracruz.com\\\/#website\"},\"datePublished\":\"2018-02-17T01:31:31+00:00\",\"breadcrumb\":{\"@id\":\"https:\\\/\\\/lospoliticosveracruz.com\\\/?p=39845#breadcrumb\"},\"inLanguage\":\"es\",\"potentialAction\":[{\"@type\":\"ReadAction\",\"target\":[\"https:\\\/\\\/lospoliticosveracruz.com\\\/?p=39845\"]}]},{\"@type\":\"BreadcrumbList\",\"@id\":\"https:\\\/\\\/lospoliticosveracruz.com\\\/?p=39845#breadcrumb\",\"itemListElement\":[{\"@type\":\"ListItem\",\"position\":1,\"name\":\"Portada\",\"item\":\"https:\\\/\\\/lospoliticosveracruz.com\\\/\"},{\"@type\":\"ListItem\",\"position\":2,\"name\":\"Algo est\u00e1 pasando\"}]},{\"@type\":\"WebSite\",\"@id\":\"https:\\\/\\\/lospoliticosveracruz.com\\\/#website\",\"url\":\"https:\\\/\\\/lospoliticosveracruz.com\\\/\",\"name\":\"Los pol\u00edticos Veracruz\",\"description\":\"\",\"publisher\":{\"@id\":\"https:\\\/\\\/lospoliticosveracruz.com\\\/#organization\"},\"potentialAction\":[{\"@type\":\"SearchAction\",\"target\":{\"@type\":\"EntryPoint\",\"urlTemplate\":\"https:\\\/\\\/lospoliticosveracruz.com\\\/?s={search_term_string}\"},\"query-input\":{\"@type\":\"PropertyValueSpecification\",\"valueRequired\":true,\"valueName\":\"search_term_string\"}}],\"inLanguage\":\"es\"},{\"@type\":\"Organization\",\"@id\":\"https:\\\/\\\/lospoliticosveracruz.com\\\/#organization\",\"name\":\"Los pol\u00edticos Veracruz\",\"url\":\"https:\\\/\\\/lospoliticosveracruz.com\\\/\",\"logo\":{\"@type\":\"ImageObject\",\"inLanguage\":\"es\",\"@id\":\"https:\\\/\\\/lospoliticosveracruz.com\\\/#\\\/schema\\\/logo\\\/image\\\/\",\"url\":\"https:\\\/\\\/lospoliticosveracruz.com\\\/wp-content\\\/uploads\\\/2025\\\/12\\\/Logo-Nuevo-LOS-POLITICOS-1.jpg\",\"contentUrl\":\"https:\\\/\\\/lospoliticosveracruz.com\\\/wp-content\\\/uploads\\\/2025\\\/12\\\/Logo-Nuevo-LOS-POLITICOS-1.jpg\",\"width\":260,\"height\":70,\"caption\":\"Los pol\u00edticos Veracruz\"},\"image\":{\"@id\":\"https:\\\/\\\/lospoliticosveracruz.com\\\/#\\\/schema\\\/logo\\\/image\\\/\"},\"sameAs\":[\"https:\\\/\\\/www.facebook.com\\\/people\\\/Notimemes-de-los-Polticos\\\/61565672886568\\\/\",\"https:\\\/\\\/x.com\\\/LosPoliticosVer\"]},{\"@type\":\"Person\",\"@id\":\"https:\\\/\\\/lospoliticosveracruz.com\\\/#\\\/schema\\\/person\\\/b8702bb0e538456e6efd07080bf2a4a2\",\"name\":\"Lo viste en Los Pol\u00edticos\",\"image\":{\"@type\":\"ImageObject\",\"inLanguage\":\"es\",\"@id\":\"https:\\\/\\\/secure.gravatar.com\\\/avatar\\\/3a8de04a2656d44082be478bd6c086daa447c4651605818287b9532d3d0bd435?s=96&d=mm&r=g\",\"url\":\"https:\\\/\\\/secure.gravatar.com\\\/avatar\\\/3a8de04a2656d44082be478bd6c086daa447c4651605818287b9532d3d0bd435?s=96&d=mm&r=g\",\"contentUrl\":\"https:\\\/\\\/secure.gravatar.com\\\/avatar\\\/3a8de04a2656d44082be478bd6c086daa447c4651605818287b9532d3d0bd435?s=96&d=mm&r=g\",\"caption\":\"Lo viste en Los Pol\u00edticos\"},\"url\":\"https:\\\/\\\/lospoliticosveracruz.com\\\/?author=2\"}]}<\/script>\n<!-- \/ Yoast SEO plugin. -->","yoast_head_json":{"title":"Algo est\u00e1 pasando - Los pol\u00edticos Veracruz","robots":{"index":"index","follow":"follow","max-snippet":"max-snippet:-1","max-image-preview":"max-image-preview:large","max-video-preview":"max-video-preview:-1"},"canonical":"https:\/\/lospoliticosveracruz.com\/?p=39845","og_locale":"es_ES","og_type":"article","og_title":"Algo est\u00e1 pasando - Los pol\u00edticos Veracruz","og_description":"Ricardo V\u00e1zquez S. Esfera Pol\u00edtica \u00a0 Algo est\u00e1 pasando, en un pa\u00eds como Estados Unidos en que la xenofobia en la m\u00e1s alta esfera oficial queda ridiculizada, debido a que en los \u00faltimos 13 a\u00f1os hubo m\u00e1s muertos por tiroteos provocados por su propia gente que por ataques calificados de \u00abterroristas\u00bb. En los 45 d\u00edas [&hellip;]","og_url":"https:\/\/lospoliticosveracruz.com\/?p=39845","og_site_name":"Los pol\u00edticos Veracruz","article_publisher":"https:\/\/www.facebook.com\/people\/Notimemes-de-los-Polticos\/61565672886568\/","article_published_time":"2018-02-17T01:31:31+00:00","og_image":[{"width":200,"height":200,"url":"https:\/\/lospoliticosveracruz.com\/wp-content\/uploads\/2016\/07\/Logo-Dor.jpg","type":"image\/jpeg"}],"author":"Lo viste en Los Pol\u00edticos","twitter_card":"summary_large_image","twitter_creator":"@LosPoliticosVer","twitter_site":"@LosPoliticosVer","twitter_misc":{"Escrito por":"Lo viste en Los Pol\u00edticos","Tiempo de lectura":"3 minutos"},"schema":{"@context":"https:\/\/schema.org","@graph":[{"@type":"Article","@id":"https:\/\/lospoliticosveracruz.com\/?p=39845#article","isPartOf":{"@id":"https:\/\/lospoliticosveracruz.com\/?p=39845"},"author":{"name":"Lo viste en Los Pol\u00edticos","@id":"https:\/\/lospoliticosveracruz.com\/#\/schema\/person\/b8702bb0e538456e6efd07080bf2a4a2"},"headline":"Algo est\u00e1 pasando","datePublished":"2018-02-17T01:31:31+00:00","mainEntityOfPage":{"@id":"https:\/\/lospoliticosveracruz.com\/?p=39845"},"wordCount":674,"commentCount":0,"publisher":{"@id":"https:\/\/lospoliticosveracruz.com\/#organization"},"keywords":["Carmen Salinas","facebook","INE","Mar\u00eda Elena Salda\u00f1a","Nicholas Kristof"],"articleSection":["De Opini\u00f3n"],"inLanguage":"es","potentialAction":[{"@type":"CommentAction","name":"Comment","target":["https:\/\/lospoliticosveracruz.com\/?p=39845#respond"]}]},{"@type":"WebPage","@id":"https:\/\/lospoliticosveracruz.com\/?p=39845","url":"https:\/\/lospoliticosveracruz.com\/?p=39845","name":"Algo est\u00e1 pasando - Los pol\u00edticos Veracruz","isPartOf":{"@id":"https:\/\/lospoliticosveracruz.com\/#website"},"datePublished":"2018-02-17T01:31:31+00:00","breadcrumb":{"@id":"https:\/\/lospoliticosveracruz.com\/?p=39845#breadcrumb"},"inLanguage":"es","potentialAction":[{"@type":"ReadAction","target":["https:\/\/lospoliticosveracruz.com\/?p=39845"]}]},{"@type":"BreadcrumbList","@id":"https:\/\/lospoliticosveracruz.com\/?p=39845#breadcrumb","itemListElement":[{"@type":"ListItem","position":1,"name":"Portada","item":"https:\/\/lospoliticosveracruz.com\/"},{"@type":"ListItem","position":2,"name":"Algo est\u00e1 pasando"}]},{"@type":"WebSite","@id":"https:\/\/lospoliticosveracruz.com\/#website","url":"https:\/\/lospoliticosveracruz.com\/","name":"Los pol\u00edticos Veracruz","description":"","publisher":{"@id":"https:\/\/lospoliticosveracruz.com\/#organization"},"potentialAction":[{"@type":"SearchAction","target":{"@type":"EntryPoint","urlTemplate":"https:\/\/lospoliticosveracruz.com\/?s={search_term_string}"},"query-input":{"@type":"PropertyValueSpecification","valueRequired":true,"valueName":"search_term_string"}}],"inLanguage":"es"},{"@type":"Organization","@id":"https:\/\/lospoliticosveracruz.com\/#organization","name":"Los pol\u00edticos Veracruz","url":"https:\/\/lospoliticosveracruz.com\/","logo":{"@type":"ImageObject","inLanguage":"es","@id":"https:\/\/lospoliticosveracruz.com\/#\/schema\/logo\/image\/","url":"https:\/\/lospoliticosveracruz.com\/wp-content\/uploads\/2025\/12\/Logo-Nuevo-LOS-POLITICOS-1.jpg","contentUrl":"https:\/\/lospoliticosveracruz.com\/wp-content\/uploads\/2025\/12\/Logo-Nuevo-LOS-POLITICOS-1.jpg","width":260,"height":70,"caption":"Los pol\u00edticos Veracruz"},"image":{"@id":"https:\/\/lospoliticosveracruz.com\/#\/schema\/logo\/image\/"},"sameAs":["https:\/\/www.facebook.com\/people\/Notimemes-de-los-Polticos\/61565672886568\/","https:\/\/x.com\/LosPoliticosVer"]},{"@type":"Person","@id":"https:\/\/lospoliticosveracruz.com\/#\/schema\/person\/b8702bb0e538456e6efd07080bf2a4a2","name":"Lo viste en Los Pol\u00edticos","image":{"@type":"ImageObject","inLanguage":"es","@id":"https:\/\/secure.gravatar.com\/avatar\/3a8de04a2656d44082be478bd6c086daa447c4651605818287b9532d3d0bd435?s=96&d=mm&r=g","url":"https:\/\/secure.gravatar.com\/avatar\/3a8de04a2656d44082be478bd6c086daa447c4651605818287b9532d3d0bd435?s=96&d=mm&r=g","contentUrl":"https:\/\/secure.gravatar.com\/avatar\/3a8de04a2656d44082be478bd6c086daa447c4651605818287b9532d3d0bd435?s=96&d=mm&r=g","caption":"Lo viste en Los Pol\u00edticos"},"url":"https:\/\/lospoliticosveracruz.com\/?author=2"}]}},"_links":{"self":[{"href":"https:\/\/lospoliticosveracruz.com\/index.php?rest_route=\/wp\/v2\/posts\/39845","targetHints":{"allow":["GET"]}}],"collection":[{"href":"https:\/\/lospoliticosveracruz.com\/index.php?rest_route=\/wp\/v2\/posts"}],"about":[{"href":"https:\/\/lospoliticosveracruz.com\/index.php?rest_route=\/wp\/v2\/types\/post"}],"author":[{"embeddable":true,"href":"https:\/\/lospoliticosveracruz.com\/index.php?rest_route=\/wp\/v2\/users\/2"}],"replies":[{"embeddable":true,"href":"https:\/\/lospoliticosveracruz.com\/index.php?rest_route=%2Fwp%2Fv2%2Fcomments&post=39845"}],"version-history":[{"count":1,"href":"https:\/\/lospoliticosveracruz.com\/index.php?rest_route=\/wp\/v2\/posts\/39845\/revisions"}],"predecessor-version":[{"id":39846,"href":"https:\/\/lospoliticosveracruz.com\/index.php?rest_route=\/wp\/v2\/posts\/39845\/revisions\/39846"}],"wp:attachment":[{"href":"https:\/\/lospoliticosveracruz.com\/index.php?rest_route=%2Fwp%2Fv2%2Fmedia&parent=39845"}],"wp:term":[{"taxonomy":"category","embeddable":true,"href":"https:\/\/lospoliticosveracruz.com\/index.php?rest_route=%2Fwp%2Fv2%2Fcategories&post=39845"},{"taxonomy":"post_tag","embeddable":true,"href":"https:\/\/lospoliticosveracruz.com\/index.php?rest_route=%2Fwp%2Fv2%2Ftags&post=39845"}],"curies":[{"name":"wp","href":"https:\/\/api.w.org\/{rel}","templated":true}]}}