{"id":39855,"date":"2018-02-18T22:33:24","date_gmt":"2018-02-19T04:33:24","guid":{"rendered":"http:\/\/www.lospoliticosveracruz.com.mx\/?p=39855"},"modified":"2018-02-18T22:33:24","modified_gmt":"2018-02-19T04:33:24","slug":"indira-y-mayra-por-el-pan","status":"publish","type":"post","link":"https:\/\/lospoliticosveracruz.com\/?p=39855","title":{"rendered":"Indira y Mayra por el PAN"},"content":{"rendered":"<p><strong>Brenda Caballero<\/strong><\/p>\n<p><em>N\u00fameros Rojos<\/em><\/p>\n<p>&nbsp;<br \/>\nEl viernes pasado amanec\u00edamos en Veracruz con una sorpresa: \u00a1Renunciaba Indira a la Secretar\u00eda de Desarrollo Social en Veracruz! En realidad, ya se rumoraba que Indira buscar\u00eda un puesto de elecci\u00f3n popular, pero la mayor sorpresa fue que la hoy extitular de Sedesol estaba en el lugar tres de los candidatos plurinominales, tan solo debajo de personajes de gran peso pol\u00edtico como Josefina V\u00e1zquez Mota y Miguel \u00c1ngel Mancera Espinosa.<br \/>\nEn este mismo espacio, en la primera columna de mujeres del a\u00f1o titulada \u201c2018: Mujeres Recargadas\u201d, escrib\u00edamos: \u201cLa titular de la Sedesol Estatal es considerada una de las mujeres con mayor peso pol\u00edtico y de decisi\u00f3n dentro del Gabinete del gobernador Miguel \u00c1ngel Yunes Linares. Incluso en la comparecencia ante el Congreso Estatal, Indira se present\u00f3 sola a contestar a los diputados sus cuestionamientos. Sin duda ser\u00e1 un gran a\u00f1o para ella, si consideramos que de entrada se le est\u00e1 designando un mayor presupuesto a la Sedesol Estatal\u201d.<br \/>\nEn lo personal, no conozco a Indira Rosales San Rom\u00e1n, pero mucho he escuchado que es una mujer muy inteligente y trabajadora, raz\u00f3n suficiente para ser impulsada pol\u00edticamente por los Yunes, aunque los malquerientes dir\u00e1n que \u201ces la consentida\u201d.<br \/>\nConsidero que hay algo m\u00e1s: la construcci\u00f3n de un proyecto pol\u00edtico alterno, emergente, un as bajo la manga, que podr\u00eda aplicarse para 2018.<br \/>\nPero vamos por partes. En primer lugar, su posici\u00f3n 3 en la lista pluri al Senado no es casualidad, es el reflejo del gran peso pol\u00edtico que tiene actualmente el gobernador Miguel \u00c1ngel Yunes Linares a nivel nacional, tanto con el candidato presidencial Ricardo Anaya, como con el PAN, pero \u00bfpor qu\u00e9 Indira? Simple, es su mejor aliada para hacer contrapeso a la Morena Roc\u00edo Nahle. Ambas es posible que est\u00e9n en el Senado, ambas veracruzanas y ambas de partidos punteros en Veracruz.<br \/>\nA\u00fan no sabemos qui\u00e9n ser\u00e1 el pr\u00f3ximo gobernador de Veracruz, pero, si ganara Miguel \u00c1ngel Yunes M\u00e1rquez, no ser\u00eda muy bien visto que Fernando Yunes M\u00e1rquez le sucediera. \u00bfY el as bajo la manga? A\u00fan falta mucho, pero s\u00ed Nahle es la pr\u00f3xima candidata de Morena a la gubernatura en 2024, no descartemos a Indira. S\u00e9 que mi comentario le puede causar risa, pero \u00bfse imaginaba usted hace un mes a Rosales San Rom\u00e1n en la posici\u00f3n 3 por una Pluri al Senado? Ahora tendr\u00e1 6 a\u00f1os para foguearse.<br \/>\n<strong>PUGNA EN EL DISTRITO 8 DE XALAPA<\/strong><br \/>\nDespu\u00e9s de que se ampliara la convocatoria interna a nivel nacional para que todos los militantes que aspiran a una candidatura de elecci\u00f3n popular al cargo de diputaci\u00f3n federal y senadores se pudieran inscribir sin hacer precampa\u00f1a, hasta el momento en que se realice la sesi\u00f3n de la comisi\u00f3n permanente del Consejo Nacional que est\u00e1 convocada para el pr\u00f3ximo 22 de este mes, hasta el Comit\u00e9 Directivo Estatal del PAN en la capital del estado acudi\u00f3 Mayra Teresita Cort\u00e9s Rodr\u00edguez, una panista de cepa con casi 20 a\u00f1os dentro del partido. Mayra es miembro activo desde los 17 a\u00f1os, participa desde el a\u00f1o 1999. Ha sido Secretaria de Promoci\u00f3n Pol\u00edtica de la Mujer, de Comunicaci\u00f3n, de Acci\u00f3n Juvenil, Miembro de la Comisi\u00f3n Permanente dentro del CDE del PAN, adem\u00e1s de Consejera Estatal y Nacional, ex regidora del Ayuntamiento de Xalapa y recientemente Directora de Vinculaci\u00f3n Hacendaria de la Sefiplan.<br \/>\nAhora son tres mujeres las que se disputar\u00e1n la candidatura federal: Cinthya Lobato Calder\u00f3n, actual diputada local, quien tambi\u00e9n se inscribi\u00f3 para la local, y Noreya Portilla Gumecindo, posici\u00f3n de Rogelio Franco Cast\u00e1n. \u00bfA poco no se pone intenso el asunto?<br \/>\n<strong>VELOA ENTREGAR\u00c1 RECONOCIMIENTOS<\/strong><br \/>\nSer\u00e1 el pr\u00f3ximo 26 de febrero a las 16:45 pm, en el Colver (Carrillo Puerto No. 26 de Xalapa), donde la Asociaci\u00f3n Civil Veloa, encabezada por Billie J. Parker, organizar\u00e1 el conversatorio \u201cRepensando el Periodismo\u201d y entregar\u00e1 reconocimientos a Don Rub\u00e9n Pabello Rojas y a Carlos Ferr\u00e1ez Matus, por su destacada Trayectoria profesional en Comunicaci\u00f3n. \u00a1Bien merecido!<br \/>\ncaballero_brenda@hotmail.com<br \/>\n@NumerosRojos_BC<\/p>\n","protected":false},"excerpt":{"rendered":"<p>Brenda Caballero N\u00fameros Rojos &nbsp; El viernes pasado amanec\u00edamos en Veracruz con una sorpresa: \u00a1Renunciaba Indira a la Secretar\u00eda de Desarrollo Social en Veracruz! En realidad, ya se rumoraba que Indira buscar\u00eda un puesto de elecci\u00f3n popular, pero la mayor sorpresa fue que la hoy extitular de Sedesol estaba en el lugar tres de los [&hellip;]<\/p>\n","protected":false},"author":2,"featured_media":0,"comment_status":"open","ping_status":"open","sticky":false,"template":"","format":"standard","meta":{"tdm_status":"","tdm_grid_status":"","footnotes":""},"categories":[70],"tags":[5506,6625,715,711],"class_list":{"0":"post-39855","1":"post","2":"type-post","3":"status-publish","4":"format-standard","6":"category-de-opinion","7":"tag-indira-rosales-san-roman","8":"tag-mayra-teresita-cortes-rodriguez","9":"tag-sedesol","10":"tag-senado"},"yoast_head":"<!-- This site is optimized with the Yoast SEO plugin v27.4 - https:\/\/yoast.com\/product\/yoast-seo-wordpress\/ -->\n<title>Indira y Mayra por el PAN - Los pol\u00edticos Veracruz<\/title>\n<meta name=\"robots\" content=\"index, follow, max-snippet:-1, max-image-preview:large, max-video-preview:-1\" \/>\n<link rel=\"canonical\" href=\"https:\/\/lospoliticosveracruz.com\/?p=39855\" \/>\n<meta property=\"og:locale\" content=\"es_ES\" \/>\n<meta property=\"og:type\" content=\"article\" \/>\n<meta property=\"og:title\" content=\"Indira y Mayra por el PAN - Los pol\u00edticos Veracruz\" \/>\n<meta property=\"og:description\" content=\"Brenda Caballero N\u00fameros Rojos &nbsp; El viernes pasado amanec\u00edamos en Veracruz con una sorpresa: \u00a1Renunciaba Indira a la Secretar\u00eda de Desarrollo Social en Veracruz! En realidad, ya se rumoraba que Indira buscar\u00eda un puesto de elecci\u00f3n popular, pero la mayor sorpresa fue que la hoy extitular de Sedesol estaba en el lugar tres de los [&hellip;]\" \/>\n<meta property=\"og:url\" content=\"https:\/\/lospoliticosveracruz.com\/?p=39855\" \/>\n<meta property=\"og:site_name\" content=\"Los pol\u00edticos Veracruz\" \/>\n<meta property=\"article:publisher\" content=\"https:\/\/www.facebook.com\/people\/Notimemes-de-los-Polticos\/61565672886568\/\" \/>\n<meta property=\"article:published_time\" content=\"2018-02-19T04:33:24+00:00\" \/>\n<meta property=\"og:image\" content=\"https:\/\/lospoliticosveracruz.com\/wp-content\/uploads\/2016\/07\/Logo-Dor.jpg\" \/>\n\t<meta property=\"og:image:width\" content=\"200\" \/>\n\t<meta property=\"og:image:height\" content=\"200\" \/>\n\t<meta property=\"og:image:type\" content=\"image\/jpeg\" \/>\n<meta name=\"author\" content=\"Lo viste en Los Pol\u00edticos\" \/>\n<meta name=\"twitter:card\" content=\"summary_large_image\" \/>\n<meta name=\"twitter:creator\" content=\"@LosPoliticosVer\" \/>\n<meta name=\"twitter:site\" content=\"@LosPoliticosVer\" \/>\n<meta name=\"twitter:label1\" content=\"Escrito por\" \/>\n\t<meta name=\"twitter:data1\" content=\"Lo viste en Los Pol\u00edticos\" \/>\n\t<meta name=\"twitter:label2\" content=\"Tiempo de lectura\" \/>\n\t<meta name=\"twitter:data2\" content=\"4 minutos\" \/>\n<script type=\"application\/ld+json\" class=\"yoast-schema-graph\">{\"@context\":\"https:\\\/\\\/schema.org\",\"@graph\":[{\"@type\":\"Article\",\"@id\":\"https:\\\/\\\/lospoliticosveracruz.com\\\/?p=39855#article\",\"isPartOf\":{\"@id\":\"https:\\\/\\\/lospoliticosveracruz.com\\\/?p=39855\"},\"author\":{\"name\":\"Lo viste en Los Pol\u00edticos\",\"@id\":\"https:\\\/\\\/lospoliticosveracruz.com\\\/#\\\/schema\\\/person\\\/b8702bb0e538456e6efd07080bf2a4a2\"},\"headline\":\"Indira y Mayra por el PAN\",\"datePublished\":\"2018-02-19T04:33:24+00:00\",\"mainEntityOfPage\":{\"@id\":\"https:\\\/\\\/lospoliticosveracruz.com\\\/?p=39855\"},\"wordCount\":716,\"commentCount\":0,\"publisher\":{\"@id\":\"https:\\\/\\\/lospoliticosveracruz.com\\\/#organization\"},\"keywords\":[\"Indira Rosales San Rom\u00e1n\",\"Mayra Teresita Cort\u00e9s Rodr\u00edguez\",\"Sedesol\",\"Senado\"],\"articleSection\":[\"De Opini\u00f3n\"],\"inLanguage\":\"es\",\"potentialAction\":[{\"@type\":\"CommentAction\",\"name\":\"Comment\",\"target\":[\"https:\\\/\\\/lospoliticosveracruz.com\\\/?p=39855#respond\"]}]},{\"@type\":\"WebPage\",\"@id\":\"https:\\\/\\\/lospoliticosveracruz.com\\\/?p=39855\",\"url\":\"https:\\\/\\\/lospoliticosveracruz.com\\\/?p=39855\",\"name\":\"Indira y Mayra por el PAN - Los pol\u00edticos Veracruz\",\"isPartOf\":{\"@id\":\"https:\\\/\\\/lospoliticosveracruz.com\\\/#website\"},\"datePublished\":\"2018-02-19T04:33:24+00:00\",\"breadcrumb\":{\"@id\":\"https:\\\/\\\/lospoliticosveracruz.com\\\/?p=39855#breadcrumb\"},\"inLanguage\":\"es\",\"potentialAction\":[{\"@type\":\"ReadAction\",\"target\":[\"https:\\\/\\\/lospoliticosveracruz.com\\\/?p=39855\"]}]},{\"@type\":\"BreadcrumbList\",\"@id\":\"https:\\\/\\\/lospoliticosveracruz.com\\\/?p=39855#breadcrumb\",\"itemListElement\":[{\"@type\":\"ListItem\",\"position\":1,\"name\":\"Portada\",\"item\":\"https:\\\/\\\/lospoliticosveracruz.com\\\/\"},{\"@type\":\"ListItem\",\"position\":2,\"name\":\"Indira y Mayra por el PAN\"}]},{\"@type\":\"WebSite\",\"@id\":\"https:\\\/\\\/lospoliticosveracruz.com\\\/#website\",\"url\":\"https:\\\/\\\/lospoliticosveracruz.com\\\/\",\"name\":\"Los pol\u00edticos Veracruz\",\"description\":\"\",\"publisher\":{\"@id\":\"https:\\\/\\\/lospoliticosveracruz.com\\\/#organization\"},\"potentialAction\":[{\"@type\":\"SearchAction\",\"target\":{\"@type\":\"EntryPoint\",\"urlTemplate\":\"https:\\\/\\\/lospoliticosveracruz.com\\\/?s={search_term_string}\"},\"query-input\":{\"@type\":\"PropertyValueSpecification\",\"valueRequired\":true,\"valueName\":\"search_term_string\"}}],\"inLanguage\":\"es\"},{\"@type\":\"Organization\",\"@id\":\"https:\\\/\\\/lospoliticosveracruz.com\\\/#organization\",\"name\":\"Los pol\u00edticos Veracruz\",\"url\":\"https:\\\/\\\/lospoliticosveracruz.com\\\/\",\"logo\":{\"@type\":\"ImageObject\",\"inLanguage\":\"es\",\"@id\":\"https:\\\/\\\/lospoliticosveracruz.com\\\/#\\\/schema\\\/logo\\\/image\\\/\",\"url\":\"https:\\\/\\\/lospoliticosveracruz.com\\\/wp-content\\\/uploads\\\/2025\\\/12\\\/Logo-Nuevo-LOS-POLITICOS-1.jpg\",\"contentUrl\":\"https:\\\/\\\/lospoliticosveracruz.com\\\/wp-content\\\/uploads\\\/2025\\\/12\\\/Logo-Nuevo-LOS-POLITICOS-1.jpg\",\"width\":260,\"height\":70,\"caption\":\"Los pol\u00edticos Veracruz\"},\"image\":{\"@id\":\"https:\\\/\\\/lospoliticosveracruz.com\\\/#\\\/schema\\\/logo\\\/image\\\/\"},\"sameAs\":[\"https:\\\/\\\/www.facebook.com\\\/people\\\/Notimemes-de-los-Polticos\\\/61565672886568\\\/\",\"https:\\\/\\\/x.com\\\/LosPoliticosVer\"]},{\"@type\":\"Person\",\"@id\":\"https:\\\/\\\/lospoliticosveracruz.com\\\/#\\\/schema\\\/person\\\/b8702bb0e538456e6efd07080bf2a4a2\",\"name\":\"Lo viste en Los Pol\u00edticos\",\"image\":{\"@type\":\"ImageObject\",\"inLanguage\":\"es\",\"@id\":\"https:\\\/\\\/secure.gravatar.com\\\/avatar\\\/3a8de04a2656d44082be478bd6c086daa447c4651605818287b9532d3d0bd435?s=96&d=mm&r=g\",\"url\":\"https:\\\/\\\/secure.gravatar.com\\\/avatar\\\/3a8de04a2656d44082be478bd6c086daa447c4651605818287b9532d3d0bd435?s=96&d=mm&r=g\",\"contentUrl\":\"https:\\\/\\\/secure.gravatar.com\\\/avatar\\\/3a8de04a2656d44082be478bd6c086daa447c4651605818287b9532d3d0bd435?s=96&d=mm&r=g\",\"caption\":\"Lo viste en Los Pol\u00edticos\"},\"url\":\"https:\\\/\\\/lospoliticosveracruz.com\\\/?author=2\"}]}<\/script>\n<!-- \/ Yoast SEO plugin. -->","yoast_head_json":{"title":"Indira y Mayra por el PAN - Los pol\u00edticos Veracruz","robots":{"index":"index","follow":"follow","max-snippet":"max-snippet:-1","max-image-preview":"max-image-preview:large","max-video-preview":"max-video-preview:-1"},"canonical":"https:\/\/lospoliticosveracruz.com\/?p=39855","og_locale":"es_ES","og_type":"article","og_title":"Indira y Mayra por el PAN - Los pol\u00edticos Veracruz","og_description":"Brenda Caballero N\u00fameros Rojos &nbsp; El viernes pasado amanec\u00edamos en Veracruz con una sorpresa: \u00a1Renunciaba Indira a la Secretar\u00eda de Desarrollo Social en Veracruz! En realidad, ya se rumoraba que Indira buscar\u00eda un puesto de elecci\u00f3n popular, pero la mayor sorpresa fue que la hoy extitular de Sedesol estaba en el lugar tres de los [&hellip;]","og_url":"https:\/\/lospoliticosveracruz.com\/?p=39855","og_site_name":"Los pol\u00edticos Veracruz","article_publisher":"https:\/\/www.facebook.com\/people\/Notimemes-de-los-Polticos\/61565672886568\/","article_published_time":"2018-02-19T04:33:24+00:00","og_image":[{"width":200,"height":200,"url":"https:\/\/lospoliticosveracruz.com\/wp-content\/uploads\/2016\/07\/Logo-Dor.jpg","type":"image\/jpeg"}],"author":"Lo viste en Los Pol\u00edticos","twitter_card":"summary_large_image","twitter_creator":"@LosPoliticosVer","twitter_site":"@LosPoliticosVer","twitter_misc":{"Escrito por":"Lo viste en Los Pol\u00edticos","Tiempo de lectura":"4 minutos"},"schema":{"@context":"https:\/\/schema.org","@graph":[{"@type":"Article","@id":"https:\/\/lospoliticosveracruz.com\/?p=39855#article","isPartOf":{"@id":"https:\/\/lospoliticosveracruz.com\/?p=39855"},"author":{"name":"Lo viste en Los Pol\u00edticos","@id":"https:\/\/lospoliticosveracruz.com\/#\/schema\/person\/b8702bb0e538456e6efd07080bf2a4a2"},"headline":"Indira y Mayra por el PAN","datePublished":"2018-02-19T04:33:24+00:00","mainEntityOfPage":{"@id":"https:\/\/lospoliticosveracruz.com\/?p=39855"},"wordCount":716,"commentCount":0,"publisher":{"@id":"https:\/\/lospoliticosveracruz.com\/#organization"},"keywords":["Indira Rosales San Rom\u00e1n","Mayra Teresita Cort\u00e9s Rodr\u00edguez","Sedesol","Senado"],"articleSection":["De Opini\u00f3n"],"inLanguage":"es","potentialAction":[{"@type":"CommentAction","name":"Comment","target":["https:\/\/lospoliticosveracruz.com\/?p=39855#respond"]}]},{"@type":"WebPage","@id":"https:\/\/lospoliticosveracruz.com\/?p=39855","url":"https:\/\/lospoliticosveracruz.com\/?p=39855","name":"Indira y Mayra por el PAN - Los pol\u00edticos Veracruz","isPartOf":{"@id":"https:\/\/lospoliticosveracruz.com\/#website"},"datePublished":"2018-02-19T04:33:24+00:00","breadcrumb":{"@id":"https:\/\/lospoliticosveracruz.com\/?p=39855#breadcrumb"},"inLanguage":"es","potentialAction":[{"@type":"ReadAction","target":["https:\/\/lospoliticosveracruz.com\/?p=39855"]}]},{"@type":"BreadcrumbList","@id":"https:\/\/lospoliticosveracruz.com\/?p=39855#breadcrumb","itemListElement":[{"@type":"ListItem","position":1,"name":"Portada","item":"https:\/\/lospoliticosveracruz.com\/"},{"@type":"ListItem","position":2,"name":"Indira y Mayra por el PAN"}]},{"@type":"WebSite","@id":"https:\/\/lospoliticosveracruz.com\/#website","url":"https:\/\/lospoliticosveracruz.com\/","name":"Los pol\u00edticos Veracruz","description":"","publisher":{"@id":"https:\/\/lospoliticosveracruz.com\/#organization"},"potentialAction":[{"@type":"SearchAction","target":{"@type":"EntryPoint","urlTemplate":"https:\/\/lospoliticosveracruz.com\/?s={search_term_string}"},"query-input":{"@type":"PropertyValueSpecification","valueRequired":true,"valueName":"search_term_string"}}],"inLanguage":"es"},{"@type":"Organization","@id":"https:\/\/lospoliticosveracruz.com\/#organization","name":"Los pol\u00edticos Veracruz","url":"https:\/\/lospoliticosveracruz.com\/","logo":{"@type":"ImageObject","inLanguage":"es","@id":"https:\/\/lospoliticosveracruz.com\/#\/schema\/logo\/image\/","url":"https:\/\/lospoliticosveracruz.com\/wp-content\/uploads\/2025\/12\/Logo-Nuevo-LOS-POLITICOS-1.jpg","contentUrl":"https:\/\/lospoliticosveracruz.com\/wp-content\/uploads\/2025\/12\/Logo-Nuevo-LOS-POLITICOS-1.jpg","width":260,"height":70,"caption":"Los pol\u00edticos Veracruz"},"image":{"@id":"https:\/\/lospoliticosveracruz.com\/#\/schema\/logo\/image\/"},"sameAs":["https:\/\/www.facebook.com\/people\/Notimemes-de-los-Polticos\/61565672886568\/","https:\/\/x.com\/LosPoliticosVer"]},{"@type":"Person","@id":"https:\/\/lospoliticosveracruz.com\/#\/schema\/person\/b8702bb0e538456e6efd07080bf2a4a2","name":"Lo viste en Los Pol\u00edticos","image":{"@type":"ImageObject","inLanguage":"es","@id":"https:\/\/secure.gravatar.com\/avatar\/3a8de04a2656d44082be478bd6c086daa447c4651605818287b9532d3d0bd435?s=96&d=mm&r=g","url":"https:\/\/secure.gravatar.com\/avatar\/3a8de04a2656d44082be478bd6c086daa447c4651605818287b9532d3d0bd435?s=96&d=mm&r=g","contentUrl":"https:\/\/secure.gravatar.com\/avatar\/3a8de04a2656d44082be478bd6c086daa447c4651605818287b9532d3d0bd435?s=96&d=mm&r=g","caption":"Lo viste en Los Pol\u00edticos"},"url":"https:\/\/lospoliticosveracruz.com\/?author=2"}]}},"_links":{"self":[{"href":"https:\/\/lospoliticosveracruz.com\/index.php?rest_route=\/wp\/v2\/posts\/39855","targetHints":{"allow":["GET"]}}],"collection":[{"href":"https:\/\/lospoliticosveracruz.com\/index.php?rest_route=\/wp\/v2\/posts"}],"about":[{"href":"https:\/\/lospoliticosveracruz.com\/index.php?rest_route=\/wp\/v2\/types\/post"}],"author":[{"embeddable":true,"href":"https:\/\/lospoliticosveracruz.com\/index.php?rest_route=\/wp\/v2\/users\/2"}],"replies":[{"embeddable":true,"href":"https:\/\/lospoliticosveracruz.com\/index.php?rest_route=%2Fwp%2Fv2%2Fcomments&post=39855"}],"version-history":[{"count":2,"href":"https:\/\/lospoliticosveracruz.com\/index.php?rest_route=\/wp\/v2\/posts\/39855\/revisions"}],"predecessor-version":[{"id":39873,"href":"https:\/\/lospoliticosveracruz.com\/index.php?rest_route=\/wp\/v2\/posts\/39855\/revisions\/39873"}],"wp:attachment":[{"href":"https:\/\/lospoliticosveracruz.com\/index.php?rest_route=%2Fwp%2Fv2%2Fmedia&parent=39855"}],"wp:term":[{"taxonomy":"category","embeddable":true,"href":"https:\/\/lospoliticosveracruz.com\/index.php?rest_route=%2Fwp%2Fv2%2Fcategories&post=39855"},{"taxonomy":"post_tag","embeddable":true,"href":"https:\/\/lospoliticosveracruz.com\/index.php?rest_route=%2Fwp%2Fv2%2Ftags&post=39855"}],"curies":[{"name":"wp","href":"https:\/\/api.w.org\/{rel}","templated":true}]}}