{"id":39880,"date":"2018-02-19T10:39:03","date_gmt":"2018-02-19T16:39:03","guid":{"rendered":"http:\/\/www.lospoliticosveracruz.com.mx\/?p=39880"},"modified":"2018-02-19T10:51:26","modified_gmt":"2018-02-19T16:51:26","slug":"sororidad","status":"publish","type":"post","link":"https:\/\/lospoliticosveracruz.com\/?p=39880","title":{"rendered":"\u00abSororidad\u00bb"},"content":{"rendered":"<p><strong>Felipe de Jes\u00fas Fern\u00e1ndez Basilio<\/strong><\/p>\n<p><em>Desde a Janela<\/em><\/p>\n<p>&nbsp;<\/p>\n<p>&nbsp;<\/p>\n<p>Recientemente llam\u00f3 mi atenci\u00f3n una nota que trataba sobre un meme o caricatura digital que la que la Directora del Instituto Municipal de la Mujer de Coatzacoalcos comparti\u00f3 a trav\u00e9s de sus redes sociales y en la que ridiculiza a la Diputada Eva Cadena al compararla con una perrita amaestrada por el gobernador del estado, ya que esa caricatura es producto del \u201crepentino\u201d cambio de rumbo de la legisladora, quien para evitar las acusaciones que enfrenta por haber recibido sobornos para beneficiar a la campa\u00f1a de L\u00f3pez Obrador (pr\u00e1ctica muy recurrente en la permanente campa\u00f1a del Mes\u00edas Tropical, no olvidar el caso de las \u201cLigas de Bejarano\u201d), ahora pretende denunciar a sus ex correligionarios de ocasi\u00f3n, no hay que pasar por alto que la diputada ha militado como muchos otros pol\u00edticos sin m\u00e1s identidad que la ambici\u00f3n en muchos partidos, como los que seg\u00fan ella le pusieron, una trampa.<\/p>\n<p>Pues bien, m\u00e1s tiempo tard\u00f3 la directora en compartir la dichosa caricatura que en ser virtualmente acribillada en las redes sociales por muchas personas que se rasgaron las vestiduras diciendo que el haber publicado en su cuenta esa caricatura era en el mejor de los casos algo indebido moralmente y en el peor una alta traici\u00f3n, ya que se atrev\u00eda a criticar a otra mujer y \u00e9so es intolerable para quien por una parte encabeza una instituci\u00f3n de protecci\u00f3n a mujeres y por la otra es una mujer, siendo en esto \u00faltimo en donde entra la dichosa palabrita que encabeza esta columna: \u201csororidad\u201d; ya que quienes la censuraron dicen que una mujer no puede criticar a otra, pues ello equivale a una ingratitud hacia muchas otras mujeres que a lo largo de la historia dieron hasta su vida para que la criticona tuviera los derechos que ahora disfruta y que entre las mujeres debe de privar la \u201csororidad\u201d.<\/p>\n<p>Y esa palabrita se me qued\u00f3 fija en la mente igual y como sucede con el estribillo de una canci\u00f3n y pens\u00e9: \u00bfen d\u00f3nde la he escuchado o le\u00eddo?, y haciendo memoria ca\u00ed en la cuenta de que tanto en la literatura como en las pel\u00edculas de Norteam\u00e9rica llaman \u201csororities\u201d a las hermandades de estudiantes de g\u00e9nero femenino y \u201cfraternities\u201d a las que son de estudiantes masculinos, s\u00ed esas comunidades estudiantiles que se designan con letras griegas y que se dedican a la parranda, destacando sus ritos de iniciaci\u00f3n o novatadas, los que casi siempre se caracterizan por ser grotescos.<\/p>\n<p>Mas enlazando esas palabras con las italianas \u201cfratello\u201d (hermano) y \u201csorella\u201d (hermana) llegamos a la ra\u00edz latina de estas palabras; la cual es la misma, tan es as\u00ed que en castellano los miembros del clero regular mejor conocidos como \u00f3rdenes religiosas, mon\u00e1sticas o conventuales son designados como Fray, Frai o Fra, como Fray Bartolom\u00e9 de las Casas en el caso de los monjes y como Sor en el de las monjas, como Sor Juana In\u00e9s de la Cruz.<\/p>\n<p>Y as\u00ed, una vez que tanto etimol\u00f3gicamente como filol\u00f3gicamente analizamos la palabra en cuesti\u00f3n, solo nos quedaba el filtro de la Real Academia de la Lengua, mismo que no pas\u00f3, ya que seg\u00fan su buscador dicha palabra no est\u00e1 registrada en la instituci\u00f3n.<\/p>\n<p>Bueno, ese fue el estudio que hicimos de la palabrita que tanta inquietud nos caus\u00f3 y antes de hacer conclusiones al respecto, hay que comentar el uso que se le pretende dar y para ello no hay nada mejor que la an\u00e9cdota que les cont\u00e9 al principio del texto.<\/p>\n<p>Nos quedamos en que dicha directora fue acribillada debido a la caricatura que comparti\u00f3 en las redes sociales con los argumentos ya se\u00f1alados, los cuales no solo son son proferidos por gente sectaria e intolerante, sino que en realidad son un chantaje emocional, el cual no solo es enderezado contra la funcionaria en cuesti\u00f3n, sino en contra de toda mujer que ose criticar los lineamientos establecidos por las dirigentes feministas, quienes para justificar su movimiento o \u00bfnegocio?, ya que hasta donde se sabe obtienen muchos recursos del gobierno y espacios en la prensa con su movimiento.<\/p>\n<p>Sin embargo, la funcionaria en cuesti\u00f3n fue valiente y al momento de aclarar su postura la mantuvo en sus t\u00e9rminos, ya que dijo que no se arrepent\u00eda de su dicho y que si la diputada hab\u00eda actuado a su parecer de manera censurable, ella ten\u00eda el derecho de hacer mofa de ello, lo mismo que har\u00eda con cualquier persona independientemente de su g\u00e9nero o condici\u00f3n o sea si el censurado fuere var\u00f3n o mujer, si ella no concordaba con su actuar lo iba a censurar.<\/p>\n<p>Postura que es leg\u00edtima y acorde con el derecho humano de libertad de expresi\u00f3n y que ni si quiera es incompatible con su funci\u00f3n p\u00fablica, ya que \u00e9sta solo es delimitada en cuanto a hechos en los que una mujer en raz\u00f3n de su g\u00e9nero es v\u00edctima de alg\u00fan abuso, mas nada tiene que ver con sus opiniones tanto personales como pol\u00edticas.<\/p>\n<p>Siendo este punto el relevante en la cuesti\u00f3n que hoy tratamos, ya que es indispensable el quede se\u00f1alado que la libertad de expresi\u00f3n debe de prevalecer sobre cualquier fundamentalismo, ya sea este religioso, pol\u00edtico o social; siempre debemos de privilegiar a la libertad de expresi\u00f3n individual sobre cualquier cuesti\u00f3n que nos quieran hacer parecer como de fe, ya que esa \u00faltima palabra no es m\u00e1s que una excusa para excluir a la raz\u00f3n respecto de alguna cuesti\u00f3n que nos quieren hacer parecer como incontrovertible y eso es lo que no podemos tolerar, ya que todo es y debe de ser controvertible y como dec\u00eda el cl\u00e1sico de la ilustraci\u00f3n, aunque seamos contrarios en nuestras opiniones debemos de defender el derecho a sostenerlas y en este caso es lo que hago, ya que no paso por alto que la funcionaria que defiendo en esta ocasi\u00f3n pertenece al partido del \u201cRayito de Esperanza\u201d, con quien no concuerdo en casi nada pero debido a la persecuci\u00f3n a la que fue sometida por gente intolerante, debo de apoyarla en este caso y as\u00ed mismo le hago una cordial invitaci\u00f3n para cuestionar a su movimiento pol\u00edtico y a no dejarse llevar ciegamente o como profesi\u00f3n de fe por las palabras y \u00f3rdenes de su caudillo.<\/p>\n<p>Ahora s\u00ed, podemos concluir respecto a esa palabrita (sororidad) que tanto nos ha inquietado y la conclusi\u00f3n a la que llegamos es la siguiente:<\/p>\n<p>La palabra por s\u00ed misma es v\u00e1lida ya que la misma se refiere al equivalente femenino a una fraternidad, t\u00e9rmino masculino en el lat\u00edn cuyo femenino puede radicarse con el t\u00e9rmino sor y bien puede aplicarse para hermandades o usando un t\u00e9rmino m\u00e1s acorde a nuestros tiempos para asociaciones integradas solo por mujeres, mas ello no quiere decir que se use dicho t\u00e9rmino para reprimir cualquier manifestaci\u00f3n de opini\u00f3n respecto de otra mujer, ya que cualquier persona, sea hombre o mujer, es un individuo y como tal es libre de expresar sus opiniones respecto de lo que sea o de quien sea.<\/p>\n<p>Y por lo dicho anteriormente nuestra palabrita debe de superar el que no est\u00e9 registrada por la Real Academia, ya que cumple con los requisitos hist\u00f3ricos necesarios para ser incorporada al l\u00e9xico y estoy seguro de que tarde o temprano ser\u00e1 incluida, ya que esta instituci\u00f3n ha incorporado palabras de m\u00e1s dudosa procedencia; al igual que la Iglesia Cat\u00f3lica lo ha hecho con santos de dudosa reputaci\u00f3n como Juan Pablo Segundo, de quien hasta la fecha pesa la duda de que protegi\u00f3 a pederastas y seg\u00fan los c\u00e1nones cl\u00e1sicos para ser santo no debe de haber duda alguna respecto a la santidad del personaje en cuesti\u00f3n o de Juan Diego, de quien se desconoce su vida y obra.<\/p>\n<p>Sin embargo, aunque la palabra sea v\u00e1lida para emplearse en el habla, el problema est\u00e1 en el uso que se le d\u00e9; ya que si es usada para chantajear coartando la libertad de expresi\u00f3n de cualquier persona ser\u00e1 mal utilizada, pero si se usa para describir a una agrupaci\u00f3n de mujeres quedar\u00e1 bien aplicada, es decir la palabra no es mala por s\u00ed misma, sino que la maldad puede estar en el empleo que se le d\u00e9.<\/p>\n<p>felfebas@gmail.com<\/p>\n<p>Twitter: @fefebas<\/p>\n","protected":false},"excerpt":{"rendered":"<p>Felipe de Jes\u00fas Fern\u00e1ndez Basilio Desde a Janela &nbsp; &nbsp; Recientemente llam\u00f3 mi atenci\u00f3n una nota que trataba sobre un meme o caricatura digital que la que la Directora del Instituto Municipal de la Mujer de Coatzacoalcos comparti\u00f3 a trav\u00e9s de sus redes sociales y en la que ridiculiza a la Diputada Eva Cadena al [&hellip;]<\/p>\n","protected":false},"author":2,"featured_media":0,"comment_status":"open","ping_status":"open","sticky":false,"template":"","format":"standard","meta":{"tdm_status":"","tdm_grid_status":"","footnotes":""},"categories":[70],"tags":[618,10957,8113,10959,10958,2829],"class_list":{"0":"post-39880","1":"post","2":"type-post","3":"status-publish","4":"format-standard","6":"category-de-opinion","7":"tag-andres-manuel-lopez-obrador","8":"tag-claudia-mora-zamudio","9":"tag-eva-cadena","10":"tag-instituto-municipal-de-la-mujer-coatzacoalcos","11":"tag-meme","12":"tag-sororidad"},"yoast_head":"<!-- This site is optimized with the Yoast SEO plugin v27.4 - https:\/\/yoast.com\/product\/yoast-seo-wordpress\/ -->\n<title>&quot;Sororidad&quot; - Los pol\u00edticos Veracruz<\/title>\n<meta name=\"robots\" content=\"index, follow, max-snippet:-1, max-image-preview:large, max-video-preview:-1\" \/>\n<link rel=\"canonical\" href=\"https:\/\/lospoliticosveracruz.com\/?p=39880\" \/>\n<meta property=\"og:locale\" content=\"es_ES\" \/>\n<meta property=\"og:type\" content=\"article\" \/>\n<meta property=\"og:title\" content=\"&quot;Sororidad&quot; - Los pol\u00edticos Veracruz\" \/>\n<meta property=\"og:description\" content=\"Felipe de Jes\u00fas Fern\u00e1ndez Basilio Desde a Janela &nbsp; &nbsp; Recientemente llam\u00f3 mi atenci\u00f3n una nota que trataba sobre un meme o caricatura digital que la que la Directora del Instituto Municipal de la Mujer de Coatzacoalcos comparti\u00f3 a trav\u00e9s de sus redes sociales y en la que ridiculiza a la Diputada Eva Cadena al [&hellip;]\" \/>\n<meta property=\"og:url\" content=\"https:\/\/lospoliticosveracruz.com\/?p=39880\" \/>\n<meta property=\"og:site_name\" content=\"Los pol\u00edticos Veracruz\" \/>\n<meta property=\"article:publisher\" content=\"https:\/\/www.facebook.com\/people\/Notimemes-de-los-Polticos\/61565672886568\/\" \/>\n<meta property=\"article:published_time\" content=\"2018-02-19T16:39:03+00:00\" \/>\n<meta property=\"article:modified_time\" content=\"2018-02-19T16:51:26+00:00\" \/>\n<meta property=\"og:image\" content=\"https:\/\/lospoliticosveracruz.com\/wp-content\/uploads\/2016\/07\/Logo-Dor.jpg\" \/>\n\t<meta property=\"og:image:width\" content=\"200\" \/>\n\t<meta property=\"og:image:height\" content=\"200\" \/>\n\t<meta property=\"og:image:type\" content=\"image\/jpeg\" \/>\n<meta name=\"author\" content=\"Lo viste en Los Pol\u00edticos\" \/>\n<meta name=\"twitter:card\" content=\"summary_large_image\" \/>\n<meta name=\"twitter:creator\" content=\"@LosPoliticosVer\" \/>\n<meta name=\"twitter:site\" content=\"@LosPoliticosVer\" \/>\n<meta name=\"twitter:label1\" content=\"Escrito por\" \/>\n\t<meta name=\"twitter:data1\" content=\"Lo viste en Los Pol\u00edticos\" \/>\n\t<meta name=\"twitter:label2\" content=\"Tiempo de lectura\" \/>\n\t<meta name=\"twitter:data2\" content=\"7 minutos\" \/>\n<script type=\"application\/ld+json\" class=\"yoast-schema-graph\">{\"@context\":\"https:\\\/\\\/schema.org\",\"@graph\":[{\"@type\":\"Article\",\"@id\":\"https:\\\/\\\/lospoliticosveracruz.com\\\/?p=39880#article\",\"isPartOf\":{\"@id\":\"https:\\\/\\\/lospoliticosveracruz.com\\\/?p=39880\"},\"author\":{\"name\":\"Lo viste en Los Pol\u00edticos\",\"@id\":\"https:\\\/\\\/lospoliticosveracruz.com\\\/#\\\/schema\\\/person\\\/b8702bb0e538456e6efd07080bf2a4a2\"},\"headline\":\"\u00abSororidad\u00bb\",\"datePublished\":\"2018-02-19T16:39:03+00:00\",\"dateModified\":\"2018-02-19T16:51:26+00:00\",\"mainEntityOfPage\":{\"@id\":\"https:\\\/\\\/lospoliticosveracruz.com\\\/?p=39880\"},\"wordCount\":1462,\"commentCount\":0,\"publisher\":{\"@id\":\"https:\\\/\\\/lospoliticosveracruz.com\\\/#organization\"},\"keywords\":[\"Andr\u00e9s Manuel L\u00f3pez Obrador\",\"Claudia Mora Zamudio\",\"Eva Cadena\",\"Instituto Municipal de la Mujer Coatzacoalcos\",\"Meme\",\"Sororidad\"],\"articleSection\":[\"De Opini\u00f3n\"],\"inLanguage\":\"es\",\"potentialAction\":[{\"@type\":\"CommentAction\",\"name\":\"Comment\",\"target\":[\"https:\\\/\\\/lospoliticosveracruz.com\\\/?p=39880#respond\"]}]},{\"@type\":\"WebPage\",\"@id\":\"https:\\\/\\\/lospoliticosveracruz.com\\\/?p=39880\",\"url\":\"https:\\\/\\\/lospoliticosveracruz.com\\\/?p=39880\",\"name\":\"\\\"Sororidad\\\" - Los pol\u00edticos Veracruz\",\"isPartOf\":{\"@id\":\"https:\\\/\\\/lospoliticosveracruz.com\\\/#website\"},\"datePublished\":\"2018-02-19T16:39:03+00:00\",\"dateModified\":\"2018-02-19T16:51:26+00:00\",\"breadcrumb\":{\"@id\":\"https:\\\/\\\/lospoliticosveracruz.com\\\/?p=39880#breadcrumb\"},\"inLanguage\":\"es\",\"potentialAction\":[{\"@type\":\"ReadAction\",\"target\":[\"https:\\\/\\\/lospoliticosveracruz.com\\\/?p=39880\"]}]},{\"@type\":\"BreadcrumbList\",\"@id\":\"https:\\\/\\\/lospoliticosveracruz.com\\\/?p=39880#breadcrumb\",\"itemListElement\":[{\"@type\":\"ListItem\",\"position\":1,\"name\":\"Portada\",\"item\":\"https:\\\/\\\/lospoliticosveracruz.com\\\/\"},{\"@type\":\"ListItem\",\"position\":2,\"name\":\"\u00abSororidad\u00bb\"}]},{\"@type\":\"WebSite\",\"@id\":\"https:\\\/\\\/lospoliticosveracruz.com\\\/#website\",\"url\":\"https:\\\/\\\/lospoliticosveracruz.com\\\/\",\"name\":\"Los pol\u00edticos Veracruz\",\"description\":\"\",\"publisher\":{\"@id\":\"https:\\\/\\\/lospoliticosveracruz.com\\\/#organization\"},\"potentialAction\":[{\"@type\":\"SearchAction\",\"target\":{\"@type\":\"EntryPoint\",\"urlTemplate\":\"https:\\\/\\\/lospoliticosveracruz.com\\\/?s={search_term_string}\"},\"query-input\":{\"@type\":\"PropertyValueSpecification\",\"valueRequired\":true,\"valueName\":\"search_term_string\"}}],\"inLanguage\":\"es\"},{\"@type\":\"Organization\",\"@id\":\"https:\\\/\\\/lospoliticosveracruz.com\\\/#organization\",\"name\":\"Los pol\u00edticos Veracruz\",\"url\":\"https:\\\/\\\/lospoliticosveracruz.com\\\/\",\"logo\":{\"@type\":\"ImageObject\",\"inLanguage\":\"es\",\"@id\":\"https:\\\/\\\/lospoliticosveracruz.com\\\/#\\\/schema\\\/logo\\\/image\\\/\",\"url\":\"https:\\\/\\\/lospoliticosveracruz.com\\\/wp-content\\\/uploads\\\/2025\\\/12\\\/Logo-Nuevo-LOS-POLITICOS-1.jpg\",\"contentUrl\":\"https:\\\/\\\/lospoliticosveracruz.com\\\/wp-content\\\/uploads\\\/2025\\\/12\\\/Logo-Nuevo-LOS-POLITICOS-1.jpg\",\"width\":260,\"height\":70,\"caption\":\"Los pol\u00edticos Veracruz\"},\"image\":{\"@id\":\"https:\\\/\\\/lospoliticosveracruz.com\\\/#\\\/schema\\\/logo\\\/image\\\/\"},\"sameAs\":[\"https:\\\/\\\/www.facebook.com\\\/people\\\/Notimemes-de-los-Polticos\\\/61565672886568\\\/\",\"https:\\\/\\\/x.com\\\/LosPoliticosVer\"]},{\"@type\":\"Person\",\"@id\":\"https:\\\/\\\/lospoliticosveracruz.com\\\/#\\\/schema\\\/person\\\/b8702bb0e538456e6efd07080bf2a4a2\",\"name\":\"Lo viste en Los Pol\u00edticos\",\"image\":{\"@type\":\"ImageObject\",\"inLanguage\":\"es\",\"@id\":\"https:\\\/\\\/secure.gravatar.com\\\/avatar\\\/3a8de04a2656d44082be478bd6c086daa447c4651605818287b9532d3d0bd435?s=96&d=mm&r=g\",\"url\":\"https:\\\/\\\/secure.gravatar.com\\\/avatar\\\/3a8de04a2656d44082be478bd6c086daa447c4651605818287b9532d3d0bd435?s=96&d=mm&r=g\",\"contentUrl\":\"https:\\\/\\\/secure.gravatar.com\\\/avatar\\\/3a8de04a2656d44082be478bd6c086daa447c4651605818287b9532d3d0bd435?s=96&d=mm&r=g\",\"caption\":\"Lo viste en Los Pol\u00edticos\"},\"url\":\"https:\\\/\\\/lospoliticosveracruz.com\\\/?author=2\"}]}<\/script>\n<!-- \/ Yoast SEO plugin. -->","yoast_head_json":{"title":"\"Sororidad\" - Los pol\u00edticos Veracruz","robots":{"index":"index","follow":"follow","max-snippet":"max-snippet:-1","max-image-preview":"max-image-preview:large","max-video-preview":"max-video-preview:-1"},"canonical":"https:\/\/lospoliticosveracruz.com\/?p=39880","og_locale":"es_ES","og_type":"article","og_title":"\"Sororidad\" - Los pol\u00edticos Veracruz","og_description":"Felipe de Jes\u00fas Fern\u00e1ndez Basilio Desde a Janela &nbsp; &nbsp; Recientemente llam\u00f3 mi atenci\u00f3n una nota que trataba sobre un meme o caricatura digital que la que la Directora del Instituto Municipal de la Mujer de Coatzacoalcos comparti\u00f3 a trav\u00e9s de sus redes sociales y en la que ridiculiza a la Diputada Eva Cadena al [&hellip;]","og_url":"https:\/\/lospoliticosveracruz.com\/?p=39880","og_site_name":"Los pol\u00edticos Veracruz","article_publisher":"https:\/\/www.facebook.com\/people\/Notimemes-de-los-Polticos\/61565672886568\/","article_published_time":"2018-02-19T16:39:03+00:00","article_modified_time":"2018-02-19T16:51:26+00:00","og_image":[{"width":200,"height":200,"url":"https:\/\/lospoliticosveracruz.com\/wp-content\/uploads\/2016\/07\/Logo-Dor.jpg","type":"image\/jpeg"}],"author":"Lo viste en Los Pol\u00edticos","twitter_card":"summary_large_image","twitter_creator":"@LosPoliticosVer","twitter_site":"@LosPoliticosVer","twitter_misc":{"Escrito por":"Lo viste en Los Pol\u00edticos","Tiempo de lectura":"7 minutos"},"schema":{"@context":"https:\/\/schema.org","@graph":[{"@type":"Article","@id":"https:\/\/lospoliticosveracruz.com\/?p=39880#article","isPartOf":{"@id":"https:\/\/lospoliticosveracruz.com\/?p=39880"},"author":{"name":"Lo viste en Los Pol\u00edticos","@id":"https:\/\/lospoliticosveracruz.com\/#\/schema\/person\/b8702bb0e538456e6efd07080bf2a4a2"},"headline":"\u00abSororidad\u00bb","datePublished":"2018-02-19T16:39:03+00:00","dateModified":"2018-02-19T16:51:26+00:00","mainEntityOfPage":{"@id":"https:\/\/lospoliticosveracruz.com\/?p=39880"},"wordCount":1462,"commentCount":0,"publisher":{"@id":"https:\/\/lospoliticosveracruz.com\/#organization"},"keywords":["Andr\u00e9s Manuel L\u00f3pez Obrador","Claudia Mora Zamudio","Eva Cadena","Instituto Municipal de la Mujer Coatzacoalcos","Meme","Sororidad"],"articleSection":["De Opini\u00f3n"],"inLanguage":"es","potentialAction":[{"@type":"CommentAction","name":"Comment","target":["https:\/\/lospoliticosveracruz.com\/?p=39880#respond"]}]},{"@type":"WebPage","@id":"https:\/\/lospoliticosveracruz.com\/?p=39880","url":"https:\/\/lospoliticosveracruz.com\/?p=39880","name":"\"Sororidad\" - Los pol\u00edticos Veracruz","isPartOf":{"@id":"https:\/\/lospoliticosveracruz.com\/#website"},"datePublished":"2018-02-19T16:39:03+00:00","dateModified":"2018-02-19T16:51:26+00:00","breadcrumb":{"@id":"https:\/\/lospoliticosveracruz.com\/?p=39880#breadcrumb"},"inLanguage":"es","potentialAction":[{"@type":"ReadAction","target":["https:\/\/lospoliticosveracruz.com\/?p=39880"]}]},{"@type":"BreadcrumbList","@id":"https:\/\/lospoliticosveracruz.com\/?p=39880#breadcrumb","itemListElement":[{"@type":"ListItem","position":1,"name":"Portada","item":"https:\/\/lospoliticosveracruz.com\/"},{"@type":"ListItem","position":2,"name":"\u00abSororidad\u00bb"}]},{"@type":"WebSite","@id":"https:\/\/lospoliticosveracruz.com\/#website","url":"https:\/\/lospoliticosveracruz.com\/","name":"Los pol\u00edticos Veracruz","description":"","publisher":{"@id":"https:\/\/lospoliticosveracruz.com\/#organization"},"potentialAction":[{"@type":"SearchAction","target":{"@type":"EntryPoint","urlTemplate":"https:\/\/lospoliticosveracruz.com\/?s={search_term_string}"},"query-input":{"@type":"PropertyValueSpecification","valueRequired":true,"valueName":"search_term_string"}}],"inLanguage":"es"},{"@type":"Organization","@id":"https:\/\/lospoliticosveracruz.com\/#organization","name":"Los pol\u00edticos Veracruz","url":"https:\/\/lospoliticosveracruz.com\/","logo":{"@type":"ImageObject","inLanguage":"es","@id":"https:\/\/lospoliticosveracruz.com\/#\/schema\/logo\/image\/","url":"https:\/\/lospoliticosveracruz.com\/wp-content\/uploads\/2025\/12\/Logo-Nuevo-LOS-POLITICOS-1.jpg","contentUrl":"https:\/\/lospoliticosveracruz.com\/wp-content\/uploads\/2025\/12\/Logo-Nuevo-LOS-POLITICOS-1.jpg","width":260,"height":70,"caption":"Los pol\u00edticos Veracruz"},"image":{"@id":"https:\/\/lospoliticosveracruz.com\/#\/schema\/logo\/image\/"},"sameAs":["https:\/\/www.facebook.com\/people\/Notimemes-de-los-Polticos\/61565672886568\/","https:\/\/x.com\/LosPoliticosVer"]},{"@type":"Person","@id":"https:\/\/lospoliticosveracruz.com\/#\/schema\/person\/b8702bb0e538456e6efd07080bf2a4a2","name":"Lo viste en Los Pol\u00edticos","image":{"@type":"ImageObject","inLanguage":"es","@id":"https:\/\/secure.gravatar.com\/avatar\/3a8de04a2656d44082be478bd6c086daa447c4651605818287b9532d3d0bd435?s=96&d=mm&r=g","url":"https:\/\/secure.gravatar.com\/avatar\/3a8de04a2656d44082be478bd6c086daa447c4651605818287b9532d3d0bd435?s=96&d=mm&r=g","contentUrl":"https:\/\/secure.gravatar.com\/avatar\/3a8de04a2656d44082be478bd6c086daa447c4651605818287b9532d3d0bd435?s=96&d=mm&r=g","caption":"Lo viste en Los Pol\u00edticos"},"url":"https:\/\/lospoliticosveracruz.com\/?author=2"}]}},"_links":{"self":[{"href":"https:\/\/lospoliticosveracruz.com\/index.php?rest_route=\/wp\/v2\/posts\/39880","targetHints":{"allow":["GET"]}}],"collection":[{"href":"https:\/\/lospoliticosveracruz.com\/index.php?rest_route=\/wp\/v2\/posts"}],"about":[{"href":"https:\/\/lospoliticosveracruz.com\/index.php?rest_route=\/wp\/v2\/types\/post"}],"author":[{"embeddable":true,"href":"https:\/\/lospoliticosveracruz.com\/index.php?rest_route=\/wp\/v2\/users\/2"}],"replies":[{"embeddable":true,"href":"https:\/\/lospoliticosveracruz.com\/index.php?rest_route=%2Fwp%2Fv2%2Fcomments&post=39880"}],"version-history":[{"count":3,"href":"https:\/\/lospoliticosveracruz.com\/index.php?rest_route=\/wp\/v2\/posts\/39880\/revisions"}],"predecessor-version":[{"id":39883,"href":"https:\/\/lospoliticosveracruz.com\/index.php?rest_route=\/wp\/v2\/posts\/39880\/revisions\/39883"}],"wp:attachment":[{"href":"https:\/\/lospoliticosveracruz.com\/index.php?rest_route=%2Fwp%2Fv2%2Fmedia&parent=39880"}],"wp:term":[{"taxonomy":"category","embeddable":true,"href":"https:\/\/lospoliticosveracruz.com\/index.php?rest_route=%2Fwp%2Fv2%2Fcategories&post=39880"},{"taxonomy":"post_tag","embeddable":true,"href":"https:\/\/lospoliticosveracruz.com\/index.php?rest_route=%2Fwp%2Fv2%2Ftags&post=39880"}],"curies":[{"name":"wp","href":"https:\/\/api.w.org\/{rel}","templated":true}]}}