{"id":39884,"date":"2018-02-19T10:56:06","date_gmt":"2018-02-19T16:56:06","guid":{"rendered":"http:\/\/www.lospoliticosveracruz.com.mx\/?p=39884"},"modified":"2018-02-19T10:56:06","modified_gmt":"2018-02-19T16:56:06","slug":"cuatro-veracruzanos-en-el-senado","status":"publish","type":"post","link":"https:\/\/lospoliticosveracruz.com\/?p=39884","title":{"rendered":"Cuatro veracruzanos en el Senado"},"content":{"rendered":"<p class=\"x_m_2115484696832989736MsoNoSpacing\"><strong>Luis Alberto Romero<\/strong><u><\/u><u><\/u><\/p>\n<p class=\"x_m_2115484696832989736MsoNoSpacing\"><em>Hora Cero<\/em><\/p>\n<p class=\"x_m_2115484696832989736MsoNoSpacing\"><b><u><\/u>\u00a0<u><\/u><\/b><\/p>\n<p class=\"x_m_2115484696832989736MsoNoSpacing\"><b><\/b>\u00a0<u><\/u><\/p>\n<p class=\"x_m_2115484696832989736MsoNoSpacing\">Con la incorporaci\u00f3n de Indira Rosales San Rom\u00e1n a la lista de candidatos plurinominales del Partido Acci\u00f3n Nacional al Senado, es pr\u00e1cticamente un hecho que Veracruz tendr\u00e1 una importante presencia en la pr\u00f3xima C\u00e1mara Alta, al menos en cuanto a cantidad de representantes.<u><\/u><u><\/u><\/p>\n<p class=\"x_m_2115484696832989736MsoNoSpacing\">El Partido Acci\u00f3n Nacional dio a conocer su lista de candidaturas al Senado, en la que se incluyen nombres de figuras destacadas del entorno pol\u00edtico nacional: Josefina V\u00e1zquez Mota, ex candidata presidencial; Miguel \u00c1ngel Mancera, jefe de gobierno en la Ciudad de M\u00e9xico; Dami\u00e1n Zepeda Vidales, dirigente nacional del partido; y Rafael Moreno Valle, ex gobernador del estado de Puebla, entre otros.<u><\/u><u><\/u><\/p>\n<p class=\"x_m_2115484696832989736MsoNoSpacing\">En esa lista, en un inmejorable tercer lugar, fue incluida la ex secretaria de Desarrollo Social de Veracruz, quien podr\u00eda ser la cuarta senadora veracruzana en el pr\u00f3ximo congreso, algo que no ocurr\u00eda desde la LVIII Legislatura, cuanto por mayor\u00eda relativa ocupaban una curul en la C\u00e1mara Alta los priistas Fernando Guti\u00e9rrez Barrios (Noem\u00ed Guzm\u00e1n Lagunes) y Fidel Herrera Beltr\u00e1n (Silvia Dom\u00ednguez), y el entonces panista Gerardo Buganza Salmer\u00f3n (Antonio Remes Ojeda); y por representaci\u00f3n proporcional, Ricardo Aldana Prieto, del PRI; y El\u00edas Miguel Moreno Brizuela, del PRD. El a\u00f1o 2000 llegaron al Congreso cinco senadores veracruzanos, 10 por ciento del total de la C\u00e1mara.<u><\/u><u><\/u><\/p>\n<p class=\"x_m_2115484696832989736MsoNoSpacing\">Seis a\u00f1os antes, en la LVII Legislatura (de 1994 a 2000), la representaci\u00f3n veracruzana tambi\u00e9n fue importante en cuanto a su n\u00famero, dado que estuvieron Gustavo Carvajal Moreno y Eduardo Andrade S\u00e1nchez, del PRI; y Heberto Castillo Mart\u00ednez (Magno Garcimarrero Ochoa), del PRD, por mayor\u00eda relativa; as\u00ed como Dionisio P\u00e9rez J\u00e1come, PRI, por la v\u00eda plurinominal.<u><\/u><u><\/u><\/p>\n<p class=\"x_m_2115484696832989736MsoNoSpacing\">En 2006, LXI Legislatura, Veracruz pas\u00f3 de cinco a tres senadores, dado que no hubo representantes del estado en las listas plurinominales. En ese Congreso, por la entidad ocuparon el cargo Dante Delgado Rannauro (Juan Fernando Perdomo), Arturo Herviz Reyes y Juan Bueno Torio. Fue esa la primera ocasi\u00f3n en la historia contempor\u00e1nea en que el Partido Revolucionario Institucional se queda sin integrantes en el Senado, debido a la derrota de ese a\u00f1o.<u><\/u><u><\/u><\/p>\n<p class=\"x_m_2115484696832989736MsoNoSpacing\">La siguiente legislatura, que inici\u00f3 funciones en 2012 y a la que le faltan algunos meses para concluir su periodo, tambi\u00e9n tiene s\u00f3lo a tres representantes, los que corresponden por mayor\u00eda relativa; iniciaron Jos\u00e9 Francisco Yunes Zorrilla (Ainara Rementer\u00eda Coello) y H\u00e9ctor Yunes Landa, del PRI; y Fernando Yunes M\u00e1rquez (Mar\u00eda del Rosario Guzm\u00e1n Avil\u00e9s), del PAN.<u><\/u><u><\/u><\/p>\n<p class=\"x_m_2115484696832989736MsoNoSpacing\">Hoy, con la inclusi\u00f3n de Indira Rosales San Rom\u00e1n a la lista de candidatos plurinominales por el albiazul, es casi un hecho que Veracruz tendr\u00e1 una vez m\u00e1s a cuatro representantes en el pr\u00f3ximo Senado.<u><\/u><u><\/u><\/p>\n<p class=\"x_m_2115484696832989736MsoNoSpacing\">La duda es qui\u00e9nes ser\u00e1n los veracruzanos que llegar\u00e1n por mayor\u00eda relativa, dada la fuerte competencia que se registra en el presente proceso electoral; de entrada y tomando en consideraci\u00f3n el peso de los nombres y el posicionamiento de sus partidos, uno podr\u00eda pensar que es altamente probable que las alianzas PAN-PRD-MC, que postula a Julen Rementer\u00eda del Puerto y Yazm\u00edn de los \u00c1ngeles Copete Zapot; y Morena-PES-PT, que env\u00eda a la contienda a Roc\u00edo Nahle Garc\u00eda y Ricardo Ahued Bardahuil, saldr\u00e1n del partidero pol\u00edtico electoral como claros favoritos para colocar a dos senadores en el pr\u00f3ximo Congreso.<u><\/u><u><\/u><\/p>\n<p class=\"x_m_2115484696832989736MsoNoSpacing\">Parece que a estas alturas, s\u00f3lo Indira Rosales, plurinominal del PAN, Julen Rementer\u00eda y Roc\u00edo Nahle, que van como primeras f\u00f3rmulas de sus respectivos partidos, tendr\u00edan un lugar m\u00e1s o menos asegurado.<u><\/u><u><\/u><\/p>\n<p class=\"x_m_2115484696832989736MsoNoSpacing\">Por su parte, la alianza PRI-Verde se rezaga, al menos en la carrera al Senado, a un vergonzoso tercer lugar, con Juan Nicol\u00e1s Callejas Rold\u00e1n y Mar\u00eda del Carmen Pinete Vargas como abanderados; de tal manera que de los cuatro pr\u00f3ximos senadores, es muy probable que ninguno de ellos sea priista. @luisromero85<u><\/u><u><\/u><\/p>\n<p>&nbsp;<\/p>\n","protected":false},"excerpt":{"rendered":"<p>Luis Alberto Romero Hora Cero \u00a0 \u00a0 Con la incorporaci\u00f3n de Indira Rosales San Rom\u00e1n a la lista de candidatos plurinominales del Partido Acci\u00f3n Nacional al Senado, es pr\u00e1cticamente un hecho que Veracruz tendr\u00e1 una importante presencia en la pr\u00f3xima C\u00e1mara Alta, al menos en cuanto a cantidad de representantes. El Partido Acci\u00f3n Nacional dio [&hellip;]<\/p>\n","protected":false},"author":2,"featured_media":0,"comment_status":"open","ping_status":"open","sticky":false,"template":"","format":"standard","meta":{"tdm_status":"","tdm_grid_status":"","footnotes":""},"categories":[70],"tags":[5506,1130,3578,711],"class_list":{"0":"post-39884","1":"post","2":"type-post","3":"status-publish","4":"format-standard","6":"category-de-opinion","7":"tag-indira-rosales-san-roman","8":"tag-julen-rementeria","9":"tag-rocio-nahle","10":"tag-senado"},"yoast_head":"<!-- This site is optimized with the Yoast SEO plugin v27.4 - https:\/\/yoast.com\/product\/yoast-seo-wordpress\/ -->\n<title>Cuatro veracruzanos en el Senado - Los pol\u00edticos Veracruz<\/title>\n<meta name=\"robots\" content=\"index, follow, max-snippet:-1, max-image-preview:large, max-video-preview:-1\" \/>\n<link rel=\"canonical\" href=\"https:\/\/lospoliticosveracruz.com\/?p=39884\" \/>\n<meta property=\"og:locale\" content=\"es_ES\" \/>\n<meta property=\"og:type\" content=\"article\" \/>\n<meta property=\"og:title\" content=\"Cuatro veracruzanos en el Senado - Los pol\u00edticos Veracruz\" \/>\n<meta property=\"og:description\" content=\"Luis Alberto Romero Hora Cero \u00a0 \u00a0 Con la incorporaci\u00f3n de Indira Rosales San Rom\u00e1n a la lista de candidatos plurinominales del Partido Acci\u00f3n Nacional al Senado, es pr\u00e1cticamente un hecho que Veracruz tendr\u00e1 una importante presencia en la pr\u00f3xima C\u00e1mara Alta, al menos en cuanto a cantidad de representantes. El Partido Acci\u00f3n Nacional dio [&hellip;]\" \/>\n<meta property=\"og:url\" content=\"https:\/\/lospoliticosveracruz.com\/?p=39884\" \/>\n<meta property=\"og:site_name\" content=\"Los pol\u00edticos Veracruz\" \/>\n<meta property=\"article:publisher\" content=\"https:\/\/www.facebook.com\/people\/Notimemes-de-los-Polticos\/61565672886568\/\" \/>\n<meta property=\"article:published_time\" content=\"2018-02-19T16:56:06+00:00\" \/>\n<meta property=\"og:image\" content=\"https:\/\/lospoliticosveracruz.com\/wp-content\/uploads\/2016\/07\/Logo-Dor.jpg\" \/>\n\t<meta property=\"og:image:width\" content=\"200\" \/>\n\t<meta property=\"og:image:height\" content=\"200\" \/>\n\t<meta property=\"og:image:type\" content=\"image\/jpeg\" \/>\n<meta name=\"author\" content=\"Lo viste en Los Pol\u00edticos\" \/>\n<meta name=\"twitter:card\" content=\"summary_large_image\" \/>\n<meta name=\"twitter:creator\" content=\"@LosPoliticosVer\" \/>\n<meta name=\"twitter:site\" content=\"@LosPoliticosVer\" \/>\n<meta name=\"twitter:label1\" content=\"Escrito por\" \/>\n\t<meta name=\"twitter:data1\" content=\"Lo viste en Los Pol\u00edticos\" \/>\n\t<meta name=\"twitter:label2\" content=\"Tiempo de lectura\" \/>\n\t<meta name=\"twitter:data2\" content=\"3 minutos\" \/>\n<script type=\"application\/ld+json\" class=\"yoast-schema-graph\">{\"@context\":\"https:\\\/\\\/schema.org\",\"@graph\":[{\"@type\":\"Article\",\"@id\":\"https:\\\/\\\/lospoliticosveracruz.com\\\/?p=39884#article\",\"isPartOf\":{\"@id\":\"https:\\\/\\\/lospoliticosveracruz.com\\\/?p=39884\"},\"author\":{\"name\":\"Lo viste en Los Pol\u00edticos\",\"@id\":\"https:\\\/\\\/lospoliticosveracruz.com\\\/#\\\/schema\\\/person\\\/b8702bb0e538456e6efd07080bf2a4a2\"},\"headline\":\"Cuatro veracruzanos en el Senado\",\"datePublished\":\"2018-02-19T16:56:06+00:00\",\"mainEntityOfPage\":{\"@id\":\"https:\\\/\\\/lospoliticosveracruz.com\\\/?p=39884\"},\"wordCount\":693,\"commentCount\":0,\"publisher\":{\"@id\":\"https:\\\/\\\/lospoliticosveracruz.com\\\/#organization\"},\"keywords\":[\"Indira Rosales San Rom\u00e1n\",\"Julen Rementer\u00eda\",\"Roc\u00edo Nahle\",\"Senado\"],\"articleSection\":[\"De Opini\u00f3n\"],\"inLanguage\":\"es\",\"potentialAction\":[{\"@type\":\"CommentAction\",\"name\":\"Comment\",\"target\":[\"https:\\\/\\\/lospoliticosveracruz.com\\\/?p=39884#respond\"]}]},{\"@type\":\"WebPage\",\"@id\":\"https:\\\/\\\/lospoliticosveracruz.com\\\/?p=39884\",\"url\":\"https:\\\/\\\/lospoliticosveracruz.com\\\/?p=39884\",\"name\":\"Cuatro veracruzanos en el Senado - Los pol\u00edticos Veracruz\",\"isPartOf\":{\"@id\":\"https:\\\/\\\/lospoliticosveracruz.com\\\/#website\"},\"datePublished\":\"2018-02-19T16:56:06+00:00\",\"breadcrumb\":{\"@id\":\"https:\\\/\\\/lospoliticosveracruz.com\\\/?p=39884#breadcrumb\"},\"inLanguage\":\"es\",\"potentialAction\":[{\"@type\":\"ReadAction\",\"target\":[\"https:\\\/\\\/lospoliticosveracruz.com\\\/?p=39884\"]}]},{\"@type\":\"BreadcrumbList\",\"@id\":\"https:\\\/\\\/lospoliticosveracruz.com\\\/?p=39884#breadcrumb\",\"itemListElement\":[{\"@type\":\"ListItem\",\"position\":1,\"name\":\"Portada\",\"item\":\"https:\\\/\\\/lospoliticosveracruz.com\\\/\"},{\"@type\":\"ListItem\",\"position\":2,\"name\":\"Cuatro veracruzanos en el Senado\"}]},{\"@type\":\"WebSite\",\"@id\":\"https:\\\/\\\/lospoliticosveracruz.com\\\/#website\",\"url\":\"https:\\\/\\\/lospoliticosveracruz.com\\\/\",\"name\":\"Los pol\u00edticos Veracruz\",\"description\":\"\",\"publisher\":{\"@id\":\"https:\\\/\\\/lospoliticosveracruz.com\\\/#organization\"},\"potentialAction\":[{\"@type\":\"SearchAction\",\"target\":{\"@type\":\"EntryPoint\",\"urlTemplate\":\"https:\\\/\\\/lospoliticosveracruz.com\\\/?s={search_term_string}\"},\"query-input\":{\"@type\":\"PropertyValueSpecification\",\"valueRequired\":true,\"valueName\":\"search_term_string\"}}],\"inLanguage\":\"es\"},{\"@type\":\"Organization\",\"@id\":\"https:\\\/\\\/lospoliticosveracruz.com\\\/#organization\",\"name\":\"Los pol\u00edticos Veracruz\",\"url\":\"https:\\\/\\\/lospoliticosveracruz.com\\\/\",\"logo\":{\"@type\":\"ImageObject\",\"inLanguage\":\"es\",\"@id\":\"https:\\\/\\\/lospoliticosveracruz.com\\\/#\\\/schema\\\/logo\\\/image\\\/\",\"url\":\"https:\\\/\\\/lospoliticosveracruz.com\\\/wp-content\\\/uploads\\\/2025\\\/12\\\/Logo-Nuevo-LOS-POLITICOS-1.jpg\",\"contentUrl\":\"https:\\\/\\\/lospoliticosveracruz.com\\\/wp-content\\\/uploads\\\/2025\\\/12\\\/Logo-Nuevo-LOS-POLITICOS-1.jpg\",\"width\":260,\"height\":70,\"caption\":\"Los pol\u00edticos Veracruz\"},\"image\":{\"@id\":\"https:\\\/\\\/lospoliticosveracruz.com\\\/#\\\/schema\\\/logo\\\/image\\\/\"},\"sameAs\":[\"https:\\\/\\\/www.facebook.com\\\/people\\\/Notimemes-de-los-Polticos\\\/61565672886568\\\/\",\"https:\\\/\\\/x.com\\\/LosPoliticosVer\"]},{\"@type\":\"Person\",\"@id\":\"https:\\\/\\\/lospoliticosveracruz.com\\\/#\\\/schema\\\/person\\\/b8702bb0e538456e6efd07080bf2a4a2\",\"name\":\"Lo viste en Los Pol\u00edticos\",\"image\":{\"@type\":\"ImageObject\",\"inLanguage\":\"es\",\"@id\":\"https:\\\/\\\/secure.gravatar.com\\\/avatar\\\/3a8de04a2656d44082be478bd6c086daa447c4651605818287b9532d3d0bd435?s=96&d=mm&r=g\",\"url\":\"https:\\\/\\\/secure.gravatar.com\\\/avatar\\\/3a8de04a2656d44082be478bd6c086daa447c4651605818287b9532d3d0bd435?s=96&d=mm&r=g\",\"contentUrl\":\"https:\\\/\\\/secure.gravatar.com\\\/avatar\\\/3a8de04a2656d44082be478bd6c086daa447c4651605818287b9532d3d0bd435?s=96&d=mm&r=g\",\"caption\":\"Lo viste en Los Pol\u00edticos\"},\"url\":\"https:\\\/\\\/lospoliticosveracruz.com\\\/?author=2\"}]}<\/script>\n<!-- \/ Yoast SEO plugin. -->","yoast_head_json":{"title":"Cuatro veracruzanos en el Senado - Los pol\u00edticos Veracruz","robots":{"index":"index","follow":"follow","max-snippet":"max-snippet:-1","max-image-preview":"max-image-preview:large","max-video-preview":"max-video-preview:-1"},"canonical":"https:\/\/lospoliticosveracruz.com\/?p=39884","og_locale":"es_ES","og_type":"article","og_title":"Cuatro veracruzanos en el Senado - Los pol\u00edticos Veracruz","og_description":"Luis Alberto Romero Hora Cero \u00a0 \u00a0 Con la incorporaci\u00f3n de Indira Rosales San Rom\u00e1n a la lista de candidatos plurinominales del Partido Acci\u00f3n Nacional al Senado, es pr\u00e1cticamente un hecho que Veracruz tendr\u00e1 una importante presencia en la pr\u00f3xima C\u00e1mara Alta, al menos en cuanto a cantidad de representantes. El Partido Acci\u00f3n Nacional dio [&hellip;]","og_url":"https:\/\/lospoliticosveracruz.com\/?p=39884","og_site_name":"Los pol\u00edticos Veracruz","article_publisher":"https:\/\/www.facebook.com\/people\/Notimemes-de-los-Polticos\/61565672886568\/","article_published_time":"2018-02-19T16:56:06+00:00","og_image":[{"width":200,"height":200,"url":"https:\/\/lospoliticosveracruz.com\/wp-content\/uploads\/2016\/07\/Logo-Dor.jpg","type":"image\/jpeg"}],"author":"Lo viste en Los Pol\u00edticos","twitter_card":"summary_large_image","twitter_creator":"@LosPoliticosVer","twitter_site":"@LosPoliticosVer","twitter_misc":{"Escrito por":"Lo viste en Los Pol\u00edticos","Tiempo de lectura":"3 minutos"},"schema":{"@context":"https:\/\/schema.org","@graph":[{"@type":"Article","@id":"https:\/\/lospoliticosveracruz.com\/?p=39884#article","isPartOf":{"@id":"https:\/\/lospoliticosveracruz.com\/?p=39884"},"author":{"name":"Lo viste en Los Pol\u00edticos","@id":"https:\/\/lospoliticosveracruz.com\/#\/schema\/person\/b8702bb0e538456e6efd07080bf2a4a2"},"headline":"Cuatro veracruzanos en el Senado","datePublished":"2018-02-19T16:56:06+00:00","mainEntityOfPage":{"@id":"https:\/\/lospoliticosveracruz.com\/?p=39884"},"wordCount":693,"commentCount":0,"publisher":{"@id":"https:\/\/lospoliticosveracruz.com\/#organization"},"keywords":["Indira Rosales San Rom\u00e1n","Julen Rementer\u00eda","Roc\u00edo Nahle","Senado"],"articleSection":["De Opini\u00f3n"],"inLanguage":"es","potentialAction":[{"@type":"CommentAction","name":"Comment","target":["https:\/\/lospoliticosveracruz.com\/?p=39884#respond"]}]},{"@type":"WebPage","@id":"https:\/\/lospoliticosveracruz.com\/?p=39884","url":"https:\/\/lospoliticosveracruz.com\/?p=39884","name":"Cuatro veracruzanos en el Senado - Los pol\u00edticos Veracruz","isPartOf":{"@id":"https:\/\/lospoliticosveracruz.com\/#website"},"datePublished":"2018-02-19T16:56:06+00:00","breadcrumb":{"@id":"https:\/\/lospoliticosveracruz.com\/?p=39884#breadcrumb"},"inLanguage":"es","potentialAction":[{"@type":"ReadAction","target":["https:\/\/lospoliticosveracruz.com\/?p=39884"]}]},{"@type":"BreadcrumbList","@id":"https:\/\/lospoliticosveracruz.com\/?p=39884#breadcrumb","itemListElement":[{"@type":"ListItem","position":1,"name":"Portada","item":"https:\/\/lospoliticosveracruz.com\/"},{"@type":"ListItem","position":2,"name":"Cuatro veracruzanos en el Senado"}]},{"@type":"WebSite","@id":"https:\/\/lospoliticosveracruz.com\/#website","url":"https:\/\/lospoliticosveracruz.com\/","name":"Los pol\u00edticos Veracruz","description":"","publisher":{"@id":"https:\/\/lospoliticosveracruz.com\/#organization"},"potentialAction":[{"@type":"SearchAction","target":{"@type":"EntryPoint","urlTemplate":"https:\/\/lospoliticosveracruz.com\/?s={search_term_string}"},"query-input":{"@type":"PropertyValueSpecification","valueRequired":true,"valueName":"search_term_string"}}],"inLanguage":"es"},{"@type":"Organization","@id":"https:\/\/lospoliticosveracruz.com\/#organization","name":"Los pol\u00edticos Veracruz","url":"https:\/\/lospoliticosveracruz.com\/","logo":{"@type":"ImageObject","inLanguage":"es","@id":"https:\/\/lospoliticosveracruz.com\/#\/schema\/logo\/image\/","url":"https:\/\/lospoliticosveracruz.com\/wp-content\/uploads\/2025\/12\/Logo-Nuevo-LOS-POLITICOS-1.jpg","contentUrl":"https:\/\/lospoliticosveracruz.com\/wp-content\/uploads\/2025\/12\/Logo-Nuevo-LOS-POLITICOS-1.jpg","width":260,"height":70,"caption":"Los pol\u00edticos Veracruz"},"image":{"@id":"https:\/\/lospoliticosveracruz.com\/#\/schema\/logo\/image\/"},"sameAs":["https:\/\/www.facebook.com\/people\/Notimemes-de-los-Polticos\/61565672886568\/","https:\/\/x.com\/LosPoliticosVer"]},{"@type":"Person","@id":"https:\/\/lospoliticosveracruz.com\/#\/schema\/person\/b8702bb0e538456e6efd07080bf2a4a2","name":"Lo viste en Los Pol\u00edticos","image":{"@type":"ImageObject","inLanguage":"es","@id":"https:\/\/secure.gravatar.com\/avatar\/3a8de04a2656d44082be478bd6c086daa447c4651605818287b9532d3d0bd435?s=96&d=mm&r=g","url":"https:\/\/secure.gravatar.com\/avatar\/3a8de04a2656d44082be478bd6c086daa447c4651605818287b9532d3d0bd435?s=96&d=mm&r=g","contentUrl":"https:\/\/secure.gravatar.com\/avatar\/3a8de04a2656d44082be478bd6c086daa447c4651605818287b9532d3d0bd435?s=96&d=mm&r=g","caption":"Lo viste en Los Pol\u00edticos"},"url":"https:\/\/lospoliticosveracruz.com\/?author=2"}]}},"_links":{"self":[{"href":"https:\/\/lospoliticosveracruz.com\/index.php?rest_route=\/wp\/v2\/posts\/39884","targetHints":{"allow":["GET"]}}],"collection":[{"href":"https:\/\/lospoliticosveracruz.com\/index.php?rest_route=\/wp\/v2\/posts"}],"about":[{"href":"https:\/\/lospoliticosveracruz.com\/index.php?rest_route=\/wp\/v2\/types\/post"}],"author":[{"embeddable":true,"href":"https:\/\/lospoliticosveracruz.com\/index.php?rest_route=\/wp\/v2\/users\/2"}],"replies":[{"embeddable":true,"href":"https:\/\/lospoliticosveracruz.com\/index.php?rest_route=%2Fwp%2Fv2%2Fcomments&post=39884"}],"version-history":[{"count":1,"href":"https:\/\/lospoliticosveracruz.com\/index.php?rest_route=\/wp\/v2\/posts\/39884\/revisions"}],"predecessor-version":[{"id":39885,"href":"https:\/\/lospoliticosveracruz.com\/index.php?rest_route=\/wp\/v2\/posts\/39884\/revisions\/39885"}],"wp:attachment":[{"href":"https:\/\/lospoliticosveracruz.com\/index.php?rest_route=%2Fwp%2Fv2%2Fmedia&parent=39884"}],"wp:term":[{"taxonomy":"category","embeddable":true,"href":"https:\/\/lospoliticosveracruz.com\/index.php?rest_route=%2Fwp%2Fv2%2Fcategories&post=39884"},{"taxonomy":"post_tag","embeddable":true,"href":"https:\/\/lospoliticosveracruz.com\/index.php?rest_route=%2Fwp%2Fv2%2Ftags&post=39884"}],"curies":[{"name":"wp","href":"https:\/\/api.w.org\/{rel}","templated":true}]}}