{"id":39886,"date":"2018-02-19T11:05:20","date_gmt":"2018-02-19T17:05:20","guid":{"rendered":"http:\/\/www.lospoliticosveracruz.com.mx\/?p=39886"},"modified":"2018-02-19T11:05:20","modified_gmt":"2018-02-19T17:05:20","slug":"de-sociedades-redes-y-complices","status":"publish","type":"post","link":"https:\/\/lospoliticosveracruz.com\/?p=39886","title":{"rendered":"De sociedades, redes y c\u00f3mplices"},"content":{"rendered":"<p><strong>Livia D\u00edaz<\/strong><\/p>\n<p><em>Jornada Huasteca<\/em><\/p>\n<p>&nbsp;<\/p>\n<p>Poza Rica.- La gente en M\u00e9xico se asoci\u00f3 para conservar su pedazo de pa\u00eds, y el que no lo vea, est\u00e1 en otro mundo.<\/p>\n<p>Aqu\u00ed en la ciudad petrolera las relaciones entre pol\u00edticos, candidatos y partidos, ya no se distingue, casi no se perciben diferencias, todos tienden a querer una sola cosa, que en este distrito no se repita el PRI. Al menos con esos candidatos.<\/p>\n<p>Es que, en la pol\u00edtica, no es como en las redes sociales, que con sus algoritmos reasocia a las personas. Ac\u00e1 est\u00e1n en torno a cosas mucho m\u00e1s fuertes, firmes e importantes, como es una fuente de ingresos.<\/p>\n<p>Sea empleo, campo o propiedad, los \u00faltimos 18 a\u00f1os no se ha respetado la vida el derecho a la vida y la propiedad a nadie. Si no se lo tocaron por la buena, fue por la mala o la menos legal.<\/p>\n<p>Sea cual fuere la v\u00eda, en el estado de Veracruz, quien no perdi\u00f3 empleo, libertades o propiedad, por el temor a que le pase, pasa.<\/p>\n<p><strong>EL EQUIPO NO EXISTE<\/strong><\/p>\n<p>\u201cEl equipo pol\u00edtico de la secci\u00f3n 32 del SNTE y nada, es lo mismo\u201d seg\u00fan la profesora Ruth Cruz V\u00e1squez, ha dicho \u201cestamos fastidiados de \u201cLos Callejas\u201d porque hay gente valiosa, comprometida, preparada, que puede ocupar un cargo.<\/p>\n<p>La papanteca, como otros, est\u00e1 enojada por la designaci\u00f3n de candidatos a diputados que \u201crepiten, como si no hubieran otros. \u201c Pero opina del PRI, estando trabajando para morena, el PES y el PT.<\/p>\n<p>Est\u00e1 como otro al frente e inmersa en las \u201cRedes Sociales Progresistas Magisteriales\u201d. \u00c9stas fueron instituidas hace 11 meses por el partido de Regeneraci\u00f3n Nacional y van a estar presentes en todas las casillas del estado el primero de julio.<\/p>\n<p>Al frente de las mismas, se tom\u00f3 protesta al hijo de un ex alcalde del PRI. El joven Fernando hijo de Jorge El\u00edas dio un discurso totalmente matizado por el dirigente del partido Encuentro Social, el diputado Gonzalo Gu\u00edzar, quien horas antes le dio posesi\u00f3n como coordinador en la zona norte a Marco Antonio Jim\u00e9nez, ex funcionario en el gobierno de El\u00edas.<\/p>\n<p>En Colombia o Alemania la palabra que usar\u00edan los medios para describir lo que est\u00e1 pasando es \u201cla cartelizaci\u00f3n\u201d de la sociedad para un prop\u00f3sito, en este caso, impedir que la mancha voraz siga destruyendo lo que con tanto trabajo se hizo, a Veracruz.<\/p>\n<p>@editorahuasteca<\/p>\n","protected":false},"excerpt":{"rendered":"<p>Livia D\u00edaz Jornada Huasteca &nbsp; Poza Rica.- La gente en M\u00e9xico se asoci\u00f3 para conservar su pedazo de pa\u00eds, y el que no lo vea, est\u00e1 en otro mundo. Aqu\u00ed en la ciudad petrolera las relaciones entre pol\u00edticos, candidatos y partidos, ya no se distingue, casi no se perciben diferencias, todos tienden a querer una [&hellip;]<\/p>\n","protected":false},"author":2,"featured_media":0,"comment_status":"open","ping_status":"open","sticky":false,"template":"","format":"standard","meta":{"tdm_status":"","tdm_grid_status":"","footnotes":""},"categories":[70],"tags":[1267,251,10961,10960],"class_list":{"0":"post-39886","1":"post","2":"type-post","3":"status-publish","4":"format-standard","6":"category-de-opinion","7":"tag-poza-rica","8":"tag-pri","9":"tag-redes-sociales-progresistas-magisteriales","10":"tag-ruth-cruz-vasquez"},"yoast_head":"<!-- This site is optimized with the Yoast SEO plugin v27.4 - https:\/\/yoast.com\/product\/yoast-seo-wordpress\/ -->\n<title>De sociedades, redes y c\u00f3mplices - Los pol\u00edticos Veracruz<\/title>\n<meta name=\"robots\" content=\"index, follow, max-snippet:-1, max-image-preview:large, max-video-preview:-1\" \/>\n<link rel=\"canonical\" href=\"https:\/\/lospoliticosveracruz.com\/?p=39886\" \/>\n<meta property=\"og:locale\" content=\"es_ES\" \/>\n<meta property=\"og:type\" content=\"article\" \/>\n<meta property=\"og:title\" content=\"De sociedades, redes y c\u00f3mplices - Los pol\u00edticos Veracruz\" \/>\n<meta property=\"og:description\" content=\"Livia D\u00edaz Jornada Huasteca &nbsp; Poza Rica.- La gente en M\u00e9xico se asoci\u00f3 para conservar su pedazo de pa\u00eds, y el que no lo vea, est\u00e1 en otro mundo. Aqu\u00ed en la ciudad petrolera las relaciones entre pol\u00edticos, candidatos y partidos, ya no se distingue, casi no se perciben diferencias, todos tienden a querer una [&hellip;]\" \/>\n<meta property=\"og:url\" content=\"https:\/\/lospoliticosveracruz.com\/?p=39886\" \/>\n<meta property=\"og:site_name\" content=\"Los pol\u00edticos Veracruz\" \/>\n<meta property=\"article:publisher\" content=\"https:\/\/www.facebook.com\/people\/Notimemes-de-los-Polticos\/61565672886568\/\" \/>\n<meta property=\"article:published_time\" content=\"2018-02-19T17:05:20+00:00\" \/>\n<meta property=\"og:image\" content=\"https:\/\/lospoliticosveracruz.com\/wp-content\/uploads\/2016\/07\/Logo-Dor.jpg\" \/>\n\t<meta property=\"og:image:width\" content=\"200\" \/>\n\t<meta property=\"og:image:height\" content=\"200\" \/>\n\t<meta property=\"og:image:type\" content=\"image\/jpeg\" \/>\n<meta name=\"author\" content=\"Lo viste en Los Pol\u00edticos\" \/>\n<meta name=\"twitter:card\" content=\"summary_large_image\" \/>\n<meta name=\"twitter:creator\" content=\"@LosPoliticosVer\" \/>\n<meta name=\"twitter:site\" content=\"@LosPoliticosVer\" \/>\n<meta name=\"twitter:label1\" content=\"Escrito por\" \/>\n\t<meta name=\"twitter:data1\" content=\"Lo viste en Los Pol\u00edticos\" \/>\n\t<meta name=\"twitter:label2\" content=\"Tiempo de lectura\" \/>\n\t<meta name=\"twitter:data2\" content=\"2 minutos\" \/>\n<script type=\"application\/ld+json\" class=\"yoast-schema-graph\">{\"@context\":\"https:\\\/\\\/schema.org\",\"@graph\":[{\"@type\":\"Article\",\"@id\":\"https:\\\/\\\/lospoliticosveracruz.com\\\/?p=39886#article\",\"isPartOf\":{\"@id\":\"https:\\\/\\\/lospoliticosveracruz.com\\\/?p=39886\"},\"author\":{\"name\":\"Lo viste en Los Pol\u00edticos\",\"@id\":\"https:\\\/\\\/lospoliticosveracruz.com\\\/#\\\/schema\\\/person\\\/b8702bb0e538456e6efd07080bf2a4a2\"},\"headline\":\"De sociedades, redes y c\u00f3mplices\",\"datePublished\":\"2018-02-19T17:05:20+00:00\",\"mainEntityOfPage\":{\"@id\":\"https:\\\/\\\/lospoliticosveracruz.com\\\/?p=39886\"},\"wordCount\":424,\"commentCount\":0,\"publisher\":{\"@id\":\"https:\\\/\\\/lospoliticosveracruz.com\\\/#organization\"},\"keywords\":[\"Poza Rica\",\"PRI\",\"Redes Sociales Progresistas Magisteriales\",\"Ruth Cruz V\u00e1squez\"],\"articleSection\":[\"De Opini\u00f3n\"],\"inLanguage\":\"es\",\"potentialAction\":[{\"@type\":\"CommentAction\",\"name\":\"Comment\",\"target\":[\"https:\\\/\\\/lospoliticosveracruz.com\\\/?p=39886#respond\"]}]},{\"@type\":\"WebPage\",\"@id\":\"https:\\\/\\\/lospoliticosveracruz.com\\\/?p=39886\",\"url\":\"https:\\\/\\\/lospoliticosveracruz.com\\\/?p=39886\",\"name\":\"De sociedades, redes y c\u00f3mplices - Los pol\u00edticos Veracruz\",\"isPartOf\":{\"@id\":\"https:\\\/\\\/lospoliticosveracruz.com\\\/#website\"},\"datePublished\":\"2018-02-19T17:05:20+00:00\",\"breadcrumb\":{\"@id\":\"https:\\\/\\\/lospoliticosveracruz.com\\\/?p=39886#breadcrumb\"},\"inLanguage\":\"es\",\"potentialAction\":[{\"@type\":\"ReadAction\",\"target\":[\"https:\\\/\\\/lospoliticosveracruz.com\\\/?p=39886\"]}]},{\"@type\":\"BreadcrumbList\",\"@id\":\"https:\\\/\\\/lospoliticosveracruz.com\\\/?p=39886#breadcrumb\",\"itemListElement\":[{\"@type\":\"ListItem\",\"position\":1,\"name\":\"Portada\",\"item\":\"https:\\\/\\\/lospoliticosveracruz.com\\\/\"},{\"@type\":\"ListItem\",\"position\":2,\"name\":\"De sociedades, redes y c\u00f3mplices\"}]},{\"@type\":\"WebSite\",\"@id\":\"https:\\\/\\\/lospoliticosveracruz.com\\\/#website\",\"url\":\"https:\\\/\\\/lospoliticosveracruz.com\\\/\",\"name\":\"Los pol\u00edticos Veracruz\",\"description\":\"\",\"publisher\":{\"@id\":\"https:\\\/\\\/lospoliticosveracruz.com\\\/#organization\"},\"potentialAction\":[{\"@type\":\"SearchAction\",\"target\":{\"@type\":\"EntryPoint\",\"urlTemplate\":\"https:\\\/\\\/lospoliticosveracruz.com\\\/?s={search_term_string}\"},\"query-input\":{\"@type\":\"PropertyValueSpecification\",\"valueRequired\":true,\"valueName\":\"search_term_string\"}}],\"inLanguage\":\"es\"},{\"@type\":\"Organization\",\"@id\":\"https:\\\/\\\/lospoliticosveracruz.com\\\/#organization\",\"name\":\"Los pol\u00edticos Veracruz\",\"url\":\"https:\\\/\\\/lospoliticosveracruz.com\\\/\",\"logo\":{\"@type\":\"ImageObject\",\"inLanguage\":\"es\",\"@id\":\"https:\\\/\\\/lospoliticosveracruz.com\\\/#\\\/schema\\\/logo\\\/image\\\/\",\"url\":\"https:\\\/\\\/lospoliticosveracruz.com\\\/wp-content\\\/uploads\\\/2025\\\/12\\\/Logo-Nuevo-LOS-POLITICOS-1.jpg\",\"contentUrl\":\"https:\\\/\\\/lospoliticosveracruz.com\\\/wp-content\\\/uploads\\\/2025\\\/12\\\/Logo-Nuevo-LOS-POLITICOS-1.jpg\",\"width\":260,\"height\":70,\"caption\":\"Los pol\u00edticos Veracruz\"},\"image\":{\"@id\":\"https:\\\/\\\/lospoliticosveracruz.com\\\/#\\\/schema\\\/logo\\\/image\\\/\"},\"sameAs\":[\"https:\\\/\\\/www.facebook.com\\\/people\\\/Notimemes-de-los-Polticos\\\/61565672886568\\\/\",\"https:\\\/\\\/x.com\\\/LosPoliticosVer\"]},{\"@type\":\"Person\",\"@id\":\"https:\\\/\\\/lospoliticosveracruz.com\\\/#\\\/schema\\\/person\\\/b8702bb0e538456e6efd07080bf2a4a2\",\"name\":\"Lo viste en Los Pol\u00edticos\",\"image\":{\"@type\":\"ImageObject\",\"inLanguage\":\"es\",\"@id\":\"https:\\\/\\\/secure.gravatar.com\\\/avatar\\\/3a8de04a2656d44082be478bd6c086daa447c4651605818287b9532d3d0bd435?s=96&d=mm&r=g\",\"url\":\"https:\\\/\\\/secure.gravatar.com\\\/avatar\\\/3a8de04a2656d44082be478bd6c086daa447c4651605818287b9532d3d0bd435?s=96&d=mm&r=g\",\"contentUrl\":\"https:\\\/\\\/secure.gravatar.com\\\/avatar\\\/3a8de04a2656d44082be478bd6c086daa447c4651605818287b9532d3d0bd435?s=96&d=mm&r=g\",\"caption\":\"Lo viste en Los Pol\u00edticos\"},\"url\":\"https:\\\/\\\/lospoliticosveracruz.com\\\/?author=2\"}]}<\/script>\n<!-- \/ Yoast SEO plugin. -->","yoast_head_json":{"title":"De sociedades, redes y c\u00f3mplices - Los pol\u00edticos Veracruz","robots":{"index":"index","follow":"follow","max-snippet":"max-snippet:-1","max-image-preview":"max-image-preview:large","max-video-preview":"max-video-preview:-1"},"canonical":"https:\/\/lospoliticosveracruz.com\/?p=39886","og_locale":"es_ES","og_type":"article","og_title":"De sociedades, redes y c\u00f3mplices - Los pol\u00edticos Veracruz","og_description":"Livia D\u00edaz Jornada Huasteca &nbsp; Poza Rica.- La gente en M\u00e9xico se asoci\u00f3 para conservar su pedazo de pa\u00eds, y el que no lo vea, est\u00e1 en otro mundo. Aqu\u00ed en la ciudad petrolera las relaciones entre pol\u00edticos, candidatos y partidos, ya no se distingue, casi no se perciben diferencias, todos tienden a querer una [&hellip;]","og_url":"https:\/\/lospoliticosveracruz.com\/?p=39886","og_site_name":"Los pol\u00edticos Veracruz","article_publisher":"https:\/\/www.facebook.com\/people\/Notimemes-de-los-Polticos\/61565672886568\/","article_published_time":"2018-02-19T17:05:20+00:00","og_image":[{"width":200,"height":200,"url":"https:\/\/lospoliticosveracruz.com\/wp-content\/uploads\/2016\/07\/Logo-Dor.jpg","type":"image\/jpeg"}],"author":"Lo viste en Los Pol\u00edticos","twitter_card":"summary_large_image","twitter_creator":"@LosPoliticosVer","twitter_site":"@LosPoliticosVer","twitter_misc":{"Escrito por":"Lo viste en Los Pol\u00edticos","Tiempo de lectura":"2 minutos"},"schema":{"@context":"https:\/\/schema.org","@graph":[{"@type":"Article","@id":"https:\/\/lospoliticosveracruz.com\/?p=39886#article","isPartOf":{"@id":"https:\/\/lospoliticosveracruz.com\/?p=39886"},"author":{"name":"Lo viste en Los Pol\u00edticos","@id":"https:\/\/lospoliticosveracruz.com\/#\/schema\/person\/b8702bb0e538456e6efd07080bf2a4a2"},"headline":"De sociedades, redes y c\u00f3mplices","datePublished":"2018-02-19T17:05:20+00:00","mainEntityOfPage":{"@id":"https:\/\/lospoliticosveracruz.com\/?p=39886"},"wordCount":424,"commentCount":0,"publisher":{"@id":"https:\/\/lospoliticosveracruz.com\/#organization"},"keywords":["Poza Rica","PRI","Redes Sociales Progresistas Magisteriales","Ruth Cruz V\u00e1squez"],"articleSection":["De Opini\u00f3n"],"inLanguage":"es","potentialAction":[{"@type":"CommentAction","name":"Comment","target":["https:\/\/lospoliticosveracruz.com\/?p=39886#respond"]}]},{"@type":"WebPage","@id":"https:\/\/lospoliticosveracruz.com\/?p=39886","url":"https:\/\/lospoliticosveracruz.com\/?p=39886","name":"De sociedades, redes y c\u00f3mplices - Los pol\u00edticos Veracruz","isPartOf":{"@id":"https:\/\/lospoliticosveracruz.com\/#website"},"datePublished":"2018-02-19T17:05:20+00:00","breadcrumb":{"@id":"https:\/\/lospoliticosveracruz.com\/?p=39886#breadcrumb"},"inLanguage":"es","potentialAction":[{"@type":"ReadAction","target":["https:\/\/lospoliticosveracruz.com\/?p=39886"]}]},{"@type":"BreadcrumbList","@id":"https:\/\/lospoliticosveracruz.com\/?p=39886#breadcrumb","itemListElement":[{"@type":"ListItem","position":1,"name":"Portada","item":"https:\/\/lospoliticosveracruz.com\/"},{"@type":"ListItem","position":2,"name":"De sociedades, redes y c\u00f3mplices"}]},{"@type":"WebSite","@id":"https:\/\/lospoliticosveracruz.com\/#website","url":"https:\/\/lospoliticosveracruz.com\/","name":"Los pol\u00edticos Veracruz","description":"","publisher":{"@id":"https:\/\/lospoliticosveracruz.com\/#organization"},"potentialAction":[{"@type":"SearchAction","target":{"@type":"EntryPoint","urlTemplate":"https:\/\/lospoliticosveracruz.com\/?s={search_term_string}"},"query-input":{"@type":"PropertyValueSpecification","valueRequired":true,"valueName":"search_term_string"}}],"inLanguage":"es"},{"@type":"Organization","@id":"https:\/\/lospoliticosveracruz.com\/#organization","name":"Los pol\u00edticos Veracruz","url":"https:\/\/lospoliticosveracruz.com\/","logo":{"@type":"ImageObject","inLanguage":"es","@id":"https:\/\/lospoliticosveracruz.com\/#\/schema\/logo\/image\/","url":"https:\/\/lospoliticosveracruz.com\/wp-content\/uploads\/2025\/12\/Logo-Nuevo-LOS-POLITICOS-1.jpg","contentUrl":"https:\/\/lospoliticosveracruz.com\/wp-content\/uploads\/2025\/12\/Logo-Nuevo-LOS-POLITICOS-1.jpg","width":260,"height":70,"caption":"Los pol\u00edticos Veracruz"},"image":{"@id":"https:\/\/lospoliticosveracruz.com\/#\/schema\/logo\/image\/"},"sameAs":["https:\/\/www.facebook.com\/people\/Notimemes-de-los-Polticos\/61565672886568\/","https:\/\/x.com\/LosPoliticosVer"]},{"@type":"Person","@id":"https:\/\/lospoliticosveracruz.com\/#\/schema\/person\/b8702bb0e538456e6efd07080bf2a4a2","name":"Lo viste en Los Pol\u00edticos","image":{"@type":"ImageObject","inLanguage":"es","@id":"https:\/\/secure.gravatar.com\/avatar\/3a8de04a2656d44082be478bd6c086daa447c4651605818287b9532d3d0bd435?s=96&d=mm&r=g","url":"https:\/\/secure.gravatar.com\/avatar\/3a8de04a2656d44082be478bd6c086daa447c4651605818287b9532d3d0bd435?s=96&d=mm&r=g","contentUrl":"https:\/\/secure.gravatar.com\/avatar\/3a8de04a2656d44082be478bd6c086daa447c4651605818287b9532d3d0bd435?s=96&d=mm&r=g","caption":"Lo viste en Los Pol\u00edticos"},"url":"https:\/\/lospoliticosveracruz.com\/?author=2"}]}},"_links":{"self":[{"href":"https:\/\/lospoliticosveracruz.com\/index.php?rest_route=\/wp\/v2\/posts\/39886","targetHints":{"allow":["GET"]}}],"collection":[{"href":"https:\/\/lospoliticosveracruz.com\/index.php?rest_route=\/wp\/v2\/posts"}],"about":[{"href":"https:\/\/lospoliticosveracruz.com\/index.php?rest_route=\/wp\/v2\/types\/post"}],"author":[{"embeddable":true,"href":"https:\/\/lospoliticosveracruz.com\/index.php?rest_route=\/wp\/v2\/users\/2"}],"replies":[{"embeddable":true,"href":"https:\/\/lospoliticosveracruz.com\/index.php?rest_route=%2Fwp%2Fv2%2Fcomments&post=39886"}],"version-history":[{"count":1,"href":"https:\/\/lospoliticosveracruz.com\/index.php?rest_route=\/wp\/v2\/posts\/39886\/revisions"}],"predecessor-version":[{"id":39887,"href":"https:\/\/lospoliticosveracruz.com\/index.php?rest_route=\/wp\/v2\/posts\/39886\/revisions\/39887"}],"wp:attachment":[{"href":"https:\/\/lospoliticosveracruz.com\/index.php?rest_route=%2Fwp%2Fv2%2Fmedia&parent=39886"}],"wp:term":[{"taxonomy":"category","embeddable":true,"href":"https:\/\/lospoliticosveracruz.com\/index.php?rest_route=%2Fwp%2Fv2%2Fcategories&post=39886"},{"taxonomy":"post_tag","embeddable":true,"href":"https:\/\/lospoliticosveracruz.com\/index.php?rest_route=%2Fwp%2Fv2%2Ftags&post=39886"}],"curies":[{"name":"wp","href":"https:\/\/api.w.org\/{rel}","templated":true}]}}