{"id":39888,"date":"2018-02-19T11:18:35","date_gmt":"2018-02-19T17:18:35","guid":{"rendered":"http:\/\/www.lospoliticosveracruz.com.mx\/?p=39888"},"modified":"2018-02-19T11:18:35","modified_gmt":"2018-02-19T17:18:35","slug":"2018-el-laberinto-electoral-veracruzano","status":"publish","type":"post","link":"https:\/\/lospoliticosveracruz.com\/?p=39888","title":{"rendered":"2018: el laberinto electoral veracruzano"},"content":{"rendered":"<div><strong>Jos\u00e9 Luis Ortega Vidal<\/strong><\/div>\n<div>\n<div>\n<div class=\"x_m_-1501525925970374971x__1mf x_m_-1501525925970374971x__1mj\"><em>Claroscuros<\/em><\/div>\n<\/div>\n<div><\/div>\n<\/div>\n<div id=\"x_m_-1501525925970374971divRplyFwdMsg\" dir=\"ltr\">\n<div>\n<div>\n<div>\n<div><\/div>\n<div>\n<div class=\"x_m_-1501525925970374971x__1mf x_m_-1501525925970374971x__1mj\"><\/div>\n<\/div>\n<div>\n<div class=\"x_m_-1501525925970374971x__1mf x_m_-1501525925970374971x__1mj\">(1)<\/div>\n<\/div>\n<div>\n<div class=\"x_m_-1501525925970374971x__1mf x_m_-1501525925970374971x__1mj\">Entras al Coliseo \u201cLa Concordia\u201d en Orizaba y el encuentro es abrupto\u2026<\/div>\n<\/div>\n<div>\n<div class=\"x_m_-1501525925970374971x__1mf x_m_-1501525925970374971x__1mj\">Repleto de priistas -acarreados unos, viajeros por su cuenta otros- el Minotauro est\u00e1 presente\u2026<\/div>\n<\/div>\n<div>\n<div class=\"x_m_-1501525925970374971x__1mf x_m_-1501525925970374971x__1mj\">Puntual, a las 12:00 horas el precandidato a la gubernatura Jos\u00e9 Yunes Zorrilla arrib\u00f3 a la puerta de cuadrillas y busc\u00f3 el acceso al redondel\u2026<\/div>\n<\/div>\n<div>\n<div class=\"x_m_-1501525925970374971x__1mf x_m_-1501525925970374971x__1mj\">La multitud hizo lento el pase\u00edllo de bienvenida\u2026<\/div>\n<\/div>\n<div>\n<div class=\"x_m_-1501525925970374971x__1mf x_m_-1501525925970374971x__1mj\">Junto a \u00e9l caminaba Enrique Ochoa Reza, l\u00edder nacional del PRI que esta semana podr\u00eda ser relevado e integrado al gabinete de Enrique Pe\u00f1a Nieto.<\/div>\n<\/div>\n<div>\n<div class=\"x_m_-1501525925970374971x__1mf x_m_-1501525925970374971x__1mj\">Est\u00e1bamos en un coso pero la analog\u00eda lleg\u00f3 de inmediato: Pepe Yunes arrib\u00f3 a un laberinto y no enfrentar\u00e1 a un toro\u2026<\/div>\n<\/div>\n<div>\n<div class=\"x_m_-1501525925970374971x__1mf x_m_-1501525925970374971x__1mj\">Ungido candidato de la alianza PRI\/PVEM enfrenta a un Minotauro&#8230;<\/div>\n<\/div>\n<div>\n<div class=\"x_m_-1501525925970374971x__1mf x_m_-1501525925970374971x__1mj\">Al monstruo mitad hombre mitad toro, hijo de Pasifae y el Toro de Creta\u2026<\/div>\n<\/div>\n<div>\n<div class=\"x_m_-1501525925970374971x__1mf x_m_-1501525925970374971x__1mj\">A eso lleg\u00f3: a ser despedido en hombros como el valiente que tom\u00f3 la decisi\u00f3n m\u00e1s dif\u00edcil de su vida&#8230;<\/div>\n<\/div>\n<div>\n<div class=\"x_m_-1501525925970374971x__1mf x_m_-1501525925970374971x__1mj\">Yunes Zorrilla es el equivalente a un Teseo jarocho nacido en Perote y se mueve desde ya entre caminos riesgosos sin el hilo de Ariadna destruido en los tiempos de Fidel Herrera, Javier Duarte y Enrique Pe\u00f1a Nieto\u2026<\/div>\n<\/div>\n<div>\n<div class=\"x_m_-1501525925970374971x__1mf x_m_-1501525925970374971x__1mj\">(2)<\/div>\n<\/div>\n<div>\n<div class=\"x_m_-1501525925970374971x__1mf x_m_-1501525925970374971x__1mj\">Algo importante hay en esta comparaci\u00f3n con el mito griego.<\/div>\n<\/div>\n<div>\n<div class=\"x_m_-1501525925970374971x__1mf x_m_-1501525925970374971x__1mj\">La elecci\u00f3n del primero de julio pr\u00f3ximo es un Minotauro para todos\u2026<\/div>\n<\/div>\n<div>\n<div class=\"x_m_-1501525925970374971x__1mf x_m_-1501525925970374971x__1mj\">En eso fue convertido Veracruz tras la condena a Pasifae y el castigo al Rey Minos, su esposo&#8230;<\/div>\n<\/div>\n<div>\n<div class=\"x_m_-1501525925970374971x__1mf x_m_-1501525925970374971x__1mj\">Los dioses tomaron la decisi\u00f3n por los enga\u00f1os, los errores, los abusos, la corrupci\u00f3n, las debilidades, las ambiciones de todos: partidos pol\u00edticos, hombres y mujeres de poder y un pueblo indiferente.<\/div>\n<\/div>\n<div>\n<div class=\"x_m_-1501525925970374971x__1mf x_m_-1501525925970374971x__1mj\">Ning\u00fan an\u00e1lisis es completo sin la autocr\u00edtica y la sociedad veracruzana tiene que mirarse en el espejo y reconocer su parte de culpa en el surgimiento del laberinto y la bestia que hoy nos horroriza: llena de muertes, vac\u00eda de empleos, sin perspectivas firmes de desarrollo&#8230;<\/div>\n<\/div>\n<div>\n<div class=\"x_m_-1501525925970374971x__1mf x_m_-1501525925970374971x__1mj\">(3)<\/div>\n<\/div>\n<div>\n<div class=\"x_m_-1501525925970374971x__1mf x_m_-1501525925970374971x__1mj\">Pepe Yunes es el mejor candidato a gobernador de Veracruz, sin duda.<\/div>\n<\/div>\n<div>\n<div class=\"x_m_-1501525925970374971x__1mf x_m_-1501525925970374971x__1mj\">Lo es por su madurez, trayectoria pol\u00edtica, formaci\u00f3n acad\u00e9mica y comportamiento personal basado en la honestidad.<\/div>\n<\/div>\n<div>\n<div class=\"x_m_-1501525925970374971x__1mf x_m_-1501525925970374971x__1mj\">El problema es el contexto: debe matar al Minotauro de m\u00faltiples rostros y luego salir del laberinto sin la ayuda del hilo salvador porque el PRI, su partido, se lo arrebat\u00f3.<\/div>\n<\/div>\n<div>\n<div class=\"x_m_-1501525925970374971x__1mf x_m_-1501525925970374971x__1mj\">Esa impresi\u00f3n dej\u00f3 el evento de su toma de protesta en Orizaba.<\/div>\n<\/div>\n<div>\n<div class=\"x_m_-1501525925970374971x__1mf x_m_-1501525925970374971x__1mj\">S\u00ed, ah\u00ed estaban miles de seguidores\u2026<\/div>\n<\/div>\n<div>\n<div class=\"x_m_-1501525925970374971x__1mf x_m_-1501525925970374971x__1mj\">S\u00ed, ah\u00ed estaba una parte de la clase pol\u00edtica que controla y maneja al PRI\u2026<\/div>\n<\/div>\n<div>\n<div class=\"x_m_-1501525925970374971x__1mf x_m_-1501525925970374971x__1mj\">S\u00ed ah\u00ed estaban las porras, las matracas, las batucadas y algunos de los poderosos de anta\u00f1o: Emilio Gambia Patr\u00f3n, Carlos Romero Deschamps, H\u00e9ctor Yunes Landa, Juan Nicol\u00e1s Callejas Rold\u00e1n&#8230;<\/div>\n<\/div>\n<div>\n<div class=\"x_m_-1501525925970374971x__1mf x_m_-1501525925970374971x__1mj\">Una parte de la clase pol\u00edtica tricolor veracruzana, ciertos operadores con muescas en la piel por tantas batallas electorales\u2026<\/div>\n<\/div>\n<div>\n<div class=\"x_m_-1501525925970374971x__1mf x_m_-1501525925970374971x__1mj\">Pero tambi\u00e9n estaban las ausencias y muchos traicioneros que fueron -sin rubor- a recabar datos y pasarlos al enemigo.<\/div>\n<\/div>\n<div>\n<div class=\"x_m_-1501525925970374971x__1mf x_m_-1501525925970374971x__1mj\">(4)<\/div>\n<\/div>\n<div>\n<div class=\"x_m_-1501525925970374971x__1mf x_m_-1501525925970374971x__1mj\">Para ganar el primero de julio Yunes Zorrilla requiere de una proeza\u2026<\/div>\n<\/div>\n<div>\n<div class=\"x_m_-1501525925970374971x__1mf x_m_-1501525925970374971x__1mj\">Empez\u00f3 bien, con estrategias que han dado resultado en una etapa pero s\u00f3lo el transcurrir de los d\u00edas determinar\u00e1 su alcance\u2026<\/div>\n<\/div>\n<div>\n<div class=\"x_m_-1501525925970374971x__1mf x_m_-1501525925970374971x__1mj\">Empez\u00f3 bien con alianzas internas, acuerdos, el intento por reconstruir un partido dividido pero tambi\u00e9n con fugas hacia otras fuerzas y el rechazo de invitados a candidaturas que no garantizan los triunfos de anta\u00f1o\u2026<\/div>\n<\/div>\n<div>\n<div class=\"x_m_-1501525925970374971x__1mf x_m_-1501525925970374971x__1mj\">La mezquindad pol\u00edtica en todo su esplendor&#8230;<\/div>\n<\/div>\n<div>\n<div class=\"x_m_-1501525925970374971x__1mf x_m_-1501525925970374971x__1mj\">(5)<\/div>\n<\/div>\n<div>\n<div class=\"x_m_-1501525925970374971x__1mf x_m_-1501525925970374971x__1mj\">Miguel Angel Yunes M\u00e1rquez no tiene fuerza para derrotar al Minotauro, se gu\u00eda con el hilo que teje su padre y ha entrado en el laberinto construido por D\u00e9dalo bajo la protecci\u00f3n de una falange que responde con su futuro pol\u00edtico por mantener a salvo al muchacho\u2026<\/div>\n<\/div>\n<div>\n<div class=\"x_m_-1501525925970374971x__1mf x_m_-1501525925970374971x__1mj\">Cuitl\u00e1huac Garc\u00eda Jim\u00e9nez no suelta el hilo de Andr\u00e9s Manuel L\u00f3pez Obrador y d\u00eda con d\u00eda busca al or\u00e1culo para que le indique los pasos a seguir.<\/div>\n<\/div>\n<div>\n<div class=\"x_m_-1501525925970374971x__1mf x_m_-1501525925970374971x__1mj\">Sabe que una vez frente al parto de Pasifae s\u00f3lo la espada pejiana podr\u00e1 salvar su vida pol\u00edtica.<\/div>\n<\/div>\n<div>\n<div class=\"x_m_-1501525925970374971x__1mf x_m_-1501525925970374971x__1mj\"><\/div>\n<\/div>\n<div>\n<div class=\"x_m_-1501525925970374971x__1mf x_m_-1501525925970374971x__1mj\">(6)<\/div>\n<\/div>\n<div>\n<div class=\"x_m_-1501525925970374971x__1mf x_m_-1501525925970374971x__1mj\"><\/div>\n<\/div>\n<div>\n<div class=\"x_m_-1501525925970374971x__1mf x_m_-1501525925970374971x__1mj\">La pol\u00edtica es el Yo y la Circunstancia, parafraseando a Ortega y Gasset&#8230;<\/div>\n<\/div>\n<div>\n<div class=\"x_m_-1501525925970374971x__1mf x_m_-1501525925970374971x__1mj\">\u201cLa Concordia\u201d, en Orizaba, arroj\u00f3 s\u00edmbolos por doquier.<\/div>\n<\/div>\n<div>\n<div class=\"x_m_-1501525925970374971x__1mf x_m_-1501525925970374971x__1mj\">Poco a poco habr\u00e1n de ser expuestos y analizados.<\/div>\n<\/div>\n<div>\n<div class=\"x_m_-1501525925970374971x__1mf x_m_-1501525925970374971x__1mj\">Pepe Yunes tiene el Yo pero lucha contra la Circunstancia adversa.<\/div>\n<\/div>\n<div>\n<div class=\"x_m_-1501525925970374971x__1mf x_m_-1501525925970374971x__1mj\">Ni Miguel Angel ni Cuitl\u00e1huac cuentan con el Yo pero a su favor est\u00e1 un rededor manipulado y el rencor social desatado por Fidel, Duarte y los 80 ladrones.<\/div>\n<\/div>\n<div>\n<div class=\"x_m_-1501525925970374971x__1mf x_m_-1501525925970374971x__1mj\"><\/div>\n<\/div>\n<div>\n<div class=\"x_m_-1501525925970374971x__1mf x_m_-1501525925970374971x__1mj\">(7)<\/div>\n<\/div>\n<div>\n<div class=\"x_m_-1501525925970374971x__1mf x_m_-1501525925970374971x__1mj\">La sociedad veracruzana debe entender que el Minotauro es un monstruo con rostro de partidocracia donde no falta ninguna sigla y que su verdadera destrucci\u00f3n obliga a la participaci\u00f3n consciente de todos.<\/div>\n<\/div>\n<div>\n<div class=\"x_m_-1501525925970374971x__1mf x_m_-1501525925970374971x__1mj\">De otro modo el primero de julio el Minotauro puede no morir y quedar\u00edamos encerrados en nuestro laberinto&#8230;<\/div>\n<\/div>\n<div>\n<div class=\"x_m_-1501525925970374971x__1mf x_m_-1501525925970374971x__1mj\">Sin Ariadna, sin su hilo y con nuestros Minotauros internos, los sociales y los individuales, devor\u00e1ndonos de 14 en 14, de 7 varones y 7 mujeres cada d\u00eda de sacrificio hasta tiempos que ser\u00e1n inagotables&#8230;<\/div>\n<\/div>\n<div>\n<div class=\"x_m_-1501525925970374971x__1mf x_m_-1501525925970374971x__1mj\">Salir a votar, razonar, reflexionar, analizar ese voto desde ya, es la mejor defensa.<\/div>\n<\/div>\n<div>\n<div class=\"x_m_-1501525925970374971x__1mf x_m_-1501525925970374971x__1mj\">Construyamos el muro del voto pensante&#8230;<\/div>\n<\/div>\n<div>\n<div class=\"x_m_-1501525925970374971x__1mf x_m_-1501525925970374971x__1mj\">Combatamos juntos al Minotauro&#8230;<\/div>\n<\/div>\n<\/div>\n<\/div>\n<\/div>\n<\/div>\n","protected":false},"excerpt":{"rendered":"<p>Jos\u00e9 Luis Ortega Vidal Claroscuros (1) Entras al Coliseo \u201cLa Concordia\u201d en Orizaba y el encuentro es abrupto\u2026 Repleto de priistas -acarreados unos, viajeros por su cuenta otros- el Minotauro est\u00e1 presente\u2026 Puntual, a las 12:00 horas el precandidato a la gubernatura Jos\u00e9 Yunes Zorrilla arrib\u00f3 a la puerta de cuadrillas y busc\u00f3 el acceso [&hellip;]<\/p>\n","protected":false},"author":2,"featured_media":0,"comment_status":"open","ping_status":"open","sticky":false,"template":"","format":"standard","meta":{"tdm_status":"","tdm_grid_status":"","footnotes":""},"categories":[70],"tags":[10962,227,10964,570],"class_list":{"0":"post-39888","1":"post","2":"type-post","3":"status-publish","4":"format-standard","6":"category-de-opinion","7":"tag-el-minotauro","8":"tag-jose-yunes-zorrilla","9":"tag-la-concordia","10":"tag-pepe-yunes"},"yoast_head":"<!-- This site is optimized with the Yoast SEO plugin v27.4 - https:\/\/yoast.com\/product\/yoast-seo-wordpress\/ -->\n<title>2018: el laberinto electoral veracruzano - Los pol\u00edticos Veracruz<\/title>\n<meta name=\"robots\" content=\"index, follow, max-snippet:-1, max-image-preview:large, max-video-preview:-1\" \/>\n<link rel=\"canonical\" href=\"https:\/\/lospoliticosveracruz.com\/?p=39888\" \/>\n<meta property=\"og:locale\" content=\"es_ES\" \/>\n<meta property=\"og:type\" content=\"article\" \/>\n<meta property=\"og:title\" content=\"2018: el laberinto electoral veracruzano - Los pol\u00edticos Veracruz\" \/>\n<meta property=\"og:description\" content=\"Jos\u00e9 Luis Ortega Vidal Claroscuros (1) Entras al Coliseo \u201cLa Concordia\u201d en Orizaba y el encuentro es abrupto\u2026 Repleto de priistas -acarreados unos, viajeros por su cuenta otros- el Minotauro est\u00e1 presente\u2026 Puntual, a las 12:00 horas el precandidato a la gubernatura Jos\u00e9 Yunes Zorrilla arrib\u00f3 a la puerta de cuadrillas y busc\u00f3 el acceso [&hellip;]\" \/>\n<meta property=\"og:url\" content=\"https:\/\/lospoliticosveracruz.com\/?p=39888\" \/>\n<meta property=\"og:site_name\" content=\"Los pol\u00edticos Veracruz\" \/>\n<meta property=\"article:publisher\" content=\"https:\/\/www.facebook.com\/people\/Notimemes-de-los-Polticos\/61565672886568\/\" \/>\n<meta property=\"article:published_time\" content=\"2018-02-19T17:18:35+00:00\" \/>\n<meta property=\"og:image\" content=\"https:\/\/lospoliticosveracruz.com\/wp-content\/uploads\/2016\/07\/Logo-Dor.jpg\" \/>\n\t<meta property=\"og:image:width\" content=\"200\" \/>\n\t<meta property=\"og:image:height\" content=\"200\" \/>\n\t<meta property=\"og:image:type\" content=\"image\/jpeg\" \/>\n<meta name=\"author\" content=\"Lo viste en Los Pol\u00edticos\" \/>\n<meta name=\"twitter:card\" content=\"summary_large_image\" \/>\n<meta name=\"twitter:creator\" content=\"@LosPoliticosVer\" \/>\n<meta name=\"twitter:site\" content=\"@LosPoliticosVer\" \/>\n<meta name=\"twitter:label1\" content=\"Escrito por\" \/>\n\t<meta name=\"twitter:data1\" content=\"Lo viste en Los Pol\u00edticos\" \/>\n\t<meta name=\"twitter:label2\" content=\"Tiempo de lectura\" \/>\n\t<meta name=\"twitter:data2\" content=\"4 minutos\" \/>\n<script type=\"application\/ld+json\" class=\"yoast-schema-graph\">{\"@context\":\"https:\\\/\\\/schema.org\",\"@graph\":[{\"@type\":\"Article\",\"@id\":\"https:\\\/\\\/lospoliticosveracruz.com\\\/?p=39888#article\",\"isPartOf\":{\"@id\":\"https:\\\/\\\/lospoliticosveracruz.com\\\/?p=39888\"},\"author\":{\"name\":\"Lo viste en Los Pol\u00edticos\",\"@id\":\"https:\\\/\\\/lospoliticosveracruz.com\\\/#\\\/schema\\\/person\\\/b8702bb0e538456e6efd07080bf2a4a2\"},\"headline\":\"2018: el laberinto electoral veracruzano\",\"datePublished\":\"2018-02-19T17:18:35+00:00\",\"mainEntityOfPage\":{\"@id\":\"https:\\\/\\\/lospoliticosveracruz.com\\\/?p=39888\"},\"wordCount\":877,\"commentCount\":0,\"publisher\":{\"@id\":\"https:\\\/\\\/lospoliticosveracruz.com\\\/#organization\"},\"keywords\":[\"El Minotauro\",\"Jos\u00e9 Yunes Zorrilla\",\"La Concordia\",\"Pepe Yunes\"],\"articleSection\":[\"De Opini\u00f3n\"],\"inLanguage\":\"es\",\"potentialAction\":[{\"@type\":\"CommentAction\",\"name\":\"Comment\",\"target\":[\"https:\\\/\\\/lospoliticosveracruz.com\\\/?p=39888#respond\"]}]},{\"@type\":\"WebPage\",\"@id\":\"https:\\\/\\\/lospoliticosveracruz.com\\\/?p=39888\",\"url\":\"https:\\\/\\\/lospoliticosveracruz.com\\\/?p=39888\",\"name\":\"2018: el laberinto electoral veracruzano - Los pol\u00edticos Veracruz\",\"isPartOf\":{\"@id\":\"https:\\\/\\\/lospoliticosveracruz.com\\\/#website\"},\"datePublished\":\"2018-02-19T17:18:35+00:00\",\"breadcrumb\":{\"@id\":\"https:\\\/\\\/lospoliticosveracruz.com\\\/?p=39888#breadcrumb\"},\"inLanguage\":\"es\",\"potentialAction\":[{\"@type\":\"ReadAction\",\"target\":[\"https:\\\/\\\/lospoliticosveracruz.com\\\/?p=39888\"]}]},{\"@type\":\"BreadcrumbList\",\"@id\":\"https:\\\/\\\/lospoliticosveracruz.com\\\/?p=39888#breadcrumb\",\"itemListElement\":[{\"@type\":\"ListItem\",\"position\":1,\"name\":\"Portada\",\"item\":\"https:\\\/\\\/lospoliticosveracruz.com\\\/\"},{\"@type\":\"ListItem\",\"position\":2,\"name\":\"2018: el laberinto electoral veracruzano\"}]},{\"@type\":\"WebSite\",\"@id\":\"https:\\\/\\\/lospoliticosveracruz.com\\\/#website\",\"url\":\"https:\\\/\\\/lospoliticosveracruz.com\\\/\",\"name\":\"Los pol\u00edticos Veracruz\",\"description\":\"\",\"publisher\":{\"@id\":\"https:\\\/\\\/lospoliticosveracruz.com\\\/#organization\"},\"potentialAction\":[{\"@type\":\"SearchAction\",\"target\":{\"@type\":\"EntryPoint\",\"urlTemplate\":\"https:\\\/\\\/lospoliticosveracruz.com\\\/?s={search_term_string}\"},\"query-input\":{\"@type\":\"PropertyValueSpecification\",\"valueRequired\":true,\"valueName\":\"search_term_string\"}}],\"inLanguage\":\"es\"},{\"@type\":\"Organization\",\"@id\":\"https:\\\/\\\/lospoliticosveracruz.com\\\/#organization\",\"name\":\"Los pol\u00edticos Veracruz\",\"url\":\"https:\\\/\\\/lospoliticosveracruz.com\\\/\",\"logo\":{\"@type\":\"ImageObject\",\"inLanguage\":\"es\",\"@id\":\"https:\\\/\\\/lospoliticosveracruz.com\\\/#\\\/schema\\\/logo\\\/image\\\/\",\"url\":\"https:\\\/\\\/lospoliticosveracruz.com\\\/wp-content\\\/uploads\\\/2025\\\/12\\\/Logo-Nuevo-LOS-POLITICOS-1.jpg\",\"contentUrl\":\"https:\\\/\\\/lospoliticosveracruz.com\\\/wp-content\\\/uploads\\\/2025\\\/12\\\/Logo-Nuevo-LOS-POLITICOS-1.jpg\",\"width\":260,\"height\":70,\"caption\":\"Los pol\u00edticos Veracruz\"},\"image\":{\"@id\":\"https:\\\/\\\/lospoliticosveracruz.com\\\/#\\\/schema\\\/logo\\\/image\\\/\"},\"sameAs\":[\"https:\\\/\\\/www.facebook.com\\\/people\\\/Notimemes-de-los-Polticos\\\/61565672886568\\\/\",\"https:\\\/\\\/x.com\\\/LosPoliticosVer\"]},{\"@type\":\"Person\",\"@id\":\"https:\\\/\\\/lospoliticosveracruz.com\\\/#\\\/schema\\\/person\\\/b8702bb0e538456e6efd07080bf2a4a2\",\"name\":\"Lo viste en Los Pol\u00edticos\",\"image\":{\"@type\":\"ImageObject\",\"inLanguage\":\"es\",\"@id\":\"https:\\\/\\\/secure.gravatar.com\\\/avatar\\\/3a8de04a2656d44082be478bd6c086daa447c4651605818287b9532d3d0bd435?s=96&d=mm&r=g\",\"url\":\"https:\\\/\\\/secure.gravatar.com\\\/avatar\\\/3a8de04a2656d44082be478bd6c086daa447c4651605818287b9532d3d0bd435?s=96&d=mm&r=g\",\"contentUrl\":\"https:\\\/\\\/secure.gravatar.com\\\/avatar\\\/3a8de04a2656d44082be478bd6c086daa447c4651605818287b9532d3d0bd435?s=96&d=mm&r=g\",\"caption\":\"Lo viste en Los Pol\u00edticos\"},\"url\":\"https:\\\/\\\/lospoliticosveracruz.com\\\/?author=2\"}]}<\/script>\n<!-- \/ Yoast SEO plugin. -->","yoast_head_json":{"title":"2018: el laberinto electoral veracruzano - Los pol\u00edticos Veracruz","robots":{"index":"index","follow":"follow","max-snippet":"max-snippet:-1","max-image-preview":"max-image-preview:large","max-video-preview":"max-video-preview:-1"},"canonical":"https:\/\/lospoliticosveracruz.com\/?p=39888","og_locale":"es_ES","og_type":"article","og_title":"2018: el laberinto electoral veracruzano - Los pol\u00edticos Veracruz","og_description":"Jos\u00e9 Luis Ortega Vidal Claroscuros (1) Entras al Coliseo \u201cLa Concordia\u201d en Orizaba y el encuentro es abrupto\u2026 Repleto de priistas -acarreados unos, viajeros por su cuenta otros- el Minotauro est\u00e1 presente\u2026 Puntual, a las 12:00 horas el precandidato a la gubernatura Jos\u00e9 Yunes Zorrilla arrib\u00f3 a la puerta de cuadrillas y busc\u00f3 el acceso [&hellip;]","og_url":"https:\/\/lospoliticosveracruz.com\/?p=39888","og_site_name":"Los pol\u00edticos Veracruz","article_publisher":"https:\/\/www.facebook.com\/people\/Notimemes-de-los-Polticos\/61565672886568\/","article_published_time":"2018-02-19T17:18:35+00:00","og_image":[{"width":200,"height":200,"url":"https:\/\/lospoliticosveracruz.com\/wp-content\/uploads\/2016\/07\/Logo-Dor.jpg","type":"image\/jpeg"}],"author":"Lo viste en Los Pol\u00edticos","twitter_card":"summary_large_image","twitter_creator":"@LosPoliticosVer","twitter_site":"@LosPoliticosVer","twitter_misc":{"Escrito por":"Lo viste en Los Pol\u00edticos","Tiempo de lectura":"4 minutos"},"schema":{"@context":"https:\/\/schema.org","@graph":[{"@type":"Article","@id":"https:\/\/lospoliticosveracruz.com\/?p=39888#article","isPartOf":{"@id":"https:\/\/lospoliticosveracruz.com\/?p=39888"},"author":{"name":"Lo viste en Los Pol\u00edticos","@id":"https:\/\/lospoliticosveracruz.com\/#\/schema\/person\/b8702bb0e538456e6efd07080bf2a4a2"},"headline":"2018: el laberinto electoral veracruzano","datePublished":"2018-02-19T17:18:35+00:00","mainEntityOfPage":{"@id":"https:\/\/lospoliticosveracruz.com\/?p=39888"},"wordCount":877,"commentCount":0,"publisher":{"@id":"https:\/\/lospoliticosveracruz.com\/#organization"},"keywords":["El Minotauro","Jos\u00e9 Yunes Zorrilla","La Concordia","Pepe Yunes"],"articleSection":["De Opini\u00f3n"],"inLanguage":"es","potentialAction":[{"@type":"CommentAction","name":"Comment","target":["https:\/\/lospoliticosveracruz.com\/?p=39888#respond"]}]},{"@type":"WebPage","@id":"https:\/\/lospoliticosveracruz.com\/?p=39888","url":"https:\/\/lospoliticosveracruz.com\/?p=39888","name":"2018: el laberinto electoral veracruzano - Los pol\u00edticos Veracruz","isPartOf":{"@id":"https:\/\/lospoliticosveracruz.com\/#website"},"datePublished":"2018-02-19T17:18:35+00:00","breadcrumb":{"@id":"https:\/\/lospoliticosveracruz.com\/?p=39888#breadcrumb"},"inLanguage":"es","potentialAction":[{"@type":"ReadAction","target":["https:\/\/lospoliticosveracruz.com\/?p=39888"]}]},{"@type":"BreadcrumbList","@id":"https:\/\/lospoliticosveracruz.com\/?p=39888#breadcrumb","itemListElement":[{"@type":"ListItem","position":1,"name":"Portada","item":"https:\/\/lospoliticosveracruz.com\/"},{"@type":"ListItem","position":2,"name":"2018: el laberinto electoral veracruzano"}]},{"@type":"WebSite","@id":"https:\/\/lospoliticosveracruz.com\/#website","url":"https:\/\/lospoliticosveracruz.com\/","name":"Los pol\u00edticos Veracruz","description":"","publisher":{"@id":"https:\/\/lospoliticosveracruz.com\/#organization"},"potentialAction":[{"@type":"SearchAction","target":{"@type":"EntryPoint","urlTemplate":"https:\/\/lospoliticosveracruz.com\/?s={search_term_string}"},"query-input":{"@type":"PropertyValueSpecification","valueRequired":true,"valueName":"search_term_string"}}],"inLanguage":"es"},{"@type":"Organization","@id":"https:\/\/lospoliticosveracruz.com\/#organization","name":"Los pol\u00edticos Veracruz","url":"https:\/\/lospoliticosveracruz.com\/","logo":{"@type":"ImageObject","inLanguage":"es","@id":"https:\/\/lospoliticosveracruz.com\/#\/schema\/logo\/image\/","url":"https:\/\/lospoliticosveracruz.com\/wp-content\/uploads\/2025\/12\/Logo-Nuevo-LOS-POLITICOS-1.jpg","contentUrl":"https:\/\/lospoliticosveracruz.com\/wp-content\/uploads\/2025\/12\/Logo-Nuevo-LOS-POLITICOS-1.jpg","width":260,"height":70,"caption":"Los pol\u00edticos Veracruz"},"image":{"@id":"https:\/\/lospoliticosveracruz.com\/#\/schema\/logo\/image\/"},"sameAs":["https:\/\/www.facebook.com\/people\/Notimemes-de-los-Polticos\/61565672886568\/","https:\/\/x.com\/LosPoliticosVer"]},{"@type":"Person","@id":"https:\/\/lospoliticosveracruz.com\/#\/schema\/person\/b8702bb0e538456e6efd07080bf2a4a2","name":"Lo viste en Los Pol\u00edticos","image":{"@type":"ImageObject","inLanguage":"es","@id":"https:\/\/secure.gravatar.com\/avatar\/3a8de04a2656d44082be478bd6c086daa447c4651605818287b9532d3d0bd435?s=96&d=mm&r=g","url":"https:\/\/secure.gravatar.com\/avatar\/3a8de04a2656d44082be478bd6c086daa447c4651605818287b9532d3d0bd435?s=96&d=mm&r=g","contentUrl":"https:\/\/secure.gravatar.com\/avatar\/3a8de04a2656d44082be478bd6c086daa447c4651605818287b9532d3d0bd435?s=96&d=mm&r=g","caption":"Lo viste en Los Pol\u00edticos"},"url":"https:\/\/lospoliticosveracruz.com\/?author=2"}]}},"_links":{"self":[{"href":"https:\/\/lospoliticosveracruz.com\/index.php?rest_route=\/wp\/v2\/posts\/39888","targetHints":{"allow":["GET"]}}],"collection":[{"href":"https:\/\/lospoliticosveracruz.com\/index.php?rest_route=\/wp\/v2\/posts"}],"about":[{"href":"https:\/\/lospoliticosveracruz.com\/index.php?rest_route=\/wp\/v2\/types\/post"}],"author":[{"embeddable":true,"href":"https:\/\/lospoliticosveracruz.com\/index.php?rest_route=\/wp\/v2\/users\/2"}],"replies":[{"embeddable":true,"href":"https:\/\/lospoliticosveracruz.com\/index.php?rest_route=%2Fwp%2Fv2%2Fcomments&post=39888"}],"version-history":[{"count":1,"href":"https:\/\/lospoliticosveracruz.com\/index.php?rest_route=\/wp\/v2\/posts\/39888\/revisions"}],"predecessor-version":[{"id":39891,"href":"https:\/\/lospoliticosveracruz.com\/index.php?rest_route=\/wp\/v2\/posts\/39888\/revisions\/39891"}],"wp:attachment":[{"href":"https:\/\/lospoliticosveracruz.com\/index.php?rest_route=%2Fwp%2Fv2%2Fmedia&parent=39888"}],"wp:term":[{"taxonomy":"category","embeddable":true,"href":"https:\/\/lospoliticosveracruz.com\/index.php?rest_route=%2Fwp%2Fv2%2Fcategories&post=39888"},{"taxonomy":"post_tag","embeddable":true,"href":"https:\/\/lospoliticosveracruz.com\/index.php?rest_route=%2Fwp%2Fv2%2Ftags&post=39888"}],"curies":[{"name":"wp","href":"https:\/\/api.w.org\/{rel}","templated":true}]}}